{"id":2391,"date":"2015-12-11T11:49:24","date_gmt":"2015-12-11T10:49:24","guid":{"rendered":"http:\/\/arteeluoghi.it\/index.php\/2015\/12\/11\/tito-schipa-il-ricordo-della-sua-lecce-mezzo-secolo-dopo\/"},"modified":"2018-01-04T22:09:53","modified_gmt":"2018-01-04T21:09:53","slug":"tito-schipa-il-ricordo-della-sua-lecce-mezzo-secolo-dopo","status":"publish","type":"post","link":"https:\/\/arteeluoghi.it\/index.php\/2015\/12\/11\/tito-schipa-il-ricordo-della-sua-lecce-mezzo-secolo-dopo\/","title":{"rendered":"Tito Schipa, il ricordo della sua Lecce mezzo secolo dopo"},"content":{"rendered":"<p><img src=\"\/images\/TITO%20SCHIPA.jpg\" border=\"0\" title=\"il tenore Tito Schipa\" width=\"300\" style=\"margin: 21px; float: left;\" \/>Il calendario ufficiale delle celebrazioni del Cinquantenario della morte del grande tenore, avvenuta a New York il 16 dicembre 1965. Primo appuntamento gioved\u00ec 9 dicembre al Must<\/p>\n<p><strong>Al via a Lecce le celebrazioni per il Cinquantenario della morte di Tito Schipa. Si comincia gioved\u00ec 9 dicembre, alle ore 18, al Must con\u00a0 la riproposizione di uno sceneggiato radiofonico sulla vita del grande tenore leccese. <\/strong><\/p>\n<p>Tito Schipa \u00e8 universalmente riconosciuto\u00a0 e celebrato come uno dei pi\u00f9 grandi cantanti di tutti i tempi e, nel suo specifico (tenore \u201cdi grazia\u201d) il massimo artista in assoluto. Nato a Lecce nel 1888, ha raggiunto in pochi anni i massimi successi in tutto il mondo, venendo considerato da met\u00e0 degli anni 20,\u00a0 fino a tutti i 40, l&#8217;immediato successore di Caruso (assieme a Beniamino Gigli) come figura classica del tenore italiano preminente nel mondo. La sua carriera \u00e8 durata pi\u00f9 di cinquant&#8217;anni, caso pi\u00f9 unico che raro per un lirico.<\/p>\n<p>Tra gli eventi organizzati dal Comune di Lecce nell\u2019ambito della attivit\u00e0 di \u201cLecce capitale italiana della cultura 2015\u201d, ci saranno dunque una serie di manifestazioni legate al cinquantesimo anniversario della scomparsa, avvenuta a New York il 16 dicembre 1965. Celebrazioni coordinate <strong>d<\/strong>all\u2019Associazione Nireo in collaborazione con Comune e Provincia di Lecce, Associazione Amici della Lirica \u201cTito Schipa\u201d, Archivio Schipa Carluccio, Conservatorio Tito Schipa, Festival del XVIII secolo, Accademia operistica internazionale, Teatro Politeama Greco e Vestas Hotels &amp; Resorts.<\/p>\n<p>  <!--more-->  <\/p>\n<p>\u00a0<\/p>\n<p><strong>Dal 9 al 14 dicembre al Must, il Museo storico della citt\u00e0 di Lecce, in via degli Ammirati, sar\u00e0 riproposto lo sceneggiato radiofonico in 13 puntate sulla vita di Tito Schipa<\/strong> prodotto da Radio Uno negli anni 90, con la partecipazione di 60 attori, leccesi e internazionali, e dell\u2019Orchestra \u201cTito Schipa\u201d di Lecce diretta da Ottavio Ziino. Sceneggiatura e reg\u00eca di Tito Schipa Jr. Le puntate sono ora audio-video (sono state aggiunte moltissime immagini rare provenienti dall\u2019archivio Schipa-Carluccio) e saranno proiettate a partire dalle ore 18, due puntate al giorno e tre nel giorno finale (ingresso libero). <strong>Nello stesso museo storico sar\u00e0 allestita una mostra con alcuni abiti di scena e cimeli appartenuti al tenore. <\/strong><\/p>\n<p><strong>Il 15 dicembre kermesse Schipa al teatro Paisiello (ingresso libero). <\/strong>Alle 18 ed alle 22.30 ci sar\u00e0 la proiezione del film-opera-rock \u201cOrfeo 9\u201d di Schipa Jr nella versione restaurata e risonorizzata dal giovane film-maker Ermanno Manzetti, con presentazione del triplo dvd prodotto di recente dall\u2019Associazione Culturale Tito Schipa. Alle 21 la conferenza-spettacolo di Schipa Jr. sulla figura e sull\u2019arte del Padre, con documenti audio e video rari o inediti.<\/p>\n<p><strong>Il 16 dicembre alle 20.30 serata di gala al teatro Politeama Greco<\/strong> (in collaborazione con la Quarantaseiesima Stagione lirica della Provincia di Lecce) con la presenza del grande baritono Leo Nucci, che nella prima parte &#8211; presentata da Sabino Lenoci, direttore della rivista \u201cL\u2019Opera\u201d &#8211;\u00a0 ricever\u00e0 il Premio Schipa e terr\u00e0 un recital accompagnato dal pianista Ekland Hasa. Nella seconda parte ci sar\u00e0 lo spettacolo \u201cRecital CanTANGO: il tango da Schipa a Gardel\u201d di e con il celebre tenore Fabio Armiliato e con l\u2019acclamatissimo soprano Daniela Dessi\u2019 (ingresso a pagamento).\u00a0\u00a0<\/p>\n<p>(fonte: comunicato stampa)<\/p>\n<p><em>\u00a0<\/em><\/p>\n","protected":false},"excerpt":{"rendered":"<p>Il calendario ufficiale delle celebrazioni del Cinquantenario della morte del grande tenore, avvenuta a New York il 16 dicembre 1965.<\/p>\n","protected":false},"author":1,"featured_media":0,"comment_status":"open","ping_status":"open","sticky":false,"template":"","format":"standard","meta":[],"categories":[12],"tags":[],"yoast_head":"<!-- This site is optimized with the Yoast SEO plugin v18.0 - https:\/\/yoast.com\/wordpress\/plugins\/seo\/ -->\n<title>Tito Schipa, il ricordo della sua Lecce mezzo secolo dopo | Arte e Luoghi<\/title>\n<meta name=\"robots\" content=\"index, follow, max-snippet:-1, max-image-preview:large, max-video-preview:-1\" \/>\n<link rel=\"canonical\" href=\"https:\/\/arteeluoghi.it\/index.php\/2015\/12\/11\/tito-schipa-il-ricordo-della-sua-lecce-mezzo-secolo-dopo\/\" \/>\n<meta property=\"og:locale\" content=\"it_IT\" \/>\n<meta property=\"og:type\" content=\"article\" \/>\n<meta property=\"og:title\" content=\"Tito Schipa, il ricordo della sua Lecce mezzo secolo dopo | Arte e Luoghi\" \/>\n<meta property=\"og:description\" content=\"Il calendario ufficiale delle celebrazioni del Cinquantenario della morte del grande tenore, avvenuta a New York il 16 dicembre 1965.\" \/>\n<meta property=\"og:url\" content=\"https:\/\/arteeluoghi.it\/index.php\/2015\/12\/11\/tito-schipa-il-ricordo-della-sua-lecce-mezzo-secolo-dopo\/\" \/>\n<meta property=\"og:site_name\" content=\"Arte e Luoghi\" \/>\n<meta property=\"article:publisher\" content=\"https:\/\/www.facebook.com\/ArteELuoghi\/\" \/>\n<meta property=\"article:published_time\" content=\"2015-12-11T10:49:24+00:00\" \/>\n<meta property=\"article:modified_time\" content=\"2018-01-04T21:09:53+00:00\" \/>\n<meta property=\"og:image\" content=\"https:\/\/arteeluoghi.it\/images\/TITO%20SCHIPA.jpg\" \/>\n<meta name=\"twitter:card\" content=\"summary\" \/>\n<meta name=\"twitter:creator\" content=\"@arteeluoghi\" \/>\n<meta name=\"twitter:site\" content=\"@arteeluoghi\" \/>\n<meta name=\"twitter:label1\" content=\"Scritto da\" \/>\n\t<meta name=\"twitter:data1\" content=\"Staff\" \/>\n\t<meta name=\"twitter:label2\" content=\"Tempo di lettura stimato\" \/>\n\t<meta name=\"twitter:data2\" content=\"2 minuti\" \/>\n<script type=\"application\/ld+json\" class=\"yoast-schema-graph\">{\"@context\":\"https:\/\/schema.org\",\"@graph\":[{\"@type\":\"Organization\",\"@id\":\"https:\/\/arteeluoghi.it\/#organization\",\"name\":\"Arte e Luoghi\",\"url\":\"https:\/\/arteeluoghi.it\/\",\"sameAs\":[\"https:\/\/www.facebook.com\/ArteELuoghi\/\",\"https:\/\/www.instagram.com\/arteeluoghi\/?hl=it\",\"https:\/\/www.youtube.com\/channel\/UCuRVc4JW4-C5sg9rQB-srkw?view_as=subscriber\",\"https:\/\/twitter.com\/arteeluoghi\"],\"logo\":{\"@type\":\"ImageObject\",\"@id\":\"https:\/\/arteeluoghi.it\/#logo\",\"inLanguage\":\"it-IT\",\"url\":\"https:\/\/arteeluoghi.it\/wp-content\/uploads\/2018\/08\/logoinstagramarte.jpg\",\"contentUrl\":\"https:\/\/arteeluoghi.it\/wp-content\/uploads\/2018\/08\/logoinstagramarte.jpg\",\"width\":150,\"height\":150,\"caption\":\"Arte e Luoghi\"},\"image\":{\"@id\":\"https:\/\/arteeluoghi.it\/#logo\"}},{\"@type\":\"WebSite\",\"@id\":\"https:\/\/arteeluoghi.it\/#website\",\"url\":\"https:\/\/arteeluoghi.it\/\",\"name\":\"Arte e Luoghi\",\"description\":\"Mensile di arte, cultura, turismo e curiosit\u00e0\",\"publisher\":{\"@id\":\"https:\/\/arteeluoghi.it\/#organization\"},\"potentialAction\":[{\"@type\":\"SearchAction\",\"target\":{\"@type\":\"EntryPoint\",\"urlTemplate\":\"https:\/\/arteeluoghi.it\/?s={search_term_string}\"},\"query-input\":\"required name=search_term_string\"}],\"inLanguage\":\"it-IT\"},{\"@type\":\"ImageObject\",\"@id\":\"https:\/\/arteeluoghi.it\/index.php\/2015\/12\/11\/tito-schipa-il-ricordo-della-sua-lecce-mezzo-secolo-dopo\/#primaryimage\",\"inLanguage\":\"it-IT\",\"url\":\"\/images\/TITO%20SCHIPA.jpg\",\"contentUrl\":\"\/images\/TITO%20SCHIPA.jpg\"},{\"@type\":\"WebPage\",\"@id\":\"https:\/\/arteeluoghi.it\/index.php\/2015\/12\/11\/tito-schipa-il-ricordo-della-sua-lecce-mezzo-secolo-dopo\/#webpage\",\"url\":\"https:\/\/arteeluoghi.it\/index.php\/2015\/12\/11\/tito-schipa-il-ricordo-della-sua-lecce-mezzo-secolo-dopo\/\",\"name\":\"Tito Schipa, il ricordo della sua Lecce mezzo secolo dopo | Arte e Luoghi\",\"isPartOf\":{\"@id\":\"https:\/\/arteeluoghi.it\/#website\"},\"primaryImageOfPage\":{\"@id\":\"https:\/\/arteeluoghi.it\/index.php\/2015\/12\/11\/tito-schipa-il-ricordo-della-sua-lecce-mezzo-secolo-dopo\/#primaryimage\"},\"datePublished\":\"2015-12-11T10:49:24+00:00\",\"dateModified\":\"2018-01-04T21:09:53+00:00\",\"breadcrumb\":{\"@id\":\"https:\/\/arteeluoghi.it\/index.php\/2015\/12\/11\/tito-schipa-il-ricordo-della-sua-lecce-mezzo-secolo-dopo\/#breadcrumb\"},\"inLanguage\":\"it-IT\",\"potentialAction\":[{\"@type\":\"ReadAction\",\"target\":[\"https:\/\/arteeluoghi.it\/index.php\/2015\/12\/11\/tito-schipa-il-ricordo-della-sua-lecce-mezzo-secolo-dopo\/\"]}]},{\"@type\":\"BreadcrumbList\",\"@id\":\"https:\/\/arteeluoghi.it\/index.php\/2015\/12\/11\/tito-schipa-il-ricordo-della-sua-lecce-mezzo-secolo-dopo\/#breadcrumb\",\"itemListElement\":[{\"@type\":\"ListItem\",\"position\":1,\"name\":\"Home\",\"item\":\"https:\/\/arteeluoghi.it\/\"},{\"@type\":\"ListItem\",\"position\":2,\"name\":\"Tito Schipa, il ricordo della sua Lecce mezzo secolo dopo\"}]},{\"@type\":\"Article\",\"@id\":\"https:\/\/arteeluoghi.it\/index.php\/2015\/12\/11\/tito-schipa-il-ricordo-della-sua-lecce-mezzo-secolo-dopo\/#article\",\"isPartOf\":{\"@id\":\"https:\/\/arteeluoghi.it\/index.php\/2015\/12\/11\/tito-schipa-il-ricordo-della-sua-lecce-mezzo-secolo-dopo\/#webpage\"},\"author\":{\"@id\":\"https:\/\/arteeluoghi.it\/#\/schema\/person\/f84e814e36e91e01448ee07eaadd41d4\"},\"headline\":\"Tito Schipa, il ricordo della sua Lecce mezzo secolo dopo\",\"datePublished\":\"2015-12-11T10:49:24+00:00\",\"dateModified\":\"2018-01-04T21:09:53+00:00\",\"mainEntityOfPage\":{\"@id\":\"https:\/\/arteeluoghi.it\/index.php\/2015\/12\/11\/tito-schipa-il-ricordo-della-sua-lecce-mezzo-secolo-dopo\/#webpage\"},\"wordCount\":503,\"commentCount\":0,\"publisher\":{\"@id\":\"https:\/\/arteeluoghi.it\/#organization\"},\"image\":{\"@id\":\"https:\/\/arteeluoghi.it\/index.php\/2015\/12\/11\/tito-schipa-il-ricordo-della-sua-lecce-mezzo-secolo-dopo\/#primaryimage\"},\"thumbnailUrl\":\"\/images\/TITO%20SCHIPA.jpg\",\"articleSection\":[\"MUSICA\"],\"inLanguage\":\"it-IT\",\"potentialAction\":[{\"@type\":\"CommentAction\",\"name\":\"Comment\",\"target\":[\"https:\/\/arteeluoghi.it\/index.php\/2015\/12\/11\/tito-schipa-il-ricordo-della-sua-lecce-mezzo-secolo-dopo\/#respond\"]}]},{\"@type\":\"Person\",\"@id\":\"https:\/\/arteeluoghi.it\/#\/schema\/person\/f84e814e36e91e01448ee07eaadd41d4\",\"name\":\"Staff\",\"image\":{\"@type\":\"ImageObject\",\"@id\":\"https:\/\/arteeluoghi.it\/#personlogo\",\"inLanguage\":\"it-IT\",\"url\":\"https:\/\/secure.gravatar.com\/avatar\/49d2f9e46271bb04e19cebfaf141313a?s=96&d=blank&r=g\",\"contentUrl\":\"https:\/\/secure.gravatar.com\/avatar\/49d2f9e46271bb04e19cebfaf141313a?s=96&d=blank&r=g\",\"caption\":\"Staff\"}}]}<\/script>\n<!-- \/ Yoast SEO plugin. -->","yoast_head_json":{"title":"Tito Schipa, il ricordo della sua Lecce mezzo secolo dopo | Arte e Luoghi","robots":{"index":"index","follow":"follow","max-snippet":"max-snippet:-1","max-image-preview":"max-image-preview:large","max-video-preview":"max-video-preview:-1"},"canonical":"https:\/\/arteeluoghi.it\/index.php\/2015\/12\/11\/tito-schipa-il-ricordo-della-sua-lecce-mezzo-secolo-dopo\/","og_locale":"it_IT","og_type":"article","og_title":"Tito Schipa, il ricordo della sua Lecce mezzo secolo dopo | Arte e Luoghi","og_description":"Il calendario ufficiale delle celebrazioni del Cinquantenario della morte del grande tenore, avvenuta a New York il 16 dicembre 1965.","og_url":"https:\/\/arteeluoghi.it\/index.php\/2015\/12\/11\/tito-schipa-il-ricordo-della-sua-lecce-mezzo-secolo-dopo\/","og_site_name":"Arte e Luoghi","article_publisher":"https:\/\/www.facebook.com\/ArteELuoghi\/","article_published_time":"2015-12-11T10:49:24+00:00","article_modified_time":"2018-01-04T21:09:53+00:00","og_image":[{"url":"https:\/\/arteeluoghi.it\/images\/TITO%20SCHIPA.jpg"}],"twitter_card":"summary","twitter_creator":"@arteeluoghi","twitter_site":"@arteeluoghi","twitter_misc":{"Scritto da":"Staff","Tempo di lettura stimato":"2 minuti"},"schema":{"@context":"https:\/\/schema.org","@graph":[{"@type":"Organization","@id":"https:\/\/arteeluoghi.it\/#organization","name":"Arte e Luoghi","url":"https:\/\/arteeluoghi.it\/","sameAs":["https:\/\/www.facebook.com\/ArteELuoghi\/","https:\/\/www.instagram.com\/arteeluoghi\/?hl=it","https:\/\/www.youtube.com\/channel\/UCuRVc4JW4-C5sg9rQB-srkw?view_as=subscriber","https:\/\/twitter.com\/arteeluoghi"],"logo":{"@type":"ImageObject","@id":"https:\/\/arteeluoghi.it\/#logo","inLanguage":"it-IT","url":"https:\/\/arteeluoghi.it\/wp-content\/uploads\/2018\/08\/logoinstagramarte.jpg","contentUrl":"https:\/\/arteeluoghi.it\/wp-content\/uploads\/2018\/08\/logoinstagramarte.jpg","width":150,"height":150,"caption":"Arte e Luoghi"},"image":{"@id":"https:\/\/arteeluoghi.it\/#logo"}},{"@type":"WebSite","@id":"https:\/\/arteeluoghi.it\/#website","url":"https:\/\/arteeluoghi.it\/","name":"Arte e Luoghi","description":"Mensile di arte, cultura, turismo e curiosit\u00e0","publisher":{"@id":"https:\/\/arteeluoghi.it\/#organization"},"potentialAction":[{"@type":"SearchAction","target":{"@type":"EntryPoint","urlTemplate":"https:\/\/arteeluoghi.it\/?s={search_term_string}"},"query-input":"required name=search_term_string"}],"inLanguage":"it-IT"},{"@type":"ImageObject","@id":"https:\/\/arteeluoghi.it\/index.php\/2015\/12\/11\/tito-schipa-il-ricordo-della-sua-lecce-mezzo-secolo-dopo\/#primaryimage","inLanguage":"it-IT","url":"\/images\/TITO%20SCHIPA.jpg","contentUrl":"\/images\/TITO%20SCHIPA.jpg"},{"@type":"WebPage","@id":"https:\/\/arteeluoghi.it\/index.php\/2015\/12\/11\/tito-schipa-il-ricordo-della-sua-lecce-mezzo-secolo-dopo\/#webpage","url":"https:\/\/arteeluoghi.it\/index.php\/2015\/12\/11\/tito-schipa-il-ricordo-della-sua-lecce-mezzo-secolo-dopo\/","name":"Tito Schipa, il ricordo della sua Lecce mezzo secolo dopo | Arte e Luoghi","isPartOf":{"@id":"https:\/\/arteeluoghi.it\/#website"},"primaryImageOfPage":{"@id":"https:\/\/arteeluoghi.it\/index.php\/2015\/12\/11\/tito-schipa-il-ricordo-della-sua-lecce-mezzo-secolo-dopo\/#primaryimage"},"datePublished":"2015-12-11T10:49:24+00:00","dateModified":"2018-01-04T21:09:53+00:00","breadcrumb":{"@id":"https:\/\/arteeluoghi.it\/index.php\/2015\/12\/11\/tito-schipa-il-ricordo-della-sua-lecce-mezzo-secolo-dopo\/#breadcrumb"},"inLanguage":"it-IT","potentialAction":[{"@type":"ReadAction","target":["https:\/\/arteeluoghi.it\/index.php\/2015\/12\/11\/tito-schipa-il-ricordo-della-sua-lecce-mezzo-secolo-dopo\/"]}]},{"@type":"BreadcrumbList","@id":"https:\/\/arteeluoghi.it\/index.php\/2015\/12\/11\/tito-schipa-il-ricordo-della-sua-lecce-mezzo-secolo-dopo\/#breadcrumb","itemListElement":[{"@type":"ListItem","position":1,"name":"Home","item":"https:\/\/arteeluoghi.it\/"},{"@type":"ListItem","position":2,"name":"Tito Schipa, il ricordo della sua Lecce mezzo secolo dopo"}]},{"@type":"Article","@id":"https:\/\/arteeluoghi.it\/index.php\/2015\/12\/11\/tito-schipa-il-ricordo-della-sua-lecce-mezzo-secolo-dopo\/#article","isPartOf":{"@id":"https:\/\/arteeluoghi.it\/index.php\/2015\/12\/11\/tito-schipa-il-ricordo-della-sua-lecce-mezzo-secolo-dopo\/#webpage"},"author":{"@id":"https:\/\/arteeluoghi.it\/#\/schema\/person\/f84e814e36e91e01448ee07eaadd41d4"},"headline":"Tito Schipa, il ricordo della sua Lecce mezzo secolo dopo","datePublished":"2015-12-11T10:49:24+00:00","dateModified":"2018-01-04T21:09:53+00:00","mainEntityOfPage":{"@id":"https:\/\/arteeluoghi.it\/index.php\/2015\/12\/11\/tito-schipa-il-ricordo-della-sua-lecce-mezzo-secolo-dopo\/#webpage"},"wordCount":503,"commentCount":0,"publisher":{"@id":"https:\/\/arteeluoghi.it\/#organization"},"image":{"@id":"https:\/\/arteeluoghi.it\/index.php\/2015\/12\/11\/tito-schipa-il-ricordo-della-sua-lecce-mezzo-secolo-dopo\/#primaryimage"},"thumbnailUrl":"\/images\/TITO%20SCHIPA.jpg","articleSection":["MUSICA"],"inLanguage":"it-IT","potentialAction":[{"@type":"CommentAction","name":"Comment","target":["https:\/\/arteeluoghi.it\/index.php\/2015\/12\/11\/tito-schipa-il-ricordo-della-sua-lecce-mezzo-secolo-dopo\/#respond"]}]},{"@type":"Person","@id":"https:\/\/arteeluoghi.it\/#\/schema\/person\/f84e814e36e91e01448ee07eaadd41d4","name":"Staff","image":{"@type":"ImageObject","@id":"https:\/\/arteeluoghi.it\/#personlogo","inLanguage":"it-IT","url":"https:\/\/secure.gravatar.com\/avatar\/49d2f9e46271bb04e19cebfaf141313a?s=96&d=blank&r=g","contentUrl":"https:\/\/secure.gravatar.com\/avatar\/49d2f9e46271bb04e19cebfaf141313a?s=96&d=blank&r=g","caption":"Staff"}}]}},"_links":{"self":[{"href":"https:\/\/arteeluoghi.it\/index.php\/wp-json\/wp\/v2\/posts\/2391"}],"collection":[{"href":"https:\/\/arteeluoghi.it\/index.php\/wp-json\/wp\/v2\/posts"}],"about":[{"href":"https:\/\/arteeluoghi.it\/index.php\/wp-json\/wp\/v2\/types\/post"}],"author":[{"embeddable":true,"href":"https:\/\/arteeluoghi.it\/index.php\/wp-json\/wp\/v2\/users\/1"}],"replies":[{"embeddable":true,"href":"https:\/\/arteeluoghi.it\/index.php\/wp-json\/wp\/v2\/comments?post=2391"}],"version-history":[{"count":1,"href":"https:\/\/arteeluoghi.it\/index.php\/wp-json\/wp\/v2\/posts\/2391\/revisions"}],"predecessor-version":[{"id":4542,"href":"https:\/\/arteeluoghi.it\/index.php\/wp-json\/wp\/v2\/posts\/2391\/revisions\/4542"}],"wp:attachment":[{"href":"https:\/\/arteeluoghi.it\/index.php\/wp-json\/wp\/v2\/media?parent=2391"}],"wp:term":[{"taxonomy":"category","embeddable":true,"href":"https:\/\/arteeluoghi.it\/index.php\/wp-json\/wp\/v2\/categories?post=2391"},{"taxonomy":"post_tag","embeddable":true,"href":"https:\/\/arteeluoghi.it\/index.php\/wp-json\/wp\/v2\/tags?post=2391"}],"curies":[{"name":"wp","href":"https:\/\/api.w.org\/{rel}","templated":true}]}}