{"id":2423,"date":"2016-01-13T23:32:04","date_gmt":"2016-01-13T22:32:04","guid":{"rendered":"http:\/\/arteeluoghi.it\/index.php\/2016\/01\/13\/dal-concerto-di-natale-a-la-dolce-vita\/"},"modified":"2016-01-13T23:32:04","modified_gmt":"2016-01-13T22:32:04","slug":"dal-concerto-di-natale-a-la-dolce-vita","status":"publish","type":"post","link":"https:\/\/arteeluoghi.it\/index.php\/2016\/01\/13\/dal-concerto-di-natale-a-la-dolce-vita\/","title":{"rendered":"Dal Concerto di Natale a La dolce vita"},"content":{"rendered":"<p><img src=\"\/images\/stevenmercurio.jpg\" border=\"0\" title=\"il direttore e compositore Steven Mercurio\" width=\"300\" style=\"float: left; margin: 21px;\" \/>Intervista al direttore\u00a0del Concerto di Natale, svoltosi ad Assisi, e andato in onda il 25 dicembre su Rai 1<\/p>\n<p><span style=\"font-size: small;\"><strong>Steven Mercurio e la sua dolce vita in Italia<\/strong><\/span><\/p>\n<p>d<strong>i Paola Butera<br \/><\/strong><\/p>\n<p>Siamo ad Assisi, si \u00e8 appena conclusa la registrazione del Concerto di Natale, andato in onda il 25 dicembre su Rai 1, e ho la fortuna di passare un po\u2019 di tempo con Steven Mercurio e di entrare un po\u2019 nel suo mondo di maestro d\u2019orchestra e compositore.<\/p>\n<p><strong>Steven, com\u2019\u00e8 andata, sei soddisfatto del concerto appena concluso?\u00a0\u00a0\u00a0\u00a0\u00a0\u00a0\u00a0\u00a0\u00a0\u00a0\u00a0\u00a0 <\/strong><\/p>\n<p>S\u00ec, devo dire che si respirava una bella energia. Sar\u00e0 Assisi che \u00e8 sempre magica, ho sentito una bella sintonia tra l\u2019Orchestra sinfonica nazionale della Rai, il coro di voci bianche \u201cI piccoli musici\u201d , il coro \u201cCoenobium vocale\u201d e le tre soliste. Queste ultime, veramente meravigliose, hanno fatto la differenza.<\/p>\n<p><strong>\u00a0<\/strong><\/p>\n<p>  <!--more-->  <\/p>\n<p><strong>Tre donne completamente diverse tra loro, se non sbaglio \u00e8 la prima volta che accade?<\/strong><\/p>\n<p>S\u00ec, tre donne completamente diverse. E\u2019 la prima volta e devo dire che ha funzionato molto bene. La soprano russa Ekaterina Bakanova, poi Caroline Campbell, la violinista americana che irrompe con la sua energia e, infine, la cantante israeliana Noa. Devo dire che \u00e8 stata fatta una scelta molto forte, tre artiste provenienti da paesi e culture molto diverse, ma il loro entusiasmo &#8211; unito alla professionalit\u00e0\u00a0 &#8211; si \u00e8 ben amalgamato e sono molto soddisfatto.<\/p>\n<p><strong>Sei spesso in Italia in questi ultimi tempi, solo due settimane fa hai diretto a Milano il concerto di musica del cinema italiano \u201cLa dolce vita\u201d. Me ne parli?<\/strong><\/p>\n<p>Sono stato chiamato a dirigere l\u2019Orchestra Filarmonica &#8220;Arturo Toscanini&#8221; per questo meraviglioso omaggio alle colonne sonore che hanno fatto la storia del cinema italiano. Nino Rota, Ennio Morricone, Luis Bacalov, Nicola Piovani e altri grandi maestri della musica da film. Sul palco si sono alternati artisti italiani come Alice, Tosca, Morgan, Federico Paciotti, Raphael Gualazzi. Abbiamo iniziato da Parma prima dell\u2019estate e poi Spoleto, Rimini, Cosenza e due settimane fa eravamo a Milano dove per l\u2019occasione ho arrangiato un medley con \u201cChe cosa sono le nuvole\u201d insieme a \u201cO surdato nnammurato\u201d cantato dagli artisti, per ognuno una strofa. Ha iniziato Morgan con il suo stile inconfondibile fino ad arrivare al tenore Federico Paciotti che ha concluso nella parte pi\u00f9 intensa de \u201cO surdato nnammurato\u201d. E\u2019 stato magnifico, veramente sorprendente. E poi vedere il pubblico che cantava insieme a loro, uno spettacolo!<\/p>\n<p><strong>Dalla lirica alla sinfonica, nella tua carriera c\u2019\u00e8 qualcosa che vorresti realizzare e non hai ancora fatto?<\/strong><\/p>\n<p>Ho diretto tanto, soprattutto nella lirica, in tanti paesi e lingue. Ci sono delle opere che mi piacerebbe rifare come Falstaff o Otello e tutto il repertorio di Strauss. Ma soprattutto mi piacerebbe proporre i miei brani da compositore in Italia, qui non ho mai proposto niente di mio. Per me essere in Italia e realizzare qui i miei sogni \u00e8 importante, ci sono le mie radici ed \u00e8 come sentirmi a casa.<\/p>\n<p><strong>L\u2019Italia, ne parli con orgoglio ed enfasi, ci torneresti?<\/strong><\/p>\n<p>Avrei voglia di tornare in Italia, vorrei tanto dirigere un teatro stabile. In Italia ci sono dei teatri e delle orchestre che possono dare tanto ma sono arenati nei meccanismi burocratici. Troppa politica, troppa burocrazia ha creato un distacco profondo tra il teatro e il pubblico. L\u2019egocentrismo di alcuni direttori poi non ha aiutato. C\u2019\u00e8 bisogno di umilt\u00e0 e di creare quella rete, quella forza che solo l\u2019unione pu\u00f2 dare. Vedi, ci sono due modi di dirigere un\u2019orchestra: o sei incentrato su te stesso e ti prendi tutto senza lasciare spazio oppure ti metti a disposizione dell\u2019orchestra, cercando di cogliere il meglio da ognuno dei musicisti. Io mi ispiro a Bernstein, quando dirigo cerco di entrare in ogni suono, ogni pensiero dei miei musicisti. Capire come tirar fuori il meglio di ognuno, senza essere concentrati su se stessi, ma coinvolgendo tutta l\u2019orchestra. Che poi quell\u2019energia il pubblico la capta e la capisce, si emoziona e partecipa.<\/p>\n<p><strong>Quindi se ti proponessero la direzione di un Teatro Stabile in Italia, dove ti piacerebbe andare?<\/strong><\/p>\n<p>Non importa dove, ci sono dei Teatri magnifici, penso a quello di Bologna, o al Petruzzelli di Bari o ancora al San Carlo di Napoli. \u00a0Vorrei dare quell\u2019apporto utile per far innamorare di nuovo le persone alla musica classica, ma anche sperimentare nuovi arrangiamenti, proporre vecchi classici chiusi in soffitta, darei fiducia ai giovani, porterei l\u2019orchestra nei concerti in giro per il mondo. Mi metterei a disposizione dell\u2019arte, che credo sia importante, ma allo stesso tempo potrei dare una visione pi\u00f9 contemporanea e internazionale della musica classica. \u00a0Certo il teatro dell\u2019Opera di Roma sarebbe il top. Ti racconto un aneddoto: l\u2019ultima volta che sono stato a Roma, alla stazione Termini ho chiesto a cinque\/sei persone, prevalentemente giovani, se mi sapessero indicare dov\u2019era il Teatro dell\u2019Opera. Rimanevano allibiti, nessuno mi sapeva dare indicazioni. Poi ho incontrato un signore distinto e di una certa et\u00e0 e in un attimo mi ha dato le indicazioni giuste. Ecco, dobbiamo fare in modo che le persone comuni si avvicinino alla musica classica, di avere l\u2019opportunit\u00e0 di ascoltare della musica diversa dal pop, rap etc. Che la cultura inizia dalle fondamenta, dalla storia, dalle origini. Io vorrei poter dare il mio contributo artistico al paese da dove vengono le mie origini, con l\u2019esperienza di una visione internazionale.<\/p>\n<p><strong>Steven, nella tua vita cos\u2019\u00e8 \u201cla dolce vita\u201d?<\/strong><\/p>\n<p>Oh, la mia \u201cdolce vita\u201d \u00e8 quando riesco a lavorare bene, quando sono appagato nel lavoro di conduzione e riesco ad unire tutti gli orchestrali tanto da trasmettere l\u2019unicit\u00e0 della sinfonia al pubblico. Il mio compito di direttore d\u2019orchestra \u00e8 soddisfatto quando riesco a convogliare in un unico risultato il lavoro di decine di artisti, cercando di smussare gli errori, di capire dove migliorare. Dove la parola Noi \u00e8 superiore all\u2019ego. E capisco che il risultato \u00e8 raggiunto quando, dietro, il pubblico conferma con l\u2019apprezzamento e l\u2019emozione la forza di questa unione. In Italia questo lo sento pi\u00f9 forte.<\/p>\n","protected":false},"excerpt":{"rendered":"<p>Intervista al direttore\u00a0del Concerto di Natale, svoltosi ad Assisi, e andato in onda il 25 dicembre su Rai 1 Steven<\/p>\n","protected":false},"author":1,"featured_media":0,"comment_status":"open","ping_status":"open","sticky":false,"template":"","format":"standard","meta":[],"categories":[12],"tags":[],"yoast_head":"<!-- This site is optimized with the Yoast SEO plugin v18.0 - https:\/\/yoast.com\/wordpress\/plugins\/seo\/ -->\n<title>Dal Concerto di Natale a La dolce vita | Arte e Luoghi<\/title>\n<meta name=\"robots\" content=\"index, follow, max-snippet:-1, max-image-preview:large, max-video-preview:-1\" \/>\n<link rel=\"canonical\" href=\"https:\/\/arteeluoghi.it\/index.php\/2016\/01\/13\/dal-concerto-di-natale-a-la-dolce-vita\/\" \/>\n<meta property=\"og:locale\" content=\"it_IT\" \/>\n<meta property=\"og:type\" content=\"article\" \/>\n<meta property=\"og:title\" content=\"Dal Concerto di Natale a La dolce vita | Arte e Luoghi\" \/>\n<meta property=\"og:description\" content=\"Intervista al direttore\u00a0del Concerto di Natale, svoltosi ad Assisi, e andato in onda il 25 dicembre su Rai 1 Steven\" \/>\n<meta property=\"og:url\" content=\"https:\/\/arteeluoghi.it\/index.php\/2016\/01\/13\/dal-concerto-di-natale-a-la-dolce-vita\/\" \/>\n<meta property=\"og:site_name\" content=\"Arte e Luoghi\" \/>\n<meta property=\"article:publisher\" content=\"https:\/\/www.facebook.com\/ArteELuoghi\/\" \/>\n<meta property=\"article:published_time\" content=\"2016-01-13T22:32:04+00:00\" \/>\n<meta property=\"og:image\" content=\"https:\/\/arteeluoghi.it\/images\/stevenmercurio.jpg\" \/>\n<meta name=\"twitter:card\" content=\"summary\" \/>\n<meta name=\"twitter:creator\" content=\"@arteeluoghi\" \/>\n<meta name=\"twitter:site\" content=\"@arteeluoghi\" \/>\n<meta name=\"twitter:label1\" content=\"Scritto da\" \/>\n\t<meta name=\"twitter:data1\" content=\"Staff\" \/>\n\t<meta name=\"twitter:label2\" content=\"Tempo di lettura stimato\" \/>\n\t<meta name=\"twitter:data2\" content=\"5 minuti\" \/>\n<script type=\"application\/ld+json\" class=\"yoast-schema-graph\">{\"@context\":\"https:\/\/schema.org\",\"@graph\":[{\"@type\":\"Organization\",\"@id\":\"https:\/\/arteeluoghi.it\/#organization\",\"name\":\"Arte e Luoghi\",\"url\":\"https:\/\/arteeluoghi.it\/\",\"sameAs\":[\"https:\/\/www.facebook.com\/ArteELuoghi\/\",\"https:\/\/www.instagram.com\/arteeluoghi\/?hl=it\",\"https:\/\/www.youtube.com\/channel\/UCuRVc4JW4-C5sg9rQB-srkw?view_as=subscriber\",\"https:\/\/twitter.com\/arteeluoghi\"],\"logo\":{\"@type\":\"ImageObject\",\"@id\":\"https:\/\/arteeluoghi.it\/#logo\",\"inLanguage\":\"it-IT\",\"url\":\"https:\/\/arteeluoghi.it\/wp-content\/uploads\/2018\/08\/logoinstagramarte.jpg\",\"contentUrl\":\"https:\/\/arteeluoghi.it\/wp-content\/uploads\/2018\/08\/logoinstagramarte.jpg\",\"width\":150,\"height\":150,\"caption\":\"Arte e Luoghi\"},\"image\":{\"@id\":\"https:\/\/arteeluoghi.it\/#logo\"}},{\"@type\":\"WebSite\",\"@id\":\"https:\/\/arteeluoghi.it\/#website\",\"url\":\"https:\/\/arteeluoghi.it\/\",\"name\":\"Arte e Luoghi\",\"description\":\"Mensile di arte, cultura, turismo e curiosit\u00e0\",\"publisher\":{\"@id\":\"https:\/\/arteeluoghi.it\/#organization\"},\"potentialAction\":[{\"@type\":\"SearchAction\",\"target\":{\"@type\":\"EntryPoint\",\"urlTemplate\":\"https:\/\/arteeluoghi.it\/?s={search_term_string}\"},\"query-input\":\"required name=search_term_string\"}],\"inLanguage\":\"it-IT\"},{\"@type\":\"ImageObject\",\"@id\":\"https:\/\/arteeluoghi.it\/index.php\/2016\/01\/13\/dal-concerto-di-natale-a-la-dolce-vita\/#primaryimage\",\"inLanguage\":\"it-IT\",\"url\":\"\/images\/stevenmercurio.jpg\",\"contentUrl\":\"\/images\/stevenmercurio.jpg\"},{\"@type\":\"WebPage\",\"@id\":\"https:\/\/arteeluoghi.it\/index.php\/2016\/01\/13\/dal-concerto-di-natale-a-la-dolce-vita\/#webpage\",\"url\":\"https:\/\/arteeluoghi.it\/index.php\/2016\/01\/13\/dal-concerto-di-natale-a-la-dolce-vita\/\",\"name\":\"Dal Concerto di Natale a La dolce vita | Arte e Luoghi\",\"isPartOf\":{\"@id\":\"https:\/\/arteeluoghi.it\/#website\"},\"primaryImageOfPage\":{\"@id\":\"https:\/\/arteeluoghi.it\/index.php\/2016\/01\/13\/dal-concerto-di-natale-a-la-dolce-vita\/#primaryimage\"},\"datePublished\":\"2016-01-13T22:32:04+00:00\",\"dateModified\":\"2016-01-13T22:32:04+00:00\",\"breadcrumb\":{\"@id\":\"https:\/\/arteeluoghi.it\/index.php\/2016\/01\/13\/dal-concerto-di-natale-a-la-dolce-vita\/#breadcrumb\"},\"inLanguage\":\"it-IT\",\"potentialAction\":[{\"@type\":\"ReadAction\",\"target\":[\"https:\/\/arteeluoghi.it\/index.php\/2016\/01\/13\/dal-concerto-di-natale-a-la-dolce-vita\/\"]}]},{\"@type\":\"BreadcrumbList\",\"@id\":\"https:\/\/arteeluoghi.it\/index.php\/2016\/01\/13\/dal-concerto-di-natale-a-la-dolce-vita\/#breadcrumb\",\"itemListElement\":[{\"@type\":\"ListItem\",\"position\":1,\"name\":\"Home\",\"item\":\"https:\/\/arteeluoghi.it\/\"},{\"@type\":\"ListItem\",\"position\":2,\"name\":\"Dal Concerto di Natale a La dolce vita\"}]},{\"@type\":\"Article\",\"@id\":\"https:\/\/arteeluoghi.it\/index.php\/2016\/01\/13\/dal-concerto-di-natale-a-la-dolce-vita\/#article\",\"isPartOf\":{\"@id\":\"https:\/\/arteeluoghi.it\/index.php\/2016\/01\/13\/dal-concerto-di-natale-a-la-dolce-vita\/#webpage\"},\"author\":{\"@id\":\"https:\/\/arteeluoghi.it\/#\/schema\/person\/f84e814e36e91e01448ee07eaadd41d4\"},\"headline\":\"Dal Concerto di Natale a La dolce vita\",\"datePublished\":\"2016-01-13T22:32:04+00:00\",\"dateModified\":\"2016-01-13T22:32:04+00:00\",\"mainEntityOfPage\":{\"@id\":\"https:\/\/arteeluoghi.it\/index.php\/2016\/01\/13\/dal-concerto-di-natale-a-la-dolce-vita\/#webpage\"},\"wordCount\":1009,\"commentCount\":0,\"publisher\":{\"@id\":\"https:\/\/arteeluoghi.it\/#organization\"},\"image\":{\"@id\":\"https:\/\/arteeluoghi.it\/index.php\/2016\/01\/13\/dal-concerto-di-natale-a-la-dolce-vita\/#primaryimage\"},\"thumbnailUrl\":\"\/images\/stevenmercurio.jpg\",\"articleSection\":[\"MUSICA\"],\"inLanguage\":\"it-IT\",\"potentialAction\":[{\"@type\":\"CommentAction\",\"name\":\"Comment\",\"target\":[\"https:\/\/arteeluoghi.it\/index.php\/2016\/01\/13\/dal-concerto-di-natale-a-la-dolce-vita\/#respond\"]}]},{\"@type\":\"Person\",\"@id\":\"https:\/\/arteeluoghi.it\/#\/schema\/person\/f84e814e36e91e01448ee07eaadd41d4\",\"name\":\"Staff\",\"image\":{\"@type\":\"ImageObject\",\"@id\":\"https:\/\/arteeluoghi.it\/#personlogo\",\"inLanguage\":\"it-IT\",\"url\":\"https:\/\/secure.gravatar.com\/avatar\/49d2f9e46271bb04e19cebfaf141313a?s=96&d=blank&r=g\",\"contentUrl\":\"https:\/\/secure.gravatar.com\/avatar\/49d2f9e46271bb04e19cebfaf141313a?s=96&d=blank&r=g\",\"caption\":\"Staff\"}}]}<\/script>\n<!-- \/ Yoast SEO plugin. -->","yoast_head_json":{"title":"Dal Concerto di Natale a La dolce vita | Arte e Luoghi","robots":{"index":"index","follow":"follow","max-snippet":"max-snippet:-1","max-image-preview":"max-image-preview:large","max-video-preview":"max-video-preview:-1"},"canonical":"https:\/\/arteeluoghi.it\/index.php\/2016\/01\/13\/dal-concerto-di-natale-a-la-dolce-vita\/","og_locale":"it_IT","og_type":"article","og_title":"Dal Concerto di Natale a La dolce vita | Arte e Luoghi","og_description":"Intervista al direttore\u00a0del Concerto di Natale, svoltosi ad Assisi, e andato in onda il 25 dicembre su Rai 1 Steven","og_url":"https:\/\/arteeluoghi.it\/index.php\/2016\/01\/13\/dal-concerto-di-natale-a-la-dolce-vita\/","og_site_name":"Arte e Luoghi","article_publisher":"https:\/\/www.facebook.com\/ArteELuoghi\/","article_published_time":"2016-01-13T22:32:04+00:00","og_image":[{"url":"https:\/\/arteeluoghi.it\/images\/stevenmercurio.jpg"}],"twitter_card":"summary","twitter_creator":"@arteeluoghi","twitter_site":"@arteeluoghi","twitter_misc":{"Scritto da":"Staff","Tempo di lettura stimato":"5 minuti"},"schema":{"@context":"https:\/\/schema.org","@graph":[{"@type":"Organization","@id":"https:\/\/arteeluoghi.it\/#organization","name":"Arte e Luoghi","url":"https:\/\/arteeluoghi.it\/","sameAs":["https:\/\/www.facebook.com\/ArteELuoghi\/","https:\/\/www.instagram.com\/arteeluoghi\/?hl=it","https:\/\/www.youtube.com\/channel\/UCuRVc4JW4-C5sg9rQB-srkw?view_as=subscriber","https:\/\/twitter.com\/arteeluoghi"],"logo":{"@type":"ImageObject","@id":"https:\/\/arteeluoghi.it\/#logo","inLanguage":"it-IT","url":"https:\/\/arteeluoghi.it\/wp-content\/uploads\/2018\/08\/logoinstagramarte.jpg","contentUrl":"https:\/\/arteeluoghi.it\/wp-content\/uploads\/2018\/08\/logoinstagramarte.jpg","width":150,"height":150,"caption":"Arte e Luoghi"},"image":{"@id":"https:\/\/arteeluoghi.it\/#logo"}},{"@type":"WebSite","@id":"https:\/\/arteeluoghi.it\/#website","url":"https:\/\/arteeluoghi.it\/","name":"Arte e Luoghi","description":"Mensile di arte, cultura, turismo e curiosit\u00e0","publisher":{"@id":"https:\/\/arteeluoghi.it\/#organization"},"potentialAction":[{"@type":"SearchAction","target":{"@type":"EntryPoint","urlTemplate":"https:\/\/arteeluoghi.it\/?s={search_term_string}"},"query-input":"required name=search_term_string"}],"inLanguage":"it-IT"},{"@type":"ImageObject","@id":"https:\/\/arteeluoghi.it\/index.php\/2016\/01\/13\/dal-concerto-di-natale-a-la-dolce-vita\/#primaryimage","inLanguage":"it-IT","url":"\/images\/stevenmercurio.jpg","contentUrl":"\/images\/stevenmercurio.jpg"},{"@type":"WebPage","@id":"https:\/\/arteeluoghi.it\/index.php\/2016\/01\/13\/dal-concerto-di-natale-a-la-dolce-vita\/#webpage","url":"https:\/\/arteeluoghi.it\/index.php\/2016\/01\/13\/dal-concerto-di-natale-a-la-dolce-vita\/","name":"Dal Concerto di Natale a La dolce vita | Arte e Luoghi","isPartOf":{"@id":"https:\/\/arteeluoghi.it\/#website"},"primaryImageOfPage":{"@id":"https:\/\/arteeluoghi.it\/index.php\/2016\/01\/13\/dal-concerto-di-natale-a-la-dolce-vita\/#primaryimage"},"datePublished":"2016-01-13T22:32:04+00:00","dateModified":"2016-01-13T22:32:04+00:00","breadcrumb":{"@id":"https:\/\/arteeluoghi.it\/index.php\/2016\/01\/13\/dal-concerto-di-natale-a-la-dolce-vita\/#breadcrumb"},"inLanguage":"it-IT","potentialAction":[{"@type":"ReadAction","target":["https:\/\/arteeluoghi.it\/index.php\/2016\/01\/13\/dal-concerto-di-natale-a-la-dolce-vita\/"]}]},{"@type":"BreadcrumbList","@id":"https:\/\/arteeluoghi.it\/index.php\/2016\/01\/13\/dal-concerto-di-natale-a-la-dolce-vita\/#breadcrumb","itemListElement":[{"@type":"ListItem","position":1,"name":"Home","item":"https:\/\/arteeluoghi.it\/"},{"@type":"ListItem","position":2,"name":"Dal Concerto di Natale a La dolce vita"}]},{"@type":"Article","@id":"https:\/\/arteeluoghi.it\/index.php\/2016\/01\/13\/dal-concerto-di-natale-a-la-dolce-vita\/#article","isPartOf":{"@id":"https:\/\/arteeluoghi.it\/index.php\/2016\/01\/13\/dal-concerto-di-natale-a-la-dolce-vita\/#webpage"},"author":{"@id":"https:\/\/arteeluoghi.it\/#\/schema\/person\/f84e814e36e91e01448ee07eaadd41d4"},"headline":"Dal Concerto di Natale a La dolce vita","datePublished":"2016-01-13T22:32:04+00:00","dateModified":"2016-01-13T22:32:04+00:00","mainEntityOfPage":{"@id":"https:\/\/arteeluoghi.it\/index.php\/2016\/01\/13\/dal-concerto-di-natale-a-la-dolce-vita\/#webpage"},"wordCount":1009,"commentCount":0,"publisher":{"@id":"https:\/\/arteeluoghi.it\/#organization"},"image":{"@id":"https:\/\/arteeluoghi.it\/index.php\/2016\/01\/13\/dal-concerto-di-natale-a-la-dolce-vita\/#primaryimage"},"thumbnailUrl":"\/images\/stevenmercurio.jpg","articleSection":["MUSICA"],"inLanguage":"it-IT","potentialAction":[{"@type":"CommentAction","name":"Comment","target":["https:\/\/arteeluoghi.it\/index.php\/2016\/01\/13\/dal-concerto-di-natale-a-la-dolce-vita\/#respond"]}]},{"@type":"Person","@id":"https:\/\/arteeluoghi.it\/#\/schema\/person\/f84e814e36e91e01448ee07eaadd41d4","name":"Staff","image":{"@type":"ImageObject","@id":"https:\/\/arteeluoghi.it\/#personlogo","inLanguage":"it-IT","url":"https:\/\/secure.gravatar.com\/avatar\/49d2f9e46271bb04e19cebfaf141313a?s=96&d=blank&r=g","contentUrl":"https:\/\/secure.gravatar.com\/avatar\/49d2f9e46271bb04e19cebfaf141313a?s=96&d=blank&r=g","caption":"Staff"}}]}},"_links":{"self":[{"href":"https:\/\/arteeluoghi.it\/index.php\/wp-json\/wp\/v2\/posts\/2423"}],"collection":[{"href":"https:\/\/arteeluoghi.it\/index.php\/wp-json\/wp\/v2\/posts"}],"about":[{"href":"https:\/\/arteeluoghi.it\/index.php\/wp-json\/wp\/v2\/types\/post"}],"author":[{"embeddable":true,"href":"https:\/\/arteeluoghi.it\/index.php\/wp-json\/wp\/v2\/users\/1"}],"replies":[{"embeddable":true,"href":"https:\/\/arteeluoghi.it\/index.php\/wp-json\/wp\/v2\/comments?post=2423"}],"version-history":[{"count":0,"href":"https:\/\/arteeluoghi.it\/index.php\/wp-json\/wp\/v2\/posts\/2423\/revisions"}],"wp:attachment":[{"href":"https:\/\/arteeluoghi.it\/index.php\/wp-json\/wp\/v2\/media?parent=2423"}],"wp:term":[{"taxonomy":"category","embeddable":true,"href":"https:\/\/arteeluoghi.it\/index.php\/wp-json\/wp\/v2\/categories?post=2423"},{"taxonomy":"post_tag","embeddable":true,"href":"https:\/\/arteeluoghi.it\/index.php\/wp-json\/wp\/v2\/tags?post=2423"}],"curies":[{"name":"wp","href":"https:\/\/api.w.org\/{rel}","templated":true}]}}