{"id":2424,"date":"2016-01-14T21:17:35","date_gmt":"2016-01-14T20:17:35","guid":{"rendered":"http:\/\/arteeluoghi.it\/index.php\/2016\/01\/14\/quo-vado-alla-ricerca-dell-uomo\/"},"modified":"2016-01-14T21:17:35","modified_gmt":"2016-01-14T20:17:35","slug":"quo-vado-alla-ricerca-dell-uomo","status":"publish","type":"post","link":"https:\/\/arteeluoghi.it\/index.php\/2016\/01\/14\/quo-vado-alla-ricerca-dell-uomo\/","title":{"rendered":"Quo vado? Alla ricerca dell&#8217;Uomo"},"content":{"rendered":"<p><strong>I luoghi della parola\/Spazio recensione<br \/><\/strong><\/p>\n<p><img src=\"\/images\/checcozaloneqv.jpg\" border=\"0\" title=\"la locandina del film\" width=\"300\" style=\"margin: 21px; float: left;\" \/>L&#8217;attore italiano Luca Medici, in arte Checco Zalone, campione di incassi nell&#8217;ultimo film &#8220;Quo vado?&#8221; per la regia di Gennaro Nunziante<\/p>\n<p><strong>Checco Zalone: una rivelazione? \u00a0<br \/><\/strong><\/p>\n<p><strong> di Anna Paola Pascali<\/strong><\/p>\n<p>Checco Zalone: una rivelazione? No: una conferma di un umorismo trasgressivo abbinato ad una giusta e pungente dose di sarcasmo, non sempre recepibile nella sua integrit\u00e0.<\/p>\n<p>In \u201cQuo vado?\u201d, dove l\u2019attore pugliese interpreta il ruolo dell\u2019italiano medio, impiegato nell\u2019ufficio provinciale caccia e pesca, con la \u201cfissa\u201d del posto fisso, mette in rilievo le debolezze, celate da finti perbenismi, moralismi e ombrose omert\u00e0, di una societ\u00e0, alquanto mediocre, caratterizzata dal clientelismo e dalla corruzione.<\/p>\n<p>\u00a0<\/p>\n<p>  <!--more-->  <\/p>\n<p>Nella prima e indimenticabile repubblica il paradosso della capacit\u00e0 di adattamento di un italiano qualunque, attaccato al suo posto di lavoro, va in contrasto con il sogno di una giovane donna ricercatrice che studia gli animali in via di estinzione, Valeria, interpretata dalla bravissima Eleonora Giovanardi, uscendo dagli schemi e vivendo secondo dei valori, a volte discutibili, in netta contrapposizione con l\u2019apologia della vita di Checco.<\/p>\n<p><img src=\"\/images\/checcozaloneqv1.jpg\" border=\"0\" title=\"l'attore Checco Zalone\" width=\"300\" style=\"margin: 21px; float: right;\" \/>A causa di una riforma, varata dal governo per la pubblica amministrazione, che decreta il taglio delle provincie, Checco si vede costretto a scegliere se lasciare il suo amato posto fisso, la sua vita da scapolo viziato, o essere trasferito lontano da casa.<\/p>\n<p>Ovviamente, Checco accetta i trasferimenti e si vede sbattuto in giro per il mondo fino ad arrivare al Polo Nord, dove appunto conosce Valeria e se ne innamora.<\/p>\n<p>Qui comincia una nuova vita dove frequenta gente con abitudini diverse da quelle italiane. Gente civile e dedita al lavoro ma priva di allegria.<\/p>\n<p>La tristezza dell\u2019efficienza, delle regole, delle responsabilit\u00e0 e dell\u2019assoluto senso civico non tarda per\u00f2 ad incupire lo spirito \u201ccolorato\u201d di Checco\u2026<\/p>\n<p>Ma tutto gravita intorno alla capacit\u00e0 di cambiamento e di rivoluzione dell\u2019uomo che porter\u00e0 alla fine ad una radicale soluzione per una vita nettamente diversa e migliore che coinvolger\u00e0, indirettamente, la famigerata dottoressa Sironi (interpretata da Sonia Bergamasco) che aveva cercato, senza ovviamente riuscirci, di \u201ccomprare\u201d il suo licenziamento con cospicue offerte di liquidazione alle quali Checco non aveva ceduto.<\/p>\n<p>Magistralmente diretto da Gennaro Nunziante la pellicola ha ottenuto oltre 52 milioni d\u2019incasso. E\u2019 stato definito un film nazional-popolare, adatto a fasce deboli che amano la comicit\u00e0 semplice e povera e, come tutti i film di Zalone, si \u00e8 detto anche che urta la sensibilit\u00e0 a causa dell\u2019esaltazione dei pregiudizi dovuti ad un tipo di comicit\u00e0 spicciola e spesso stupida.<\/p>\n<p>Ebbene s\u00ec: faccio parte di quel gruppo di persone che ama la comicit\u00e0, apparentemente spicciola e stupida, di Checco Zalone. Di conseguenza tutti coloro che apprezzano l&#8217;attore diventano stupidi e poveri di cultura e interessi. (Questo \u00e8 il giudizio di alcune persone). In verit\u00e0 vi dico (e non sono Cristo n\u00e9 ho intenzione di diventarlo!): a volte, la semplicit\u00e0 e l&#8217;ironia sono molto pi\u00f9 profonde, taglienti e ponderate di tante pesanti &#8220;situazioni&#8221; dove l&#8217;intellettualismo etico prevale sul buon senso e la capacit\u00e0 di vivere in modo semplice, a braccetto con l&#8217;ironia fattasi &#8220;carne e uomo&#8221;. Una sana risata, spesso, fa pi\u00f9 bene di tanti pensieri filosofici, seriosi, pesanti che incupiscono l&#8217;anima.\u00a0<br \/> Se poi, insieme alla risata, suscitata da una buona comicit\u00e0, c&#8217;\u00e8 anche un arguto valore intrinseco \u00e8 il top!<br \/> Questo \u00e8 il mio umile e &#8220;stupido&#8221; pensiero.<\/p>\n<p>Aggiungo: mai come in questo film Zalone prende in giro il nostro &#8220;suscettibile&#8221; modo di essere e ci fa riflettere in modo veramente poco ironico su come, forse, sarebbe meglio comportarci per una civile convivenza.<\/p>\n<p>Dissacrante o\u2026 veritiero? Povero o audace? Comico o sconvolgente?<\/p>\n","protected":false},"excerpt":{"rendered":"<p>I luoghi della parola\/Spazio recensione L&#8217;attore italiano Luca Medici, in arte Checco Zalone, campione di incassi nell&#8217;ultimo film &#8220;Quo vado?&#8221;<\/p>\n","protected":false},"author":1,"featured_media":0,"comment_status":"open","ping_status":"open","sticky":false,"template":"","format":"standard","meta":[],"categories":[29],"tags":[],"yoast_head":"<!-- This site is optimized with the Yoast SEO plugin v18.0 - https:\/\/yoast.com\/wordpress\/plugins\/seo\/ -->\n<title>Quo vado? Alla ricerca dell&#039;Uomo | Arte e Luoghi<\/title>\n<meta name=\"robots\" content=\"index, follow, max-snippet:-1, max-image-preview:large, max-video-preview:-1\" \/>\n<link rel=\"canonical\" href=\"https:\/\/arteeluoghi.it\/index.php\/2016\/01\/14\/quo-vado-alla-ricerca-dell-uomo\/\" \/>\n<meta property=\"og:locale\" content=\"it_IT\" \/>\n<meta property=\"og:type\" content=\"article\" \/>\n<meta property=\"og:title\" content=\"Quo vado? Alla ricerca dell&#039;Uomo | Arte e Luoghi\" \/>\n<meta property=\"og:description\" content=\"I luoghi della parola\/Spazio recensione L&#8217;attore italiano Luca Medici, in arte Checco Zalone, campione di incassi nell&#8217;ultimo film &#8220;Quo vado?&#8221;\" \/>\n<meta property=\"og:url\" content=\"https:\/\/arteeluoghi.it\/index.php\/2016\/01\/14\/quo-vado-alla-ricerca-dell-uomo\/\" \/>\n<meta property=\"og:site_name\" content=\"Arte e Luoghi\" \/>\n<meta property=\"article:publisher\" content=\"https:\/\/www.facebook.com\/ArteELuoghi\/\" \/>\n<meta property=\"article:published_time\" content=\"2016-01-14T20:17:35+00:00\" \/>\n<meta property=\"og:image\" content=\"https:\/\/arteeluoghi.it\/images\/checcozaloneqv.jpg\" \/>\n<meta name=\"twitter:card\" content=\"summary\" \/>\n<meta name=\"twitter:creator\" content=\"@arteeluoghi\" \/>\n<meta name=\"twitter:site\" content=\"@arteeluoghi\" \/>\n<meta name=\"twitter:label1\" content=\"Scritto da\" \/>\n\t<meta name=\"twitter:data1\" content=\"Staff\" \/>\n\t<meta name=\"twitter:label2\" content=\"Tempo di lettura stimato\" \/>\n\t<meta name=\"twitter:data2\" content=\"3 minuti\" \/>\n<script type=\"application\/ld+json\" class=\"yoast-schema-graph\">{\"@context\":\"https:\/\/schema.org\",\"@graph\":[{\"@type\":\"Organization\",\"@id\":\"https:\/\/arteeluoghi.it\/#organization\",\"name\":\"Arte e Luoghi\",\"url\":\"https:\/\/arteeluoghi.it\/\",\"sameAs\":[\"https:\/\/www.facebook.com\/ArteELuoghi\/\",\"https:\/\/www.instagram.com\/arteeluoghi\/?hl=it\",\"https:\/\/www.youtube.com\/channel\/UCuRVc4JW4-C5sg9rQB-srkw?view_as=subscriber\",\"https:\/\/twitter.com\/arteeluoghi\"],\"logo\":{\"@type\":\"ImageObject\",\"@id\":\"https:\/\/arteeluoghi.it\/#logo\",\"inLanguage\":\"it-IT\",\"url\":\"https:\/\/arteeluoghi.it\/wp-content\/uploads\/2018\/08\/logoinstagramarte.jpg\",\"contentUrl\":\"https:\/\/arteeluoghi.it\/wp-content\/uploads\/2018\/08\/logoinstagramarte.jpg\",\"width\":150,\"height\":150,\"caption\":\"Arte e Luoghi\"},\"image\":{\"@id\":\"https:\/\/arteeluoghi.it\/#logo\"}},{\"@type\":\"WebSite\",\"@id\":\"https:\/\/arteeluoghi.it\/#website\",\"url\":\"https:\/\/arteeluoghi.it\/\",\"name\":\"Arte e Luoghi\",\"description\":\"Mensile di arte, cultura, turismo e curiosit\u00e0\",\"publisher\":{\"@id\":\"https:\/\/arteeluoghi.it\/#organization\"},\"potentialAction\":[{\"@type\":\"SearchAction\",\"target\":{\"@type\":\"EntryPoint\",\"urlTemplate\":\"https:\/\/arteeluoghi.it\/?s={search_term_string}\"},\"query-input\":\"required name=search_term_string\"}],\"inLanguage\":\"it-IT\"},{\"@type\":\"ImageObject\",\"@id\":\"https:\/\/arteeluoghi.it\/index.php\/2016\/01\/14\/quo-vado-alla-ricerca-dell-uomo\/#primaryimage\",\"inLanguage\":\"it-IT\",\"url\":\"\/images\/checcozaloneqv.jpg\",\"contentUrl\":\"\/images\/checcozaloneqv.jpg\"},{\"@type\":\"WebPage\",\"@id\":\"https:\/\/arteeluoghi.it\/index.php\/2016\/01\/14\/quo-vado-alla-ricerca-dell-uomo\/#webpage\",\"url\":\"https:\/\/arteeluoghi.it\/index.php\/2016\/01\/14\/quo-vado-alla-ricerca-dell-uomo\/\",\"name\":\"Quo vado? Alla ricerca dell'Uomo | Arte e Luoghi\",\"isPartOf\":{\"@id\":\"https:\/\/arteeluoghi.it\/#website\"},\"primaryImageOfPage\":{\"@id\":\"https:\/\/arteeluoghi.it\/index.php\/2016\/01\/14\/quo-vado-alla-ricerca-dell-uomo\/#primaryimage\"},\"datePublished\":\"2016-01-14T20:17:35+00:00\",\"dateModified\":\"2016-01-14T20:17:35+00:00\",\"breadcrumb\":{\"@id\":\"https:\/\/arteeluoghi.it\/index.php\/2016\/01\/14\/quo-vado-alla-ricerca-dell-uomo\/#breadcrumb\"},\"inLanguage\":\"it-IT\",\"potentialAction\":[{\"@type\":\"ReadAction\",\"target\":[\"https:\/\/arteeluoghi.it\/index.php\/2016\/01\/14\/quo-vado-alla-ricerca-dell-uomo\/\"]}]},{\"@type\":\"BreadcrumbList\",\"@id\":\"https:\/\/arteeluoghi.it\/index.php\/2016\/01\/14\/quo-vado-alla-ricerca-dell-uomo\/#breadcrumb\",\"itemListElement\":[{\"@type\":\"ListItem\",\"position\":1,\"name\":\"Home\",\"item\":\"https:\/\/arteeluoghi.it\/\"},{\"@type\":\"ListItem\",\"position\":2,\"name\":\"Quo vado? Alla ricerca dell&#8217;Uomo\"}]},{\"@type\":\"Article\",\"@id\":\"https:\/\/arteeluoghi.it\/index.php\/2016\/01\/14\/quo-vado-alla-ricerca-dell-uomo\/#article\",\"isPartOf\":{\"@id\":\"https:\/\/arteeluoghi.it\/index.php\/2016\/01\/14\/quo-vado-alla-ricerca-dell-uomo\/#webpage\"},\"author\":{\"@id\":\"https:\/\/arteeluoghi.it\/#\/schema\/person\/f84e814e36e91e01448ee07eaadd41d4\"},\"headline\":\"Quo vado? Alla ricerca dell&#8217;Uomo\",\"datePublished\":\"2016-01-14T20:17:35+00:00\",\"dateModified\":\"2016-01-14T20:17:35+00:00\",\"mainEntityOfPage\":{\"@id\":\"https:\/\/arteeluoghi.it\/index.php\/2016\/01\/14\/quo-vado-alla-ricerca-dell-uomo\/#webpage\"},\"wordCount\":601,\"commentCount\":0,\"publisher\":{\"@id\":\"https:\/\/arteeluoghi.it\/#organization\"},\"image\":{\"@id\":\"https:\/\/arteeluoghi.it\/index.php\/2016\/01\/14\/quo-vado-alla-ricerca-dell-uomo\/#primaryimage\"},\"thumbnailUrl\":\"\/images\/checcozaloneqv.jpg\",\"articleSection\":[\"Cinema\"],\"inLanguage\":\"it-IT\",\"potentialAction\":[{\"@type\":\"CommentAction\",\"name\":\"Comment\",\"target\":[\"https:\/\/arteeluoghi.it\/index.php\/2016\/01\/14\/quo-vado-alla-ricerca-dell-uomo\/#respond\"]}]},{\"@type\":\"Person\",\"@id\":\"https:\/\/arteeluoghi.it\/#\/schema\/person\/f84e814e36e91e01448ee07eaadd41d4\",\"name\":\"Staff\",\"image\":{\"@type\":\"ImageObject\",\"@id\":\"https:\/\/arteeluoghi.it\/#personlogo\",\"inLanguage\":\"it-IT\",\"url\":\"https:\/\/secure.gravatar.com\/avatar\/49d2f9e46271bb04e19cebfaf141313a?s=96&d=blank&r=g\",\"contentUrl\":\"https:\/\/secure.gravatar.com\/avatar\/49d2f9e46271bb04e19cebfaf141313a?s=96&d=blank&r=g\",\"caption\":\"Staff\"}}]}<\/script>\n<!-- \/ Yoast SEO plugin. -->","yoast_head_json":{"title":"Quo vado? Alla ricerca dell'Uomo | Arte e Luoghi","robots":{"index":"index","follow":"follow","max-snippet":"max-snippet:-1","max-image-preview":"max-image-preview:large","max-video-preview":"max-video-preview:-1"},"canonical":"https:\/\/arteeluoghi.it\/index.php\/2016\/01\/14\/quo-vado-alla-ricerca-dell-uomo\/","og_locale":"it_IT","og_type":"article","og_title":"Quo vado? Alla ricerca dell'Uomo | Arte e Luoghi","og_description":"I luoghi della parola\/Spazio recensione L&#8217;attore italiano Luca Medici, in arte Checco Zalone, campione di incassi nell&#8217;ultimo film &#8220;Quo vado?&#8221;","og_url":"https:\/\/arteeluoghi.it\/index.php\/2016\/01\/14\/quo-vado-alla-ricerca-dell-uomo\/","og_site_name":"Arte e Luoghi","article_publisher":"https:\/\/www.facebook.com\/ArteELuoghi\/","article_published_time":"2016-01-14T20:17:35+00:00","og_image":[{"url":"https:\/\/arteeluoghi.it\/images\/checcozaloneqv.jpg"}],"twitter_card":"summary","twitter_creator":"@arteeluoghi","twitter_site":"@arteeluoghi","twitter_misc":{"Scritto da":"Staff","Tempo di lettura stimato":"3 minuti"},"schema":{"@context":"https:\/\/schema.org","@graph":[{"@type":"Organization","@id":"https:\/\/arteeluoghi.it\/#organization","name":"Arte e Luoghi","url":"https:\/\/arteeluoghi.it\/","sameAs":["https:\/\/www.facebook.com\/ArteELuoghi\/","https:\/\/www.instagram.com\/arteeluoghi\/?hl=it","https:\/\/www.youtube.com\/channel\/UCuRVc4JW4-C5sg9rQB-srkw?view_as=subscriber","https:\/\/twitter.com\/arteeluoghi"],"logo":{"@type":"ImageObject","@id":"https:\/\/arteeluoghi.it\/#logo","inLanguage":"it-IT","url":"https:\/\/arteeluoghi.it\/wp-content\/uploads\/2018\/08\/logoinstagramarte.jpg","contentUrl":"https:\/\/arteeluoghi.it\/wp-content\/uploads\/2018\/08\/logoinstagramarte.jpg","width":150,"height":150,"caption":"Arte e Luoghi"},"image":{"@id":"https:\/\/arteeluoghi.it\/#logo"}},{"@type":"WebSite","@id":"https:\/\/arteeluoghi.it\/#website","url":"https:\/\/arteeluoghi.it\/","name":"Arte e Luoghi","description":"Mensile di arte, cultura, turismo e curiosit\u00e0","publisher":{"@id":"https:\/\/arteeluoghi.it\/#organization"},"potentialAction":[{"@type":"SearchAction","target":{"@type":"EntryPoint","urlTemplate":"https:\/\/arteeluoghi.it\/?s={search_term_string}"},"query-input":"required name=search_term_string"}],"inLanguage":"it-IT"},{"@type":"ImageObject","@id":"https:\/\/arteeluoghi.it\/index.php\/2016\/01\/14\/quo-vado-alla-ricerca-dell-uomo\/#primaryimage","inLanguage":"it-IT","url":"\/images\/checcozaloneqv.jpg","contentUrl":"\/images\/checcozaloneqv.jpg"},{"@type":"WebPage","@id":"https:\/\/arteeluoghi.it\/index.php\/2016\/01\/14\/quo-vado-alla-ricerca-dell-uomo\/#webpage","url":"https:\/\/arteeluoghi.it\/index.php\/2016\/01\/14\/quo-vado-alla-ricerca-dell-uomo\/","name":"Quo vado? Alla ricerca dell'Uomo | Arte e Luoghi","isPartOf":{"@id":"https:\/\/arteeluoghi.it\/#website"},"primaryImageOfPage":{"@id":"https:\/\/arteeluoghi.it\/index.php\/2016\/01\/14\/quo-vado-alla-ricerca-dell-uomo\/#primaryimage"},"datePublished":"2016-01-14T20:17:35+00:00","dateModified":"2016-01-14T20:17:35+00:00","breadcrumb":{"@id":"https:\/\/arteeluoghi.it\/index.php\/2016\/01\/14\/quo-vado-alla-ricerca-dell-uomo\/#breadcrumb"},"inLanguage":"it-IT","potentialAction":[{"@type":"ReadAction","target":["https:\/\/arteeluoghi.it\/index.php\/2016\/01\/14\/quo-vado-alla-ricerca-dell-uomo\/"]}]},{"@type":"BreadcrumbList","@id":"https:\/\/arteeluoghi.it\/index.php\/2016\/01\/14\/quo-vado-alla-ricerca-dell-uomo\/#breadcrumb","itemListElement":[{"@type":"ListItem","position":1,"name":"Home","item":"https:\/\/arteeluoghi.it\/"},{"@type":"ListItem","position":2,"name":"Quo vado? Alla ricerca dell&#8217;Uomo"}]},{"@type":"Article","@id":"https:\/\/arteeluoghi.it\/index.php\/2016\/01\/14\/quo-vado-alla-ricerca-dell-uomo\/#article","isPartOf":{"@id":"https:\/\/arteeluoghi.it\/index.php\/2016\/01\/14\/quo-vado-alla-ricerca-dell-uomo\/#webpage"},"author":{"@id":"https:\/\/arteeluoghi.it\/#\/schema\/person\/f84e814e36e91e01448ee07eaadd41d4"},"headline":"Quo vado? Alla ricerca dell&#8217;Uomo","datePublished":"2016-01-14T20:17:35+00:00","dateModified":"2016-01-14T20:17:35+00:00","mainEntityOfPage":{"@id":"https:\/\/arteeluoghi.it\/index.php\/2016\/01\/14\/quo-vado-alla-ricerca-dell-uomo\/#webpage"},"wordCount":601,"commentCount":0,"publisher":{"@id":"https:\/\/arteeluoghi.it\/#organization"},"image":{"@id":"https:\/\/arteeluoghi.it\/index.php\/2016\/01\/14\/quo-vado-alla-ricerca-dell-uomo\/#primaryimage"},"thumbnailUrl":"\/images\/checcozaloneqv.jpg","articleSection":["Cinema"],"inLanguage":"it-IT","potentialAction":[{"@type":"CommentAction","name":"Comment","target":["https:\/\/arteeluoghi.it\/index.php\/2016\/01\/14\/quo-vado-alla-ricerca-dell-uomo\/#respond"]}]},{"@type":"Person","@id":"https:\/\/arteeluoghi.it\/#\/schema\/person\/f84e814e36e91e01448ee07eaadd41d4","name":"Staff","image":{"@type":"ImageObject","@id":"https:\/\/arteeluoghi.it\/#personlogo","inLanguage":"it-IT","url":"https:\/\/secure.gravatar.com\/avatar\/49d2f9e46271bb04e19cebfaf141313a?s=96&d=blank&r=g","contentUrl":"https:\/\/secure.gravatar.com\/avatar\/49d2f9e46271bb04e19cebfaf141313a?s=96&d=blank&r=g","caption":"Staff"}}]}},"_links":{"self":[{"href":"https:\/\/arteeluoghi.it\/index.php\/wp-json\/wp\/v2\/posts\/2424"}],"collection":[{"href":"https:\/\/arteeluoghi.it\/index.php\/wp-json\/wp\/v2\/posts"}],"about":[{"href":"https:\/\/arteeluoghi.it\/index.php\/wp-json\/wp\/v2\/types\/post"}],"author":[{"embeddable":true,"href":"https:\/\/arteeluoghi.it\/index.php\/wp-json\/wp\/v2\/users\/1"}],"replies":[{"embeddable":true,"href":"https:\/\/arteeluoghi.it\/index.php\/wp-json\/wp\/v2\/comments?post=2424"}],"version-history":[{"count":0,"href":"https:\/\/arteeluoghi.it\/index.php\/wp-json\/wp\/v2\/posts\/2424\/revisions"}],"wp:attachment":[{"href":"https:\/\/arteeluoghi.it\/index.php\/wp-json\/wp\/v2\/media?parent=2424"}],"wp:term":[{"taxonomy":"category","embeddable":true,"href":"https:\/\/arteeluoghi.it\/index.php\/wp-json\/wp\/v2\/categories?post=2424"},{"taxonomy":"post_tag","embeddable":true,"href":"https:\/\/arteeluoghi.it\/index.php\/wp-json\/wp\/v2\/tags?post=2424"}],"curies":[{"name":"wp","href":"https:\/\/api.w.org\/{rel}","templated":true}]}}