{"id":2425,"date":"2016-01-16T15:49:42","date_gmt":"2016-01-16T14:49:42","guid":{"rendered":"http:\/\/arteeluoghi.it\/index.php\/2016\/01\/16\/la-notte-del-fuoco-focara-2016-a-novoli\/"},"modified":"2018-01-04T21:55:12","modified_gmt":"2018-01-04T20:55:12","slug":"la-notte-del-fuoco-focara-2016-a-novoli","status":"publish","type":"post","link":"https:\/\/arteeluoghi.it\/index.php\/2016\/01\/16\/la-notte-del-fuoco-focara-2016-a-novoli\/","title":{"rendered":"La notte del fuoco. F\u00f2cara 2016 a Novoli"},"content":{"rendered":"<p><img src=\"\/images\/Gianfranco-Baruchello.-La-Focara_2016.-manifesto.jpg\" border=\"0\" title=\"Gianfranco Baruchello, La F\u00f2cara 2016, manifesto\" width=\"300\" style=\"margin: 21px; float: left; border: 1px solid black;\" \/>Sabato 16 gennaio 2016 a Novoli (Lecce) l&#8217;accensione del fal\u00f2 pi\u00f9 grande del Mediterraneo<\/p>\n<p><strong>Aspettando la F\u00f2cara. Arte e Musica a Novoli<br \/><\/strong><\/p>\n<p>NOVOLI (Lecce). Tra poche ore la F\u00f2cara prender\u00e0 fuoco e dar\u00e0 vita alla notte pi\u00f9 calda dell&#8217;inverno salentino. Calda non solo per le fiamme delle 60mila tralci di vite, che saranno accese con uno strepitoso spettacolo pirotecnico in questo uggioso sabato, ma anche perch\u00e8 alimentata dal sacro fuoco dell&#8217;arte. Come quella dell&#8217;artista Gianfranco Baruchello chiamato a dialogare con il fal\u00f2 pi\u00f9 grande del Mediterraneo. Un&#8217;installazione, la sua dettata dal grande bisogno di unione, di solidariet\u00e0 soprattutto all&#8217;indomani degli attentati di Parigi &#8211; ha raccontato l&#8217;artista che ha immaginato ad un intervento\/azione scandito in due atti che entra in simbiosi con la composizione simbolico-ritualistica della F\u00f2cara di Novoli. Il primo atto \u00e8 caratterizzato da una sorta di \u201cGran Gala di Bandiere\u201d, una collezione di oltre cinquanta bandiere che un gruppo di ragazzi di Novoli, guidato dal maestro costruttore, innalzano attorno alla pira monumentale come gesto di solennit\u00e0. In seguito, il secondo atto vede le singole bandiere arrotolate intorno alla loro asta e introdotte dai ragazzi nel cerchio inferiore della struttura fatta in fascine di tralci di vite. &#8220;Nel rogo simbolico di tutte le bandiere del mondo io vedo partire \u00a0dalla gente di Novoli un nobile messaggio di libert\u00e0 e condivisione&#8221; &#8211; ha spiegato l&#8217;artista.<\/p>\n<p>  <!--more-->  <\/p>\n<p>E, sin dalla prima edizione, \u00e8 l&#8217;arte la cifra che, in qualche modo, distingue l&#8217;intera manifestazione. L&#8217;arte che unisce festa religiosa in onore del santo Patrono, Sant&#8217;Antonio Abate, dunque, tradizione, storia e innovazione. Coniugando i linguaggi dell&#8217;arte che per una settimana scandiscono la festa che raggiunge il clou questo sabato sera richiamando migliaia e migliaia di persone da ogni parte d&#8217;Italia per assistere all&#8217;accensione della grande pira alta 25 metri per un diametro di 20 metri. E tra gli addetti ai lavori anche la stampa estera dalla tv svizzera, quella turca, la radio tedesca, quella\u00a0 rumena, oltre a\u00a0 giornalisti dal Cile e dalla Russia.<\/p>\n<p>Sono stati tantissimi gli eventi artistici realizzati per questa edizione e ci riferiamo, in primis, alla performance dell\u2019artista Regina Jos\u00e8 Galindo, tra le pi\u00f9 grandi protagoniste dell\u2019arte contemporanea internazionale,\u00a0 Leone d\u2019Oro alla 51ima Biennale di Venezia. In prima mondiale ieri pomeriggio in localit\u00e0 Strada Vicinale Bellisario, un podere rurale tra Novoli e Campi Salentina,\u00a0Regina Jos\u00e8 Gali<img src=\"\/images\/galindo1.jpg\" border=\"0\" title=\"tenci\u00f3n. F\u00f3cara di Novoli (fiesta del fuego) curadur\u00eda de Giacomo Zaza foto di Giovanni Gaggia (fonte: pagina ufficiale dell'artista)\" width=\"300\" style=\"margin: 21px; float: left;\" \/>ndo \u00e8 stata protagonista di una performance di grande suggestione. Un gruppo di volontari misti, uomini e donne, hanno ricoperto il corpo dell&#8217;artista un abito di fascine creando una pira ieratica e austera di tralci di vite simile a quella della F\u00f2cara. Rievocando antichi roghi ma anche nuove persecuzioni, il corpo dell&#8217;artista diventa metafora del fuoco che combatte le persecuzioni, in particolare delle donne, che allontana i linciaggi e i pregiudizi etici e morali.<\/p>\n<p>Lo scorso 14 gennaio, invece,\u00a0 nelle sale del Palazzo Baronale si \u00e8 aperta la mostra fotografica di Paola Mattioli, Premio F\u00f2cara Fotografia 2015. Un titolo fortemente evocativo\u00a0 \u201cSpazi della rivelazione\u201d per l&#8217;evento che ha visto tra l&#8217;altro la presenza del fotografo Manoocher Deghati, Premio F\u00f2cara fotografia 2016.<\/p>\n<p><img src=\"\/images\/mele.jpg\" border=\"0\" title=\"un'opera dell'artista Francesca Mele\" width=\"300\" style=\"margin: 21px; float: right;\" \/>Ospitata fino al 30 gennaio 2016 negli spazi del Palazzo Baronale anche la mostra,\u00a0\u201cIl Sacro, il Fuoco\u201d,\u00a0 di Francesca Mele, artista novolese e direttrice artistica di &#8220;Focarte&#8221;.\u00a0 Sacerdotessa di un&#8217;Arte esigente impregnata di valori umanistici, che \u00e8 epifania di un itinerarium iniziatico ai misteri dell&#8217;Essere e dell&#8217;Io, Francesca Mele\u00a0 &#8211; scrive il critico Bruna &#8211; gravita tra una memoria frammentata e un&#8217;internazionale amnesia del presente.<\/p>\n<p>F\u00f2cara 2016 ancora nel segno dell&#8217;arte per il progetto \u201cEtichettArte-Percorsi di Vino,\u201d manifestazione ideata da Corrado Lorenzo e Giovanni De Luca e fortemente voluta dal neo direttore della Pinacoteca Comunale di Arte Contemporanea Piero Pella. Si tratta di un concorso di idee che vede coinvolti una trentina di artisti nazionali ed internazionali che creeranno etichette d\u2019arte con tecnica mista\u00a0 per il moscato novolese. Le migliori\u00a0 opere saranno premiate il 18 gennaio alle 19,30 in piazza Sant\u2019Antonio abate e donate ad illustri personalit\u00e0. Il manifesto\u00a0 finale della pinacoteca d\u2019arte contemporanea di Novoli a sostegno del moscato sar\u00e0 firmato da tutti gli artisti\u00a0 coinvolti nell\u2019iniziativa. La giuria, composta da artisti e critici di fama nazionale ed internazionale sar\u00e0 presieduta da Ivan Focaccia attuale direttore del circolo culturale \u201cLa Scaletta di Matera\u201d. E per chi non l&#8217;ha ancora vista sar\u00e0 possibile visitare nella Pinacoteca la mostra,\u00a0Indias,\u00a0 del noto fumettista Lele Vianello, collaboratore di Hugo Pratt, curata da Vincenzo Ruggio in collaborazione con\u00a0 le scuole di fumetto Lupiae Comix di Lecce e Graphite.<\/p>\n<p>Non solo arte, per\u00f2. La F\u00f2cara \u00e8 anche festival con tanta, tanta musica. Dopo i concerti di Antonella Ruggiero e dei Marlene Kuntz questa sera intorno al fal\u00f2 si danzer\u00e0 con Funketti (Vincitori New Sounds Music Contest)<br \/> <a href=\"http:\/\/focarafestival.org\/gli-artisti\/venerdi-16-gennaio\/fanfara-ciocarlia\/\" target=\"_blank\"><strong>Fanfare Ciocarlia<\/strong>\u00a0<\/a>(in collaborazione con Bande a Sud) <strong><a href=\"http:\/\/passione%20live\/\" target=\"_blank\">Passione\u00a0live, <\/a><\/strong><strong><a href=\"http:\/\/focarafestival.org\/gli-artisti\/venerdi-16-gennaio\/dengue-dengue-dengue\/\" target=\"_blank\">Dengue Dengue Dengue<\/a><\/strong> , <strong><a href=\"http:\/\/focarafestival.org\/gli-artisti\/venerdi-16-gennaio\/mad-professor-with-brother-culture\/\" target=\"_blank\">Mad Professor &amp;\u00a0Brother culture<\/a><\/strong> e dalle 23 in poi <em>Electro Tent\u00a0 con <\/em><strong><a href=\"http:\/\/focarafestival.org\/gli-artisti\/venerdi-16-gennaio\/squat-party\/\" target=\"_blank\">Squat Party,<\/a><\/strong> <strong><a href=\"http:\/\/focarafestival.org\/gli-artisti\/venerdi-16-gennaio\/capibara\/\" target=\"_blank\">Capibara,\u00a0 <\/a><\/strong><strong><a href=\"http:\/\/focarafestival.org\/gli-artisti\/venerdi-16-gennaio\/branko-buraka-som-sistema\/\" target=\"_blank\">Branko<\/a>\u00a0<\/strong>(Buraka Som Sistema) e <strong><a href=\"http:\/\/focarafestival.org\/gli-artisti\/venerdi-16-gennaio\/go-dugong\/\" target=\"_blank\">Go Dugong.<\/a><\/strong><\/p>\n<p>E per seguire l&#8217;accensione in diretta baster\u00e0 sintonizzarsi d<span><span data-ft=\"{&quot;tn&quot;:&quot;K&quot;}\"><span class=\"UFICommentBody\"><span>alle ore 20,15 in contemporanea su Tgnorba 24 (canale 180 del digitale terrestre e 510 di Sky) e Telenorba (canale 10) .\u00a0<\/span><\/span><\/span><\/span> &#8220;Nonostante le condizioni meteo avverse &#8211; ha assicurato il sindaco novolese Gianmaria Greco &#8211; la Focara sar\u00e0 accesa entro la mezzanotte del 16, come da tradizione. E lo spettacolo pirotecnico sar\u00e0 molto suggestivo&#8221;.<\/p>\n<p>A saltare, in caso di vento forte, potrebbe essere lo spettacolo di Jade Martin, che dovrebbe camminare sospeso nel vuoto insieme a una danzatrice. Non salter\u00e0 di sicuro l&#8217;accensione della F\u00f2cara il critico Vittorio Sgarbi protagonista in serata, alle 19 nel teatro comunale di Novoli, di una lectio magistralis su &#8220;Il fuoco nell&#8217;arte e Sant&#8217;Antonio&#8221;. (an.fu.)<\/p>\n<p>Approfondimenti su http:\/\/www.focara.it<\/p>\n","protected":false},"excerpt":{"rendered":"<p>Sabato 16 gennaio 2016 a Novoli (Lecce) l&#8217;accensione del fal\u00f2 pi\u00f9 grande del Mediterraneo Aspettando la F\u00f2cara. Arte e Musica<\/p>\n","protected":false},"author":1,"featured_media":0,"comment_status":"open","ping_status":"open","sticky":false,"template":"","format":"standard","meta":[],"categories":[43,30],"tags":[],"yoast_head":"<!-- This site is optimized with the Yoast SEO plugin v18.0 - https:\/\/yoast.com\/wordpress\/plugins\/seo\/ -->\n<title>La notte del fuoco. F\u00f2cara 2016 a Novoli | Arte e Luoghi<\/title>\n<meta name=\"robots\" content=\"index, follow, max-snippet:-1, max-image-preview:large, max-video-preview:-1\" \/>\n<link rel=\"canonical\" href=\"https:\/\/arteeluoghi.it\/index.php\/2016\/01\/16\/la-notte-del-fuoco-focara-2016-a-novoli\/\" \/>\n<meta property=\"og:locale\" content=\"it_IT\" \/>\n<meta property=\"og:type\" content=\"article\" \/>\n<meta property=\"og:title\" content=\"La notte del fuoco. F\u00f2cara 2016 a Novoli | Arte e Luoghi\" \/>\n<meta property=\"og:description\" content=\"Sabato 16 gennaio 2016 a Novoli (Lecce) l&#8217;accensione del fal\u00f2 pi\u00f9 grande del Mediterraneo Aspettando la F\u00f2cara. Arte e Musica\" \/>\n<meta property=\"og:url\" content=\"https:\/\/arteeluoghi.it\/index.php\/2016\/01\/16\/la-notte-del-fuoco-focara-2016-a-novoli\/\" \/>\n<meta property=\"og:site_name\" content=\"Arte e Luoghi\" \/>\n<meta property=\"article:publisher\" content=\"https:\/\/www.facebook.com\/ArteELuoghi\/\" \/>\n<meta property=\"article:published_time\" content=\"2016-01-16T14:49:42+00:00\" \/>\n<meta property=\"article:modified_time\" content=\"2018-01-04T20:55:12+00:00\" \/>\n<meta property=\"og:image\" content=\"https:\/\/arteeluoghi.it\/images\/Gianfranco-Baruchello.-La-Focara_2016.-manifesto.jpg\" \/>\n<meta name=\"twitter:card\" content=\"summary\" \/>\n<meta name=\"twitter:creator\" content=\"@arteeluoghi\" \/>\n<meta name=\"twitter:site\" content=\"@arteeluoghi\" \/>\n<meta name=\"twitter:label1\" content=\"Scritto da\" \/>\n\t<meta name=\"twitter:data1\" content=\"Staff\" \/>\n\t<meta name=\"twitter:label2\" content=\"Tempo di lettura stimato\" \/>\n\t<meta name=\"twitter:data2\" content=\"5 minuti\" \/>\n<script type=\"application\/ld+json\" class=\"yoast-schema-graph\">{\"@context\":\"https:\/\/schema.org\",\"@graph\":[{\"@type\":\"Organization\",\"@id\":\"https:\/\/arteeluoghi.it\/#organization\",\"name\":\"Arte e Luoghi\",\"url\":\"https:\/\/arteeluoghi.it\/\",\"sameAs\":[\"https:\/\/www.facebook.com\/ArteELuoghi\/\",\"https:\/\/www.instagram.com\/arteeluoghi\/?hl=it\",\"https:\/\/www.youtube.com\/channel\/UCuRVc4JW4-C5sg9rQB-srkw?view_as=subscriber\",\"https:\/\/twitter.com\/arteeluoghi\"],\"logo\":{\"@type\":\"ImageObject\",\"@id\":\"https:\/\/arteeluoghi.it\/#logo\",\"inLanguage\":\"it-IT\",\"url\":\"https:\/\/arteeluoghi.it\/wp-content\/uploads\/2018\/08\/logoinstagramarte.jpg\",\"contentUrl\":\"https:\/\/arteeluoghi.it\/wp-content\/uploads\/2018\/08\/logoinstagramarte.jpg\",\"width\":150,\"height\":150,\"caption\":\"Arte e Luoghi\"},\"image\":{\"@id\":\"https:\/\/arteeluoghi.it\/#logo\"}},{\"@type\":\"WebSite\",\"@id\":\"https:\/\/arteeluoghi.it\/#website\",\"url\":\"https:\/\/arteeluoghi.it\/\",\"name\":\"Arte e Luoghi\",\"description\":\"Mensile di arte, cultura, turismo e curiosit\u00e0\",\"publisher\":{\"@id\":\"https:\/\/arteeluoghi.it\/#organization\"},\"potentialAction\":[{\"@type\":\"SearchAction\",\"target\":{\"@type\":\"EntryPoint\",\"urlTemplate\":\"https:\/\/arteeluoghi.it\/?s={search_term_string}\"},\"query-input\":\"required name=search_term_string\"}],\"inLanguage\":\"it-IT\"},{\"@type\":\"ImageObject\",\"@id\":\"https:\/\/arteeluoghi.it\/index.php\/2016\/01\/16\/la-notte-del-fuoco-focara-2016-a-novoli\/#primaryimage\",\"inLanguage\":\"it-IT\",\"url\":\"\/images\/Gianfranco-Baruchello.-La-Focara_2016.-manifesto.jpg\",\"contentUrl\":\"\/images\/Gianfranco-Baruchello.-La-Focara_2016.-manifesto.jpg\"},{\"@type\":\"WebPage\",\"@id\":\"https:\/\/arteeluoghi.it\/index.php\/2016\/01\/16\/la-notte-del-fuoco-focara-2016-a-novoli\/#webpage\",\"url\":\"https:\/\/arteeluoghi.it\/index.php\/2016\/01\/16\/la-notte-del-fuoco-focara-2016-a-novoli\/\",\"name\":\"La notte del fuoco. F\u00f2cara 2016 a Novoli | Arte e Luoghi\",\"isPartOf\":{\"@id\":\"https:\/\/arteeluoghi.it\/#website\"},\"primaryImageOfPage\":{\"@id\":\"https:\/\/arteeluoghi.it\/index.php\/2016\/01\/16\/la-notte-del-fuoco-focara-2016-a-novoli\/#primaryimage\"},\"datePublished\":\"2016-01-16T14:49:42+00:00\",\"dateModified\":\"2018-01-04T20:55:12+00:00\",\"breadcrumb\":{\"@id\":\"https:\/\/arteeluoghi.it\/index.php\/2016\/01\/16\/la-notte-del-fuoco-focara-2016-a-novoli\/#breadcrumb\"},\"inLanguage\":\"it-IT\",\"potentialAction\":[{\"@type\":\"ReadAction\",\"target\":[\"https:\/\/arteeluoghi.it\/index.php\/2016\/01\/16\/la-notte-del-fuoco-focara-2016-a-novoli\/\"]}]},{\"@type\":\"BreadcrumbList\",\"@id\":\"https:\/\/arteeluoghi.it\/index.php\/2016\/01\/16\/la-notte-del-fuoco-focara-2016-a-novoli\/#breadcrumb\",\"itemListElement\":[{\"@type\":\"ListItem\",\"position\":1,\"name\":\"Home\",\"item\":\"https:\/\/arteeluoghi.it\/\"},{\"@type\":\"ListItem\",\"position\":2,\"name\":\"La notte del fuoco. F\u00f2cara 2016 a Novoli\"}]},{\"@type\":\"Article\",\"@id\":\"https:\/\/arteeluoghi.it\/index.php\/2016\/01\/16\/la-notte-del-fuoco-focara-2016-a-novoli\/#article\",\"isPartOf\":{\"@id\":\"https:\/\/arteeluoghi.it\/index.php\/2016\/01\/16\/la-notte-del-fuoco-focara-2016-a-novoli\/#webpage\"},\"author\":{\"@id\":\"https:\/\/arteeluoghi.it\/#\/schema\/person\/f84e814e36e91e01448ee07eaadd41d4\"},\"headline\":\"La notte del fuoco. F\u00f2cara 2016 a Novoli\",\"datePublished\":\"2016-01-16T14:49:42+00:00\",\"dateModified\":\"2018-01-04T20:55:12+00:00\",\"mainEntityOfPage\":{\"@id\":\"https:\/\/arteeluoghi.it\/index.php\/2016\/01\/16\/la-notte-del-fuoco-focara-2016-a-novoli\/#webpage\"},\"wordCount\":939,\"commentCount\":0,\"publisher\":{\"@id\":\"https:\/\/arteeluoghi.it\/#organization\"},\"image\":{\"@id\":\"https:\/\/arteeluoghi.it\/index.php\/2016\/01\/16\/la-notte-del-fuoco-focara-2016-a-novoli\/#primaryimage\"},\"thumbnailUrl\":\"\/images\/Gianfranco-Baruchello.-La-Focara_2016.-manifesto.jpg\",\"articleSection\":[\"Storie. L'uomo e il territorio\",\"Turismo | geografica-mente\"],\"inLanguage\":\"it-IT\",\"potentialAction\":[{\"@type\":\"CommentAction\",\"name\":\"Comment\",\"target\":[\"https:\/\/arteeluoghi.it\/index.php\/2016\/01\/16\/la-notte-del-fuoco-focara-2016-a-novoli\/#respond\"]}]},{\"@type\":\"Person\",\"@id\":\"https:\/\/arteeluoghi.it\/#\/schema\/person\/f84e814e36e91e01448ee07eaadd41d4\",\"name\":\"Staff\",\"image\":{\"@type\":\"ImageObject\",\"@id\":\"https:\/\/arteeluoghi.it\/#personlogo\",\"inLanguage\":\"it-IT\",\"url\":\"https:\/\/secure.gravatar.com\/avatar\/49d2f9e46271bb04e19cebfaf141313a?s=96&d=blank&r=g\",\"contentUrl\":\"https:\/\/secure.gravatar.com\/avatar\/49d2f9e46271bb04e19cebfaf141313a?s=96&d=blank&r=g\",\"caption\":\"Staff\"}}]}<\/script>\n<!-- \/ Yoast SEO plugin. -->","yoast_head_json":{"title":"La notte del fuoco. F\u00f2cara 2016 a Novoli | Arte e Luoghi","robots":{"index":"index","follow":"follow","max-snippet":"max-snippet:-1","max-image-preview":"max-image-preview:large","max-video-preview":"max-video-preview:-1"},"canonical":"https:\/\/arteeluoghi.it\/index.php\/2016\/01\/16\/la-notte-del-fuoco-focara-2016-a-novoli\/","og_locale":"it_IT","og_type":"article","og_title":"La notte del fuoco. F\u00f2cara 2016 a Novoli | Arte e Luoghi","og_description":"Sabato 16 gennaio 2016 a Novoli (Lecce) l&#8217;accensione del fal\u00f2 pi\u00f9 grande del Mediterraneo Aspettando la F\u00f2cara. Arte e Musica","og_url":"https:\/\/arteeluoghi.it\/index.php\/2016\/01\/16\/la-notte-del-fuoco-focara-2016-a-novoli\/","og_site_name":"Arte e Luoghi","article_publisher":"https:\/\/www.facebook.com\/ArteELuoghi\/","article_published_time":"2016-01-16T14:49:42+00:00","article_modified_time":"2018-01-04T20:55:12+00:00","og_image":[{"url":"https:\/\/arteeluoghi.it\/images\/Gianfranco-Baruchello.-La-Focara_2016.-manifesto.jpg"}],"twitter_card":"summary","twitter_creator":"@arteeluoghi","twitter_site":"@arteeluoghi","twitter_misc":{"Scritto da":"Staff","Tempo di lettura stimato":"5 minuti"},"schema":{"@context":"https:\/\/schema.org","@graph":[{"@type":"Organization","@id":"https:\/\/arteeluoghi.it\/#organization","name":"Arte e Luoghi","url":"https:\/\/arteeluoghi.it\/","sameAs":["https:\/\/www.facebook.com\/ArteELuoghi\/","https:\/\/www.instagram.com\/arteeluoghi\/?hl=it","https:\/\/www.youtube.com\/channel\/UCuRVc4JW4-C5sg9rQB-srkw?view_as=subscriber","https:\/\/twitter.com\/arteeluoghi"],"logo":{"@type":"ImageObject","@id":"https:\/\/arteeluoghi.it\/#logo","inLanguage":"it-IT","url":"https:\/\/arteeluoghi.it\/wp-content\/uploads\/2018\/08\/logoinstagramarte.jpg","contentUrl":"https:\/\/arteeluoghi.it\/wp-content\/uploads\/2018\/08\/logoinstagramarte.jpg","width":150,"height":150,"caption":"Arte e Luoghi"},"image":{"@id":"https:\/\/arteeluoghi.it\/#logo"}},{"@type":"WebSite","@id":"https:\/\/arteeluoghi.it\/#website","url":"https:\/\/arteeluoghi.it\/","name":"Arte e Luoghi","description":"Mensile di arte, cultura, turismo e curiosit\u00e0","publisher":{"@id":"https:\/\/arteeluoghi.it\/#organization"},"potentialAction":[{"@type":"SearchAction","target":{"@type":"EntryPoint","urlTemplate":"https:\/\/arteeluoghi.it\/?s={search_term_string}"},"query-input":"required name=search_term_string"}],"inLanguage":"it-IT"},{"@type":"ImageObject","@id":"https:\/\/arteeluoghi.it\/index.php\/2016\/01\/16\/la-notte-del-fuoco-focara-2016-a-novoli\/#primaryimage","inLanguage":"it-IT","url":"\/images\/Gianfranco-Baruchello.-La-Focara_2016.-manifesto.jpg","contentUrl":"\/images\/Gianfranco-Baruchello.-La-Focara_2016.-manifesto.jpg"},{"@type":"WebPage","@id":"https:\/\/arteeluoghi.it\/index.php\/2016\/01\/16\/la-notte-del-fuoco-focara-2016-a-novoli\/#webpage","url":"https:\/\/arteeluoghi.it\/index.php\/2016\/01\/16\/la-notte-del-fuoco-focara-2016-a-novoli\/","name":"La notte del fuoco. F\u00f2cara 2016 a Novoli | Arte e Luoghi","isPartOf":{"@id":"https:\/\/arteeluoghi.it\/#website"},"primaryImageOfPage":{"@id":"https:\/\/arteeluoghi.it\/index.php\/2016\/01\/16\/la-notte-del-fuoco-focara-2016-a-novoli\/#primaryimage"},"datePublished":"2016-01-16T14:49:42+00:00","dateModified":"2018-01-04T20:55:12+00:00","breadcrumb":{"@id":"https:\/\/arteeluoghi.it\/index.php\/2016\/01\/16\/la-notte-del-fuoco-focara-2016-a-novoli\/#breadcrumb"},"inLanguage":"it-IT","potentialAction":[{"@type":"ReadAction","target":["https:\/\/arteeluoghi.it\/index.php\/2016\/01\/16\/la-notte-del-fuoco-focara-2016-a-novoli\/"]}]},{"@type":"BreadcrumbList","@id":"https:\/\/arteeluoghi.it\/index.php\/2016\/01\/16\/la-notte-del-fuoco-focara-2016-a-novoli\/#breadcrumb","itemListElement":[{"@type":"ListItem","position":1,"name":"Home","item":"https:\/\/arteeluoghi.it\/"},{"@type":"ListItem","position":2,"name":"La notte del fuoco. F\u00f2cara 2016 a Novoli"}]},{"@type":"Article","@id":"https:\/\/arteeluoghi.it\/index.php\/2016\/01\/16\/la-notte-del-fuoco-focara-2016-a-novoli\/#article","isPartOf":{"@id":"https:\/\/arteeluoghi.it\/index.php\/2016\/01\/16\/la-notte-del-fuoco-focara-2016-a-novoli\/#webpage"},"author":{"@id":"https:\/\/arteeluoghi.it\/#\/schema\/person\/f84e814e36e91e01448ee07eaadd41d4"},"headline":"La notte del fuoco. F\u00f2cara 2016 a Novoli","datePublished":"2016-01-16T14:49:42+00:00","dateModified":"2018-01-04T20:55:12+00:00","mainEntityOfPage":{"@id":"https:\/\/arteeluoghi.it\/index.php\/2016\/01\/16\/la-notte-del-fuoco-focara-2016-a-novoli\/#webpage"},"wordCount":939,"commentCount":0,"publisher":{"@id":"https:\/\/arteeluoghi.it\/#organization"},"image":{"@id":"https:\/\/arteeluoghi.it\/index.php\/2016\/01\/16\/la-notte-del-fuoco-focara-2016-a-novoli\/#primaryimage"},"thumbnailUrl":"\/images\/Gianfranco-Baruchello.-La-Focara_2016.-manifesto.jpg","articleSection":["Storie. L'uomo e il territorio","Turismo | geografica-mente"],"inLanguage":"it-IT","potentialAction":[{"@type":"CommentAction","name":"Comment","target":["https:\/\/arteeluoghi.it\/index.php\/2016\/01\/16\/la-notte-del-fuoco-focara-2016-a-novoli\/#respond"]}]},{"@type":"Person","@id":"https:\/\/arteeluoghi.it\/#\/schema\/person\/f84e814e36e91e01448ee07eaadd41d4","name":"Staff","image":{"@type":"ImageObject","@id":"https:\/\/arteeluoghi.it\/#personlogo","inLanguage":"it-IT","url":"https:\/\/secure.gravatar.com\/avatar\/49d2f9e46271bb04e19cebfaf141313a?s=96&d=blank&r=g","contentUrl":"https:\/\/secure.gravatar.com\/avatar\/49d2f9e46271bb04e19cebfaf141313a?s=96&d=blank&r=g","caption":"Staff"}}]}},"_links":{"self":[{"href":"https:\/\/arteeluoghi.it\/index.php\/wp-json\/wp\/v2\/posts\/2425"}],"collection":[{"href":"https:\/\/arteeluoghi.it\/index.php\/wp-json\/wp\/v2\/posts"}],"about":[{"href":"https:\/\/arteeluoghi.it\/index.php\/wp-json\/wp\/v2\/types\/post"}],"author":[{"embeddable":true,"href":"https:\/\/arteeluoghi.it\/index.php\/wp-json\/wp\/v2\/users\/1"}],"replies":[{"embeddable":true,"href":"https:\/\/arteeluoghi.it\/index.php\/wp-json\/wp\/v2\/comments?post=2425"}],"version-history":[{"count":1,"href":"https:\/\/arteeluoghi.it\/index.php\/wp-json\/wp\/v2\/posts\/2425\/revisions"}],"predecessor-version":[{"id":4520,"href":"https:\/\/arteeluoghi.it\/index.php\/wp-json\/wp\/v2\/posts\/2425\/revisions\/4520"}],"wp:attachment":[{"href":"https:\/\/arteeluoghi.it\/index.php\/wp-json\/wp\/v2\/media?parent=2425"}],"wp:term":[{"taxonomy":"category","embeddable":true,"href":"https:\/\/arteeluoghi.it\/index.php\/wp-json\/wp\/v2\/categories?post=2425"},{"taxonomy":"post_tag","embeddable":true,"href":"https:\/\/arteeluoghi.it\/index.php\/wp-json\/wp\/v2\/tags?post=2425"}],"curies":[{"name":"wp","href":"https:\/\/api.w.org\/{rel}","templated":true}]}}