{"id":2426,"date":"2016-01-16T18:43:45","date_gmt":"2016-01-16T17:43:45","guid":{"rendered":"http:\/\/arteeluoghi.it\/index.php\/2016\/01\/16\/fuori-traccia-domenica-gran-finale\/"},"modified":"2016-01-16T18:43:45","modified_gmt":"2016-01-16T17:43:45","slug":"fuori-traccia-domenica-gran-finale","status":"publish","type":"post","link":"https:\/\/arteeluoghi.it\/index.php\/2016\/01\/16\/fuori-traccia-domenica-gran-finale\/","title":{"rendered":"Fuori Traccia. Domenica gran finale"},"content":{"rendered":"<p style=\"text-align: left;\" align=\"center\"><img src=\"\/images\/fuoritraccia3.jpg\" border=\"0\" title=\"un momento della manifestazione\" width=\"300\" style=\"margin: 21px; float: right;\" \/>Domenica 17 la serata conclusiva della Festa della salute Mentale<\/p>\n<p style=\"text-align: left;\" align=\"center\"><strong>\u201cFuori Traccia\u201d un momento di aggregazione sociale e di terapia<\/strong><\/p>\n<p>\u00a0<\/p>\n<p><strong>\u00a0\u00a0\u00a0\u00a0 \u201cFuori Traccia\u201d <\/strong>la manifestazione che si terr\u00e0 nel capoluogo salentino dal <strong>15 <\/strong>al <strong>17 gennaio<\/strong> 2016 e promossa dal <strong>Dipartimento della Salute Mentale dell\u2019Asl di Lecce, <\/strong>intende essere un percorso innovativo anche per quella che potrebbe essere un\u2019analisi sociologica. E la cooperativa sociale onlus <strong>L\u2019Adelfia<\/strong>, inserita nelle attivit\u00e0 della tre giorni, umanizza le relazioni con chi soffre di questa patologia, arricchendole di significato terapeutico e professionale. Le relazioni sociali sono uno strumento di aggregazione, ma anche di terapia.<\/p>\n<p>  <!--more-->  <\/p>\n<p>Insomma, una condivisione di gesti e di attese di cui poi seguono attivit\u00e0 creative. Come si pu\u00f2 considerare un paziente in riabilitazione psichiatrica se lo si tiene a distanza? Sono necessarie strutture idonee, ma anche una realt\u00e0 che possa accogliere, nel suo sistema, un pensiero comune che non divida, che non metta i pazienti in riabilitazione da una parte e gli altri da un\u2019altra ancora. \u00c8 un principio di diritto di vita alla vita che riguarda tutti indistintamente. Capire le cose non basta, bisogna anche porgere la mano ed aiutare chi \u00e8 pi\u00f9 debole e fragile.<\/p>\n<p>\u00a0\u00a0\u00a0\u00a0 Per l\u2019ultimo appuntamento, <strong>domenica 17 gennaio <\/strong>sar\u00e0 la gente a dire qualcosa. Nell\u2019atrio del <strong>Castello Carlo V <\/strong>sar\u00e0 esposto un manifesto di nove metri\u00a0 perch\u00e9 <em>L\u2019Adelfia <\/em>e l\u2019associazione degli utenti \u201c<em>Il Fuoridtrada\u201d &#8211; <\/em>con la sua presidenteGiuliana Costa, ex paziente de L\u2019Adelfia, una donna che ce l\u2019ha fatta \u00a0a superare i problemi ed a trovare la sua strada \u2013 daranno la possibilit\u00e0 alla gente di lasciare un messaggio. La vita, a volte, fa male e quando qualcosa fa male vuol dire che per ognuno \u00e8 importante per cambiare. Sostenere qualcuno e avere la speranza di farcela \u00e8 un filo sottile come la lama di un rasoio. Ogni che la si sfiora con una mano ci si taglia. Ecco, nessuno dovrebbe avere paura. Ecco, perch\u00e9 il momento dello striscione \u2013 che sar\u00e0 accompagnato dall\u2019animazione musicale dei \u201c<em>L\u2019allegra brigata\u201d <\/em>della cooperativa \u201c<em>Archi\u201d <\/em>\u2013 dovr\u00e0 essere una riflessione imminente e futura che porter\u00e0 ad altre tracce.<\/p>\n<p>(fonte: comunicato stampa)<\/p>\n","protected":false},"excerpt":{"rendered":"<p>Domenica 17 la serata conclusiva della Festa della salute Mentale \u201cFuori Traccia\u201d un momento di aggregazione sociale e di terapia<\/p>\n","protected":false},"author":1,"featured_media":0,"comment_status":"open","ping_status":"open","sticky":false,"template":"","format":"standard","meta":[],"categories":[36],"tags":[],"yoast_head":"<!-- This site is optimized with the Yoast SEO plugin v18.0 - https:\/\/yoast.com\/wordpress\/plugins\/seo\/ -->\n<title>Fuori Traccia. Domenica gran finale | Arte e Luoghi<\/title>\n<meta name=\"robots\" content=\"index, follow, max-snippet:-1, max-image-preview:large, max-video-preview:-1\" \/>\n<link rel=\"canonical\" href=\"https:\/\/arteeluoghi.it\/index.php\/2016\/01\/16\/fuori-traccia-domenica-gran-finale\/\" \/>\n<meta property=\"og:locale\" content=\"it_IT\" \/>\n<meta property=\"og:type\" content=\"article\" \/>\n<meta property=\"og:title\" content=\"Fuori Traccia. Domenica gran finale | Arte e Luoghi\" \/>\n<meta property=\"og:description\" content=\"Domenica 17 la serata conclusiva della Festa della salute Mentale \u201cFuori Traccia\u201d un momento di aggregazione sociale e di terapia\" \/>\n<meta property=\"og:url\" content=\"https:\/\/arteeluoghi.it\/index.php\/2016\/01\/16\/fuori-traccia-domenica-gran-finale\/\" \/>\n<meta property=\"og:site_name\" content=\"Arte e Luoghi\" \/>\n<meta property=\"article:publisher\" content=\"https:\/\/www.facebook.com\/ArteELuoghi\/\" \/>\n<meta property=\"article:published_time\" content=\"2016-01-16T17:43:45+00:00\" \/>\n<meta property=\"og:image\" content=\"https:\/\/arteeluoghi.it\/images\/fuoritraccia3.jpg\" \/>\n<meta name=\"twitter:card\" content=\"summary\" \/>\n<meta name=\"twitter:creator\" content=\"@arteeluoghi\" \/>\n<meta name=\"twitter:site\" content=\"@arteeluoghi\" \/>\n<meta name=\"twitter:label1\" content=\"Scritto da\" \/>\n\t<meta name=\"twitter:data1\" content=\"Staff\" \/>\n\t<meta name=\"twitter:label2\" content=\"Tempo di lettura stimato\" \/>\n\t<meta name=\"twitter:data2\" content=\"2 minuti\" \/>\n<script type=\"application\/ld+json\" class=\"yoast-schema-graph\">{\"@context\":\"https:\/\/schema.org\",\"@graph\":[{\"@type\":\"Organization\",\"@id\":\"https:\/\/arteeluoghi.it\/#organization\",\"name\":\"Arte e Luoghi\",\"url\":\"https:\/\/arteeluoghi.it\/\",\"sameAs\":[\"https:\/\/www.facebook.com\/ArteELuoghi\/\",\"https:\/\/www.instagram.com\/arteeluoghi\/?hl=it\",\"https:\/\/www.youtube.com\/channel\/UCuRVc4JW4-C5sg9rQB-srkw?view_as=subscriber\",\"https:\/\/twitter.com\/arteeluoghi\"],\"logo\":{\"@type\":\"ImageObject\",\"@id\":\"https:\/\/arteeluoghi.it\/#logo\",\"inLanguage\":\"it-IT\",\"url\":\"https:\/\/arteeluoghi.it\/wp-content\/uploads\/2018\/08\/logoinstagramarte.jpg\",\"contentUrl\":\"https:\/\/arteeluoghi.it\/wp-content\/uploads\/2018\/08\/logoinstagramarte.jpg\",\"width\":150,\"height\":150,\"caption\":\"Arte e Luoghi\"},\"image\":{\"@id\":\"https:\/\/arteeluoghi.it\/#logo\"}},{\"@type\":\"WebSite\",\"@id\":\"https:\/\/arteeluoghi.it\/#website\",\"url\":\"https:\/\/arteeluoghi.it\/\",\"name\":\"Arte e Luoghi\",\"description\":\"Mensile di arte, cultura, turismo e curiosit\u00e0\",\"publisher\":{\"@id\":\"https:\/\/arteeluoghi.it\/#organization\"},\"potentialAction\":[{\"@type\":\"SearchAction\",\"target\":{\"@type\":\"EntryPoint\",\"urlTemplate\":\"https:\/\/arteeluoghi.it\/?s={search_term_string}\"},\"query-input\":\"required name=search_term_string\"}],\"inLanguage\":\"it-IT\"},{\"@type\":\"ImageObject\",\"@id\":\"https:\/\/arteeluoghi.it\/index.php\/2016\/01\/16\/fuori-traccia-domenica-gran-finale\/#primaryimage\",\"inLanguage\":\"it-IT\",\"url\":\"\/images\/fuoritraccia3.jpg\",\"contentUrl\":\"\/images\/fuoritraccia3.jpg\"},{\"@type\":\"WebPage\",\"@id\":\"https:\/\/arteeluoghi.it\/index.php\/2016\/01\/16\/fuori-traccia-domenica-gran-finale\/#webpage\",\"url\":\"https:\/\/arteeluoghi.it\/index.php\/2016\/01\/16\/fuori-traccia-domenica-gran-finale\/\",\"name\":\"Fuori Traccia. Domenica gran finale | Arte e Luoghi\",\"isPartOf\":{\"@id\":\"https:\/\/arteeluoghi.it\/#website\"},\"primaryImageOfPage\":{\"@id\":\"https:\/\/arteeluoghi.it\/index.php\/2016\/01\/16\/fuori-traccia-domenica-gran-finale\/#primaryimage\"},\"datePublished\":\"2016-01-16T17:43:45+00:00\",\"dateModified\":\"2016-01-16T17:43:45+00:00\",\"breadcrumb\":{\"@id\":\"https:\/\/arteeluoghi.it\/index.php\/2016\/01\/16\/fuori-traccia-domenica-gran-finale\/#breadcrumb\"},\"inLanguage\":\"it-IT\",\"potentialAction\":[{\"@type\":\"ReadAction\",\"target\":[\"https:\/\/arteeluoghi.it\/index.php\/2016\/01\/16\/fuori-traccia-domenica-gran-finale\/\"]}]},{\"@type\":\"BreadcrumbList\",\"@id\":\"https:\/\/arteeluoghi.it\/index.php\/2016\/01\/16\/fuori-traccia-domenica-gran-finale\/#breadcrumb\",\"itemListElement\":[{\"@type\":\"ListItem\",\"position\":1,\"name\":\"Home\",\"item\":\"https:\/\/arteeluoghi.it\/\"},{\"@type\":\"ListItem\",\"position\":2,\"name\":\"Fuori Traccia. Domenica gran finale\"}]},{\"@type\":\"Article\",\"@id\":\"https:\/\/arteeluoghi.it\/index.php\/2016\/01\/16\/fuori-traccia-domenica-gran-finale\/#article\",\"isPartOf\":{\"@id\":\"https:\/\/arteeluoghi.it\/index.php\/2016\/01\/16\/fuori-traccia-domenica-gran-finale\/#webpage\"},\"author\":{\"@id\":\"https:\/\/arteeluoghi.it\/#\/schema\/person\/f84e814e36e91e01448ee07eaadd41d4\"},\"headline\":\"Fuori Traccia. Domenica gran finale\",\"datePublished\":\"2016-01-16T17:43:45+00:00\",\"dateModified\":\"2016-01-16T17:43:45+00:00\",\"mainEntityOfPage\":{\"@id\":\"https:\/\/arteeluoghi.it\/index.php\/2016\/01\/16\/fuori-traccia-domenica-gran-finale\/#webpage\"},\"wordCount\":355,\"commentCount\":0,\"publisher\":{\"@id\":\"https:\/\/arteeluoghi.it\/#organization\"},\"image\":{\"@id\":\"https:\/\/arteeluoghi.it\/index.php\/2016\/01\/16\/fuori-traccia-domenica-gran-finale\/#primaryimage\"},\"thumbnailUrl\":\"\/images\/fuoritraccia3.jpg\",\"articleSection\":[\"CuriosAr(t)e\"],\"inLanguage\":\"it-IT\",\"potentialAction\":[{\"@type\":\"CommentAction\",\"name\":\"Comment\",\"target\":[\"https:\/\/arteeluoghi.it\/index.php\/2016\/01\/16\/fuori-traccia-domenica-gran-finale\/#respond\"]}]},{\"@type\":\"Person\",\"@id\":\"https:\/\/arteeluoghi.it\/#\/schema\/person\/f84e814e36e91e01448ee07eaadd41d4\",\"name\":\"Staff\",\"image\":{\"@type\":\"ImageObject\",\"@id\":\"https:\/\/arteeluoghi.it\/#personlogo\",\"inLanguage\":\"it-IT\",\"url\":\"https:\/\/secure.gravatar.com\/avatar\/49d2f9e46271bb04e19cebfaf141313a?s=96&d=blank&r=g\",\"contentUrl\":\"https:\/\/secure.gravatar.com\/avatar\/49d2f9e46271bb04e19cebfaf141313a?s=96&d=blank&r=g\",\"caption\":\"Staff\"}}]}<\/script>\n<!-- \/ Yoast SEO plugin. -->","yoast_head_json":{"title":"Fuori Traccia. Domenica gran finale | Arte e Luoghi","robots":{"index":"index","follow":"follow","max-snippet":"max-snippet:-1","max-image-preview":"max-image-preview:large","max-video-preview":"max-video-preview:-1"},"canonical":"https:\/\/arteeluoghi.it\/index.php\/2016\/01\/16\/fuori-traccia-domenica-gran-finale\/","og_locale":"it_IT","og_type":"article","og_title":"Fuori Traccia. Domenica gran finale | Arte e Luoghi","og_description":"Domenica 17 la serata conclusiva della Festa della salute Mentale \u201cFuori Traccia\u201d un momento di aggregazione sociale e di terapia","og_url":"https:\/\/arteeluoghi.it\/index.php\/2016\/01\/16\/fuori-traccia-domenica-gran-finale\/","og_site_name":"Arte e Luoghi","article_publisher":"https:\/\/www.facebook.com\/ArteELuoghi\/","article_published_time":"2016-01-16T17:43:45+00:00","og_image":[{"url":"https:\/\/arteeluoghi.it\/images\/fuoritraccia3.jpg"}],"twitter_card":"summary","twitter_creator":"@arteeluoghi","twitter_site":"@arteeluoghi","twitter_misc":{"Scritto da":"Staff","Tempo di lettura stimato":"2 minuti"},"schema":{"@context":"https:\/\/schema.org","@graph":[{"@type":"Organization","@id":"https:\/\/arteeluoghi.it\/#organization","name":"Arte e Luoghi","url":"https:\/\/arteeluoghi.it\/","sameAs":["https:\/\/www.facebook.com\/ArteELuoghi\/","https:\/\/www.instagram.com\/arteeluoghi\/?hl=it","https:\/\/www.youtube.com\/channel\/UCuRVc4JW4-C5sg9rQB-srkw?view_as=subscriber","https:\/\/twitter.com\/arteeluoghi"],"logo":{"@type":"ImageObject","@id":"https:\/\/arteeluoghi.it\/#logo","inLanguage":"it-IT","url":"https:\/\/arteeluoghi.it\/wp-content\/uploads\/2018\/08\/logoinstagramarte.jpg","contentUrl":"https:\/\/arteeluoghi.it\/wp-content\/uploads\/2018\/08\/logoinstagramarte.jpg","width":150,"height":150,"caption":"Arte e Luoghi"},"image":{"@id":"https:\/\/arteeluoghi.it\/#logo"}},{"@type":"WebSite","@id":"https:\/\/arteeluoghi.it\/#website","url":"https:\/\/arteeluoghi.it\/","name":"Arte e Luoghi","description":"Mensile di arte, cultura, turismo e curiosit\u00e0","publisher":{"@id":"https:\/\/arteeluoghi.it\/#organization"},"potentialAction":[{"@type":"SearchAction","target":{"@type":"EntryPoint","urlTemplate":"https:\/\/arteeluoghi.it\/?s={search_term_string}"},"query-input":"required name=search_term_string"}],"inLanguage":"it-IT"},{"@type":"ImageObject","@id":"https:\/\/arteeluoghi.it\/index.php\/2016\/01\/16\/fuori-traccia-domenica-gran-finale\/#primaryimage","inLanguage":"it-IT","url":"\/images\/fuoritraccia3.jpg","contentUrl":"\/images\/fuoritraccia3.jpg"},{"@type":"WebPage","@id":"https:\/\/arteeluoghi.it\/index.php\/2016\/01\/16\/fuori-traccia-domenica-gran-finale\/#webpage","url":"https:\/\/arteeluoghi.it\/index.php\/2016\/01\/16\/fuori-traccia-domenica-gran-finale\/","name":"Fuori Traccia. Domenica gran finale | Arte e Luoghi","isPartOf":{"@id":"https:\/\/arteeluoghi.it\/#website"},"primaryImageOfPage":{"@id":"https:\/\/arteeluoghi.it\/index.php\/2016\/01\/16\/fuori-traccia-domenica-gran-finale\/#primaryimage"},"datePublished":"2016-01-16T17:43:45+00:00","dateModified":"2016-01-16T17:43:45+00:00","breadcrumb":{"@id":"https:\/\/arteeluoghi.it\/index.php\/2016\/01\/16\/fuori-traccia-domenica-gran-finale\/#breadcrumb"},"inLanguage":"it-IT","potentialAction":[{"@type":"ReadAction","target":["https:\/\/arteeluoghi.it\/index.php\/2016\/01\/16\/fuori-traccia-domenica-gran-finale\/"]}]},{"@type":"BreadcrumbList","@id":"https:\/\/arteeluoghi.it\/index.php\/2016\/01\/16\/fuori-traccia-domenica-gran-finale\/#breadcrumb","itemListElement":[{"@type":"ListItem","position":1,"name":"Home","item":"https:\/\/arteeluoghi.it\/"},{"@type":"ListItem","position":2,"name":"Fuori Traccia. Domenica gran finale"}]},{"@type":"Article","@id":"https:\/\/arteeluoghi.it\/index.php\/2016\/01\/16\/fuori-traccia-domenica-gran-finale\/#article","isPartOf":{"@id":"https:\/\/arteeluoghi.it\/index.php\/2016\/01\/16\/fuori-traccia-domenica-gran-finale\/#webpage"},"author":{"@id":"https:\/\/arteeluoghi.it\/#\/schema\/person\/f84e814e36e91e01448ee07eaadd41d4"},"headline":"Fuori Traccia. Domenica gran finale","datePublished":"2016-01-16T17:43:45+00:00","dateModified":"2016-01-16T17:43:45+00:00","mainEntityOfPage":{"@id":"https:\/\/arteeluoghi.it\/index.php\/2016\/01\/16\/fuori-traccia-domenica-gran-finale\/#webpage"},"wordCount":355,"commentCount":0,"publisher":{"@id":"https:\/\/arteeluoghi.it\/#organization"},"image":{"@id":"https:\/\/arteeluoghi.it\/index.php\/2016\/01\/16\/fuori-traccia-domenica-gran-finale\/#primaryimage"},"thumbnailUrl":"\/images\/fuoritraccia3.jpg","articleSection":["CuriosAr(t)e"],"inLanguage":"it-IT","potentialAction":[{"@type":"CommentAction","name":"Comment","target":["https:\/\/arteeluoghi.it\/index.php\/2016\/01\/16\/fuori-traccia-domenica-gran-finale\/#respond"]}]},{"@type":"Person","@id":"https:\/\/arteeluoghi.it\/#\/schema\/person\/f84e814e36e91e01448ee07eaadd41d4","name":"Staff","image":{"@type":"ImageObject","@id":"https:\/\/arteeluoghi.it\/#personlogo","inLanguage":"it-IT","url":"https:\/\/secure.gravatar.com\/avatar\/49d2f9e46271bb04e19cebfaf141313a?s=96&d=blank&r=g","contentUrl":"https:\/\/secure.gravatar.com\/avatar\/49d2f9e46271bb04e19cebfaf141313a?s=96&d=blank&r=g","caption":"Staff"}}]}},"_links":{"self":[{"href":"https:\/\/arteeluoghi.it\/index.php\/wp-json\/wp\/v2\/posts\/2426"}],"collection":[{"href":"https:\/\/arteeluoghi.it\/index.php\/wp-json\/wp\/v2\/posts"}],"about":[{"href":"https:\/\/arteeluoghi.it\/index.php\/wp-json\/wp\/v2\/types\/post"}],"author":[{"embeddable":true,"href":"https:\/\/arteeluoghi.it\/index.php\/wp-json\/wp\/v2\/users\/1"}],"replies":[{"embeddable":true,"href":"https:\/\/arteeluoghi.it\/index.php\/wp-json\/wp\/v2\/comments?post=2426"}],"version-history":[{"count":0,"href":"https:\/\/arteeluoghi.it\/index.php\/wp-json\/wp\/v2\/posts\/2426\/revisions"}],"wp:attachment":[{"href":"https:\/\/arteeluoghi.it\/index.php\/wp-json\/wp\/v2\/media?parent=2426"}],"wp:term":[{"taxonomy":"category","embeddable":true,"href":"https:\/\/arteeluoghi.it\/index.php\/wp-json\/wp\/v2\/categories?post=2426"},{"taxonomy":"post_tag","embeddable":true,"href":"https:\/\/arteeluoghi.it\/index.php\/wp-json\/wp\/v2\/tags?post=2426"}],"curies":[{"name":"wp","href":"https:\/\/api.w.org\/{rel}","templated":true}]}}