{"id":2445,"date":"2016-02-04T10:42:20","date_gmt":"2016-02-04T09:42:20","guid":{"rendered":"http:\/\/arteeluoghi.it\/index.php\/2016\/02\/04\/l-ultimo-re-a-tricase\/"},"modified":"2016-02-04T10:42:20","modified_gmt":"2016-02-04T09:42:20","slug":"l-ultimo-re-a-tricase","status":"publish","type":"post","link":"https:\/\/arteeluoghi.it\/index.php\/2016\/02\/04\/l-ultimo-re-a-tricase\/","title":{"rendered":"\u201cL\u2019ultimo Re\u201d a Tricase"},"content":{"rendered":"<p style=\"text-align: left;\" align=\"center\"><img src=\"\/images\/angelodonno.jpg\" border=\"0\" title=\"la copertina del libro\" width=\"200\" style=\"margin: 21px; float: right;\" \/>Venerd\u00ec 5 febbraio 2016 a Tricase<\/p>\n<p style=\"text-align: left;\" align=\"center\"><strong>Aperitivo letterario al Menam\u00e8 con il romanzo di Angelo Donno<\/strong><\/p>\n<p style=\"text-align: left;\">\u00a0<\/p>\n<p>\u00a0<\/p>\n<p>\u00a0\u00a0\u00a0\u00a0 Sar\u00e0 presentato <strong>venerd\u00ec 5 febbraio 2016 <\/strong>a <strong>Tricase<\/strong>, nel sud Salento, il romanzo <strong>\u201cL\u2019ultimo Re, nel cuore del regno\u201d <\/strong>di <strong>Angelo Donno. <\/strong>L\u2019appuntamento si terr\u00e0 al <strong>Menam\u00e8 <\/strong>-in via San Demetrio 32, in pieno centro storico &#8211; alle ore <strong>19:30<\/strong>. Si tratta di un aperitivo letterario per avvicinare non solo quanti riescono a trovare nei libri quella magia che si legge e si foglia attraverso le storie, ma anche coloro che hanno un approccio distaccato con la scrittura. <strong>Alberto Colangiulo <\/strong>dialogher\u00e0 con l\u2019autore. \u00a0<\/p>\n<p>\u00a0\u00a0\u00a0\u00a0 \u201cL\u2019ultimo Re\u201d, per Lupo editore, sembra quasi una fotografia in cui si conservano emozioni, sentimenti, amori e moti rivoluzionari che porteranno all\u2019unit\u00e0 d\u2019Italia. E lo scrittore, ancora una volta, parte dalla sua Taviano per raccontare un pezzo di Storia in cui i protagonisti sono guidati da un forte istinto di attaccamento alla terra, alle proprie origini e soprattutto alla dignit\u00e0 di uomini fieri che non si assoggettano ai pugni di chi li vorrebbe sempre pi\u00f9 in fondo al baratro.<\/p>\n<p>  <!--more-->  <\/p>\n<p>Il romanzo \u00e8 come un enorme carillon in cui la determinazione di portare avanti un\u2019idea, finanche a rimetterci la vita, supera la paura stessa di non farcela. Angelo Donno, scrittore dallo stile raffinato, in \u201cL\u2019ultimo Re\u201d delinea anche una bellissima storia d\u2019amore ricavando attraverso la Spedizione dei Mille, delle pagine che fanno da asse portante all\u2019intera struttura narrativa. I libri non perdono mai la memoria e fanno sentire quelle emozioni che a volte si perdono o si spezzano senza aver capito perch\u00e9. Ognuno con il romanzo di Angelo Donno pu\u00f2 trovare il suo racconto nelle tasche segrete della vita e di ci\u00f2 che ruota attorno ad essa.<\/p>\n<p>\u00a0\u00a0\u00a0\u00a0 \u201c\u2026 <em>Usc\u00ec dalla sagrestia lentamente, sembrava intontita, frastornata, inebetita. Si avvi\u00f2 verso casa, percorrendo il breve tragitto senza mai alzare lo sguardo da terra. Non voleva mostrare la sua disperazione, la sua dignit\u00e0 glielo impediva. \u2026\u201d<\/em><\/p>\n<p>(fonte: comunicato stampa)<em><br \/><\/em><\/p>\n","protected":false},"excerpt":{"rendered":"<p>Venerd\u00ec 5 febbraio 2016 a Tricase Aperitivo letterario al Menam\u00e8 con il romanzo di Angelo Donno \u00a0 \u00a0 \u00a0\u00a0\u00a0\u00a0 Sar\u00e0<\/p>\n","protected":false},"author":1,"featured_media":0,"comment_status":"open","ping_status":"open","sticky":false,"template":"","format":"standard","meta":[],"categories":[17],"tags":[],"yoast_head":"<!-- This site is optimized with the Yoast SEO plugin v18.0 - https:\/\/yoast.com\/wordpress\/plugins\/seo\/ -->\n<title>\u201cL\u2019ultimo Re\u201d a Tricase | Arte e Luoghi<\/title>\n<meta name=\"robots\" content=\"index, follow, max-snippet:-1, max-image-preview:large, max-video-preview:-1\" \/>\n<link rel=\"canonical\" href=\"https:\/\/arteeluoghi.it\/index.php\/2016\/02\/04\/l-ultimo-re-a-tricase\/\" \/>\n<meta property=\"og:locale\" content=\"it_IT\" \/>\n<meta property=\"og:type\" content=\"article\" \/>\n<meta property=\"og:title\" content=\"\u201cL\u2019ultimo Re\u201d a Tricase | Arte e Luoghi\" \/>\n<meta property=\"og:description\" content=\"Venerd\u00ec 5 febbraio 2016 a Tricase Aperitivo letterario al Menam\u00e8 con il romanzo di Angelo Donno \u00a0 \u00a0 \u00a0\u00a0\u00a0\u00a0 Sar\u00e0\" \/>\n<meta property=\"og:url\" content=\"https:\/\/arteeluoghi.it\/index.php\/2016\/02\/04\/l-ultimo-re-a-tricase\/\" \/>\n<meta property=\"og:site_name\" content=\"Arte e Luoghi\" \/>\n<meta property=\"article:publisher\" content=\"https:\/\/www.facebook.com\/ArteELuoghi\/\" \/>\n<meta property=\"article:published_time\" content=\"2016-02-04T09:42:20+00:00\" \/>\n<meta property=\"og:image\" content=\"https:\/\/arteeluoghi.it\/images\/angelodonno.jpg\" \/>\n<meta name=\"twitter:card\" content=\"summary\" \/>\n<meta name=\"twitter:creator\" content=\"@arteeluoghi\" \/>\n<meta name=\"twitter:site\" content=\"@arteeluoghi\" \/>\n<meta name=\"twitter:label1\" content=\"Scritto da\" \/>\n\t<meta name=\"twitter:data1\" content=\"Staff\" \/>\n\t<meta name=\"twitter:label2\" content=\"Tempo di lettura stimato\" \/>\n\t<meta name=\"twitter:data2\" content=\"2 minuti\" \/>\n<script type=\"application\/ld+json\" class=\"yoast-schema-graph\">{\"@context\":\"https:\/\/schema.org\",\"@graph\":[{\"@type\":\"Organization\",\"@id\":\"https:\/\/arteeluoghi.it\/#organization\",\"name\":\"Arte e Luoghi\",\"url\":\"https:\/\/arteeluoghi.it\/\",\"sameAs\":[\"https:\/\/www.facebook.com\/ArteELuoghi\/\",\"https:\/\/www.instagram.com\/arteeluoghi\/?hl=it\",\"https:\/\/www.youtube.com\/channel\/UCuRVc4JW4-C5sg9rQB-srkw?view_as=subscriber\",\"https:\/\/twitter.com\/arteeluoghi\"],\"logo\":{\"@type\":\"ImageObject\",\"@id\":\"https:\/\/arteeluoghi.it\/#logo\",\"inLanguage\":\"it-IT\",\"url\":\"https:\/\/arteeluoghi.it\/wp-content\/uploads\/2018\/08\/logoinstagramarte.jpg\",\"contentUrl\":\"https:\/\/arteeluoghi.it\/wp-content\/uploads\/2018\/08\/logoinstagramarte.jpg\",\"width\":150,\"height\":150,\"caption\":\"Arte e Luoghi\"},\"image\":{\"@id\":\"https:\/\/arteeluoghi.it\/#logo\"}},{\"@type\":\"WebSite\",\"@id\":\"https:\/\/arteeluoghi.it\/#website\",\"url\":\"https:\/\/arteeluoghi.it\/\",\"name\":\"Arte e Luoghi\",\"description\":\"Mensile di arte, cultura, turismo e curiosit\u00e0\",\"publisher\":{\"@id\":\"https:\/\/arteeluoghi.it\/#organization\"},\"potentialAction\":[{\"@type\":\"SearchAction\",\"target\":{\"@type\":\"EntryPoint\",\"urlTemplate\":\"https:\/\/arteeluoghi.it\/?s={search_term_string}\"},\"query-input\":\"required name=search_term_string\"}],\"inLanguage\":\"it-IT\"},{\"@type\":\"ImageObject\",\"@id\":\"https:\/\/arteeluoghi.it\/index.php\/2016\/02\/04\/l-ultimo-re-a-tricase\/#primaryimage\",\"inLanguage\":\"it-IT\",\"url\":\"\/images\/angelodonno.jpg\",\"contentUrl\":\"\/images\/angelodonno.jpg\"},{\"@type\":\"WebPage\",\"@id\":\"https:\/\/arteeluoghi.it\/index.php\/2016\/02\/04\/l-ultimo-re-a-tricase\/#webpage\",\"url\":\"https:\/\/arteeluoghi.it\/index.php\/2016\/02\/04\/l-ultimo-re-a-tricase\/\",\"name\":\"\u201cL\u2019ultimo Re\u201d a Tricase | Arte e Luoghi\",\"isPartOf\":{\"@id\":\"https:\/\/arteeluoghi.it\/#website\"},\"primaryImageOfPage\":{\"@id\":\"https:\/\/arteeluoghi.it\/index.php\/2016\/02\/04\/l-ultimo-re-a-tricase\/#primaryimage\"},\"datePublished\":\"2016-02-04T09:42:20+00:00\",\"dateModified\":\"2016-02-04T09:42:20+00:00\",\"breadcrumb\":{\"@id\":\"https:\/\/arteeluoghi.it\/index.php\/2016\/02\/04\/l-ultimo-re-a-tricase\/#breadcrumb\"},\"inLanguage\":\"it-IT\",\"potentialAction\":[{\"@type\":\"ReadAction\",\"target\":[\"https:\/\/arteeluoghi.it\/index.php\/2016\/02\/04\/l-ultimo-re-a-tricase\/\"]}]},{\"@type\":\"BreadcrumbList\",\"@id\":\"https:\/\/arteeluoghi.it\/index.php\/2016\/02\/04\/l-ultimo-re-a-tricase\/#breadcrumb\",\"itemListElement\":[{\"@type\":\"ListItem\",\"position\":1,\"name\":\"Home\",\"item\":\"https:\/\/arteeluoghi.it\/\"},{\"@type\":\"ListItem\",\"position\":2,\"name\":\"\u201cL\u2019ultimo Re\u201d a Tricase\"}]},{\"@type\":\"Article\",\"@id\":\"https:\/\/arteeluoghi.it\/index.php\/2016\/02\/04\/l-ultimo-re-a-tricase\/#article\",\"isPartOf\":{\"@id\":\"https:\/\/arteeluoghi.it\/index.php\/2016\/02\/04\/l-ultimo-re-a-tricase\/#webpage\"},\"author\":{\"@id\":\"https:\/\/arteeluoghi.it\/#\/schema\/person\/f84e814e36e91e01448ee07eaadd41d4\"},\"headline\":\"\u201cL\u2019ultimo Re\u201d a Tricase\",\"datePublished\":\"2016-02-04T09:42:20+00:00\",\"dateModified\":\"2016-02-04T09:42:20+00:00\",\"mainEntityOfPage\":{\"@id\":\"https:\/\/arteeluoghi.it\/index.php\/2016\/02\/04\/l-ultimo-re-a-tricase\/#webpage\"},\"wordCount\":330,\"commentCount\":0,\"publisher\":{\"@id\":\"https:\/\/arteeluoghi.it\/#organization\"},\"image\":{\"@id\":\"https:\/\/arteeluoghi.it\/index.php\/2016\/02\/04\/l-ultimo-re-a-tricase\/#primaryimage\"},\"thumbnailUrl\":\"\/images\/angelodonno.jpg\",\"articleSection\":[\"LIBRI\"],\"inLanguage\":\"it-IT\",\"potentialAction\":[{\"@type\":\"CommentAction\",\"name\":\"Comment\",\"target\":[\"https:\/\/arteeluoghi.it\/index.php\/2016\/02\/04\/l-ultimo-re-a-tricase\/#respond\"]}]},{\"@type\":\"Person\",\"@id\":\"https:\/\/arteeluoghi.it\/#\/schema\/person\/f84e814e36e91e01448ee07eaadd41d4\",\"name\":\"Staff\",\"image\":{\"@type\":\"ImageObject\",\"@id\":\"https:\/\/arteeluoghi.it\/#personlogo\",\"inLanguage\":\"it-IT\",\"url\":\"https:\/\/secure.gravatar.com\/avatar\/49d2f9e46271bb04e19cebfaf141313a?s=96&d=blank&r=g\",\"contentUrl\":\"https:\/\/secure.gravatar.com\/avatar\/49d2f9e46271bb04e19cebfaf141313a?s=96&d=blank&r=g\",\"caption\":\"Staff\"}}]}<\/script>\n<!-- \/ Yoast SEO plugin. -->","yoast_head_json":{"title":"\u201cL\u2019ultimo Re\u201d a Tricase | Arte e Luoghi","robots":{"index":"index","follow":"follow","max-snippet":"max-snippet:-1","max-image-preview":"max-image-preview:large","max-video-preview":"max-video-preview:-1"},"canonical":"https:\/\/arteeluoghi.it\/index.php\/2016\/02\/04\/l-ultimo-re-a-tricase\/","og_locale":"it_IT","og_type":"article","og_title":"\u201cL\u2019ultimo Re\u201d a Tricase | Arte e Luoghi","og_description":"Venerd\u00ec 5 febbraio 2016 a Tricase Aperitivo letterario al Menam\u00e8 con il romanzo di Angelo Donno \u00a0 \u00a0 \u00a0\u00a0\u00a0\u00a0 Sar\u00e0","og_url":"https:\/\/arteeluoghi.it\/index.php\/2016\/02\/04\/l-ultimo-re-a-tricase\/","og_site_name":"Arte e Luoghi","article_publisher":"https:\/\/www.facebook.com\/ArteELuoghi\/","article_published_time":"2016-02-04T09:42:20+00:00","og_image":[{"url":"https:\/\/arteeluoghi.it\/images\/angelodonno.jpg"}],"twitter_card":"summary","twitter_creator":"@arteeluoghi","twitter_site":"@arteeluoghi","twitter_misc":{"Scritto da":"Staff","Tempo di lettura stimato":"2 minuti"},"schema":{"@context":"https:\/\/schema.org","@graph":[{"@type":"Organization","@id":"https:\/\/arteeluoghi.it\/#organization","name":"Arte e Luoghi","url":"https:\/\/arteeluoghi.it\/","sameAs":["https:\/\/www.facebook.com\/ArteELuoghi\/","https:\/\/www.instagram.com\/arteeluoghi\/?hl=it","https:\/\/www.youtube.com\/channel\/UCuRVc4JW4-C5sg9rQB-srkw?view_as=subscriber","https:\/\/twitter.com\/arteeluoghi"],"logo":{"@type":"ImageObject","@id":"https:\/\/arteeluoghi.it\/#logo","inLanguage":"it-IT","url":"https:\/\/arteeluoghi.it\/wp-content\/uploads\/2018\/08\/logoinstagramarte.jpg","contentUrl":"https:\/\/arteeluoghi.it\/wp-content\/uploads\/2018\/08\/logoinstagramarte.jpg","width":150,"height":150,"caption":"Arte e Luoghi"},"image":{"@id":"https:\/\/arteeluoghi.it\/#logo"}},{"@type":"WebSite","@id":"https:\/\/arteeluoghi.it\/#website","url":"https:\/\/arteeluoghi.it\/","name":"Arte e Luoghi","description":"Mensile di arte, cultura, turismo e curiosit\u00e0","publisher":{"@id":"https:\/\/arteeluoghi.it\/#organization"},"potentialAction":[{"@type":"SearchAction","target":{"@type":"EntryPoint","urlTemplate":"https:\/\/arteeluoghi.it\/?s={search_term_string}"},"query-input":"required name=search_term_string"}],"inLanguage":"it-IT"},{"@type":"ImageObject","@id":"https:\/\/arteeluoghi.it\/index.php\/2016\/02\/04\/l-ultimo-re-a-tricase\/#primaryimage","inLanguage":"it-IT","url":"\/images\/angelodonno.jpg","contentUrl":"\/images\/angelodonno.jpg"},{"@type":"WebPage","@id":"https:\/\/arteeluoghi.it\/index.php\/2016\/02\/04\/l-ultimo-re-a-tricase\/#webpage","url":"https:\/\/arteeluoghi.it\/index.php\/2016\/02\/04\/l-ultimo-re-a-tricase\/","name":"\u201cL\u2019ultimo Re\u201d a Tricase | Arte e Luoghi","isPartOf":{"@id":"https:\/\/arteeluoghi.it\/#website"},"primaryImageOfPage":{"@id":"https:\/\/arteeluoghi.it\/index.php\/2016\/02\/04\/l-ultimo-re-a-tricase\/#primaryimage"},"datePublished":"2016-02-04T09:42:20+00:00","dateModified":"2016-02-04T09:42:20+00:00","breadcrumb":{"@id":"https:\/\/arteeluoghi.it\/index.php\/2016\/02\/04\/l-ultimo-re-a-tricase\/#breadcrumb"},"inLanguage":"it-IT","potentialAction":[{"@type":"ReadAction","target":["https:\/\/arteeluoghi.it\/index.php\/2016\/02\/04\/l-ultimo-re-a-tricase\/"]}]},{"@type":"BreadcrumbList","@id":"https:\/\/arteeluoghi.it\/index.php\/2016\/02\/04\/l-ultimo-re-a-tricase\/#breadcrumb","itemListElement":[{"@type":"ListItem","position":1,"name":"Home","item":"https:\/\/arteeluoghi.it\/"},{"@type":"ListItem","position":2,"name":"\u201cL\u2019ultimo Re\u201d a Tricase"}]},{"@type":"Article","@id":"https:\/\/arteeluoghi.it\/index.php\/2016\/02\/04\/l-ultimo-re-a-tricase\/#article","isPartOf":{"@id":"https:\/\/arteeluoghi.it\/index.php\/2016\/02\/04\/l-ultimo-re-a-tricase\/#webpage"},"author":{"@id":"https:\/\/arteeluoghi.it\/#\/schema\/person\/f84e814e36e91e01448ee07eaadd41d4"},"headline":"\u201cL\u2019ultimo Re\u201d a Tricase","datePublished":"2016-02-04T09:42:20+00:00","dateModified":"2016-02-04T09:42:20+00:00","mainEntityOfPage":{"@id":"https:\/\/arteeluoghi.it\/index.php\/2016\/02\/04\/l-ultimo-re-a-tricase\/#webpage"},"wordCount":330,"commentCount":0,"publisher":{"@id":"https:\/\/arteeluoghi.it\/#organization"},"image":{"@id":"https:\/\/arteeluoghi.it\/index.php\/2016\/02\/04\/l-ultimo-re-a-tricase\/#primaryimage"},"thumbnailUrl":"\/images\/angelodonno.jpg","articleSection":["LIBRI"],"inLanguage":"it-IT","potentialAction":[{"@type":"CommentAction","name":"Comment","target":["https:\/\/arteeluoghi.it\/index.php\/2016\/02\/04\/l-ultimo-re-a-tricase\/#respond"]}]},{"@type":"Person","@id":"https:\/\/arteeluoghi.it\/#\/schema\/person\/f84e814e36e91e01448ee07eaadd41d4","name":"Staff","image":{"@type":"ImageObject","@id":"https:\/\/arteeluoghi.it\/#personlogo","inLanguage":"it-IT","url":"https:\/\/secure.gravatar.com\/avatar\/49d2f9e46271bb04e19cebfaf141313a?s=96&d=blank&r=g","contentUrl":"https:\/\/secure.gravatar.com\/avatar\/49d2f9e46271bb04e19cebfaf141313a?s=96&d=blank&r=g","caption":"Staff"}}]}},"_links":{"self":[{"href":"https:\/\/arteeluoghi.it\/index.php\/wp-json\/wp\/v2\/posts\/2445"}],"collection":[{"href":"https:\/\/arteeluoghi.it\/index.php\/wp-json\/wp\/v2\/posts"}],"about":[{"href":"https:\/\/arteeluoghi.it\/index.php\/wp-json\/wp\/v2\/types\/post"}],"author":[{"embeddable":true,"href":"https:\/\/arteeluoghi.it\/index.php\/wp-json\/wp\/v2\/users\/1"}],"replies":[{"embeddable":true,"href":"https:\/\/arteeluoghi.it\/index.php\/wp-json\/wp\/v2\/comments?post=2445"}],"version-history":[{"count":0,"href":"https:\/\/arteeluoghi.it\/index.php\/wp-json\/wp\/v2\/posts\/2445\/revisions"}],"wp:attachment":[{"href":"https:\/\/arteeluoghi.it\/index.php\/wp-json\/wp\/v2\/media?parent=2445"}],"wp:term":[{"taxonomy":"category","embeddable":true,"href":"https:\/\/arteeluoghi.it\/index.php\/wp-json\/wp\/v2\/categories?post=2445"},{"taxonomy":"post_tag","embeddable":true,"href":"https:\/\/arteeluoghi.it\/index.php\/wp-json\/wp\/v2\/tags?post=2445"}],"curies":[{"name":"wp","href":"https:\/\/api.w.org\/{rel}","templated":true}]}}