{"id":245,"date":"2011-04-13T23:00:00","date_gmt":"2011-04-13T21:00:00","guid":{"rendered":"http:\/\/arteeluoghi.it\/index.php\/2011\/04\/13\/toni-servillo-e-riccardo-scamarcio-ospiti-della-quarta-giornata-del-festival\/"},"modified":"2018-08-05T02:20:11","modified_gmt":"2018-08-05T00:20:11","slug":"toni-servillo-e-riccardo-scamarcio-ospiti-della-quarta-giornata-del-festival","status":"publish","type":"post","link":"https:\/\/arteeluoghi.it\/index.php\/2011\/04\/13\/toni-servillo-e-riccardo-scamarcio-ospiti-della-quarta-giornata-del-festival\/","title":{"rendered":"Toni Servillo e Riccardo Scamarcio ospiti della quarta giornata del Festival"},"content":{"rendered":"<p><img style=\"float: left; margin: 12px;\" src=\"\/images\/stories\/toni_servillo3.jpg\" border=\"0\" \/>XII FESTIVAL DEL CINEMA EUROPEO<br \/>\n12 \u2013 16 APRILE<br \/>\nPROGRAMMA GIORNALIERO DEL 15 APRILE<\/p>\n<p>TONI SERVILLO E RICCARDO SCAMARCIO<br \/>\nOSPITI DELLA QUARTA GIORNATA DEL FESTIVAL<br \/>\n\u201cCOCAPOP\u201d IN ANTEPRIMA<br \/>\nDOMANI 15 APRILE ALLE 22.30 CINEMA MASSIMO<\/p>\n<p>Grande attesa per l\u2019arrivo a Lecce di Toni Servillo e Riccardo Scamarcio,<br \/>\nospiti della quarta giornata del Festival del Cinema Europeo.<br \/>\nAll\u2019attore campano \u00e8 dedicata una sezione del festival \u201cI Protagonisti<br \/>\ndel Cinema Italiano\u201d con in programma le proiezioni di \u201cGomorra\u201d di Matteo<br \/>\nGarrone, \u201cIl Divo\u201d di Paolo Sorrentino e \u201cGorbaci\u00f2f\u201d di Stefano Incerti.<br \/>\nRiccardo Scamarcio \u00e8, invece, il protagonista della sezione Le Giornate<br \/>\ndegli Attori: i volti del nuovo cinema italiano e presenter\u00e0 \u201cL\u2019Uomo Nero\u201d<br \/>\ndi Sergio Rubini domani sera alle 19.30 in sala 1 presso il Cinema<br \/>\nMassimo. \u201cSergio Rubini ha messo in \u2018L\u2019Uomo Nero\u2019, suo decimo film da<br \/>\nregista, tutte le proprie ossessioni \u2013 come \u00e8 stato dichiarato dalla<br \/>\nstampa all\u2019uscita del film -. Le ha frullate in un mix falsamente<br \/>\nautobiografico e ha tirato fuori dal cilindro un film personale, sentito,<br \/>\nbellissimo\u201d.<br \/>\n<!--more--><br \/>\nL\u2019evento speciale della quarta giornata di Festival del Cinema Europeo di<br \/>\nLecce sar\u00e0 \u201cCocapop\u201d di Pasquale Pozzessere con Anita Caprioli, Lisa<br \/>\nGastoni, Arnaldo Ninchi, Stefano Dionisi e Stefano Masiolini, in programma<br \/>\ndomani sera alle ore 22.30 presso il Cinema Massimo. Il film analizza i<br \/>\nproblemi della cocaina e dei suoi effetti all\u2019interno del nucleo<br \/>\nfamiliare, raccontando tre storie borghesi. La casa diventa territorio di<br \/>\nguerra in cui gli affetti si mischiano alla rabbia. Al termine della<br \/>\nproiezione il regista insieme a Stefano Dionisi incontreranno il pubblico<br \/>\nin sala.<\/p>\n<p>Per la sezione dedicata ai libri la presentazione di \u201cIl gusto del Cinema.<br \/>\nAlmanacco 2010 \u2013 2011\u201d di Laura Delli Colli; tra film e ricette un nuovo<br \/>\nviaggio nel cinema dell\u2019anno, ma anche nel gusto vintage degli ultimi<br \/>\ncinquant\u2019anni, perch\u00e9 esistono piatti da mangiare con gli occhi e film da<br \/>\ngustare con il palato.<\/p>\n<p>Per la sezione Omaggio a Emidio Greco saranno proiettati i film \u201cIl<br \/>\nconsiglio d\u2019Egitto\u201d e \u201cGita a Santo Stefano\u201d; per la sezione Omaggio a<br \/>\nPaulo Branco il film \u201cI tempi che cambiano\u201d di Andr\u00e8 T\u00e8chin\u00e8.<br \/>\nPer la sezione Cinema e Realt\u00e0 alle ore 20.30 in sala 4 sar\u00e0 proiettato il<br \/>\nfilm \u201cRitals\u201d di Anna \u2013 Lisa e Sophie Chiarello. Non mancher\u00e0, come ogni<br \/>\ngiorno, la proiezione dei corti della sezione \u201cPuglia Show\u201d.<\/p>\n<p>Per la settimana del cinema croato: \u201cSkies, satellites\u201d di Lukas Nola.<\/p>\n<p>In concorso: \u201cAmnesty\u201d di Bujar Alimani, \u201cFor 80 days\u201d di J. Garano e J.<br \/>\nM. Goenaga.<br \/>\n(fonte: comunicato stampa)<\/p>\n","protected":false},"excerpt":{"rendered":"<p>XII FESTIVAL DEL CINEMA EUROPEO 12 \u2013 16 APRILE PROGRAMMA GIORNALIERO DEL 15 APRILE TONI SERVILLO E RICCARDO SCAMARCIO OSPITI<\/p>\n","protected":false},"author":1,"featured_media":0,"comment_status":"open","ping_status":"open","sticky":false,"template":"","format":"standard","meta":[],"categories":[29],"tags":[],"yoast_head":"<!-- This site is optimized with the Yoast SEO plugin v18.0 - https:\/\/yoast.com\/wordpress\/plugins\/seo\/ -->\n<title>Toni Servillo e Riccardo Scamarcio ospiti della quarta giornata del Festival | Arte e Luoghi<\/title>\n<meta name=\"robots\" content=\"index, follow, max-snippet:-1, max-image-preview:large, max-video-preview:-1\" \/>\n<link rel=\"canonical\" href=\"https:\/\/arteeluoghi.it\/index.php\/2011\/04\/13\/toni-servillo-e-riccardo-scamarcio-ospiti-della-quarta-giornata-del-festival\/\" \/>\n<meta property=\"og:locale\" content=\"it_IT\" \/>\n<meta property=\"og:type\" content=\"article\" \/>\n<meta property=\"og:title\" content=\"Toni Servillo e Riccardo Scamarcio ospiti della quarta giornata del Festival | Arte e Luoghi\" \/>\n<meta property=\"og:description\" content=\"XII FESTIVAL DEL CINEMA EUROPEO 12 \u2013 16 APRILE PROGRAMMA GIORNALIERO DEL 15 APRILE TONI SERVILLO E RICCARDO SCAMARCIO OSPITI\" \/>\n<meta property=\"og:url\" content=\"https:\/\/arteeluoghi.it\/index.php\/2011\/04\/13\/toni-servillo-e-riccardo-scamarcio-ospiti-della-quarta-giornata-del-festival\/\" \/>\n<meta property=\"og:site_name\" content=\"Arte e Luoghi\" \/>\n<meta property=\"article:publisher\" content=\"https:\/\/www.facebook.com\/ArteELuoghi\/\" \/>\n<meta property=\"article:published_time\" content=\"2011-04-13T21:00:00+00:00\" \/>\n<meta property=\"article:modified_time\" content=\"2018-08-05T00:20:11+00:00\" \/>\n<meta property=\"og:image\" content=\"https:\/\/arteeluoghi.it\/images\/stories\/toni_servillo3.jpg\" \/>\n<meta name=\"twitter:card\" content=\"summary\" \/>\n<meta name=\"twitter:creator\" content=\"@arteeluoghi\" \/>\n<meta name=\"twitter:site\" content=\"@arteeluoghi\" \/>\n<meta name=\"twitter:label1\" content=\"Scritto da\" \/>\n\t<meta name=\"twitter:data1\" content=\"Staff\" \/>\n\t<meta name=\"twitter:label2\" content=\"Tempo di lettura stimato\" \/>\n\t<meta name=\"twitter:data2\" content=\"2 minuti\" \/>\n<script type=\"application\/ld+json\" class=\"yoast-schema-graph\">{\"@context\":\"https:\/\/schema.org\",\"@graph\":[{\"@type\":\"Organization\",\"@id\":\"https:\/\/arteeluoghi.it\/#organization\",\"name\":\"Arte e Luoghi\",\"url\":\"https:\/\/arteeluoghi.it\/\",\"sameAs\":[\"https:\/\/www.facebook.com\/ArteELuoghi\/\",\"https:\/\/www.instagram.com\/arteeluoghi\/?hl=it\",\"https:\/\/www.youtube.com\/channel\/UCuRVc4JW4-C5sg9rQB-srkw?view_as=subscriber\",\"https:\/\/twitter.com\/arteeluoghi\"],\"logo\":{\"@type\":\"ImageObject\",\"@id\":\"https:\/\/arteeluoghi.it\/#logo\",\"inLanguage\":\"it-IT\",\"url\":\"https:\/\/arteeluoghi.it\/wp-content\/uploads\/2018\/08\/logoinstagramarte.jpg\",\"contentUrl\":\"https:\/\/arteeluoghi.it\/wp-content\/uploads\/2018\/08\/logoinstagramarte.jpg\",\"width\":150,\"height\":150,\"caption\":\"Arte e Luoghi\"},\"image\":{\"@id\":\"https:\/\/arteeluoghi.it\/#logo\"}},{\"@type\":\"WebSite\",\"@id\":\"https:\/\/arteeluoghi.it\/#website\",\"url\":\"https:\/\/arteeluoghi.it\/\",\"name\":\"Arte e Luoghi\",\"description\":\"Mensile di arte, cultura, turismo e curiosit\u00e0\",\"publisher\":{\"@id\":\"https:\/\/arteeluoghi.it\/#organization\"},\"potentialAction\":[{\"@type\":\"SearchAction\",\"target\":{\"@type\":\"EntryPoint\",\"urlTemplate\":\"https:\/\/arteeluoghi.it\/?s={search_term_string}\"},\"query-input\":\"required name=search_term_string\"}],\"inLanguage\":\"it-IT\"},{\"@type\":\"ImageObject\",\"@id\":\"https:\/\/arteeluoghi.it\/index.php\/2011\/04\/13\/toni-servillo-e-riccardo-scamarcio-ospiti-della-quarta-giornata-del-festival\/#primaryimage\",\"inLanguage\":\"it-IT\",\"url\":\"\/images\/stories\/toni_servillo3.jpg\",\"contentUrl\":\"\/images\/stories\/toni_servillo3.jpg\"},{\"@type\":\"WebPage\",\"@id\":\"https:\/\/arteeluoghi.it\/index.php\/2011\/04\/13\/toni-servillo-e-riccardo-scamarcio-ospiti-della-quarta-giornata-del-festival\/#webpage\",\"url\":\"https:\/\/arteeluoghi.it\/index.php\/2011\/04\/13\/toni-servillo-e-riccardo-scamarcio-ospiti-della-quarta-giornata-del-festival\/\",\"name\":\"Toni Servillo e Riccardo Scamarcio ospiti della quarta giornata del Festival | Arte e Luoghi\",\"isPartOf\":{\"@id\":\"https:\/\/arteeluoghi.it\/#website\"},\"primaryImageOfPage\":{\"@id\":\"https:\/\/arteeluoghi.it\/index.php\/2011\/04\/13\/toni-servillo-e-riccardo-scamarcio-ospiti-della-quarta-giornata-del-festival\/#primaryimage\"},\"datePublished\":\"2011-04-13T21:00:00+00:00\",\"dateModified\":\"2018-08-05T00:20:11+00:00\",\"breadcrumb\":{\"@id\":\"https:\/\/arteeluoghi.it\/index.php\/2011\/04\/13\/toni-servillo-e-riccardo-scamarcio-ospiti-della-quarta-giornata-del-festival\/#breadcrumb\"},\"inLanguage\":\"it-IT\",\"potentialAction\":[{\"@type\":\"ReadAction\",\"target\":[\"https:\/\/arteeluoghi.it\/index.php\/2011\/04\/13\/toni-servillo-e-riccardo-scamarcio-ospiti-della-quarta-giornata-del-festival\/\"]}]},{\"@type\":\"BreadcrumbList\",\"@id\":\"https:\/\/arteeluoghi.it\/index.php\/2011\/04\/13\/toni-servillo-e-riccardo-scamarcio-ospiti-della-quarta-giornata-del-festival\/#breadcrumb\",\"itemListElement\":[{\"@type\":\"ListItem\",\"position\":1,\"name\":\"Home\",\"item\":\"https:\/\/arteeluoghi.it\/\"},{\"@type\":\"ListItem\",\"position\":2,\"name\":\"Toni Servillo e Riccardo Scamarcio ospiti della quarta giornata del Festival\"}]},{\"@type\":\"Article\",\"@id\":\"https:\/\/arteeluoghi.it\/index.php\/2011\/04\/13\/toni-servillo-e-riccardo-scamarcio-ospiti-della-quarta-giornata-del-festival\/#article\",\"isPartOf\":{\"@id\":\"https:\/\/arteeluoghi.it\/index.php\/2011\/04\/13\/toni-servillo-e-riccardo-scamarcio-ospiti-della-quarta-giornata-del-festival\/#webpage\"},\"author\":{\"@id\":\"https:\/\/arteeluoghi.it\/#\/schema\/person\/f84e814e36e91e01448ee07eaadd41d4\"},\"headline\":\"Toni Servillo e Riccardo Scamarcio ospiti della quarta giornata del Festival\",\"datePublished\":\"2011-04-13T21:00:00+00:00\",\"dateModified\":\"2018-08-05T00:20:11+00:00\",\"mainEntityOfPage\":{\"@id\":\"https:\/\/arteeluoghi.it\/index.php\/2011\/04\/13\/toni-servillo-e-riccardo-scamarcio-ospiti-della-quarta-giornata-del-festival\/#webpage\"},\"wordCount\":418,\"commentCount\":0,\"publisher\":{\"@id\":\"https:\/\/arteeluoghi.it\/#organization\"},\"image\":{\"@id\":\"https:\/\/arteeluoghi.it\/index.php\/2011\/04\/13\/toni-servillo-e-riccardo-scamarcio-ospiti-della-quarta-giornata-del-festival\/#primaryimage\"},\"thumbnailUrl\":\"\/images\/stories\/toni_servillo3.jpg\",\"articleSection\":[\"Cinema\"],\"inLanguage\":\"it-IT\",\"potentialAction\":[{\"@type\":\"CommentAction\",\"name\":\"Comment\",\"target\":[\"https:\/\/arteeluoghi.it\/index.php\/2011\/04\/13\/toni-servillo-e-riccardo-scamarcio-ospiti-della-quarta-giornata-del-festival\/#respond\"]}]},{\"@type\":\"Person\",\"@id\":\"https:\/\/arteeluoghi.it\/#\/schema\/person\/f84e814e36e91e01448ee07eaadd41d4\",\"name\":\"Staff\",\"image\":{\"@type\":\"ImageObject\",\"@id\":\"https:\/\/arteeluoghi.it\/#personlogo\",\"inLanguage\":\"it-IT\",\"url\":\"https:\/\/secure.gravatar.com\/avatar\/49d2f9e46271bb04e19cebfaf141313a?s=96&d=blank&r=g\",\"contentUrl\":\"https:\/\/secure.gravatar.com\/avatar\/49d2f9e46271bb04e19cebfaf141313a?s=96&d=blank&r=g\",\"caption\":\"Staff\"}}]}<\/script>\n<!-- \/ Yoast SEO plugin. -->","yoast_head_json":{"title":"Toni Servillo e Riccardo Scamarcio ospiti della quarta giornata del Festival | Arte e Luoghi","robots":{"index":"index","follow":"follow","max-snippet":"max-snippet:-1","max-image-preview":"max-image-preview:large","max-video-preview":"max-video-preview:-1"},"canonical":"https:\/\/arteeluoghi.it\/index.php\/2011\/04\/13\/toni-servillo-e-riccardo-scamarcio-ospiti-della-quarta-giornata-del-festival\/","og_locale":"it_IT","og_type":"article","og_title":"Toni Servillo e Riccardo Scamarcio ospiti della quarta giornata del Festival | Arte e Luoghi","og_description":"XII FESTIVAL DEL CINEMA EUROPEO 12 \u2013 16 APRILE PROGRAMMA GIORNALIERO DEL 15 APRILE TONI SERVILLO E RICCARDO SCAMARCIO OSPITI","og_url":"https:\/\/arteeluoghi.it\/index.php\/2011\/04\/13\/toni-servillo-e-riccardo-scamarcio-ospiti-della-quarta-giornata-del-festival\/","og_site_name":"Arte e Luoghi","article_publisher":"https:\/\/www.facebook.com\/ArteELuoghi\/","article_published_time":"2011-04-13T21:00:00+00:00","article_modified_time":"2018-08-05T00:20:11+00:00","og_image":[{"url":"https:\/\/arteeluoghi.it\/images\/stories\/toni_servillo3.jpg"}],"twitter_card":"summary","twitter_creator":"@arteeluoghi","twitter_site":"@arteeluoghi","twitter_misc":{"Scritto da":"Staff","Tempo di lettura stimato":"2 minuti"},"schema":{"@context":"https:\/\/schema.org","@graph":[{"@type":"Organization","@id":"https:\/\/arteeluoghi.it\/#organization","name":"Arte e Luoghi","url":"https:\/\/arteeluoghi.it\/","sameAs":["https:\/\/www.facebook.com\/ArteELuoghi\/","https:\/\/www.instagram.com\/arteeluoghi\/?hl=it","https:\/\/www.youtube.com\/channel\/UCuRVc4JW4-C5sg9rQB-srkw?view_as=subscriber","https:\/\/twitter.com\/arteeluoghi"],"logo":{"@type":"ImageObject","@id":"https:\/\/arteeluoghi.it\/#logo","inLanguage":"it-IT","url":"https:\/\/arteeluoghi.it\/wp-content\/uploads\/2018\/08\/logoinstagramarte.jpg","contentUrl":"https:\/\/arteeluoghi.it\/wp-content\/uploads\/2018\/08\/logoinstagramarte.jpg","width":150,"height":150,"caption":"Arte e Luoghi"},"image":{"@id":"https:\/\/arteeluoghi.it\/#logo"}},{"@type":"WebSite","@id":"https:\/\/arteeluoghi.it\/#website","url":"https:\/\/arteeluoghi.it\/","name":"Arte e Luoghi","description":"Mensile di arte, cultura, turismo e curiosit\u00e0","publisher":{"@id":"https:\/\/arteeluoghi.it\/#organization"},"potentialAction":[{"@type":"SearchAction","target":{"@type":"EntryPoint","urlTemplate":"https:\/\/arteeluoghi.it\/?s={search_term_string}"},"query-input":"required name=search_term_string"}],"inLanguage":"it-IT"},{"@type":"ImageObject","@id":"https:\/\/arteeluoghi.it\/index.php\/2011\/04\/13\/toni-servillo-e-riccardo-scamarcio-ospiti-della-quarta-giornata-del-festival\/#primaryimage","inLanguage":"it-IT","url":"\/images\/stories\/toni_servillo3.jpg","contentUrl":"\/images\/stories\/toni_servillo3.jpg"},{"@type":"WebPage","@id":"https:\/\/arteeluoghi.it\/index.php\/2011\/04\/13\/toni-servillo-e-riccardo-scamarcio-ospiti-della-quarta-giornata-del-festival\/#webpage","url":"https:\/\/arteeluoghi.it\/index.php\/2011\/04\/13\/toni-servillo-e-riccardo-scamarcio-ospiti-della-quarta-giornata-del-festival\/","name":"Toni Servillo e Riccardo Scamarcio ospiti della quarta giornata del Festival | Arte e Luoghi","isPartOf":{"@id":"https:\/\/arteeluoghi.it\/#website"},"primaryImageOfPage":{"@id":"https:\/\/arteeluoghi.it\/index.php\/2011\/04\/13\/toni-servillo-e-riccardo-scamarcio-ospiti-della-quarta-giornata-del-festival\/#primaryimage"},"datePublished":"2011-04-13T21:00:00+00:00","dateModified":"2018-08-05T00:20:11+00:00","breadcrumb":{"@id":"https:\/\/arteeluoghi.it\/index.php\/2011\/04\/13\/toni-servillo-e-riccardo-scamarcio-ospiti-della-quarta-giornata-del-festival\/#breadcrumb"},"inLanguage":"it-IT","potentialAction":[{"@type":"ReadAction","target":["https:\/\/arteeluoghi.it\/index.php\/2011\/04\/13\/toni-servillo-e-riccardo-scamarcio-ospiti-della-quarta-giornata-del-festival\/"]}]},{"@type":"BreadcrumbList","@id":"https:\/\/arteeluoghi.it\/index.php\/2011\/04\/13\/toni-servillo-e-riccardo-scamarcio-ospiti-della-quarta-giornata-del-festival\/#breadcrumb","itemListElement":[{"@type":"ListItem","position":1,"name":"Home","item":"https:\/\/arteeluoghi.it\/"},{"@type":"ListItem","position":2,"name":"Toni Servillo e Riccardo Scamarcio ospiti della quarta giornata del Festival"}]},{"@type":"Article","@id":"https:\/\/arteeluoghi.it\/index.php\/2011\/04\/13\/toni-servillo-e-riccardo-scamarcio-ospiti-della-quarta-giornata-del-festival\/#article","isPartOf":{"@id":"https:\/\/arteeluoghi.it\/index.php\/2011\/04\/13\/toni-servillo-e-riccardo-scamarcio-ospiti-della-quarta-giornata-del-festival\/#webpage"},"author":{"@id":"https:\/\/arteeluoghi.it\/#\/schema\/person\/f84e814e36e91e01448ee07eaadd41d4"},"headline":"Toni Servillo e Riccardo Scamarcio ospiti della quarta giornata del Festival","datePublished":"2011-04-13T21:00:00+00:00","dateModified":"2018-08-05T00:20:11+00:00","mainEntityOfPage":{"@id":"https:\/\/arteeluoghi.it\/index.php\/2011\/04\/13\/toni-servillo-e-riccardo-scamarcio-ospiti-della-quarta-giornata-del-festival\/#webpage"},"wordCount":418,"commentCount":0,"publisher":{"@id":"https:\/\/arteeluoghi.it\/#organization"},"image":{"@id":"https:\/\/arteeluoghi.it\/index.php\/2011\/04\/13\/toni-servillo-e-riccardo-scamarcio-ospiti-della-quarta-giornata-del-festival\/#primaryimage"},"thumbnailUrl":"\/images\/stories\/toni_servillo3.jpg","articleSection":["Cinema"],"inLanguage":"it-IT","potentialAction":[{"@type":"CommentAction","name":"Comment","target":["https:\/\/arteeluoghi.it\/index.php\/2011\/04\/13\/toni-servillo-e-riccardo-scamarcio-ospiti-della-quarta-giornata-del-festival\/#respond"]}]},{"@type":"Person","@id":"https:\/\/arteeluoghi.it\/#\/schema\/person\/f84e814e36e91e01448ee07eaadd41d4","name":"Staff","image":{"@type":"ImageObject","@id":"https:\/\/arteeluoghi.it\/#personlogo","inLanguage":"it-IT","url":"https:\/\/secure.gravatar.com\/avatar\/49d2f9e46271bb04e19cebfaf141313a?s=96&d=blank&r=g","contentUrl":"https:\/\/secure.gravatar.com\/avatar\/49d2f9e46271bb04e19cebfaf141313a?s=96&d=blank&r=g","caption":"Staff"}}]}},"_links":{"self":[{"href":"https:\/\/arteeluoghi.it\/index.php\/wp-json\/wp\/v2\/posts\/245"}],"collection":[{"href":"https:\/\/arteeluoghi.it\/index.php\/wp-json\/wp\/v2\/posts"}],"about":[{"href":"https:\/\/arteeluoghi.it\/index.php\/wp-json\/wp\/v2\/types\/post"}],"author":[{"embeddable":true,"href":"https:\/\/arteeluoghi.it\/index.php\/wp-json\/wp\/v2\/users\/1"}],"replies":[{"embeddable":true,"href":"https:\/\/arteeluoghi.it\/index.php\/wp-json\/wp\/v2\/comments?post=245"}],"version-history":[{"count":2,"href":"https:\/\/arteeluoghi.it\/index.php\/wp-json\/wp\/v2\/posts\/245\/revisions"}],"predecessor-version":[{"id":5835,"href":"https:\/\/arteeluoghi.it\/index.php\/wp-json\/wp\/v2\/posts\/245\/revisions\/5835"}],"wp:attachment":[{"href":"https:\/\/arteeluoghi.it\/index.php\/wp-json\/wp\/v2\/media?parent=245"}],"wp:term":[{"taxonomy":"category","embeddable":true,"href":"https:\/\/arteeluoghi.it\/index.php\/wp-json\/wp\/v2\/categories?post=245"},{"taxonomy":"post_tag","embeddable":true,"href":"https:\/\/arteeluoghi.it\/index.php\/wp-json\/wp\/v2\/tags?post=245"}],"curies":[{"name":"wp","href":"https:\/\/api.w.org\/{rel}","templated":true}]}}