{"id":2464,"date":"2016-02-25T14:00:49","date_gmt":"2016-02-25T13:00:49","guid":{"rendered":"http:\/\/arteeluoghi.it\/index.php\/2016\/02\/25\/nella-scatola-del-web-c-e-un-diritto-in-concreto\/"},"modified":"2016-02-25T14:00:49","modified_gmt":"2016-02-25T13:00:49","slug":"nella-scatola-del-web-c-e-un-diritto-in-concreto","status":"publish","type":"post","link":"https:\/\/arteeluoghi.it\/index.php\/2016\/02\/25\/nella-scatola-del-web-c-e-un-diritto-in-concreto\/","title":{"rendered":"Nella scatola del web c\u2019\u00e8 un \u201cDiritto in concreto\u201d"},"content":{"rendered":"<p style=\"text-align: left;\"><img src=\"\/images\/eleonora%20galati.jpg\" border=\"0\" title=\"Eleonora Galati\" width=\"150\" style=\"float: right; margin: 21px; border: 1px solid black;\" \/>I Luoghi della Parola<a href=\"https:\/\/www.facebook.com\/Stylosa-by-Lucia-Accoto-1501967936766523\/?fref=ts\">\/Stylosa<\/a><\/p>\n<p style=\"text-align: left;\" align=\"center\"><span style=\"font-size: medium;\"><strong>Come Eleonora Galati si racconta<\/strong><\/span><\/p>\n<p style=\"text-align: left;\" align=\"center\"><strong>di Lucia Accoto<\/strong><\/p>\n<p style=\"text-align: left;\">\u00a0\u00a0\u00a0<\/p>\n<p>Cerco spesso in rete, sui social, qualcosa di diverso, di interessante da leggere. Apro, chiudo link, seguo profili e blog. Online si naviga a vista, a suon di Like. I pirati del \u201cMi Piace\u201dne sanno e ne fanno una pi\u00f9 del diavolo per razziare condivisioni. I consensi, il pi\u00f9 delle volte, sono una semplice cortesia ricambiata. Salvo chiamarsi Belen Rodriguez e allora si naviga con il vento in poppa anche di scirocco, anche quando non si ha nulla da dire. Le maglie della rete si allargano e si stringono con niente. Il web \u00e8 pur sempre una risorsa. \u00c8 come chiudere il mare di pensieri, di foto, di riflessioni, di colori, in un barattolo che porti appresso. Ovunque. E anche la voce muta dei sentimenti, della rabbia, delle emozioni, delle battaglie. Basta soltanto fiutarne l\u2019incipit, l\u2019attacco dalle piccolissime cose. Da ci\u00f2 che l\u2019inchiostro sa lanciare in rete come esca. E in questo giro di boa, mi imbatto nel blog \u201c<strong>Diritto in concreto\u201d <\/strong>di <strong>Eleonora Galati<\/strong>, una studentessa di giurisprudenza all\u2019Universit\u00e0 di Parma, con l\u2019amore per la scrittura di origine leccese. A sedici anni pubblica il suo primo libro di poesie <em>\u201cParadiso incompleto\u201d <\/em>per poi a diciotto uscire con il romanzo \u201c<em>Vitanuova\u201d<\/em>.<\/p>\n<p>  <!--more-->  <\/p>\n<p>\u00a0<\/p>\n<p>Il blog della Galati \u00e8 qualcosa di pi\u00f9 di un contenitore di riflessioni. Nei suoi articoli si avverte la passione per la scrittura, il coraggio di dire le cose senza filtri, la caparbiet\u00e0 di riappropriarsi del Diritto, la voglia di credere nella Giustizia, di valutare gli errori. Si legge in un suo pezzo: \u201c<em>Spesso tendiamo ad avere poca fiducia nella legge. Crediamo che la legge non sia uguale per tutti, che la giustizia non esita, che questo \u201cdiritto\u201d di cui tutti parlano sia, in realt\u00e0, un patetico teatrino, dove dei burattini togati fanno a gara a chi pi\u00f9 \u201crigira la frittata\u201d (un\u2019espressione raccapricciante che, haim\u00e8, sento sempre pi\u00f9 spesso) per essere, poi, giudicati da qualche specie di Azzeccagarbugli che decreter\u00e0 il vincitore a seconda di quanti capponi gli vennero donati. Innanzitutto: sempre libera di ascoltare sia l\u2019opinione di ogni singolo, qualunque essa sia, purch\u00e8 nasca dal germoglio della riflessione, venga innaffiata dall\u2019acqua preziosa dell\u2019informazione dal fuoco sacro del rispetto. <strong>Riflettendo<\/strong>, se il diritto fosse solo una mera ed inutile finzione, non avrebbe motivo di esistere. Senza diritto non esisterebbero i popoli, le culture, le ideologie. Senza il diritto non esisterebbe alcun uomo sulla Terra, poich\u00e9 saremmo annientati tutti dal bellum omnium contra omnes hobbessiano. \u2026\u201d<\/em> Ecco, c\u2019\u00e8 molta anima negli articoli di Eleonora Galati. Si legge anche molta grinta. Il blog \u201cDiritto in concreto\u201d che tratta anche attualit\u00e0, appare un po\u2019 come la forza di uscir fuori dalla sabbie mobili che paralizzano che costringono a tacere per sempre. Muti su ci\u00f2 che accade facendo anche finta di non vedere. Gli articoli di Eleonora mi sembrano un travaglio interiore, ma anche un urlo che induce a svegliarsi dal piattume.<\/p>\n<p>\u00a0<\/p>\n<p>\u00a0<\/p>\n<p style=\"text-align: left;\" align=\"center\"><strong>\u00a0<\/strong><\/p>\n","protected":false},"excerpt":{"rendered":"<p>I Luoghi della Parola\/Stylosa Come Eleonora Galati si racconta di Lucia Accoto \u00a0\u00a0\u00a0 Cerco spesso in rete, sui social, qualcosa<\/p>\n","protected":false},"author":1,"featured_media":0,"comment_status":"open","ping_status":"open","sticky":false,"template":"","format":"standard","meta":[],"categories":[52],"tags":[],"yoast_head":"<!-- This site is optimized with the Yoast SEO plugin v18.0 - https:\/\/yoast.com\/wordpress\/plugins\/seo\/ -->\n<title>Nella scatola del web c\u2019\u00e8 un \u201cDiritto in concreto\u201d | Arte e Luoghi<\/title>\n<meta name=\"robots\" content=\"index, follow, max-snippet:-1, max-image-preview:large, max-video-preview:-1\" \/>\n<link rel=\"canonical\" href=\"https:\/\/arteeluoghi.it\/index.php\/2016\/02\/25\/nella-scatola-del-web-c-e-un-diritto-in-concreto\/\" \/>\n<meta property=\"og:locale\" content=\"it_IT\" \/>\n<meta property=\"og:type\" content=\"article\" \/>\n<meta property=\"og:title\" content=\"Nella scatola del web c\u2019\u00e8 un \u201cDiritto in concreto\u201d | Arte e Luoghi\" \/>\n<meta property=\"og:description\" content=\"I Luoghi della Parola\/Stylosa Come Eleonora Galati si racconta di Lucia Accoto \u00a0\u00a0\u00a0 Cerco spesso in rete, sui social, qualcosa\" \/>\n<meta property=\"og:url\" content=\"https:\/\/arteeluoghi.it\/index.php\/2016\/02\/25\/nella-scatola-del-web-c-e-un-diritto-in-concreto\/\" \/>\n<meta property=\"og:site_name\" content=\"Arte e Luoghi\" \/>\n<meta property=\"article:publisher\" content=\"https:\/\/www.facebook.com\/ArteELuoghi\/\" \/>\n<meta property=\"article:published_time\" content=\"2016-02-25T13:00:49+00:00\" \/>\n<meta property=\"og:image\" content=\"https:\/\/arteeluoghi.it\/images\/eleonora%20galati.jpg\" \/>\n<meta name=\"twitter:card\" content=\"summary\" \/>\n<meta name=\"twitter:creator\" content=\"@arteeluoghi\" \/>\n<meta name=\"twitter:site\" content=\"@arteeluoghi\" \/>\n<meta name=\"twitter:label1\" content=\"Scritto da\" \/>\n\t<meta name=\"twitter:data1\" content=\"Staff\" \/>\n\t<meta name=\"twitter:label2\" content=\"Tempo di lettura stimato\" \/>\n\t<meta name=\"twitter:data2\" content=\"2 minuti\" \/>\n<script type=\"application\/ld+json\" class=\"yoast-schema-graph\">{\"@context\":\"https:\/\/schema.org\",\"@graph\":[{\"@type\":\"Organization\",\"@id\":\"https:\/\/arteeluoghi.it\/#organization\",\"name\":\"Arte e Luoghi\",\"url\":\"https:\/\/arteeluoghi.it\/\",\"sameAs\":[\"https:\/\/www.facebook.com\/ArteELuoghi\/\",\"https:\/\/www.instagram.com\/arteeluoghi\/?hl=it\",\"https:\/\/www.youtube.com\/channel\/UCuRVc4JW4-C5sg9rQB-srkw?view_as=subscriber\",\"https:\/\/twitter.com\/arteeluoghi\"],\"logo\":{\"@type\":\"ImageObject\",\"@id\":\"https:\/\/arteeluoghi.it\/#logo\",\"inLanguage\":\"it-IT\",\"url\":\"https:\/\/arteeluoghi.it\/wp-content\/uploads\/2018\/08\/logoinstagramarte.jpg\",\"contentUrl\":\"https:\/\/arteeluoghi.it\/wp-content\/uploads\/2018\/08\/logoinstagramarte.jpg\",\"width\":150,\"height\":150,\"caption\":\"Arte e Luoghi\"},\"image\":{\"@id\":\"https:\/\/arteeluoghi.it\/#logo\"}},{\"@type\":\"WebSite\",\"@id\":\"https:\/\/arteeluoghi.it\/#website\",\"url\":\"https:\/\/arteeluoghi.it\/\",\"name\":\"Arte e Luoghi\",\"description\":\"Mensile di arte, cultura, turismo e curiosit\u00e0\",\"publisher\":{\"@id\":\"https:\/\/arteeluoghi.it\/#organization\"},\"potentialAction\":[{\"@type\":\"SearchAction\",\"target\":{\"@type\":\"EntryPoint\",\"urlTemplate\":\"https:\/\/arteeluoghi.it\/?s={search_term_string}\"},\"query-input\":\"required name=search_term_string\"}],\"inLanguage\":\"it-IT\"},{\"@type\":\"ImageObject\",\"@id\":\"https:\/\/arteeluoghi.it\/index.php\/2016\/02\/25\/nella-scatola-del-web-c-e-un-diritto-in-concreto\/#primaryimage\",\"inLanguage\":\"it-IT\",\"url\":\"\/images\/eleonora%20galati.jpg\",\"contentUrl\":\"\/images\/eleonora%20galati.jpg\"},{\"@type\":\"WebPage\",\"@id\":\"https:\/\/arteeluoghi.it\/index.php\/2016\/02\/25\/nella-scatola-del-web-c-e-un-diritto-in-concreto\/#webpage\",\"url\":\"https:\/\/arteeluoghi.it\/index.php\/2016\/02\/25\/nella-scatola-del-web-c-e-un-diritto-in-concreto\/\",\"name\":\"Nella scatola del web c\u2019\u00e8 un \u201cDiritto in concreto\u201d | Arte e Luoghi\",\"isPartOf\":{\"@id\":\"https:\/\/arteeluoghi.it\/#website\"},\"primaryImageOfPage\":{\"@id\":\"https:\/\/arteeluoghi.it\/index.php\/2016\/02\/25\/nella-scatola-del-web-c-e-un-diritto-in-concreto\/#primaryimage\"},\"datePublished\":\"2016-02-25T13:00:49+00:00\",\"dateModified\":\"2016-02-25T13:00:49+00:00\",\"breadcrumb\":{\"@id\":\"https:\/\/arteeluoghi.it\/index.php\/2016\/02\/25\/nella-scatola-del-web-c-e-un-diritto-in-concreto\/#breadcrumb\"},\"inLanguage\":\"it-IT\",\"potentialAction\":[{\"@type\":\"ReadAction\",\"target\":[\"https:\/\/arteeluoghi.it\/index.php\/2016\/02\/25\/nella-scatola-del-web-c-e-un-diritto-in-concreto\/\"]}]},{\"@type\":\"BreadcrumbList\",\"@id\":\"https:\/\/arteeluoghi.it\/index.php\/2016\/02\/25\/nella-scatola-del-web-c-e-un-diritto-in-concreto\/#breadcrumb\",\"itemListElement\":[{\"@type\":\"ListItem\",\"position\":1,\"name\":\"Home\",\"item\":\"https:\/\/arteeluoghi.it\/\"},{\"@type\":\"ListItem\",\"position\":2,\"name\":\"Nella scatola del web c\u2019\u00e8 un \u201cDiritto in concreto\u201d\"}]},{\"@type\":\"Article\",\"@id\":\"https:\/\/arteeluoghi.it\/index.php\/2016\/02\/25\/nella-scatola-del-web-c-e-un-diritto-in-concreto\/#article\",\"isPartOf\":{\"@id\":\"https:\/\/arteeluoghi.it\/index.php\/2016\/02\/25\/nella-scatola-del-web-c-e-un-diritto-in-concreto\/#webpage\"},\"author\":{\"@id\":\"https:\/\/arteeluoghi.it\/#\/schema\/person\/f84e814e36e91e01448ee07eaadd41d4\"},\"headline\":\"Nella scatola del web c\u2019\u00e8 un \u201cDiritto in concreto\u201d\",\"datePublished\":\"2016-02-25T13:00:49+00:00\",\"dateModified\":\"2016-02-25T13:00:49+00:00\",\"mainEntityOfPage\":{\"@id\":\"https:\/\/arteeluoghi.it\/index.php\/2016\/02\/25\/nella-scatola-del-web-c-e-un-diritto-in-concreto\/#webpage\"},\"wordCount\":507,\"commentCount\":0,\"publisher\":{\"@id\":\"https:\/\/arteeluoghi.it\/#organization\"},\"image\":{\"@id\":\"https:\/\/arteeluoghi.it\/index.php\/2016\/02\/25\/nella-scatola-del-web-c-e-un-diritto-in-concreto\/#primaryimage\"},\"thumbnailUrl\":\"\/images\/eleonora%20galati.jpg\",\"articleSection\":[\"I luoghi della parola\"],\"inLanguage\":\"it-IT\",\"potentialAction\":[{\"@type\":\"CommentAction\",\"name\":\"Comment\",\"target\":[\"https:\/\/arteeluoghi.it\/index.php\/2016\/02\/25\/nella-scatola-del-web-c-e-un-diritto-in-concreto\/#respond\"]}]},{\"@type\":\"Person\",\"@id\":\"https:\/\/arteeluoghi.it\/#\/schema\/person\/f84e814e36e91e01448ee07eaadd41d4\",\"name\":\"Staff\",\"image\":{\"@type\":\"ImageObject\",\"@id\":\"https:\/\/arteeluoghi.it\/#personlogo\",\"inLanguage\":\"it-IT\",\"url\":\"https:\/\/secure.gravatar.com\/avatar\/49d2f9e46271bb04e19cebfaf141313a?s=96&d=blank&r=g\",\"contentUrl\":\"https:\/\/secure.gravatar.com\/avatar\/49d2f9e46271bb04e19cebfaf141313a?s=96&d=blank&r=g\",\"caption\":\"Staff\"}}]}<\/script>\n<!-- \/ Yoast SEO plugin. -->","yoast_head_json":{"title":"Nella scatola del web c\u2019\u00e8 un \u201cDiritto in concreto\u201d | Arte e Luoghi","robots":{"index":"index","follow":"follow","max-snippet":"max-snippet:-1","max-image-preview":"max-image-preview:large","max-video-preview":"max-video-preview:-1"},"canonical":"https:\/\/arteeluoghi.it\/index.php\/2016\/02\/25\/nella-scatola-del-web-c-e-un-diritto-in-concreto\/","og_locale":"it_IT","og_type":"article","og_title":"Nella scatola del web c\u2019\u00e8 un \u201cDiritto in concreto\u201d | Arte e Luoghi","og_description":"I Luoghi della Parola\/Stylosa Come Eleonora Galati si racconta di Lucia Accoto \u00a0\u00a0\u00a0 Cerco spesso in rete, sui social, qualcosa","og_url":"https:\/\/arteeluoghi.it\/index.php\/2016\/02\/25\/nella-scatola-del-web-c-e-un-diritto-in-concreto\/","og_site_name":"Arte e Luoghi","article_publisher":"https:\/\/www.facebook.com\/ArteELuoghi\/","article_published_time":"2016-02-25T13:00:49+00:00","og_image":[{"url":"https:\/\/arteeluoghi.it\/images\/eleonora%20galati.jpg"}],"twitter_card":"summary","twitter_creator":"@arteeluoghi","twitter_site":"@arteeluoghi","twitter_misc":{"Scritto da":"Staff","Tempo di lettura stimato":"2 minuti"},"schema":{"@context":"https:\/\/schema.org","@graph":[{"@type":"Organization","@id":"https:\/\/arteeluoghi.it\/#organization","name":"Arte e Luoghi","url":"https:\/\/arteeluoghi.it\/","sameAs":["https:\/\/www.facebook.com\/ArteELuoghi\/","https:\/\/www.instagram.com\/arteeluoghi\/?hl=it","https:\/\/www.youtube.com\/channel\/UCuRVc4JW4-C5sg9rQB-srkw?view_as=subscriber","https:\/\/twitter.com\/arteeluoghi"],"logo":{"@type":"ImageObject","@id":"https:\/\/arteeluoghi.it\/#logo","inLanguage":"it-IT","url":"https:\/\/arteeluoghi.it\/wp-content\/uploads\/2018\/08\/logoinstagramarte.jpg","contentUrl":"https:\/\/arteeluoghi.it\/wp-content\/uploads\/2018\/08\/logoinstagramarte.jpg","width":150,"height":150,"caption":"Arte e Luoghi"},"image":{"@id":"https:\/\/arteeluoghi.it\/#logo"}},{"@type":"WebSite","@id":"https:\/\/arteeluoghi.it\/#website","url":"https:\/\/arteeluoghi.it\/","name":"Arte e Luoghi","description":"Mensile di arte, cultura, turismo e curiosit\u00e0","publisher":{"@id":"https:\/\/arteeluoghi.it\/#organization"},"potentialAction":[{"@type":"SearchAction","target":{"@type":"EntryPoint","urlTemplate":"https:\/\/arteeluoghi.it\/?s={search_term_string}"},"query-input":"required name=search_term_string"}],"inLanguage":"it-IT"},{"@type":"ImageObject","@id":"https:\/\/arteeluoghi.it\/index.php\/2016\/02\/25\/nella-scatola-del-web-c-e-un-diritto-in-concreto\/#primaryimage","inLanguage":"it-IT","url":"\/images\/eleonora%20galati.jpg","contentUrl":"\/images\/eleonora%20galati.jpg"},{"@type":"WebPage","@id":"https:\/\/arteeluoghi.it\/index.php\/2016\/02\/25\/nella-scatola-del-web-c-e-un-diritto-in-concreto\/#webpage","url":"https:\/\/arteeluoghi.it\/index.php\/2016\/02\/25\/nella-scatola-del-web-c-e-un-diritto-in-concreto\/","name":"Nella scatola del web c\u2019\u00e8 un \u201cDiritto in concreto\u201d | Arte e Luoghi","isPartOf":{"@id":"https:\/\/arteeluoghi.it\/#website"},"primaryImageOfPage":{"@id":"https:\/\/arteeluoghi.it\/index.php\/2016\/02\/25\/nella-scatola-del-web-c-e-un-diritto-in-concreto\/#primaryimage"},"datePublished":"2016-02-25T13:00:49+00:00","dateModified":"2016-02-25T13:00:49+00:00","breadcrumb":{"@id":"https:\/\/arteeluoghi.it\/index.php\/2016\/02\/25\/nella-scatola-del-web-c-e-un-diritto-in-concreto\/#breadcrumb"},"inLanguage":"it-IT","potentialAction":[{"@type":"ReadAction","target":["https:\/\/arteeluoghi.it\/index.php\/2016\/02\/25\/nella-scatola-del-web-c-e-un-diritto-in-concreto\/"]}]},{"@type":"BreadcrumbList","@id":"https:\/\/arteeluoghi.it\/index.php\/2016\/02\/25\/nella-scatola-del-web-c-e-un-diritto-in-concreto\/#breadcrumb","itemListElement":[{"@type":"ListItem","position":1,"name":"Home","item":"https:\/\/arteeluoghi.it\/"},{"@type":"ListItem","position":2,"name":"Nella scatola del web c\u2019\u00e8 un \u201cDiritto in concreto\u201d"}]},{"@type":"Article","@id":"https:\/\/arteeluoghi.it\/index.php\/2016\/02\/25\/nella-scatola-del-web-c-e-un-diritto-in-concreto\/#article","isPartOf":{"@id":"https:\/\/arteeluoghi.it\/index.php\/2016\/02\/25\/nella-scatola-del-web-c-e-un-diritto-in-concreto\/#webpage"},"author":{"@id":"https:\/\/arteeluoghi.it\/#\/schema\/person\/f84e814e36e91e01448ee07eaadd41d4"},"headline":"Nella scatola del web c\u2019\u00e8 un \u201cDiritto in concreto\u201d","datePublished":"2016-02-25T13:00:49+00:00","dateModified":"2016-02-25T13:00:49+00:00","mainEntityOfPage":{"@id":"https:\/\/arteeluoghi.it\/index.php\/2016\/02\/25\/nella-scatola-del-web-c-e-un-diritto-in-concreto\/#webpage"},"wordCount":507,"commentCount":0,"publisher":{"@id":"https:\/\/arteeluoghi.it\/#organization"},"image":{"@id":"https:\/\/arteeluoghi.it\/index.php\/2016\/02\/25\/nella-scatola-del-web-c-e-un-diritto-in-concreto\/#primaryimage"},"thumbnailUrl":"\/images\/eleonora%20galati.jpg","articleSection":["I luoghi della parola"],"inLanguage":"it-IT","potentialAction":[{"@type":"CommentAction","name":"Comment","target":["https:\/\/arteeluoghi.it\/index.php\/2016\/02\/25\/nella-scatola-del-web-c-e-un-diritto-in-concreto\/#respond"]}]},{"@type":"Person","@id":"https:\/\/arteeluoghi.it\/#\/schema\/person\/f84e814e36e91e01448ee07eaadd41d4","name":"Staff","image":{"@type":"ImageObject","@id":"https:\/\/arteeluoghi.it\/#personlogo","inLanguage":"it-IT","url":"https:\/\/secure.gravatar.com\/avatar\/49d2f9e46271bb04e19cebfaf141313a?s=96&d=blank&r=g","contentUrl":"https:\/\/secure.gravatar.com\/avatar\/49d2f9e46271bb04e19cebfaf141313a?s=96&d=blank&r=g","caption":"Staff"}}]}},"_links":{"self":[{"href":"https:\/\/arteeluoghi.it\/index.php\/wp-json\/wp\/v2\/posts\/2464"}],"collection":[{"href":"https:\/\/arteeluoghi.it\/index.php\/wp-json\/wp\/v2\/posts"}],"about":[{"href":"https:\/\/arteeluoghi.it\/index.php\/wp-json\/wp\/v2\/types\/post"}],"author":[{"embeddable":true,"href":"https:\/\/arteeluoghi.it\/index.php\/wp-json\/wp\/v2\/users\/1"}],"replies":[{"embeddable":true,"href":"https:\/\/arteeluoghi.it\/index.php\/wp-json\/wp\/v2\/comments?post=2464"}],"version-history":[{"count":0,"href":"https:\/\/arteeluoghi.it\/index.php\/wp-json\/wp\/v2\/posts\/2464\/revisions"}],"wp:attachment":[{"href":"https:\/\/arteeluoghi.it\/index.php\/wp-json\/wp\/v2\/media?parent=2464"}],"wp:term":[{"taxonomy":"category","embeddable":true,"href":"https:\/\/arteeluoghi.it\/index.php\/wp-json\/wp\/v2\/categories?post=2464"},{"taxonomy":"post_tag","embeddable":true,"href":"https:\/\/arteeluoghi.it\/index.php\/wp-json\/wp\/v2\/tags?post=2464"}],"curies":[{"name":"wp","href":"https:\/\/api.w.org\/{rel}","templated":true}]}}