{"id":2467,"date":"2016-02-26T11:00:52","date_gmt":"2016-02-26T10:00:52","guid":{"rendered":"http:\/\/arteeluoghi.it\/index.php\/2016\/02\/26\/uno-nessuno-centomila-al-teatro-il-ducale-di-cavallino\/"},"modified":"2018-01-04T21:25:01","modified_gmt":"2018-01-04T20:25:01","slug":"uno-nessuno-centomila-al-teatro-il-ducale-di-cavallino","status":"publish","type":"post","link":"https:\/\/arteeluoghi.it\/index.php\/2016\/02\/26\/uno-nessuno-centomila-al-teatro-il-ducale-di-cavallino\/","title":{"rendered":"Uno, Nessuno, Centomila. Al Teatro Il Ducale di Cavallino"},"content":{"rendered":"<p><img src=\"\/images\/Beppe-Convertini-1.jpg\" border=\"0\" title=\"L'attore Beppe Convertini\" width=\"300\" style=\"margin: 21px; float: left;\" \/>Sabato 27 febbraio 2016 a Cavallino (Lecce), Teatro Il Ducale<\/p>\n<p><strong>Beppe Convertini interprete del capolavoro di Pirandello<\/strong><\/p>\n<p>Beppe Convertini sul palcoscenico, interprete dell&#8217;ultimo capolavoro di Pirandello. La Stagione Teatrale 2015\/2016 del Teatro \u00abIl Ducale\u00bb di Cavallino, organizzata dall&#8217;Amministrazione Comunale, rende omaggio a Luigi Pirandello in occasione dell\u2019ottantesimo anniversario della\u00a0 morte. Dal pi\u00f9 celebre dei romanzi del drammaturgo siciliano sabato 27 febbraio alle ore 20.30 \u00e8 di scena \u00abUno, nessuno e centomila\u00bb, la storia di un uomo che sceglie di mettere in discussione la propria vita, a partire da un dettaglio, minimo insignificante. Il pretesto \u00e8 un appunto, un\u2019osservazione banale che viene dall\u2019esterno. I dubbi di un\u2019esistenza si dipanano intorno ad un particolare fisico. Le cento maschere della quotidianit\u00e0, lasciano il posto alla ricerca del \u00abS\u00e8\u00bb autentico, vero, profondo. L\u2019ironia della scrittura rendo la situazione paradossale, grottesca, accentua gli equivoci. La vita si apre come in un gioco di scatole cinesi, e nel fondo \u00e8 l\u2019essenza: Abbandonare i centomila, per cercare l\u2019uno, a volte pu\u00f2 significare fare i conti con il nessuno. Ma forse \u00e8 un prezzo che conviene pagare, pur di assaporare la vita.<\/p>\n<p>  <!--more-->  <\/p>\n<p>\u00a0<\/p>\n<p>L&#8217;adattamento dello spettacolo \u00e8 di <strong>Alessandra Pizzi<\/strong>, musiche di <strong>Cristian Cal\u00f2 <\/strong>alla fisarmonica, coreografie e danze di <strong>Marilena Martina. <\/strong><\/p>\n<p><strong>\u00a0\u00a0\u00a0\u00a0\u00a0\u00a0\u00a0\u00a0\u00a0\u00a0\u00a0 <\/strong>Un recital su l\u2019ultimo romanzo di Luigi Pirandello, quello che riesce a sintetizzare il pensiero dell\u2019autore nel modo pi\u00f9 completo. L\u2019autore stesso, in una lettera autobiografica, lo definisce come il romanzo \u00abpi\u00f9 amaro di tutti, profondamente umoristico, di scomposizione della vita\u00bb. <em>Uno, nessuno e centomila <\/em>\u00e8 un\u2019opera di lunga elaborazione, di assidua stesura, che accompagna, o per meglio dire informa di s\u00e9, il resto della produzione pirandelliana. Un testo-laboratorio quindi, una officina, in cui tutta la poetica di Pirandello prende forma di racconto di una voce. \u00c8 forse pi\u00f9 congeniale, a un testo come questo, la lettura piuttosto che una vera e propria messa in scena. Sembra infatti assai complesso, se non contraddittorio, poter dare spettacolo \u2013 e quindi impostazione scenica prefissata\u2013 di quanto invece deve scorrere forma di flusso, cercando sempre e costantemente nuove forme espressive. Non uno spettacolo predefinito dunque, ma lettura di una voce, mutevole in ogni contesto, nel rapporto empatico con il luogo e con chi ascolta.\u00a0 La Voce dunque sta al di qua del personaggio \u2013 dietro la forma scenica che alla voce da forma &#8211; ma anche al di l\u00e0 del personaggio, che attraverso la voce sopravvivenze. Ecco che il testo diventa \u201cpalcoscenico\u201d, su cui la voce da forma appassionata alla scrittura.<\/p>\n<p class=\"Contenutotabella\">\u00a0<\/p>\n<p class=\"Contenutotabella\">\u00a0\u00a0\u00a0\u00a0\u00a0\u00a0\u00a0\u00a0\u00a0\u00a0\u00a0 <strong>Ingresso 12 euro, ridotto 10 euro. Orario biglietteria: luned\u00ec, mercoled\u00ec, venerd\u00ec, sabato e domenica dalle ore 17 alle ore 20. Infotel: 0832.6171208 (durante gli orari di apertura del botteghino) \u2013 331.63935489 (ore 17-20).<\/strong><\/p>\n<p class=\"Contenutotabella\">(fonte: comunicato stampa)<strong><br \/><\/strong><\/p>\n","protected":false},"excerpt":{"rendered":"<p>Sabato 27 febbraio 2016 a Cavallino (Lecce), Teatro Il Ducale Beppe Convertini interprete del capolavoro di Pirandello Beppe Convertini sul<\/p>\n","protected":false},"author":1,"featured_media":0,"comment_status":"open","ping_status":"open","sticky":false,"template":"","format":"standard","meta":[],"categories":[13],"tags":[],"yoast_head":"<!-- This site is optimized with the Yoast SEO plugin v18.0 - https:\/\/yoast.com\/wordpress\/plugins\/seo\/ -->\n<title>Uno, Nessuno, Centomila. Al Teatro Il Ducale di Cavallino | Arte e Luoghi<\/title>\n<meta name=\"robots\" content=\"index, follow, max-snippet:-1, max-image-preview:large, max-video-preview:-1\" \/>\n<link rel=\"canonical\" href=\"https:\/\/arteeluoghi.it\/index.php\/2016\/02\/26\/uno-nessuno-centomila-al-teatro-il-ducale-di-cavallino\/\" \/>\n<meta property=\"og:locale\" content=\"it_IT\" \/>\n<meta property=\"og:type\" content=\"article\" \/>\n<meta property=\"og:title\" content=\"Uno, Nessuno, Centomila. Al Teatro Il Ducale di Cavallino | Arte e Luoghi\" \/>\n<meta property=\"og:description\" content=\"Sabato 27 febbraio 2016 a Cavallino (Lecce), Teatro Il Ducale Beppe Convertini interprete del capolavoro di Pirandello Beppe Convertini sul\" \/>\n<meta property=\"og:url\" content=\"https:\/\/arteeluoghi.it\/index.php\/2016\/02\/26\/uno-nessuno-centomila-al-teatro-il-ducale-di-cavallino\/\" \/>\n<meta property=\"og:site_name\" content=\"Arte e Luoghi\" \/>\n<meta property=\"article:publisher\" content=\"https:\/\/www.facebook.com\/ArteELuoghi\/\" \/>\n<meta property=\"article:published_time\" content=\"2016-02-26T10:00:52+00:00\" \/>\n<meta property=\"article:modified_time\" content=\"2018-01-04T20:25:01+00:00\" \/>\n<meta property=\"og:image\" content=\"https:\/\/arteeluoghi.it\/images\/Beppe-Convertini-1.jpg\" \/>\n<meta name=\"twitter:card\" content=\"summary\" \/>\n<meta name=\"twitter:creator\" content=\"@arteeluoghi\" \/>\n<meta name=\"twitter:site\" content=\"@arteeluoghi\" \/>\n<meta name=\"twitter:label1\" content=\"Scritto da\" \/>\n\t<meta name=\"twitter:data1\" content=\"Staff\" \/>\n\t<meta name=\"twitter:label2\" content=\"Tempo di lettura stimato\" \/>\n\t<meta name=\"twitter:data2\" content=\"2 minuti\" \/>\n<script type=\"application\/ld+json\" class=\"yoast-schema-graph\">{\"@context\":\"https:\/\/schema.org\",\"@graph\":[{\"@type\":\"Organization\",\"@id\":\"https:\/\/arteeluoghi.it\/#organization\",\"name\":\"Arte e Luoghi\",\"url\":\"https:\/\/arteeluoghi.it\/\",\"sameAs\":[\"https:\/\/www.facebook.com\/ArteELuoghi\/\",\"https:\/\/www.instagram.com\/arteeluoghi\/?hl=it\",\"https:\/\/www.youtube.com\/channel\/UCuRVc4JW4-C5sg9rQB-srkw?view_as=subscriber\",\"https:\/\/twitter.com\/arteeluoghi\"],\"logo\":{\"@type\":\"ImageObject\",\"@id\":\"https:\/\/arteeluoghi.it\/#logo\",\"inLanguage\":\"it-IT\",\"url\":\"https:\/\/arteeluoghi.it\/wp-content\/uploads\/2018\/08\/logoinstagramarte.jpg\",\"contentUrl\":\"https:\/\/arteeluoghi.it\/wp-content\/uploads\/2018\/08\/logoinstagramarte.jpg\",\"width\":150,\"height\":150,\"caption\":\"Arte e Luoghi\"},\"image\":{\"@id\":\"https:\/\/arteeluoghi.it\/#logo\"}},{\"@type\":\"WebSite\",\"@id\":\"https:\/\/arteeluoghi.it\/#website\",\"url\":\"https:\/\/arteeluoghi.it\/\",\"name\":\"Arte e Luoghi\",\"description\":\"Mensile di arte, cultura, turismo e curiosit\u00e0\",\"publisher\":{\"@id\":\"https:\/\/arteeluoghi.it\/#organization\"},\"potentialAction\":[{\"@type\":\"SearchAction\",\"target\":{\"@type\":\"EntryPoint\",\"urlTemplate\":\"https:\/\/arteeluoghi.it\/?s={search_term_string}\"},\"query-input\":\"required name=search_term_string\"}],\"inLanguage\":\"it-IT\"},{\"@type\":\"ImageObject\",\"@id\":\"https:\/\/arteeluoghi.it\/index.php\/2016\/02\/26\/uno-nessuno-centomila-al-teatro-il-ducale-di-cavallino\/#primaryimage\",\"inLanguage\":\"it-IT\",\"url\":\"\/images\/Beppe-Convertini-1.jpg\",\"contentUrl\":\"\/images\/Beppe-Convertini-1.jpg\"},{\"@type\":\"WebPage\",\"@id\":\"https:\/\/arteeluoghi.it\/index.php\/2016\/02\/26\/uno-nessuno-centomila-al-teatro-il-ducale-di-cavallino\/#webpage\",\"url\":\"https:\/\/arteeluoghi.it\/index.php\/2016\/02\/26\/uno-nessuno-centomila-al-teatro-il-ducale-di-cavallino\/\",\"name\":\"Uno, Nessuno, Centomila. Al Teatro Il Ducale di Cavallino | Arte e Luoghi\",\"isPartOf\":{\"@id\":\"https:\/\/arteeluoghi.it\/#website\"},\"primaryImageOfPage\":{\"@id\":\"https:\/\/arteeluoghi.it\/index.php\/2016\/02\/26\/uno-nessuno-centomila-al-teatro-il-ducale-di-cavallino\/#primaryimage\"},\"datePublished\":\"2016-02-26T10:00:52+00:00\",\"dateModified\":\"2018-01-04T20:25:01+00:00\",\"breadcrumb\":{\"@id\":\"https:\/\/arteeluoghi.it\/index.php\/2016\/02\/26\/uno-nessuno-centomila-al-teatro-il-ducale-di-cavallino\/#breadcrumb\"},\"inLanguage\":\"it-IT\",\"potentialAction\":[{\"@type\":\"ReadAction\",\"target\":[\"https:\/\/arteeluoghi.it\/index.php\/2016\/02\/26\/uno-nessuno-centomila-al-teatro-il-ducale-di-cavallino\/\"]}]},{\"@type\":\"BreadcrumbList\",\"@id\":\"https:\/\/arteeluoghi.it\/index.php\/2016\/02\/26\/uno-nessuno-centomila-al-teatro-il-ducale-di-cavallino\/#breadcrumb\",\"itemListElement\":[{\"@type\":\"ListItem\",\"position\":1,\"name\":\"Home\",\"item\":\"https:\/\/arteeluoghi.it\/\"},{\"@type\":\"ListItem\",\"position\":2,\"name\":\"Uno, Nessuno, Centomila. Al Teatro Il Ducale di Cavallino\"}]},{\"@type\":\"Article\",\"@id\":\"https:\/\/arteeluoghi.it\/index.php\/2016\/02\/26\/uno-nessuno-centomila-al-teatro-il-ducale-di-cavallino\/#article\",\"isPartOf\":{\"@id\":\"https:\/\/arteeluoghi.it\/index.php\/2016\/02\/26\/uno-nessuno-centomila-al-teatro-il-ducale-di-cavallino\/#webpage\"},\"author\":{\"@id\":\"https:\/\/arteeluoghi.it\/#\/schema\/person\/f84e814e36e91e01448ee07eaadd41d4\"},\"headline\":\"Uno, Nessuno, Centomila. Al Teatro Il Ducale di Cavallino\",\"datePublished\":\"2016-02-26T10:00:52+00:00\",\"dateModified\":\"2018-01-04T20:25:01+00:00\",\"mainEntityOfPage\":{\"@id\":\"https:\/\/arteeluoghi.it\/index.php\/2016\/02\/26\/uno-nessuno-centomila-al-teatro-il-ducale-di-cavallino\/#webpage\"},\"wordCount\":446,\"commentCount\":0,\"publisher\":{\"@id\":\"https:\/\/arteeluoghi.it\/#organization\"},\"image\":{\"@id\":\"https:\/\/arteeluoghi.it\/index.php\/2016\/02\/26\/uno-nessuno-centomila-al-teatro-il-ducale-di-cavallino\/#primaryimage\"},\"thumbnailUrl\":\"\/images\/Beppe-Convertini-1.jpg\",\"articleSection\":[\"teatro\"],\"inLanguage\":\"it-IT\",\"potentialAction\":[{\"@type\":\"CommentAction\",\"name\":\"Comment\",\"target\":[\"https:\/\/arteeluoghi.it\/index.php\/2016\/02\/26\/uno-nessuno-centomila-al-teatro-il-ducale-di-cavallino\/#respond\"]}]},{\"@type\":\"Person\",\"@id\":\"https:\/\/arteeluoghi.it\/#\/schema\/person\/f84e814e36e91e01448ee07eaadd41d4\",\"name\":\"Staff\",\"image\":{\"@type\":\"ImageObject\",\"@id\":\"https:\/\/arteeluoghi.it\/#personlogo\",\"inLanguage\":\"it-IT\",\"url\":\"https:\/\/secure.gravatar.com\/avatar\/49d2f9e46271bb04e19cebfaf141313a?s=96&d=blank&r=g\",\"contentUrl\":\"https:\/\/secure.gravatar.com\/avatar\/49d2f9e46271bb04e19cebfaf141313a?s=96&d=blank&r=g\",\"caption\":\"Staff\"}}]}<\/script>\n<!-- \/ Yoast SEO plugin. -->","yoast_head_json":{"title":"Uno, Nessuno, Centomila. Al Teatro Il Ducale di Cavallino | Arte e Luoghi","robots":{"index":"index","follow":"follow","max-snippet":"max-snippet:-1","max-image-preview":"max-image-preview:large","max-video-preview":"max-video-preview:-1"},"canonical":"https:\/\/arteeluoghi.it\/index.php\/2016\/02\/26\/uno-nessuno-centomila-al-teatro-il-ducale-di-cavallino\/","og_locale":"it_IT","og_type":"article","og_title":"Uno, Nessuno, Centomila. Al Teatro Il Ducale di Cavallino | Arte e Luoghi","og_description":"Sabato 27 febbraio 2016 a Cavallino (Lecce), Teatro Il Ducale Beppe Convertini interprete del capolavoro di Pirandello Beppe Convertini sul","og_url":"https:\/\/arteeluoghi.it\/index.php\/2016\/02\/26\/uno-nessuno-centomila-al-teatro-il-ducale-di-cavallino\/","og_site_name":"Arte e Luoghi","article_publisher":"https:\/\/www.facebook.com\/ArteELuoghi\/","article_published_time":"2016-02-26T10:00:52+00:00","article_modified_time":"2018-01-04T20:25:01+00:00","og_image":[{"url":"https:\/\/arteeluoghi.it\/images\/Beppe-Convertini-1.jpg"}],"twitter_card":"summary","twitter_creator":"@arteeluoghi","twitter_site":"@arteeluoghi","twitter_misc":{"Scritto da":"Staff","Tempo di lettura stimato":"2 minuti"},"schema":{"@context":"https:\/\/schema.org","@graph":[{"@type":"Organization","@id":"https:\/\/arteeluoghi.it\/#organization","name":"Arte e Luoghi","url":"https:\/\/arteeluoghi.it\/","sameAs":["https:\/\/www.facebook.com\/ArteELuoghi\/","https:\/\/www.instagram.com\/arteeluoghi\/?hl=it","https:\/\/www.youtube.com\/channel\/UCuRVc4JW4-C5sg9rQB-srkw?view_as=subscriber","https:\/\/twitter.com\/arteeluoghi"],"logo":{"@type":"ImageObject","@id":"https:\/\/arteeluoghi.it\/#logo","inLanguage":"it-IT","url":"https:\/\/arteeluoghi.it\/wp-content\/uploads\/2018\/08\/logoinstagramarte.jpg","contentUrl":"https:\/\/arteeluoghi.it\/wp-content\/uploads\/2018\/08\/logoinstagramarte.jpg","width":150,"height":150,"caption":"Arte e Luoghi"},"image":{"@id":"https:\/\/arteeluoghi.it\/#logo"}},{"@type":"WebSite","@id":"https:\/\/arteeluoghi.it\/#website","url":"https:\/\/arteeluoghi.it\/","name":"Arte e Luoghi","description":"Mensile di arte, cultura, turismo e curiosit\u00e0","publisher":{"@id":"https:\/\/arteeluoghi.it\/#organization"},"potentialAction":[{"@type":"SearchAction","target":{"@type":"EntryPoint","urlTemplate":"https:\/\/arteeluoghi.it\/?s={search_term_string}"},"query-input":"required name=search_term_string"}],"inLanguage":"it-IT"},{"@type":"ImageObject","@id":"https:\/\/arteeluoghi.it\/index.php\/2016\/02\/26\/uno-nessuno-centomila-al-teatro-il-ducale-di-cavallino\/#primaryimage","inLanguage":"it-IT","url":"\/images\/Beppe-Convertini-1.jpg","contentUrl":"\/images\/Beppe-Convertini-1.jpg"},{"@type":"WebPage","@id":"https:\/\/arteeluoghi.it\/index.php\/2016\/02\/26\/uno-nessuno-centomila-al-teatro-il-ducale-di-cavallino\/#webpage","url":"https:\/\/arteeluoghi.it\/index.php\/2016\/02\/26\/uno-nessuno-centomila-al-teatro-il-ducale-di-cavallino\/","name":"Uno, Nessuno, Centomila. Al Teatro Il Ducale di Cavallino | Arte e Luoghi","isPartOf":{"@id":"https:\/\/arteeluoghi.it\/#website"},"primaryImageOfPage":{"@id":"https:\/\/arteeluoghi.it\/index.php\/2016\/02\/26\/uno-nessuno-centomila-al-teatro-il-ducale-di-cavallino\/#primaryimage"},"datePublished":"2016-02-26T10:00:52+00:00","dateModified":"2018-01-04T20:25:01+00:00","breadcrumb":{"@id":"https:\/\/arteeluoghi.it\/index.php\/2016\/02\/26\/uno-nessuno-centomila-al-teatro-il-ducale-di-cavallino\/#breadcrumb"},"inLanguage":"it-IT","potentialAction":[{"@type":"ReadAction","target":["https:\/\/arteeluoghi.it\/index.php\/2016\/02\/26\/uno-nessuno-centomila-al-teatro-il-ducale-di-cavallino\/"]}]},{"@type":"BreadcrumbList","@id":"https:\/\/arteeluoghi.it\/index.php\/2016\/02\/26\/uno-nessuno-centomila-al-teatro-il-ducale-di-cavallino\/#breadcrumb","itemListElement":[{"@type":"ListItem","position":1,"name":"Home","item":"https:\/\/arteeluoghi.it\/"},{"@type":"ListItem","position":2,"name":"Uno, Nessuno, Centomila. Al Teatro Il Ducale di Cavallino"}]},{"@type":"Article","@id":"https:\/\/arteeluoghi.it\/index.php\/2016\/02\/26\/uno-nessuno-centomila-al-teatro-il-ducale-di-cavallino\/#article","isPartOf":{"@id":"https:\/\/arteeluoghi.it\/index.php\/2016\/02\/26\/uno-nessuno-centomila-al-teatro-il-ducale-di-cavallino\/#webpage"},"author":{"@id":"https:\/\/arteeluoghi.it\/#\/schema\/person\/f84e814e36e91e01448ee07eaadd41d4"},"headline":"Uno, Nessuno, Centomila. Al Teatro Il Ducale di Cavallino","datePublished":"2016-02-26T10:00:52+00:00","dateModified":"2018-01-04T20:25:01+00:00","mainEntityOfPage":{"@id":"https:\/\/arteeluoghi.it\/index.php\/2016\/02\/26\/uno-nessuno-centomila-al-teatro-il-ducale-di-cavallino\/#webpage"},"wordCount":446,"commentCount":0,"publisher":{"@id":"https:\/\/arteeluoghi.it\/#organization"},"image":{"@id":"https:\/\/arteeluoghi.it\/index.php\/2016\/02\/26\/uno-nessuno-centomila-al-teatro-il-ducale-di-cavallino\/#primaryimage"},"thumbnailUrl":"\/images\/Beppe-Convertini-1.jpg","articleSection":["teatro"],"inLanguage":"it-IT","potentialAction":[{"@type":"CommentAction","name":"Comment","target":["https:\/\/arteeluoghi.it\/index.php\/2016\/02\/26\/uno-nessuno-centomila-al-teatro-il-ducale-di-cavallino\/#respond"]}]},{"@type":"Person","@id":"https:\/\/arteeluoghi.it\/#\/schema\/person\/f84e814e36e91e01448ee07eaadd41d4","name":"Staff","image":{"@type":"ImageObject","@id":"https:\/\/arteeluoghi.it\/#personlogo","inLanguage":"it-IT","url":"https:\/\/secure.gravatar.com\/avatar\/49d2f9e46271bb04e19cebfaf141313a?s=96&d=blank&r=g","contentUrl":"https:\/\/secure.gravatar.com\/avatar\/49d2f9e46271bb04e19cebfaf141313a?s=96&d=blank&r=g","caption":"Staff"}}]}},"_links":{"self":[{"href":"https:\/\/arteeluoghi.it\/index.php\/wp-json\/wp\/v2\/posts\/2467"}],"collection":[{"href":"https:\/\/arteeluoghi.it\/index.php\/wp-json\/wp\/v2\/posts"}],"about":[{"href":"https:\/\/arteeluoghi.it\/index.php\/wp-json\/wp\/v2\/types\/post"}],"author":[{"embeddable":true,"href":"https:\/\/arteeluoghi.it\/index.php\/wp-json\/wp\/v2\/users\/1"}],"replies":[{"embeddable":true,"href":"https:\/\/arteeluoghi.it\/index.php\/wp-json\/wp\/v2\/comments?post=2467"}],"version-history":[{"count":1,"href":"https:\/\/arteeluoghi.it\/index.php\/wp-json\/wp\/v2\/posts\/2467\/revisions"}],"predecessor-version":[{"id":4482,"href":"https:\/\/arteeluoghi.it\/index.php\/wp-json\/wp\/v2\/posts\/2467\/revisions\/4482"}],"wp:attachment":[{"href":"https:\/\/arteeluoghi.it\/index.php\/wp-json\/wp\/v2\/media?parent=2467"}],"wp:term":[{"taxonomy":"category","embeddable":true,"href":"https:\/\/arteeluoghi.it\/index.php\/wp-json\/wp\/v2\/categories?post=2467"},{"taxonomy":"post_tag","embeddable":true,"href":"https:\/\/arteeluoghi.it\/index.php\/wp-json\/wp\/v2\/tags?post=2467"}],"curies":[{"name":"wp","href":"https:\/\/api.w.org\/{rel}","templated":true}]}}