{"id":2477,"date":"2016-03-10T21:02:55","date_gmt":"2016-03-10T20:02:55","guid":{"rendered":"http:\/\/arteeluoghi.it\/index.php\/2016\/03\/10\/dai-pennelli-al-cuore-dal-salento-al-senegal\/"},"modified":"2016-03-10T21:02:55","modified_gmt":"2016-03-10T20:02:55","slug":"dai-pennelli-al-cuore-dal-salento-al-senegal","status":"publish","type":"post","link":"https:\/\/arteeluoghi.it\/index.php\/2016\/03\/10\/dai-pennelli-al-cuore-dal-salento-al-senegal\/","title":{"rendered":"Dai pennelli al cuore, dal Salento al Senegal"},"content":{"rendered":"<p><img src=\"\/images\/athosfancicani.jpg\" border=\"0\" title=\"Athos Faccincani, La luce del Salento che mi ha fatto scoprire la tavolozza solare e continua ad illuminarmi\" width=\"300\" style=\"margin: 21px; float: left;\" \/>Sabato 12 marzo 2016 a Lecce, ex Convento dei Teatini<\/p>\n<p style=\"text-align: left;\" align=\"center\"><strong>A LECCE I DIPINTI DI ATHOS FACCINCANI<\/strong><\/p>\n<p style=\"text-align: left;\" align=\"center\"><strong>Arte e solidariet\u00e0: donazione per i familiari di Saiba Diao, morto a 19 anni nei campi<\/strong><\/p>\n<p>Opere che parlano di vita vissuta, cielo, terra e mare. Di un amore infinito per il Salento, un ponte del cuore fermato nel tempo, colore su tela, per sempre.<\/p>\n<p>Torna a <strong>Lecce<\/strong> <strong><span style=\"text-decoration: underline;\">Athos Faccincani<\/span><\/strong>, artista di rara sensibilit\u00e0, in grado di dare vita al buio con pennellate di poesia violenta. Sabato <strong>12 marzo<\/strong>, alle <strong>18.30<\/strong>, il vernissage presso l\u2019ex <strong>Convento dei Teatini<\/strong>, alla presenza del sindaco di Lecce <strong>Paolo Perrone<\/strong>, dell\u2019assessore <strong>Luigi Coclite<\/strong> e dell\u2019avvocato <strong>Barbara Pirelli<\/strong>, con la regia di Giuseppe Benvenuto.<\/p>\n<p>Tra le opere, esposte al pubblico fino al 28 marzo prossimo, scorci di Salento reinterpretati attraverso l\u2019estro creativo dell\u2019artista. Un legame antico, quello con questa terra, sancito da lunghe amicizie personali, incontri, tappe professionali di Faccincani.<\/p>\n<p>  <!--more-->  <\/p>\n<p>\u00a0<\/p>\n<p><img src=\"\/images\/athosfaccincani2.jpg\" border=\"0\" title=\"Athos faccincani, In silenzio ascoltare il mare e i suoi racconti\" width=\"300\" style=\"margin: 21px; float: right;\" \/>L\u2019evento del 12 marzo prossimo, sar\u00e0 per\u00f2 anche occasione di confronto, riflessione e solidariet\u00e0.<\/p>\n<p>Un figlio adottivo di questa terra legher\u00e0 infatti la sua storia ad un\u2019altra persona, che nel Salento aveva trovato la sua casa e il suo futuro, <strong><em><span style=\"text-decoration: underline;\">Saiba Diao, senegalese morto a 19 anni il 27 febbraio scorso a causa di un incidente<\/span>,<\/em><\/strong> mentre si recava al lavoro in un appezzamento di terreno a Campi Salentina.<\/p>\n<p>Saiba, inserito nel programma di recupero S.P.R.A.R. aveva trovato un lavoro regolare e col frutto del suo sudore aiutava economicamente i genitori e le quattro sorelle rimasti in Africa.<\/p>\n<p>Una storia dolorosa e commovente, da cui ripartire o meglio continuare a costruire quel ponte di dialogo e inclusione tra Salento e Senegal\u00a0 che fa di questa terra una sponda d\u2019approdo e accoglienza.<\/p>\n<p>Athos Faccincani devolver\u00e0 il ricavato della vendita di una sua opera alla famiglia di Saiba Diao.<\/p>\n<p>Alle <strong>18 del 12 marzo <\/strong>prossimo, prima dell\u2019inaugurazione della mostra, l\u2019artista incontrer\u00e0 i volontari che avevano seguito il ragazzo con il progetto S.P.R.A.R. e la presidente di <strong>Arci Lecce, Anna Caputo<\/strong>. Seguir\u00e0 un contatto telefonico con i familiari del 19enne e la donazione.<\/p>\n<p>(fonte: comunicato stampa)<\/p>\n<hr \/>\n<p>\u00a0<\/p>\n<p><strong>L&#8217;artista<\/strong><\/p>\n<p><strong>Athos Faccincani<\/strong> nasce a Peschiera del Garda il 29 Gennaio 1951. Gi\u00e0 da bambino dedica molte ore al disegno e alla pittura, ma deve fare molta attenzione e farlo di nascosto, in cantina, perch\u00e9 la madre \u00e8 profondamente contraria alla pratica di tutto ci\u00f2 che si possa considerare artistico. Per fare i compiti e studiare si alza alle quattro del mattino, perch\u00e9 il pomeriggio, segretamente e all\u2019oscuro dei suoi genitori, \u00e8 consacrato all\u2019arte: fa il piccolo di bottega di artisti quali Guidi, Seibezzi, Novati; maestri che non gli insegnano solo le varie tecniche pittoriche, ma gli trasmettono anche il coraggio di portare avanti le proprie passioni e a credere nel proprio talento. \u00c8 affiancando loro che Athos capisce che l\u2019arte non pu\u00f2 che essere parte integrante della sua vita, e che vuole diventare un pittore.<\/p>\n<p>Dopo il diploma Athos comincia a dedicarsi alla pittura a tempo pieno, i suoi lavori giovanili di stile espressionista ritraggono spesso personaggi cupi e piegati dal peso della sofferenza. Per approfondire lo studio della figura egli entra nel mondo delle carceri, degli emarginati e negli ospedali psichiatrici. Athos riesce a far propria la sofferenza altrui e a trasmetterla sulla tela. Il giovane artista comincia a vendere le sue prime opere e a fare le sue prime mostre. Non passa molto tempo che qualcuno nota la forza e l\u2019intensit\u00e0 espressiva dei suoi quadri e gli commissiona lavori pi\u00f9 importanti e gli offre spazi sempre pi\u00f9 prestigiosi dove esporre.<\/p>\n<p>Alla fine degli anni \u201870 Athos affronta il lavoro pi\u00f9 importante della sua precoce carriera: gli viene commissionata una mostra sulla Resistenza; le sue Personali ricevono la visita del Presidente della Repubblica Sandro Pertini che, colpito dalla forza dei sentimenti che i dipinti di Athos gli trasmettono e complimentandosi per aver rappresentato la guerra senza aver preso posizione, se non quella di un uomo dalla sensibilit\u00e0 straordinaria, lo nomina Cavaliere della Repubblica. Questa per l\u2019artista \u00e8 una grande conferma dal punto di vista lavorativo, ma dal punto di vista umano deve affrontare un periodo di crisi interiore perch\u00e9 confrontarsi con tanto dolore e sofferenza lo ha turbato nel profondo. Per quasi un anno non si avviciner\u00e0 pi\u00f9 ad un cavalletto. Il punto di rottura apre una nuova fase per l\u2019artista: eliminati i colori cupi dalla sua tavolozza, e ritrovata la gioia di vivere, ricomincia a dipingere guardando al mondo con gli occhi di un bambino. Predilige i paesaggi che gli permettono di porre l\u2019attenzione sulla natura che rappresenta generosa e lussureggiante. Vi \u00e8 un mutamento radicale anche nello stile che diviene di chiara derivazione impressionista, utilizza i colori puri e accesi per ripetersi in ogni quadro con le stesse linee guida: la luce, il sole alto, il racconto semplice. Non conoscendo il suo passato artistico, la sua ispirazione sembrerebbe quasi ingenua, pura, appartenente a qualcuno che della vita ha conosciuto solo il bello. In realt\u00e0 Faccincani ha avuto eccome modo di conoscere anche le brutture del mondo, ma ha deciso di contrastarle, e non riprodurle, con la sua pittura. Inoltre ad un occhio attento non sfugge che, nonostante i colori festosi e gli innumerevoli fiori, i suoi \u201cgiardini\u201d contengono sempre qualche angolo buio. Con la sua pittura Athos ha stregato pubblico e critica, i suoi lavori son finiti sia nelle case di star Hollywoodiane che nelle case di chi deve attingere ai risparmi per potersi permettere un Faccincani. Ha esposto, oltre che nei posti pi\u00f9 belli d\u2019Italia, a Londra, Vienna, Parigi, Chicago, New York, Zurigo, Madrid, San Francisco, Los Angeles, Amburgo, Monaco, Tokyo, Montecarlo, Sofia, Hong Kong e Singapore. Innumerevoli anche i premi dei quali \u00e8 stato insignito durante la sua quarantennale carriera, fra gli ultimi a Roma, come Personalit\u00e0 Europea, ad Ischia il premio Ischia Friends ed a Napoli il premio Albatros. \u00a0\u00a0\u00a0\u00a0\u00a0\u00a0<\/p>\n","protected":false},"excerpt":{"rendered":"<p>Sabato 12 marzo 2016 a Lecce, ex Convento dei Teatini A LECCE I DIPINTI DI ATHOS FACCINCANI Arte e solidariet\u00e0:<\/p>\n","protected":false},"author":1,"featured_media":0,"comment_status":"open","ping_status":"open","sticky":false,"template":"","format":"standard","meta":[],"categories":[27],"tags":[],"yoast_head":"<!-- This site is optimized with the Yoast SEO plugin v18.0 - https:\/\/yoast.com\/wordpress\/plugins\/seo\/ -->\n<title>Dai pennelli al cuore, dal Salento al Senegal | Arte e Luoghi<\/title>\n<meta name=\"robots\" content=\"index, follow, max-snippet:-1, max-image-preview:large, max-video-preview:-1\" \/>\n<link rel=\"canonical\" href=\"https:\/\/arteeluoghi.it\/index.php\/2016\/03\/10\/dai-pennelli-al-cuore-dal-salento-al-senegal\/\" \/>\n<meta property=\"og:locale\" content=\"it_IT\" \/>\n<meta property=\"og:type\" content=\"article\" \/>\n<meta property=\"og:title\" content=\"Dai pennelli al cuore, dal Salento al Senegal | Arte e Luoghi\" \/>\n<meta property=\"og:description\" content=\"Sabato 12 marzo 2016 a Lecce, ex Convento dei Teatini A LECCE I DIPINTI DI ATHOS FACCINCANI Arte e solidariet\u00e0:\" \/>\n<meta property=\"og:url\" content=\"https:\/\/arteeluoghi.it\/index.php\/2016\/03\/10\/dai-pennelli-al-cuore-dal-salento-al-senegal\/\" \/>\n<meta property=\"og:site_name\" content=\"Arte e Luoghi\" \/>\n<meta property=\"article:publisher\" content=\"https:\/\/www.facebook.com\/ArteELuoghi\/\" \/>\n<meta property=\"article:published_time\" content=\"2016-03-10T20:02:55+00:00\" \/>\n<meta property=\"og:image\" content=\"https:\/\/arteeluoghi.it\/images\/athosfancicani.jpg\" \/>\n<meta name=\"twitter:card\" content=\"summary\" \/>\n<meta name=\"twitter:creator\" content=\"@arteeluoghi\" \/>\n<meta name=\"twitter:site\" content=\"@arteeluoghi\" \/>\n<meta name=\"twitter:label1\" content=\"Scritto da\" \/>\n\t<meta name=\"twitter:data1\" content=\"Staff\" \/>\n\t<meta name=\"twitter:label2\" content=\"Tempo di lettura stimato\" \/>\n\t<meta name=\"twitter:data2\" content=\"5 minuti\" \/>\n<script type=\"application\/ld+json\" class=\"yoast-schema-graph\">{\"@context\":\"https:\/\/schema.org\",\"@graph\":[{\"@type\":\"Organization\",\"@id\":\"https:\/\/arteeluoghi.it\/#organization\",\"name\":\"Arte e Luoghi\",\"url\":\"https:\/\/arteeluoghi.it\/\",\"sameAs\":[\"https:\/\/www.facebook.com\/ArteELuoghi\/\",\"https:\/\/www.instagram.com\/arteeluoghi\/?hl=it\",\"https:\/\/www.youtube.com\/channel\/UCuRVc4JW4-C5sg9rQB-srkw?view_as=subscriber\",\"https:\/\/twitter.com\/arteeluoghi\"],\"logo\":{\"@type\":\"ImageObject\",\"@id\":\"https:\/\/arteeluoghi.it\/#logo\",\"inLanguage\":\"it-IT\",\"url\":\"https:\/\/arteeluoghi.it\/wp-content\/uploads\/2018\/08\/logoinstagramarte.jpg\",\"contentUrl\":\"https:\/\/arteeluoghi.it\/wp-content\/uploads\/2018\/08\/logoinstagramarte.jpg\",\"width\":150,\"height\":150,\"caption\":\"Arte e Luoghi\"},\"image\":{\"@id\":\"https:\/\/arteeluoghi.it\/#logo\"}},{\"@type\":\"WebSite\",\"@id\":\"https:\/\/arteeluoghi.it\/#website\",\"url\":\"https:\/\/arteeluoghi.it\/\",\"name\":\"Arte e Luoghi\",\"description\":\"Mensile di arte, cultura, turismo e curiosit\u00e0\",\"publisher\":{\"@id\":\"https:\/\/arteeluoghi.it\/#organization\"},\"potentialAction\":[{\"@type\":\"SearchAction\",\"target\":{\"@type\":\"EntryPoint\",\"urlTemplate\":\"https:\/\/arteeluoghi.it\/?s={search_term_string}\"},\"query-input\":\"required name=search_term_string\"}],\"inLanguage\":\"it-IT\"},{\"@type\":\"ImageObject\",\"@id\":\"https:\/\/arteeluoghi.it\/index.php\/2016\/03\/10\/dai-pennelli-al-cuore-dal-salento-al-senegal\/#primaryimage\",\"inLanguage\":\"it-IT\",\"url\":\"\/images\/athosfancicani.jpg\",\"contentUrl\":\"\/images\/athosfancicani.jpg\"},{\"@type\":\"WebPage\",\"@id\":\"https:\/\/arteeluoghi.it\/index.php\/2016\/03\/10\/dai-pennelli-al-cuore-dal-salento-al-senegal\/#webpage\",\"url\":\"https:\/\/arteeluoghi.it\/index.php\/2016\/03\/10\/dai-pennelli-al-cuore-dal-salento-al-senegal\/\",\"name\":\"Dai pennelli al cuore, dal Salento al Senegal | Arte e Luoghi\",\"isPartOf\":{\"@id\":\"https:\/\/arteeluoghi.it\/#website\"},\"primaryImageOfPage\":{\"@id\":\"https:\/\/arteeluoghi.it\/index.php\/2016\/03\/10\/dai-pennelli-al-cuore-dal-salento-al-senegal\/#primaryimage\"},\"datePublished\":\"2016-03-10T20:02:55+00:00\",\"dateModified\":\"2016-03-10T20:02:55+00:00\",\"breadcrumb\":{\"@id\":\"https:\/\/arteeluoghi.it\/index.php\/2016\/03\/10\/dai-pennelli-al-cuore-dal-salento-al-senegal\/#breadcrumb\"},\"inLanguage\":\"it-IT\",\"potentialAction\":[{\"@type\":\"ReadAction\",\"target\":[\"https:\/\/arteeluoghi.it\/index.php\/2016\/03\/10\/dai-pennelli-al-cuore-dal-salento-al-senegal\/\"]}]},{\"@type\":\"BreadcrumbList\",\"@id\":\"https:\/\/arteeluoghi.it\/index.php\/2016\/03\/10\/dai-pennelli-al-cuore-dal-salento-al-senegal\/#breadcrumb\",\"itemListElement\":[{\"@type\":\"ListItem\",\"position\":1,\"name\":\"Home\",\"item\":\"https:\/\/arteeluoghi.it\/\"},{\"@type\":\"ListItem\",\"position\":2,\"name\":\"Dai pennelli al cuore, dal Salento al Senegal\"}]},{\"@type\":\"Article\",\"@id\":\"https:\/\/arteeluoghi.it\/index.php\/2016\/03\/10\/dai-pennelli-al-cuore-dal-salento-al-senegal\/#article\",\"isPartOf\":{\"@id\":\"https:\/\/arteeluoghi.it\/index.php\/2016\/03\/10\/dai-pennelli-al-cuore-dal-salento-al-senegal\/#webpage\"},\"author\":{\"@id\":\"https:\/\/arteeluoghi.it\/#\/schema\/person\/f84e814e36e91e01448ee07eaadd41d4\"},\"headline\":\"Dai pennelli al cuore, dal Salento al Senegal\",\"datePublished\":\"2016-03-10T20:02:55+00:00\",\"dateModified\":\"2016-03-10T20:02:55+00:00\",\"mainEntityOfPage\":{\"@id\":\"https:\/\/arteeluoghi.it\/index.php\/2016\/03\/10\/dai-pennelli-al-cuore-dal-salento-al-senegal\/#webpage\"},\"wordCount\":985,\"commentCount\":0,\"publisher\":{\"@id\":\"https:\/\/arteeluoghi.it\/#organization\"},\"image\":{\"@id\":\"https:\/\/arteeluoghi.it\/index.php\/2016\/03\/10\/dai-pennelli-al-cuore-dal-salento-al-senegal\/#primaryimage\"},\"thumbnailUrl\":\"\/images\/athosfancicani.jpg\",\"articleSection\":[\"Arte\"],\"inLanguage\":\"it-IT\",\"potentialAction\":[{\"@type\":\"CommentAction\",\"name\":\"Comment\",\"target\":[\"https:\/\/arteeluoghi.it\/index.php\/2016\/03\/10\/dai-pennelli-al-cuore-dal-salento-al-senegal\/#respond\"]}]},{\"@type\":\"Person\",\"@id\":\"https:\/\/arteeluoghi.it\/#\/schema\/person\/f84e814e36e91e01448ee07eaadd41d4\",\"name\":\"Staff\",\"image\":{\"@type\":\"ImageObject\",\"@id\":\"https:\/\/arteeluoghi.it\/#personlogo\",\"inLanguage\":\"it-IT\",\"url\":\"https:\/\/secure.gravatar.com\/avatar\/49d2f9e46271bb04e19cebfaf141313a?s=96&d=blank&r=g\",\"contentUrl\":\"https:\/\/secure.gravatar.com\/avatar\/49d2f9e46271bb04e19cebfaf141313a?s=96&d=blank&r=g\",\"caption\":\"Staff\"}}]}<\/script>\n<!-- \/ Yoast SEO plugin. -->","yoast_head_json":{"title":"Dai pennelli al cuore, dal Salento al Senegal | Arte e Luoghi","robots":{"index":"index","follow":"follow","max-snippet":"max-snippet:-1","max-image-preview":"max-image-preview:large","max-video-preview":"max-video-preview:-1"},"canonical":"https:\/\/arteeluoghi.it\/index.php\/2016\/03\/10\/dai-pennelli-al-cuore-dal-salento-al-senegal\/","og_locale":"it_IT","og_type":"article","og_title":"Dai pennelli al cuore, dal Salento al Senegal | Arte e Luoghi","og_description":"Sabato 12 marzo 2016 a Lecce, ex Convento dei Teatini A LECCE I DIPINTI DI ATHOS FACCINCANI Arte e solidariet\u00e0:","og_url":"https:\/\/arteeluoghi.it\/index.php\/2016\/03\/10\/dai-pennelli-al-cuore-dal-salento-al-senegal\/","og_site_name":"Arte e Luoghi","article_publisher":"https:\/\/www.facebook.com\/ArteELuoghi\/","article_published_time":"2016-03-10T20:02:55+00:00","og_image":[{"url":"https:\/\/arteeluoghi.it\/images\/athosfancicani.jpg"}],"twitter_card":"summary","twitter_creator":"@arteeluoghi","twitter_site":"@arteeluoghi","twitter_misc":{"Scritto da":"Staff","Tempo di lettura stimato":"5 minuti"},"schema":{"@context":"https:\/\/schema.org","@graph":[{"@type":"Organization","@id":"https:\/\/arteeluoghi.it\/#organization","name":"Arte e Luoghi","url":"https:\/\/arteeluoghi.it\/","sameAs":["https:\/\/www.facebook.com\/ArteELuoghi\/","https:\/\/www.instagram.com\/arteeluoghi\/?hl=it","https:\/\/www.youtube.com\/channel\/UCuRVc4JW4-C5sg9rQB-srkw?view_as=subscriber","https:\/\/twitter.com\/arteeluoghi"],"logo":{"@type":"ImageObject","@id":"https:\/\/arteeluoghi.it\/#logo","inLanguage":"it-IT","url":"https:\/\/arteeluoghi.it\/wp-content\/uploads\/2018\/08\/logoinstagramarte.jpg","contentUrl":"https:\/\/arteeluoghi.it\/wp-content\/uploads\/2018\/08\/logoinstagramarte.jpg","width":150,"height":150,"caption":"Arte e Luoghi"},"image":{"@id":"https:\/\/arteeluoghi.it\/#logo"}},{"@type":"WebSite","@id":"https:\/\/arteeluoghi.it\/#website","url":"https:\/\/arteeluoghi.it\/","name":"Arte e Luoghi","description":"Mensile di arte, cultura, turismo e curiosit\u00e0","publisher":{"@id":"https:\/\/arteeluoghi.it\/#organization"},"potentialAction":[{"@type":"SearchAction","target":{"@type":"EntryPoint","urlTemplate":"https:\/\/arteeluoghi.it\/?s={search_term_string}"},"query-input":"required name=search_term_string"}],"inLanguage":"it-IT"},{"@type":"ImageObject","@id":"https:\/\/arteeluoghi.it\/index.php\/2016\/03\/10\/dai-pennelli-al-cuore-dal-salento-al-senegal\/#primaryimage","inLanguage":"it-IT","url":"\/images\/athosfancicani.jpg","contentUrl":"\/images\/athosfancicani.jpg"},{"@type":"WebPage","@id":"https:\/\/arteeluoghi.it\/index.php\/2016\/03\/10\/dai-pennelli-al-cuore-dal-salento-al-senegal\/#webpage","url":"https:\/\/arteeluoghi.it\/index.php\/2016\/03\/10\/dai-pennelli-al-cuore-dal-salento-al-senegal\/","name":"Dai pennelli al cuore, dal Salento al Senegal | Arte e Luoghi","isPartOf":{"@id":"https:\/\/arteeluoghi.it\/#website"},"primaryImageOfPage":{"@id":"https:\/\/arteeluoghi.it\/index.php\/2016\/03\/10\/dai-pennelli-al-cuore-dal-salento-al-senegal\/#primaryimage"},"datePublished":"2016-03-10T20:02:55+00:00","dateModified":"2016-03-10T20:02:55+00:00","breadcrumb":{"@id":"https:\/\/arteeluoghi.it\/index.php\/2016\/03\/10\/dai-pennelli-al-cuore-dal-salento-al-senegal\/#breadcrumb"},"inLanguage":"it-IT","potentialAction":[{"@type":"ReadAction","target":["https:\/\/arteeluoghi.it\/index.php\/2016\/03\/10\/dai-pennelli-al-cuore-dal-salento-al-senegal\/"]}]},{"@type":"BreadcrumbList","@id":"https:\/\/arteeluoghi.it\/index.php\/2016\/03\/10\/dai-pennelli-al-cuore-dal-salento-al-senegal\/#breadcrumb","itemListElement":[{"@type":"ListItem","position":1,"name":"Home","item":"https:\/\/arteeluoghi.it\/"},{"@type":"ListItem","position":2,"name":"Dai pennelli al cuore, dal Salento al Senegal"}]},{"@type":"Article","@id":"https:\/\/arteeluoghi.it\/index.php\/2016\/03\/10\/dai-pennelli-al-cuore-dal-salento-al-senegal\/#article","isPartOf":{"@id":"https:\/\/arteeluoghi.it\/index.php\/2016\/03\/10\/dai-pennelli-al-cuore-dal-salento-al-senegal\/#webpage"},"author":{"@id":"https:\/\/arteeluoghi.it\/#\/schema\/person\/f84e814e36e91e01448ee07eaadd41d4"},"headline":"Dai pennelli al cuore, dal Salento al Senegal","datePublished":"2016-03-10T20:02:55+00:00","dateModified":"2016-03-10T20:02:55+00:00","mainEntityOfPage":{"@id":"https:\/\/arteeluoghi.it\/index.php\/2016\/03\/10\/dai-pennelli-al-cuore-dal-salento-al-senegal\/#webpage"},"wordCount":985,"commentCount":0,"publisher":{"@id":"https:\/\/arteeluoghi.it\/#organization"},"image":{"@id":"https:\/\/arteeluoghi.it\/index.php\/2016\/03\/10\/dai-pennelli-al-cuore-dal-salento-al-senegal\/#primaryimage"},"thumbnailUrl":"\/images\/athosfancicani.jpg","articleSection":["Arte"],"inLanguage":"it-IT","potentialAction":[{"@type":"CommentAction","name":"Comment","target":["https:\/\/arteeluoghi.it\/index.php\/2016\/03\/10\/dai-pennelli-al-cuore-dal-salento-al-senegal\/#respond"]}]},{"@type":"Person","@id":"https:\/\/arteeluoghi.it\/#\/schema\/person\/f84e814e36e91e01448ee07eaadd41d4","name":"Staff","image":{"@type":"ImageObject","@id":"https:\/\/arteeluoghi.it\/#personlogo","inLanguage":"it-IT","url":"https:\/\/secure.gravatar.com\/avatar\/49d2f9e46271bb04e19cebfaf141313a?s=96&d=blank&r=g","contentUrl":"https:\/\/secure.gravatar.com\/avatar\/49d2f9e46271bb04e19cebfaf141313a?s=96&d=blank&r=g","caption":"Staff"}}]}},"_links":{"self":[{"href":"https:\/\/arteeluoghi.it\/index.php\/wp-json\/wp\/v2\/posts\/2477"}],"collection":[{"href":"https:\/\/arteeluoghi.it\/index.php\/wp-json\/wp\/v2\/posts"}],"about":[{"href":"https:\/\/arteeluoghi.it\/index.php\/wp-json\/wp\/v2\/types\/post"}],"author":[{"embeddable":true,"href":"https:\/\/arteeluoghi.it\/index.php\/wp-json\/wp\/v2\/users\/1"}],"replies":[{"embeddable":true,"href":"https:\/\/arteeluoghi.it\/index.php\/wp-json\/wp\/v2\/comments?post=2477"}],"version-history":[{"count":0,"href":"https:\/\/arteeluoghi.it\/index.php\/wp-json\/wp\/v2\/posts\/2477\/revisions"}],"wp:attachment":[{"href":"https:\/\/arteeluoghi.it\/index.php\/wp-json\/wp\/v2\/media?parent=2477"}],"wp:term":[{"taxonomy":"category","embeddable":true,"href":"https:\/\/arteeluoghi.it\/index.php\/wp-json\/wp\/v2\/categories?post=2477"},{"taxonomy":"post_tag","embeddable":true,"href":"https:\/\/arteeluoghi.it\/index.php\/wp-json\/wp\/v2\/tags?post=2477"}],"curies":[{"name":"wp","href":"https:\/\/api.w.org\/{rel}","templated":true}]}}