{"id":2478,"date":"2016-03-10T21:30:27","date_gmt":"2016-03-10T20:30:27","guid":{"rendered":"http:\/\/arteeluoghi.it\/index.php\/2016\/03\/10\/assemblaggi-provvisori-2\/"},"modified":"2016-03-10T21:30:27","modified_gmt":"2016-03-10T20:30:27","slug":"assemblaggi-provvisori-2","status":"publish","type":"post","link":"https:\/\/arteeluoghi.it\/index.php\/2016\/03\/10\/assemblaggi-provvisori-2\/","title":{"rendered":"Assemblaggi Provvisori"},"content":{"rendered":"<p style=\"text-align: left;\" align=\"center\"><img src=\"\/images\/Assemblaggi%20Provvisori_locandina%20manifesto_immagine%20di%20Cecilia%20Bertoni.jpg\" border=\"0\" title=\"Assemblaggi Provvisor, locandina manifesto, immagine di Cecilia Bertoni\" width=\"300\" style=\"margin: 21px; float: right;\" \/>A Vorno (Lucca), nella Tenuta Dello Scompiglio, da Marzo 2016 alla primavera 2017 la poliedrica rassegna organizzata dall&#8217;associazione culturale\u00a0 <strong>Dello Scompiglio<\/strong><\/p>\n<p style=\"text-align: left;\" align=\"center\"><strong>Concerti, incontri, installazioni, laboratori, mostre, performance, teatro ragazzi e residenze su genere e individualit\u00e0<\/strong><\/p>\n<p align=\"center\"><strong>\u00a0<\/strong><\/p>\n<p>L&#8217;Associazione Culturale Dello Scompiglio di Vorno (Lucca), diretta da Cecilia Bertoni, propone un&#8217;occasione di confronto sulla \u201cin-definizione\u201d del genere attraverso \u201cAssemblaggi Provvisori\u201d: una programmazione tematica, ospitata da marzo 2016 alla primavera 2017 negli spazi della Tenuta Dello Scompiglio, con concerti, incontri, installazioni, laboratori, mostre, performance, teatro ragazzi e residenze, incentrata sull\u2019individualit\u00e0 in relazione e\/o in conflitto con il genere e pi\u00f9 specificamente con l\u2019assenza di causalit\u00e0 e coincidenza tra il sesso biologico, il genere (mascolinit\u00e0\u2013femminilit\u00e0) e l\u2019orientamento sessuale.<\/p>\n<p>  <!--more-->  <\/p>\n<p>\u00a0<\/p>\n<p>\u201c<em>Assemblaggi Provvisori \u2013 <\/em>sottolinea Cecilia Bertoni \u2013 vuole essere un tentativo di instaurare il senso del dubbio, di rinunciare alla sicurezza dell\u2019appartenenza e di agevolare il movimento tra le diverse tonalit\u00e0 e i diversi cromatismi, attraverso progetti e appuntamenti che mettano a fuoco aspetti socio-culturali, antropologici, biografici e autobiografici.<\/p>\n<p><img src=\"\/images\/round%20midnight_Cecilia%20Bertoni_foto%20Cecilia%20Bertoni.jpg\" border=\"0\" title=\"round midnight_Cecilia Bertoni_foto Cecilia Bertoni\" width=\"300\" style=\"margin: 21px; float: left;\" \/>La prima domanda che si pone circa un nascituro \u2013 prosegue Bertoni \u2013 \u00e8: \u2018maschio o femmina?\u2019 Da quel preciso momento il nuovo io viene rivestito, omologato e incapsulato in costruzioni e stereotipi del genere maschile o femminile, come se questa dicotomia fosse un fatto \u2018naturale\u2019, come se fra i due ci fosse un muro o un\u2019incompatibilit\u00e0 intrinseca. Questa presunta dicotomia potrebbe invece considerarsi come un vasto spettro sul quale muoverci liberamente o come qualcosa di cui liberarci per trovare altri spazi di azione e nuovi assemblaggi identitari.\u201d<\/p>\n<p>La manifestazione, che nasce da un Bando internazionale della Associazione Culturale Dello Scompiglio, del 2015, rivolto ad artisti in ogni declinazione delle arti, per la produzione, la coproduzione o la programmazione di progetti legati al tema dell&#8217;identit\u00e0\u00a0 di genere, ospita ventisette progetti vincitori del Bando, produzioni interne, commissioni e spettacoli in ospitalit\u00e0.<\/p>\n<p>Una stagione che si attiva nell&#8217;intuito\u00a0di annullare ogni staticit\u00e0 e ogni dualit\u00e0 nella\u00a0definizione\u00a0di\u00a0\u201cgenere&#8221;,\u00a0scardinando e abolendo qualunque limite e che, allo stesso tempo, continua a scompigliare le categorie e le etichette degli ambiti artistici che la\u00a0costituiscono.<\/p>\n<p>\u00a0<\/p>\n<p><img src=\"\/images\/Luigi%20Presicce_Trittico%20della%20giovinezza%20angelica_Collage%20digitale_Courtesy%20lArtista%20e%20Associazione%20Culturale%20Dello%20Scompiglio.jpg\" border=\"0\" title=\"Luigi Presicce_Trittico della giovinezza angelica_Collage digitale_Courtesy lArtista e Associazione Culturale Dello Scompiglio\" width=\"300\" style=\"margin: 21px; float: right;\" \/>La prima parte della rassegna si sviluppa da marzo a luglio 2016, nell\u2019arco di dodici fine settimana, con due produzioni della Compagnia DelloScompiglio, una delle quali, \u201cround midnight\u201d, una performancesulle aspettative e le consuetudini connesse all\u2019identit\u00e0 di genere e il desiderio che ci potrebbe portare oltre la dicotomia, ideata da Cecilia Bertoni, anche regista, in collaborazione con Carl G. Beukman, \u00e8 presentata <em>in prima<\/em>; due performance realizzate su commissione della Associazione Culturale Dello Scompiglio; tre appuntamentimusicalicurati da Antonio Caggiano, direttore artistico per l\u2019attivit\u00e0 musicale dell\u2019Associazione Culturale Dello Scompiglio; una rassegna di performance intitolata \u201cSui Generis\u201d a cura di Eugenio Viola (critico d\u2019arte e Curator at Large del Madre di Napoli) e Angel Moya Garcia (co-direttore per le arti visive dell\u2019Associazione Culturale Dello Scompiglio), che indaga, attraverso undici appuntamenti, la complessit\u00e0 concettuale legata al genere, proponendo il lavoro di artisti, la cui pratica, legata al corpo e alla performativit\u00e0, presenta prospettive di ricerca eterogenee; un ciclo di incontri a cura di Luca Greco, docente di Sociolinguistica all&#8217;Universit\u00e9 Sorbonne Nouvelle &#8211; Paris III; nove progetti tra quelli vincitori del Bando; tre spettacoli di teatro ragazzi.<\/p>\n<p>\u00a0<\/p>\n<p><strong><span style=\"text-decoration: underline;\">Venerd\u00ec 11, sabato 12, domenica 13 marzo,<\/span><\/strong> inaugurazione della stagione presso lo SPE \u2013 Spazio Performatico ed Espositivo della Tenuta Dello Scompiglio con \u201c<strong>Harlekin<\/strong>\u201d, spettacolo musicale di Karlheinz Stockhausen per un unico clarinettista-mimo-danzatore, interpretato da Roberta Gottardi.<\/p>\n<p>\u201c<strong>Table of Contents #1<\/strong>\u201d, installazione interattiva di Rebecca Agnes, sull&#8217;importanza delle parole nella definizione della realt\u00e0 e della identit\u00e0. Fino al 12 giugno. Progetto vincitore del Bando.<\/p>\n<p><strong>Rassegna \u201cSui Generis\u201d:<\/strong> \u201cTrittico della giovinezza angelica\u201d in cui <strong>Luigi Presicce<\/strong> ricostruisce tre studi sull\u2019adolescenza, momento della vita in cui l\u2019uomo e la donna non sono ancora definiti, n\u00e9 dalle forme n\u00e9 dalle intenzioni; \u201cAtteggiandomi a gran signora \u00a0&#8211; Bellissima\u201d di <strong>Ruben Montini, <\/strong>una lezione di danza classica in cui il performer impara a eseguire\u00a0una serie di movimenti estremamente femminili sulle note di\u00a0una canzone iconica della musica leggera italiana, eseguita dal vivo, come fosse l\u2019aria di un\u2019opera lirica, da un baritono. <strong>Incontro \u201cI linguaggi del genere:\u00a0corpo, disabilit\u00e0, parola\u201d <\/strong>con interventi diLuca Greco; Egon Botteghi, militante e studioso queer animalista; Giulia Garofalo Geymonat, University of Lund., discussant: Carmen Dell\u2019Aversano, Universit\u00e0 di Pisa, CIRQUE \u2013 Centro Interuniversitario di Ricerca Queer.<\/p>\n<p>\u00a0<\/p>\n<p><strong><span style=\"text-decoration: underline;\">Domenica 20 marzo<\/span><\/strong><span style=\"text-decoration: underline;\">,<\/span> spettacolo di teatro ragazzi \u201c<strong>Io femmina, e tu?\u201d<\/strong>, breviario comico poetico sugli stereotipi di genere, di Fabrizio Cassanelli. Regia di L. Pardi e F. Pompeo. Prodotto da Fondazione Sipario Toscana onlus Centro di Produzione Teatrale.<\/p>\n<p>\u00a0<\/p>\n<p><strong><span style=\"text-decoration: underline;\">Venerd\u00ec 1, sabato 2, domenica 3 aprile<\/span><\/strong><\/p>\n<p>\u201c<strong>Painkillers<\/strong>\u201d, performance di e con Mamoru Iriguchi, che esplora il dolore fisico, l\u2019obesit\u00e0 e l\u2019immagine corporea attraverso una serie di trucchi. Progetto vincitore Bando.<\/p>\n<p><strong>Rassegna \u201cSui Generis\u201d:<\/strong> Mr. Backlash\u201d, in cui <strong>Pauline Boudry e Renate Lorenz<\/strong> evidenziano come la \u201cnormalit\u00e0\u201d possa essere rielaborata all\u2019interno di una situazione immersiva, in cui il pubblico \u00e8 al centro della scena, circondato da una sequenza di azioni, film, canzoni, parole e musica; \u201cThe Official Story\u201d, con cui <strong>Yan Xing<\/strong> sviluppa una fiction sulla vita di un prigioniero asiatico, vissuto in Toscana nei primi anni Venti. Una storia potenzialmente infinita, che si riassembla continuamente.<\/p>\n<p>\u00a0<\/p>\n<p><strong><span style=\"text-decoration: underline;\">Domenica 10 aprile<\/span><\/strong>, \u201c<strong>Fa\u2019afafine &#8211; Mi chiamo Alex e sono un dinosauro<\/strong>\u201d, spettacolo per ragazzi di Giuliano Scarpinato, su una giornata di un \u201cgender creative child\u201d e dei suoi genitori. Progetto vincitore Bando.<\/p>\n<p><strong><span style=\"text-decoration: underline;\">\u00a0<\/span><\/strong><\/p>\n<p><strong><span style=\"text-decoration: underline;\">Sabato 16, domenica 17 aprile<\/span><\/strong><\/p>\n<p><strong>\u201cMDLSX\u201d<\/strong>, deiMotus, un assolo con Silvia Calderoni che indaga il confine tra maschile e femminile, la mutabilit\u00e0 di genere e il suo significato politico e privato. Regia di Enrico Casagrande e Daniela Nicol\u00f2. Progetto vincitore Bando.<\/p>\n<p>\u201c<strong>Aftermath<\/strong>\u201d, di Titta Cosetta Raccagni e Barbara Stimoli, sul percorso esistenziale e politico per l\u2019autodeterminazione di un corpo, in tre parti: performance \u201c<strong>Pornopoetica<\/strong>\u201d; installazione audio-video <strong>\u201cWalking Gender\u201d<\/strong>, realizzata anche attraverso un <strong>laboratorio<\/strong> per studenti. Progetto vincitore Bando.<\/p>\n<p>\u00a0<\/p>\n<p><strong><span style=\"text-decoration: underline;\">Domenica 24 aprile, <\/span><\/strong>spettacolo per ragazzi<strong> \u201cIo sono cos\u00ec e basta\u201d<\/strong>, di O Thiasos TeatroNatura, narrazione in ombra e musica dalla parte dei pi\u00f9 piccoli. Di e con Camilla Dell\u2019Agnola, Silvia Giorgi e Carla Taglietti.<\/p>\n<p><strong><span style=\"text-decoration: underline;\">\u00a0<\/span><\/strong><\/p>\n<p><strong><span style=\"text-decoration: underline;\">Venerd\u00ec 6, sabato 7, domenica\u00a0 8 maggio<\/span><\/strong><\/p>\n<p><strong>\u201cEquator\u201d<\/strong>, performance di teatro danza di Tanya Khabarova in scena con Yael Karavan, sull&#8217;eterno desiderio di ricomporre\u00a0 la frattura generata dallo spezzarsi in due di un\u2019unit\u00e0 originaria.<\/p>\n<p><strong>Rassegna \u201cSui Generis\u201d:<\/strong> \u201cUntitled\u201d di <strong>Alexandra Pirici e Manuel Pelmu<\/strong><strong>\u015f<\/strong>, che utilizzano, come nella maggior parte dei loro lavori, strategie di <em>embodiment<\/em> e <em>re-enactment<\/em> per restituire un\u2019unica, lunga azione in <em>loop<\/em>, legata a tematiche di genere; \u00a0\u201cFrammento archetipo<em>\u201d<\/em> con cui <strong>Rosy Rox<\/strong> attraversa metaforicamente convenzioni, costruzioni sociali, culturali e psicologiche, interrogandosi, con l\u2019aiuto di una profusione di simboli, sulla complessit\u00e0 dell\u2019essere e sulle sue irriducibili dicotomie.<\/p>\n<p><strong><span style=\"text-decoration: underline;\">\u00a0<\/span><\/strong><\/p>\n<p><strong><span style=\"text-decoration: underline;\">Venerd\u00ec 20, sabato 21, domenica 22 maggio<\/span><\/strong><\/p>\n<p><strong>\u00a0\u201cround midnight\u201d<\/strong>, debutto della performance ideata da Cecilia Bertoni, in collaborazione con Carl G. Beukman.<\/p>\n<p>Le aspettative connesse alla dicotomia del genere Rosa o Azzurro, maschio o femmina, fragilit\u00e0 o forza, purezza o coraggio, pace o guerra, vengono proiettate su ciascuno, diventando una seconda pelle sintetica che ci toglie il respiro.<\/p>\n<p>L\u2019anelito e il desiderio di ritrovare il proprio respiro, a passo di danza, vogliono condurci oltre.<\/p>\n<p>Regia, scene, costumi e\u00a0video di Cecilia Bertoni; musiche, suoni e rumori di Carl G. Beukman. Performer: Olivier Bor\u00e9el, Eleonora Chiocchini, Katia Frese, Sara Leghissa, Valerio Sirna. Produzione Compagnia Dello Scompiglio.<\/p>\n<p><strong>\u201cNannerl, sorella di Mozart\u201d<\/strong>, una performance di Cecilia Bertoni e Carl G. Beukman, un atto <em>site-specific <\/em>che oscilla fra comico e tragico, tra gioco e movimento, tra fratello e sorella, tra maschile e femminile. Direzione musicale ed elettronica, Carl G. Beukman; performer Cecilia Bertoni; percussioni, Antonio Caggiano. Produzione Compagnia Dello Scompiglio.<\/p>\n<p>\u00a0<\/p>\n<p><strong><span style=\"text-decoration: underline;\">Venerd\u00ec 3, sabato 4, domenica 5 giugno<\/span><\/strong><\/p>\n<p><strong>\u201cOmaggio a Schubert\u201d<\/strong>,incontro tra il musicologo Oreste Bossini e lo scrittore Mauro Covacich sul <em>Fascino ambiguo del valzer. <\/em>A seguire <strong>\u201cLa voce seducente del male\u201d<\/strong>, concerto del quartetto No\u00fbs, archi; Mirella De Vita, soprano; Francesco Facini, baritono; Simone Soldati, pianoforte. Musiche diFranz Schubert.<\/p>\n<p><strong>Rassegna \u201cSui Generis\u201d: <\/strong>\u201cMondo invertito\u201d, di <strong>Carlos Motta<\/strong>, una performance ispirata al pensiero della teologa <em>queer<\/em> Marcella Althaus-Reid, in cui lo schema iconografico della crocefissione incontra le pratiche di inversione e crocifissione appartenenti all\u2019universo BDSM; \u201cMandami Una Foto Di Te\u2026\u201d, un\u2019azione di <strong>Eddie Peake<\/strong>, irriverente sin dal titolo, in cui musica, suono, movimento coreografato e voce riflettono sul dramma intrinseco dei rapporti e dei problemi legati al desiderio sessuale.<\/p>\n<p><strong><span style=\"text-decoration: underline;\">\u00a0<\/span><\/strong><\/p>\n<p><strong><span style=\"text-decoration: underline;\">Sabato 18, domenica 19 giugno<\/span><\/strong><\/p>\n<p>\u201c<strong>CC Claude Cahun \/ Contre Culture<\/strong>\u201d di Dehors\/Audela, performance con Elisa Turco Liveri e Nuvola Vandini, sulle metamorfosi di Claude Cahun, scrittrice, fotografa e attrice francese, ebrea e perseguitata anche per la sua omosessualit\u00e0. <strong>Incontro<\/strong> su Claude Cahun, con Silvia Mazzucchelli e Lucia Biolchini.<\/p>\n<p>Concerto<strong> \u201cIl confine variabile del suono\u201d, <\/strong>con Fabrizio Ottaviucci al pianoforte preparato e musiche di John Cage, Alvin Curran e Terry Riley.<\/p>\n<p><strong><span style=\"text-decoration: underline;\">\u00a0<\/span><\/strong><\/p>\n<p><strong><span style=\"text-decoration: underline;\">Venerd\u00ec 1, sabato 2, domenica 3 luglio<\/span><\/strong><\/p>\n<p><strong>\u201cFemminile \/ Maschile\u201d<\/strong>, lavoro in progress sull\u2019identit\u00e0 di genere, con installazione video, fotografie e un laboratorio per i piccoli, di Sara Basta. Progetto vincitore Bando.<\/p>\n<p><strong><img src=\"\/images\/Miguel%20Gutierrez_AgeBeautyPart1_Photo%20IanDouglas_Courtesy%20lartista.jpg\" border=\"0\" title=\"Miguel Gutierrez_AgeBeautyPart1_Photo Ian Douglas_Courtesy l'artista\" width=\"300\" style=\"margin: 21px; float: left;\" \/>Rassegna \u201cSui Generis\u201d:<\/strong> \u201cCeremony\u201d un\u2019azione di <strong>Karol Radziszewski<\/strong> che attraversa molteplici riferimenti culturali, storici, religiosi, sociali e di genere, in cui cortocircuita, in un\u2019ottica dissacrante, stereotipi legati ad un\u2019estetica \u201cproto-queer\u201d nella Polonia comunista e nei riti Candombl\u00e9 di derivazione afro-brasiliana;\u00a0 \u201c<em>Age &amp; Beauty: Part 1 \u2013 Mid-Career Artist\/Suicide Note or &amp;:-\/<\/em>\u201d di <strong>Miguel Gutierrez\u00a0 <\/strong>che duetta con il giovane ballerino Mickey Mahar in uno spettacolo a met\u00e0\u00a0 tra il balletto e il cabaret in cui affronta, ironicamente, una serie di stereotipi legati alla bellezza, al decadimento fisico, alla carriera artistica.<\/p>\n<p>\u00a0<\/p>\n<p><strong><span style=\"text-decoration: underline;\">Sabato 9 luglio<\/span><\/strong><\/p>\n<p><strong>Rassegna \u201cSui Generis\u201d: <\/strong>\u201cPeriferia\u201d di <strong>Regina Jose Galindo<\/strong>, una performance realizzatain collaborazione con la Prometeogallery di Ida Pisani in cui, come spesso nella sua pratica, partendo da una riflessione sulla violenza, si interroga sul concetto di egualitarismo di genere legato al microcosmo femminile.<\/p>\n<p><strong><span style=\"text-decoration: underline;\">\u00a0<\/span><\/strong><\/p>\n<p><strong><span style=\"text-decoration: underline;\">\u00a0Venerd\u00ec 15, sabato 16, domenica 17 luglio<\/span><\/strong><\/p>\n<p><strong>\u201cGoodnight peeping Tom\u201d<\/strong>, performance di Chiara Bersani sul desiderio sessuale e sulla sua possibilit\u00e0 di essere provato e provocato da corpi diversi per forme e storie. Progetto vincitore Bando.<\/p>\n<p><strong>\u201ciD\u201d<\/strong>, di Dynamis, performance per un solo spettatore che indaga la percezione dello sguardo e si apre ad un pi\u00f9 ampio interrogativo sulla definizione di identit\u00e0 individuale. Progetto vincitore Bando.<\/p>\n<p><strong>\u201cThe Love Box \u2013 Pink Room\u201d<\/strong>, di exvUoto teatro, performance sull&#8217;incontro tra due realt\u00e0 lontane e sulla scoperta di come a\u00a0 volte il nome intrappoli invece di aiutare, e di come imparare attraverso i nomi elimini possibilit\u00e0 invece di aggiungerle.<\/p>\n<p>\u00a0Con Antonia Bertagnon e Andrea Dellai e regia di Tommaso Franchin. Progetto vincitore Bando.<\/p>\n<p>\u00a0\u00a0\u00a0\u00a0\u00a0\u00a0\u00a0\u00a0\u00a0\u00a0\u00a0\u00a0\u00a0\u00a0\u00a0\u00a0\u00a0\u00a0\u00a0\u00a0\u00a0\u00a0\u00a0\u00a0\u00a0\u00a0\u00a0\u00a0\u00a0\u00a0\u00a0\u00a0\u00a0\u00a0\u00a0\u00a0\u00a0\u00a0\u00a0\u00a0\u00a0\u00a0\u00a0\u00a0\u00a0\u00a0\u00a0\u00a0\u00a0\u00a0\u00a0\u00a0\u00a0\u00a0\u00a0\u00a0\u00a0\u00a0\u00a0\u00a0\u00a0\u00a0\u00a0\u00a0\u00a0\u00a0\u00a0\u00a0<\/p>\n<p><strong>La seconda parte <\/strong>della manifestazione riprende a inizio settembre negli spazi della Tenuta con: <strong>\u201cAi bordi del cammino: un laboratorio ambulante\u201d <\/strong>di La Fabrique SoMArT,un lavoro di Serge Cartellier, anche performer con Olivier Py Boreel, sul cammino come metafora di trasformazione, un <strong>\u201cOmaggio a Demetrio Stratos \u201c, <\/strong>un concerto <span style=\"text-decoration: underline;\">in prima esecuzione<\/span> con David Moss, voce; Patrizio Fariselli, pianoforte e tastiere; Luigi Ceccarelli, elettronica; Antonio Caggiano, percussioni e la presentazione del libro fotografico \u201cStratos e Area\u201d di Silvia Lelli e Roberto Masotti;\u00a0 \u201c<strong>G i r l i s a G u n\u201d<\/strong>,\u00a0 di A j a R i o t \u2013 A l m a V e n u , L<strong>\u2019incontro<\/strong> \u201c<strong>Il genere nelle arti: cinema, performance, teatro, musica\u201d <\/strong>con interventi di Manuel Billi,\u00a0Giovanna Zapperi, Catherine Deutsch e Marco Pustianaz, discussant Daniele Del Pozzo, <strong>\u201cGinkgo\u201d<\/strong> di Giulia Quadrelli con la collaborazione di Luisa Borini, Alice Ruggero e Mario Scandale.<\/p>\n<p>In ottobre sono previsti: le installazioni \u201cLacuna\u201d di Afterall e \u201cThe Wood\u201d di Barbara Uccelli, la mostra fotografica \u201cBeautiful Men\u201d di Marcello Bonfanti, un concerto di <strong>ContempoArtEnsemble<\/strong> con musiche di Nicola Sani e Peter Maxwell Davies, la voce di Maurizio Leoni, le percussioni di Antonio Caggiano e la direzione di Vittorio Ceccanti,<strong> \u201cUntail 2000.16\u201d<\/strong> installazione performativa di e con Laura Pante in collaborazione con Emma Tramontana, \u201c<strong>All dressed up with nowhere to go\u201d <\/strong>di Giorgia Nardin,\u2028con Marco D&#8217;Agostin e Sara Leghissa; <strong>\u201cControversial\u201d<\/strong> di Albanian Dance Theatre, con la coreografia di Gjergj Prevazi e i danzatori Elton Ceca e Labinot Rexhepi.<\/p>\n<p>In programma a novembre <strong>\u201cWaiting Room\u201d<\/strong>,di Barbara Uccelli in scena con Cecilia Bertoni, musiche di Carl G. Beukman, azione scenica per due performer sulla disobbedienza e il rinnegamento delle aspettative sociali e <strong>\u201cDe-Gender\u201d <\/strong>(titolo provvisorio), spettacolo di danza di ANNAKI.\u00a0<\/p>\n<p>Concludono\u00a0 la programmazione\u00a0 del 2016, in dicembre, <strong>\u201cAppunti per un\u2019enciclopedia del maschile\u201d <\/strong>(titolo provvisorio) di Roberto Castello \/ ALDES e\u00a0 il concerto <strong>\u201cMaman o il Pene Eretto, viaggio musicale nelle trame di Louise Bourgeois\u201d<\/strong>, con Orchestra Operaia di Massimo Nunzi, <em>in prima assoluta<\/em>. \u201cAssemblaggi Provvisori\u201d prosegue fino alla primavera 2017.<\/p>\n<p>\u00a0<\/p>\n<p><strong>La manifestazione si svolge con il patrocinio del Comune di Capannori (Lucca).<\/strong><\/p>\n<p>\u00a0<\/p>\n<p><strong>I<\/strong><strong>l Progetto Dello Scompiglio\u00a0<\/strong>ideato e diretto da Cecilia Bertoni, prende vita nella omonima Tenuta, situata alle porte di Lucca, sulle colline di Vorno; una realt\u00e0 in cui le attivit\u00e0 legate alle arti visive e performatiche negli spazi interni ed esterni e il dialogo e le attivit\u00e0 con la terra, con il bosco, con la fauna, con l\u2019elemento architettonico contribuiscono a una ricerca di cultura. Ogni scelta relativa al Progetto \u00e8 perci\u00f2 valutata in relazione alla propria sostenibilit\u00e0 ambientale,\u00a0attraverso forme di interazione e di responsabilit\u00e0. All&#8217;interno della Tenuta Dello Scompiglio, accanto all&#8217;Azienda Agricola e alla Cucina Dello Scompiglio, opera l&#8217;omonima Associazione Culturale. L&#8217;Associazione dal 2007 crea, produce e ospita spettacoli, concerti, mostre, installazioni; realizza residenze di artisti, laboratori, corsi e workshop; organizza e propone itinerari performatici all\u2019aperto, visite guidate, lezioni Metodo Feldenkrais\u00ae; gestisce lo Spazio Performatico ed Espositivo (SPE). Una particolare attenzione \u00e8 dedicata infine alle attivit\u00e0 culturali per bambini e ragazzi, con rassegne teatrali, laboratori e campi estivi.<\/p>\n<p>(fonte: comunicato stampa)<\/p>\n<p style=\"text-align: left;\">\u00a0<\/p>\n<p style=\"text-align: left;\" align=\"center\"><strong>Informazioni e programmi\u00a0 <\/strong><a href=\"http:\/\/www.delloscompiglio.org\/\">www.delloscompiglio.org<\/a><\/p>\n<p style=\"text-align: left;\"><strong>\u00a0<\/strong><\/p>\n<p style=\"text-align: left;\"><strong>Biglietteria SPE: <\/strong>da gioved\u00ec a domenica ore 14.00-18.00 | 0583 971125 |\u00a0<a href=\"mailto:biglietteria@delloscompiglio.org\">biglietteria@delloscompiglio.org<\/a><\/p>\n","protected":false},"excerpt":{"rendered":"<p>A Vorno (Lucca), nella Tenuta Dello Scompiglio, da Marzo 2016 alla primavera 2017 la poliedrica rassegna organizzata dall&#8217;associazione culturale\u00a0 Dello<\/p>\n","protected":false},"author":1,"featured_media":0,"comment_status":"open","ping_status":"open","sticky":false,"template":"","format":"standard","meta":[],"categories":[27],"tags":[],"yoast_head":"<!-- This site is optimized with the Yoast SEO plugin v18.0 - https:\/\/yoast.com\/wordpress\/plugins\/seo\/ -->\n<title>Assemblaggi Provvisori | Arte e Luoghi<\/title>\n<meta name=\"robots\" content=\"index, follow, max-snippet:-1, max-image-preview:large, max-video-preview:-1\" \/>\n<link rel=\"canonical\" href=\"https:\/\/arteeluoghi.it\/index.php\/2016\/03\/10\/assemblaggi-provvisori-2\/\" \/>\n<meta property=\"og:locale\" content=\"it_IT\" \/>\n<meta property=\"og:type\" content=\"article\" \/>\n<meta property=\"og:title\" content=\"Assemblaggi Provvisori | Arte e Luoghi\" \/>\n<meta property=\"og:description\" content=\"A Vorno (Lucca), nella Tenuta Dello Scompiglio, da Marzo 2016 alla primavera 2017 la poliedrica rassegna organizzata dall&#8217;associazione culturale\u00a0 Dello\" \/>\n<meta property=\"og:url\" content=\"https:\/\/arteeluoghi.it\/index.php\/2016\/03\/10\/assemblaggi-provvisori-2\/\" \/>\n<meta property=\"og:site_name\" content=\"Arte e Luoghi\" \/>\n<meta property=\"article:publisher\" content=\"https:\/\/www.facebook.com\/ArteELuoghi\/\" \/>\n<meta property=\"article:published_time\" content=\"2016-03-10T20:30:27+00:00\" \/>\n<meta property=\"og:image\" content=\"https:\/\/arteeluoghi.it\/images\/Assemblaggi%20Provvisori_locandina%20manifesto_immagine%20di%20Cecilia%20Bertoni.jpg\" \/>\n<meta name=\"twitter:card\" content=\"summary\" \/>\n<meta name=\"twitter:creator\" content=\"@arteeluoghi\" \/>\n<meta name=\"twitter:site\" content=\"@arteeluoghi\" \/>\n<meta name=\"twitter:label1\" content=\"Scritto da\" \/>\n\t<meta name=\"twitter:data1\" content=\"Staff\" \/>\n\t<meta name=\"twitter:label2\" content=\"Tempo di lettura stimato\" \/>\n\t<meta name=\"twitter:data2\" content=\"11 minuti\" \/>\n<script type=\"application\/ld+json\" class=\"yoast-schema-graph\">{\"@context\":\"https:\/\/schema.org\",\"@graph\":[{\"@type\":\"Organization\",\"@id\":\"https:\/\/arteeluoghi.it\/#organization\",\"name\":\"Arte e Luoghi\",\"url\":\"https:\/\/arteeluoghi.it\/\",\"sameAs\":[\"https:\/\/www.facebook.com\/ArteELuoghi\/\",\"https:\/\/www.instagram.com\/arteeluoghi\/?hl=it\",\"https:\/\/www.youtube.com\/channel\/UCuRVc4JW4-C5sg9rQB-srkw?view_as=subscriber\",\"https:\/\/twitter.com\/arteeluoghi\"],\"logo\":{\"@type\":\"ImageObject\",\"@id\":\"https:\/\/arteeluoghi.it\/#logo\",\"inLanguage\":\"it-IT\",\"url\":\"https:\/\/arteeluoghi.it\/wp-content\/uploads\/2018\/08\/logoinstagramarte.jpg\",\"contentUrl\":\"https:\/\/arteeluoghi.it\/wp-content\/uploads\/2018\/08\/logoinstagramarte.jpg\",\"width\":150,\"height\":150,\"caption\":\"Arte e Luoghi\"},\"image\":{\"@id\":\"https:\/\/arteeluoghi.it\/#logo\"}},{\"@type\":\"WebSite\",\"@id\":\"https:\/\/arteeluoghi.it\/#website\",\"url\":\"https:\/\/arteeluoghi.it\/\",\"name\":\"Arte e Luoghi\",\"description\":\"Mensile di arte, cultura, turismo e curiosit\u00e0\",\"publisher\":{\"@id\":\"https:\/\/arteeluoghi.it\/#organization\"},\"potentialAction\":[{\"@type\":\"SearchAction\",\"target\":{\"@type\":\"EntryPoint\",\"urlTemplate\":\"https:\/\/arteeluoghi.it\/?s={search_term_string}\"},\"query-input\":\"required name=search_term_string\"}],\"inLanguage\":\"it-IT\"},{\"@type\":\"ImageObject\",\"@id\":\"https:\/\/arteeluoghi.it\/index.php\/2016\/03\/10\/assemblaggi-provvisori-2\/#primaryimage\",\"inLanguage\":\"it-IT\",\"url\":\"\/images\/Assemblaggi%20Provvisori_locandina%20manifesto_immagine%20di%20Cecilia%20Bertoni.jpg\",\"contentUrl\":\"\/images\/Assemblaggi%20Provvisori_locandina%20manifesto_immagine%20di%20Cecilia%20Bertoni.jpg\"},{\"@type\":\"WebPage\",\"@id\":\"https:\/\/arteeluoghi.it\/index.php\/2016\/03\/10\/assemblaggi-provvisori-2\/#webpage\",\"url\":\"https:\/\/arteeluoghi.it\/index.php\/2016\/03\/10\/assemblaggi-provvisori-2\/\",\"name\":\"Assemblaggi Provvisori | Arte e Luoghi\",\"isPartOf\":{\"@id\":\"https:\/\/arteeluoghi.it\/#website\"},\"primaryImageOfPage\":{\"@id\":\"https:\/\/arteeluoghi.it\/index.php\/2016\/03\/10\/assemblaggi-provvisori-2\/#primaryimage\"},\"datePublished\":\"2016-03-10T20:30:27+00:00\",\"dateModified\":\"2016-03-10T20:30:27+00:00\",\"breadcrumb\":{\"@id\":\"https:\/\/arteeluoghi.it\/index.php\/2016\/03\/10\/assemblaggi-provvisori-2\/#breadcrumb\"},\"inLanguage\":\"it-IT\",\"potentialAction\":[{\"@type\":\"ReadAction\",\"target\":[\"https:\/\/arteeluoghi.it\/index.php\/2016\/03\/10\/assemblaggi-provvisori-2\/\"]}]},{\"@type\":\"BreadcrumbList\",\"@id\":\"https:\/\/arteeluoghi.it\/index.php\/2016\/03\/10\/assemblaggi-provvisori-2\/#breadcrumb\",\"itemListElement\":[{\"@type\":\"ListItem\",\"position\":1,\"name\":\"Home\",\"item\":\"https:\/\/arteeluoghi.it\/\"},{\"@type\":\"ListItem\",\"position\":2,\"name\":\"Assemblaggi Provvisori\"}]},{\"@type\":\"Article\",\"@id\":\"https:\/\/arteeluoghi.it\/index.php\/2016\/03\/10\/assemblaggi-provvisori-2\/#article\",\"isPartOf\":{\"@id\":\"https:\/\/arteeluoghi.it\/index.php\/2016\/03\/10\/assemblaggi-provvisori-2\/#webpage\"},\"author\":{\"@id\":\"https:\/\/arteeluoghi.it\/#\/schema\/person\/f84e814e36e91e01448ee07eaadd41d4\"},\"headline\":\"Assemblaggi Provvisori\",\"datePublished\":\"2016-03-10T20:30:27+00:00\",\"dateModified\":\"2016-03-10T20:30:27+00:00\",\"mainEntityOfPage\":{\"@id\":\"https:\/\/arteeluoghi.it\/index.php\/2016\/03\/10\/assemblaggi-provvisori-2\/#webpage\"},\"wordCount\":2256,\"commentCount\":0,\"publisher\":{\"@id\":\"https:\/\/arteeluoghi.it\/#organization\"},\"image\":{\"@id\":\"https:\/\/arteeluoghi.it\/index.php\/2016\/03\/10\/assemblaggi-provvisori-2\/#primaryimage\"},\"thumbnailUrl\":\"\/images\/Assemblaggi%20Provvisori_locandina%20manifesto_immagine%20di%20Cecilia%20Bertoni.jpg\",\"articleSection\":[\"Arte\"],\"inLanguage\":\"it-IT\",\"potentialAction\":[{\"@type\":\"CommentAction\",\"name\":\"Comment\",\"target\":[\"https:\/\/arteeluoghi.it\/index.php\/2016\/03\/10\/assemblaggi-provvisori-2\/#respond\"]}]},{\"@type\":\"Person\",\"@id\":\"https:\/\/arteeluoghi.it\/#\/schema\/person\/f84e814e36e91e01448ee07eaadd41d4\",\"name\":\"Staff\",\"image\":{\"@type\":\"ImageObject\",\"@id\":\"https:\/\/arteeluoghi.it\/#personlogo\",\"inLanguage\":\"it-IT\",\"url\":\"https:\/\/secure.gravatar.com\/avatar\/49d2f9e46271bb04e19cebfaf141313a?s=96&d=blank&r=g\",\"contentUrl\":\"https:\/\/secure.gravatar.com\/avatar\/49d2f9e46271bb04e19cebfaf141313a?s=96&d=blank&r=g\",\"caption\":\"Staff\"}}]}<\/script>\n<!-- \/ Yoast SEO plugin. -->","yoast_head_json":{"title":"Assemblaggi Provvisori | Arte e Luoghi","robots":{"index":"index","follow":"follow","max-snippet":"max-snippet:-1","max-image-preview":"max-image-preview:large","max-video-preview":"max-video-preview:-1"},"canonical":"https:\/\/arteeluoghi.it\/index.php\/2016\/03\/10\/assemblaggi-provvisori-2\/","og_locale":"it_IT","og_type":"article","og_title":"Assemblaggi Provvisori | Arte e Luoghi","og_description":"A Vorno (Lucca), nella Tenuta Dello Scompiglio, da Marzo 2016 alla primavera 2017 la poliedrica rassegna organizzata dall&#8217;associazione culturale\u00a0 Dello","og_url":"https:\/\/arteeluoghi.it\/index.php\/2016\/03\/10\/assemblaggi-provvisori-2\/","og_site_name":"Arte e Luoghi","article_publisher":"https:\/\/www.facebook.com\/ArteELuoghi\/","article_published_time":"2016-03-10T20:30:27+00:00","og_image":[{"url":"https:\/\/arteeluoghi.it\/images\/Assemblaggi%20Provvisori_locandina%20manifesto_immagine%20di%20Cecilia%20Bertoni.jpg"}],"twitter_card":"summary","twitter_creator":"@arteeluoghi","twitter_site":"@arteeluoghi","twitter_misc":{"Scritto da":"Staff","Tempo di lettura stimato":"11 minuti"},"schema":{"@context":"https:\/\/schema.org","@graph":[{"@type":"Organization","@id":"https:\/\/arteeluoghi.it\/#organization","name":"Arte e Luoghi","url":"https:\/\/arteeluoghi.it\/","sameAs":["https:\/\/www.facebook.com\/ArteELuoghi\/","https:\/\/www.instagram.com\/arteeluoghi\/?hl=it","https:\/\/www.youtube.com\/channel\/UCuRVc4JW4-C5sg9rQB-srkw?view_as=subscriber","https:\/\/twitter.com\/arteeluoghi"],"logo":{"@type":"ImageObject","@id":"https:\/\/arteeluoghi.it\/#logo","inLanguage":"it-IT","url":"https:\/\/arteeluoghi.it\/wp-content\/uploads\/2018\/08\/logoinstagramarte.jpg","contentUrl":"https:\/\/arteeluoghi.it\/wp-content\/uploads\/2018\/08\/logoinstagramarte.jpg","width":150,"height":150,"caption":"Arte e Luoghi"},"image":{"@id":"https:\/\/arteeluoghi.it\/#logo"}},{"@type":"WebSite","@id":"https:\/\/arteeluoghi.it\/#website","url":"https:\/\/arteeluoghi.it\/","name":"Arte e Luoghi","description":"Mensile di arte, cultura, turismo e curiosit\u00e0","publisher":{"@id":"https:\/\/arteeluoghi.it\/#organization"},"potentialAction":[{"@type":"SearchAction","target":{"@type":"EntryPoint","urlTemplate":"https:\/\/arteeluoghi.it\/?s={search_term_string}"},"query-input":"required name=search_term_string"}],"inLanguage":"it-IT"},{"@type":"ImageObject","@id":"https:\/\/arteeluoghi.it\/index.php\/2016\/03\/10\/assemblaggi-provvisori-2\/#primaryimage","inLanguage":"it-IT","url":"\/images\/Assemblaggi%20Provvisori_locandina%20manifesto_immagine%20di%20Cecilia%20Bertoni.jpg","contentUrl":"\/images\/Assemblaggi%20Provvisori_locandina%20manifesto_immagine%20di%20Cecilia%20Bertoni.jpg"},{"@type":"WebPage","@id":"https:\/\/arteeluoghi.it\/index.php\/2016\/03\/10\/assemblaggi-provvisori-2\/#webpage","url":"https:\/\/arteeluoghi.it\/index.php\/2016\/03\/10\/assemblaggi-provvisori-2\/","name":"Assemblaggi Provvisori | Arte e Luoghi","isPartOf":{"@id":"https:\/\/arteeluoghi.it\/#website"},"primaryImageOfPage":{"@id":"https:\/\/arteeluoghi.it\/index.php\/2016\/03\/10\/assemblaggi-provvisori-2\/#primaryimage"},"datePublished":"2016-03-10T20:30:27+00:00","dateModified":"2016-03-10T20:30:27+00:00","breadcrumb":{"@id":"https:\/\/arteeluoghi.it\/index.php\/2016\/03\/10\/assemblaggi-provvisori-2\/#breadcrumb"},"inLanguage":"it-IT","potentialAction":[{"@type":"ReadAction","target":["https:\/\/arteeluoghi.it\/index.php\/2016\/03\/10\/assemblaggi-provvisori-2\/"]}]},{"@type":"BreadcrumbList","@id":"https:\/\/arteeluoghi.it\/index.php\/2016\/03\/10\/assemblaggi-provvisori-2\/#breadcrumb","itemListElement":[{"@type":"ListItem","position":1,"name":"Home","item":"https:\/\/arteeluoghi.it\/"},{"@type":"ListItem","position":2,"name":"Assemblaggi Provvisori"}]},{"@type":"Article","@id":"https:\/\/arteeluoghi.it\/index.php\/2016\/03\/10\/assemblaggi-provvisori-2\/#article","isPartOf":{"@id":"https:\/\/arteeluoghi.it\/index.php\/2016\/03\/10\/assemblaggi-provvisori-2\/#webpage"},"author":{"@id":"https:\/\/arteeluoghi.it\/#\/schema\/person\/f84e814e36e91e01448ee07eaadd41d4"},"headline":"Assemblaggi Provvisori","datePublished":"2016-03-10T20:30:27+00:00","dateModified":"2016-03-10T20:30:27+00:00","mainEntityOfPage":{"@id":"https:\/\/arteeluoghi.it\/index.php\/2016\/03\/10\/assemblaggi-provvisori-2\/#webpage"},"wordCount":2256,"commentCount":0,"publisher":{"@id":"https:\/\/arteeluoghi.it\/#organization"},"image":{"@id":"https:\/\/arteeluoghi.it\/index.php\/2016\/03\/10\/assemblaggi-provvisori-2\/#primaryimage"},"thumbnailUrl":"\/images\/Assemblaggi%20Provvisori_locandina%20manifesto_immagine%20di%20Cecilia%20Bertoni.jpg","articleSection":["Arte"],"inLanguage":"it-IT","potentialAction":[{"@type":"CommentAction","name":"Comment","target":["https:\/\/arteeluoghi.it\/index.php\/2016\/03\/10\/assemblaggi-provvisori-2\/#respond"]}]},{"@type":"Person","@id":"https:\/\/arteeluoghi.it\/#\/schema\/person\/f84e814e36e91e01448ee07eaadd41d4","name":"Staff","image":{"@type":"ImageObject","@id":"https:\/\/arteeluoghi.it\/#personlogo","inLanguage":"it-IT","url":"https:\/\/secure.gravatar.com\/avatar\/49d2f9e46271bb04e19cebfaf141313a?s=96&d=blank&r=g","contentUrl":"https:\/\/secure.gravatar.com\/avatar\/49d2f9e46271bb04e19cebfaf141313a?s=96&d=blank&r=g","caption":"Staff"}}]}},"_links":{"self":[{"href":"https:\/\/arteeluoghi.it\/index.php\/wp-json\/wp\/v2\/posts\/2478"}],"collection":[{"href":"https:\/\/arteeluoghi.it\/index.php\/wp-json\/wp\/v2\/posts"}],"about":[{"href":"https:\/\/arteeluoghi.it\/index.php\/wp-json\/wp\/v2\/types\/post"}],"author":[{"embeddable":true,"href":"https:\/\/arteeluoghi.it\/index.php\/wp-json\/wp\/v2\/users\/1"}],"replies":[{"embeddable":true,"href":"https:\/\/arteeluoghi.it\/index.php\/wp-json\/wp\/v2\/comments?post=2478"}],"version-history":[{"count":0,"href":"https:\/\/arteeluoghi.it\/index.php\/wp-json\/wp\/v2\/posts\/2478\/revisions"}],"wp:attachment":[{"href":"https:\/\/arteeluoghi.it\/index.php\/wp-json\/wp\/v2\/media?parent=2478"}],"wp:term":[{"taxonomy":"category","embeddable":true,"href":"https:\/\/arteeluoghi.it\/index.php\/wp-json\/wp\/v2\/categories?post=2478"},{"taxonomy":"post_tag","embeddable":true,"href":"https:\/\/arteeluoghi.it\/index.php\/wp-json\/wp\/v2\/tags?post=2478"}],"curies":[{"name":"wp","href":"https:\/\/api.w.org\/{rel}","templated":true}]}}