{"id":2484,"date":"2016-03-23T16:52:40","date_gmt":"2016-03-23T15:52:40","guid":{"rendered":"http:\/\/arteeluoghi.it\/index.php\/2016\/03\/23\/versi-come-perle\/"},"modified":"2016-03-23T16:52:40","modified_gmt":"2016-03-23T15:52:40","slug":"versi-come-perle","status":"publish","type":"post","link":"https:\/\/arteeluoghi.it\/index.php\/2016\/03\/23\/versi-come-perle\/","title":{"rendered":"Versi come perle"},"content":{"rendered":"<p style=\"text-align: left;\" align=\"center\"><img src=\"\/images\/locandina%20babbo.jpg\" border=\"0\" title=\"la locandina dell'evento\" width=\"200\" style=\"margin: 21px; float: right;\" \/>Gioved\u00ec 24 Marzo 2016 alla LIbreria La Feltrinelli di Lecce<\/p>\n<p style=\"text-align: left;\" align=\"center\"><strong>PERLE D\u2019EBANO di LUCIA BABBO <\/strong><\/p>\n<p align=\"center\"><strong>\u00a0<\/strong><\/p>\n<p>Dopo il successo di \u201cIncedi piano\u201d, l\u2019autrice salentina di origini abruzzesi <strong>Lucia Babbo<\/strong>, presenter\u00e0 <strong>gioved\u00ec 24 marzo p.v. alle ore 18:30, presso la libreria La Feltrinelli di Lecce, la sua terza silloge poetica \u201cPerle d\u2019ebano\u201d, edita da Albatros<\/strong>. Dialogher\u00e0 con l\u2019autrice <strong>Claudia Forcignan\u00f2<\/strong>, <strong>presidente dell\u2019associazione culturale Le cento pagine<\/strong>, durante la serata, i presenti saranno invitati a compiere un coinvolgente viaggio seguendo le emozioni e i pensieri dell\u2019autrice, che verso dopo verso si diramano cucendosi addosso al lettore, poich\u00e8, dote indiscussa di Lucia Babbo, \u00e8 proprio quella di raccontare, partendo dal proprio vissuto, esperienze che hanno avalenza universale.<\/p>\n<p>Dalla prefazione di Flavia Weisghizzi si legge: &#8220;Sono Perle d&#8217;ebano quelle che qui raccoglie Lucia Babbo, piccole perle preziose che racchiudono nel loro versificare, tutte l&#8217;intensit\u00e0 del sentire dell&#8217;autrice.<\/p>\n<p>  <!--more-->  <\/p>\n<p>Scorrendo queste pagine, \u00e8 piacevole scoprire come l&#8217;autrice si esprima con immediatezza, come se lo scrivere fosse una pulsione da soddisfare, una urgenza, eppure non per questo si astiene da una cura formale che offra rime e metrica, o anche per azzardate sperimentazioni che stravolgano le regole imposte. La lingua di &#8220;Perle d&#8217;ebano&#8221; \u00e8 articolata, ricca, ma allo stesso modo estremamente comunicativa: traspare chiara, fin dai primi versi, la volont\u00e0 di rendere facilmente comprensibile il proprio pensiero, senza svilirne per\u00f2 l&#8217;impeto creativo ed emozionale, ma esaltandolo con una parola talvolta desueta.&#8221;<\/p>\n<p>Al termine della serata, gli astanti saranno invitati ad un brindisi augurale cui seguir\u00e0 un buffet.<\/p>\n<p>(fonte: comunicato stampa)<\/p>\n","protected":false},"excerpt":{"rendered":"<p>Gioved\u00ec 24 Marzo 2016 alla LIbreria La Feltrinelli di Lecce PERLE D\u2019EBANO di LUCIA BABBO \u00a0 Dopo il successo di<\/p>\n","protected":false},"author":1,"featured_media":0,"comment_status":"open","ping_status":"open","sticky":false,"template":"","format":"standard","meta":[],"categories":[52],"tags":[],"yoast_head":"<!-- This site is optimized with the Yoast SEO plugin v18.0 - https:\/\/yoast.com\/wordpress\/plugins\/seo\/ -->\n<title>Versi come perle | Arte e Luoghi<\/title>\n<meta name=\"robots\" content=\"index, follow, max-snippet:-1, max-image-preview:large, max-video-preview:-1\" \/>\n<link rel=\"canonical\" href=\"https:\/\/arteeluoghi.it\/index.php\/2016\/03\/23\/versi-come-perle\/\" \/>\n<meta property=\"og:locale\" content=\"it_IT\" \/>\n<meta property=\"og:type\" content=\"article\" \/>\n<meta property=\"og:title\" content=\"Versi come perle | Arte e Luoghi\" \/>\n<meta property=\"og:description\" content=\"Gioved\u00ec 24 Marzo 2016 alla LIbreria La Feltrinelli di Lecce PERLE D\u2019EBANO di LUCIA BABBO \u00a0 Dopo il successo di\" \/>\n<meta property=\"og:url\" content=\"https:\/\/arteeluoghi.it\/index.php\/2016\/03\/23\/versi-come-perle\/\" \/>\n<meta property=\"og:site_name\" content=\"Arte e Luoghi\" \/>\n<meta property=\"article:publisher\" content=\"https:\/\/www.facebook.com\/ArteELuoghi\/\" \/>\n<meta property=\"article:published_time\" content=\"2016-03-23T15:52:40+00:00\" \/>\n<meta property=\"og:image\" content=\"https:\/\/arteeluoghi.it\/images\/locandina%20babbo.jpg\" \/>\n<meta name=\"twitter:card\" content=\"summary\" \/>\n<meta name=\"twitter:creator\" content=\"@arteeluoghi\" \/>\n<meta name=\"twitter:site\" content=\"@arteeluoghi\" \/>\n<meta name=\"twitter:label1\" content=\"Scritto da\" \/>\n\t<meta name=\"twitter:data1\" content=\"Staff\" \/>\n\t<meta name=\"twitter:label2\" content=\"Tempo di lettura stimato\" \/>\n\t<meta name=\"twitter:data2\" content=\"1 minuto\" \/>\n<script type=\"application\/ld+json\" class=\"yoast-schema-graph\">{\"@context\":\"https:\/\/schema.org\",\"@graph\":[{\"@type\":\"Organization\",\"@id\":\"https:\/\/arteeluoghi.it\/#organization\",\"name\":\"Arte e Luoghi\",\"url\":\"https:\/\/arteeluoghi.it\/\",\"sameAs\":[\"https:\/\/www.facebook.com\/ArteELuoghi\/\",\"https:\/\/www.instagram.com\/arteeluoghi\/?hl=it\",\"https:\/\/www.youtube.com\/channel\/UCuRVc4JW4-C5sg9rQB-srkw?view_as=subscriber\",\"https:\/\/twitter.com\/arteeluoghi\"],\"logo\":{\"@type\":\"ImageObject\",\"@id\":\"https:\/\/arteeluoghi.it\/#logo\",\"inLanguage\":\"it-IT\",\"url\":\"https:\/\/arteeluoghi.it\/wp-content\/uploads\/2018\/08\/logoinstagramarte.jpg\",\"contentUrl\":\"https:\/\/arteeluoghi.it\/wp-content\/uploads\/2018\/08\/logoinstagramarte.jpg\",\"width\":150,\"height\":150,\"caption\":\"Arte e Luoghi\"},\"image\":{\"@id\":\"https:\/\/arteeluoghi.it\/#logo\"}},{\"@type\":\"WebSite\",\"@id\":\"https:\/\/arteeluoghi.it\/#website\",\"url\":\"https:\/\/arteeluoghi.it\/\",\"name\":\"Arte e Luoghi\",\"description\":\"Mensile di arte, cultura, turismo e curiosit\u00e0\",\"publisher\":{\"@id\":\"https:\/\/arteeluoghi.it\/#organization\"},\"potentialAction\":[{\"@type\":\"SearchAction\",\"target\":{\"@type\":\"EntryPoint\",\"urlTemplate\":\"https:\/\/arteeluoghi.it\/?s={search_term_string}\"},\"query-input\":\"required name=search_term_string\"}],\"inLanguage\":\"it-IT\"},{\"@type\":\"ImageObject\",\"@id\":\"https:\/\/arteeluoghi.it\/index.php\/2016\/03\/23\/versi-come-perle\/#primaryimage\",\"inLanguage\":\"it-IT\",\"url\":\"\/images\/locandina%20babbo.jpg\",\"contentUrl\":\"\/images\/locandina%20babbo.jpg\"},{\"@type\":\"WebPage\",\"@id\":\"https:\/\/arteeluoghi.it\/index.php\/2016\/03\/23\/versi-come-perle\/#webpage\",\"url\":\"https:\/\/arteeluoghi.it\/index.php\/2016\/03\/23\/versi-come-perle\/\",\"name\":\"Versi come perle | Arte e Luoghi\",\"isPartOf\":{\"@id\":\"https:\/\/arteeluoghi.it\/#website\"},\"primaryImageOfPage\":{\"@id\":\"https:\/\/arteeluoghi.it\/index.php\/2016\/03\/23\/versi-come-perle\/#primaryimage\"},\"datePublished\":\"2016-03-23T15:52:40+00:00\",\"dateModified\":\"2016-03-23T15:52:40+00:00\",\"breadcrumb\":{\"@id\":\"https:\/\/arteeluoghi.it\/index.php\/2016\/03\/23\/versi-come-perle\/#breadcrumb\"},\"inLanguage\":\"it-IT\",\"potentialAction\":[{\"@type\":\"ReadAction\",\"target\":[\"https:\/\/arteeluoghi.it\/index.php\/2016\/03\/23\/versi-come-perle\/\"]}]},{\"@type\":\"BreadcrumbList\",\"@id\":\"https:\/\/arteeluoghi.it\/index.php\/2016\/03\/23\/versi-come-perle\/#breadcrumb\",\"itemListElement\":[{\"@type\":\"ListItem\",\"position\":1,\"name\":\"Home\",\"item\":\"https:\/\/arteeluoghi.it\/\"},{\"@type\":\"ListItem\",\"position\":2,\"name\":\"Versi come perle\"}]},{\"@type\":\"Article\",\"@id\":\"https:\/\/arteeluoghi.it\/index.php\/2016\/03\/23\/versi-come-perle\/#article\",\"isPartOf\":{\"@id\":\"https:\/\/arteeluoghi.it\/index.php\/2016\/03\/23\/versi-come-perle\/#webpage\"},\"author\":{\"@id\":\"https:\/\/arteeluoghi.it\/#\/schema\/person\/f84e814e36e91e01448ee07eaadd41d4\"},\"headline\":\"Versi come perle\",\"datePublished\":\"2016-03-23T15:52:40+00:00\",\"dateModified\":\"2016-03-23T15:52:40+00:00\",\"mainEntityOfPage\":{\"@id\":\"https:\/\/arteeluoghi.it\/index.php\/2016\/03\/23\/versi-come-perle\/#webpage\"},\"wordCount\":255,\"commentCount\":0,\"publisher\":{\"@id\":\"https:\/\/arteeluoghi.it\/#organization\"},\"image\":{\"@id\":\"https:\/\/arteeluoghi.it\/index.php\/2016\/03\/23\/versi-come-perle\/#primaryimage\"},\"thumbnailUrl\":\"\/images\/locandina%20babbo.jpg\",\"articleSection\":[\"I luoghi della parola\"],\"inLanguage\":\"it-IT\",\"potentialAction\":[{\"@type\":\"CommentAction\",\"name\":\"Comment\",\"target\":[\"https:\/\/arteeluoghi.it\/index.php\/2016\/03\/23\/versi-come-perle\/#respond\"]}]},{\"@type\":\"Person\",\"@id\":\"https:\/\/arteeluoghi.it\/#\/schema\/person\/f84e814e36e91e01448ee07eaadd41d4\",\"name\":\"Staff\",\"image\":{\"@type\":\"ImageObject\",\"@id\":\"https:\/\/arteeluoghi.it\/#personlogo\",\"inLanguage\":\"it-IT\",\"url\":\"https:\/\/secure.gravatar.com\/avatar\/49d2f9e46271bb04e19cebfaf141313a?s=96&d=blank&r=g\",\"contentUrl\":\"https:\/\/secure.gravatar.com\/avatar\/49d2f9e46271bb04e19cebfaf141313a?s=96&d=blank&r=g\",\"caption\":\"Staff\"}}]}<\/script>\n<!-- \/ Yoast SEO plugin. -->","yoast_head_json":{"title":"Versi come perle | Arte e Luoghi","robots":{"index":"index","follow":"follow","max-snippet":"max-snippet:-1","max-image-preview":"max-image-preview:large","max-video-preview":"max-video-preview:-1"},"canonical":"https:\/\/arteeluoghi.it\/index.php\/2016\/03\/23\/versi-come-perle\/","og_locale":"it_IT","og_type":"article","og_title":"Versi come perle | Arte e Luoghi","og_description":"Gioved\u00ec 24 Marzo 2016 alla LIbreria La Feltrinelli di Lecce PERLE D\u2019EBANO di LUCIA BABBO \u00a0 Dopo il successo di","og_url":"https:\/\/arteeluoghi.it\/index.php\/2016\/03\/23\/versi-come-perle\/","og_site_name":"Arte e Luoghi","article_publisher":"https:\/\/www.facebook.com\/ArteELuoghi\/","article_published_time":"2016-03-23T15:52:40+00:00","og_image":[{"url":"https:\/\/arteeluoghi.it\/images\/locandina%20babbo.jpg"}],"twitter_card":"summary","twitter_creator":"@arteeluoghi","twitter_site":"@arteeluoghi","twitter_misc":{"Scritto da":"Staff","Tempo di lettura stimato":"1 minuto"},"schema":{"@context":"https:\/\/schema.org","@graph":[{"@type":"Organization","@id":"https:\/\/arteeluoghi.it\/#organization","name":"Arte e Luoghi","url":"https:\/\/arteeluoghi.it\/","sameAs":["https:\/\/www.facebook.com\/ArteELuoghi\/","https:\/\/www.instagram.com\/arteeluoghi\/?hl=it","https:\/\/www.youtube.com\/channel\/UCuRVc4JW4-C5sg9rQB-srkw?view_as=subscriber","https:\/\/twitter.com\/arteeluoghi"],"logo":{"@type":"ImageObject","@id":"https:\/\/arteeluoghi.it\/#logo","inLanguage":"it-IT","url":"https:\/\/arteeluoghi.it\/wp-content\/uploads\/2018\/08\/logoinstagramarte.jpg","contentUrl":"https:\/\/arteeluoghi.it\/wp-content\/uploads\/2018\/08\/logoinstagramarte.jpg","width":150,"height":150,"caption":"Arte e Luoghi"},"image":{"@id":"https:\/\/arteeluoghi.it\/#logo"}},{"@type":"WebSite","@id":"https:\/\/arteeluoghi.it\/#website","url":"https:\/\/arteeluoghi.it\/","name":"Arte e Luoghi","description":"Mensile di arte, cultura, turismo e curiosit\u00e0","publisher":{"@id":"https:\/\/arteeluoghi.it\/#organization"},"potentialAction":[{"@type":"SearchAction","target":{"@type":"EntryPoint","urlTemplate":"https:\/\/arteeluoghi.it\/?s={search_term_string}"},"query-input":"required name=search_term_string"}],"inLanguage":"it-IT"},{"@type":"ImageObject","@id":"https:\/\/arteeluoghi.it\/index.php\/2016\/03\/23\/versi-come-perle\/#primaryimage","inLanguage":"it-IT","url":"\/images\/locandina%20babbo.jpg","contentUrl":"\/images\/locandina%20babbo.jpg"},{"@type":"WebPage","@id":"https:\/\/arteeluoghi.it\/index.php\/2016\/03\/23\/versi-come-perle\/#webpage","url":"https:\/\/arteeluoghi.it\/index.php\/2016\/03\/23\/versi-come-perle\/","name":"Versi come perle | Arte e Luoghi","isPartOf":{"@id":"https:\/\/arteeluoghi.it\/#website"},"primaryImageOfPage":{"@id":"https:\/\/arteeluoghi.it\/index.php\/2016\/03\/23\/versi-come-perle\/#primaryimage"},"datePublished":"2016-03-23T15:52:40+00:00","dateModified":"2016-03-23T15:52:40+00:00","breadcrumb":{"@id":"https:\/\/arteeluoghi.it\/index.php\/2016\/03\/23\/versi-come-perle\/#breadcrumb"},"inLanguage":"it-IT","potentialAction":[{"@type":"ReadAction","target":["https:\/\/arteeluoghi.it\/index.php\/2016\/03\/23\/versi-come-perle\/"]}]},{"@type":"BreadcrumbList","@id":"https:\/\/arteeluoghi.it\/index.php\/2016\/03\/23\/versi-come-perle\/#breadcrumb","itemListElement":[{"@type":"ListItem","position":1,"name":"Home","item":"https:\/\/arteeluoghi.it\/"},{"@type":"ListItem","position":2,"name":"Versi come perle"}]},{"@type":"Article","@id":"https:\/\/arteeluoghi.it\/index.php\/2016\/03\/23\/versi-come-perle\/#article","isPartOf":{"@id":"https:\/\/arteeluoghi.it\/index.php\/2016\/03\/23\/versi-come-perle\/#webpage"},"author":{"@id":"https:\/\/arteeluoghi.it\/#\/schema\/person\/f84e814e36e91e01448ee07eaadd41d4"},"headline":"Versi come perle","datePublished":"2016-03-23T15:52:40+00:00","dateModified":"2016-03-23T15:52:40+00:00","mainEntityOfPage":{"@id":"https:\/\/arteeluoghi.it\/index.php\/2016\/03\/23\/versi-come-perle\/#webpage"},"wordCount":255,"commentCount":0,"publisher":{"@id":"https:\/\/arteeluoghi.it\/#organization"},"image":{"@id":"https:\/\/arteeluoghi.it\/index.php\/2016\/03\/23\/versi-come-perle\/#primaryimage"},"thumbnailUrl":"\/images\/locandina%20babbo.jpg","articleSection":["I luoghi della parola"],"inLanguage":"it-IT","potentialAction":[{"@type":"CommentAction","name":"Comment","target":["https:\/\/arteeluoghi.it\/index.php\/2016\/03\/23\/versi-come-perle\/#respond"]}]},{"@type":"Person","@id":"https:\/\/arteeluoghi.it\/#\/schema\/person\/f84e814e36e91e01448ee07eaadd41d4","name":"Staff","image":{"@type":"ImageObject","@id":"https:\/\/arteeluoghi.it\/#personlogo","inLanguage":"it-IT","url":"https:\/\/secure.gravatar.com\/avatar\/49d2f9e46271bb04e19cebfaf141313a?s=96&d=blank&r=g","contentUrl":"https:\/\/secure.gravatar.com\/avatar\/49d2f9e46271bb04e19cebfaf141313a?s=96&d=blank&r=g","caption":"Staff"}}]}},"_links":{"self":[{"href":"https:\/\/arteeluoghi.it\/index.php\/wp-json\/wp\/v2\/posts\/2484"}],"collection":[{"href":"https:\/\/arteeluoghi.it\/index.php\/wp-json\/wp\/v2\/posts"}],"about":[{"href":"https:\/\/arteeluoghi.it\/index.php\/wp-json\/wp\/v2\/types\/post"}],"author":[{"embeddable":true,"href":"https:\/\/arteeluoghi.it\/index.php\/wp-json\/wp\/v2\/users\/1"}],"replies":[{"embeddable":true,"href":"https:\/\/arteeluoghi.it\/index.php\/wp-json\/wp\/v2\/comments?post=2484"}],"version-history":[{"count":0,"href":"https:\/\/arteeluoghi.it\/index.php\/wp-json\/wp\/v2\/posts\/2484\/revisions"}],"wp:attachment":[{"href":"https:\/\/arteeluoghi.it\/index.php\/wp-json\/wp\/v2\/media?parent=2484"}],"wp:term":[{"taxonomy":"category","embeddable":true,"href":"https:\/\/arteeluoghi.it\/index.php\/wp-json\/wp\/v2\/categories?post=2484"},{"taxonomy":"post_tag","embeddable":true,"href":"https:\/\/arteeluoghi.it\/index.php\/wp-json\/wp\/v2\/tags?post=2484"}],"curies":[{"name":"wp","href":"https:\/\/api.w.org\/{rel}","templated":true}]}}