{"id":2488,"date":"2016-03-26T21:20:54","date_gmt":"2016-03-26T20:20:54","guid":{"rendered":"http:\/\/arteeluoghi.it\/index.php\/2016\/03\/26\/heforshe-simone-ovart-a-casarano-lecce\/"},"modified":"2016-03-26T21:20:54","modified_gmt":"2016-03-26T20:20:54","slug":"heforshe-simone-ovart-a-casarano-lecce","status":"publish","type":"post","link":"https:\/\/arteeluoghi.it\/index.php\/2016\/03\/26\/heforshe-simone-ovart-a-casarano-lecce\/","title":{"rendered":"Heforshe. Simone Ovart a Casarano (Lecce)"},"content":{"rendered":"<p style=\"line-height: 150%;\"><img src=\"\/images\/convegnofidapa.jpg\" border=\"0\" title=\"la locandina dell'iniziativa\" width=\"200\" style=\"float: left; margin: 21px; border: 1px solid black;\" \/><span style=\"font-family: 'Arial','sans-serif';\"><span style=\"font-family: 'Tahoma','sans-serif';\">V<\/span><\/span><span style=\"font-family: 'Arial','sans-serif';\"><span style=\"font-family: 'Tahoma','sans-serif';\">enerd\u00ec 8 Aprile 2016 al teatro Manzoni di Casarano (Lecce)<\/span><\/span><strong><span style=\"font-family: 'Arial','sans-serif';\"><strong><span style=\"font-family: 'Tahoma','sans-serif';\"><br \/><\/span><\/strong><\/span><\/strong><\/p>\n<p style=\"text-align: justify; line-height: 150%;\"><strong><span style=\"font-family: 'Arial','sans-serif';\">La campagna internazionale dell\u2019Onu \u201cHeforshe\u201d fa tappa a Casarano grazie al\u2019iniziativa di Fidapa Casarano. Ospite anche\u00a0 la <\/span><\/strong><span style=\"font-family: 'Tahoma','sans-serif';\"><strong>presidente UN Women \u2013 Comitato Nazionale Italia Simone Ovart.<\/strong> <\/span><\/p>\n<p style=\"text-align: justify; line-height: 150%;\"><span style=\"font-family: 'Arial','sans-serif';\">\u00a0<\/span><\/p>\n<p style=\"text-align: justify; line-height: 150%;\"><span style=\"font-family: 'Arial','sans-serif';\">He<\/span><span style=\"font-family: 'Tahoma','sans-serif';\">\u00a0For She,<\/span><span style=\"font-family: 'Arial','sans-serif';\">\u00a0Lui <\/span><span style=\"font-family: 'Tahoma','sans-serif';\">per lei, la campagna internazionale promossa dalle Nazioni Uniti approda a Casarano e dalla cittadina della provincia di Lecce partir\u00e0 \u00a0l\u2019impegno di Fidapa (Federazione italiana Donne Arti Professioni e Affari) a promuovere su tutto il territorio nazionale il progetto di portata mondiale. Si tratta di una iniziativa lanciata dalla direttrice esecutiva di UN Women, Phumzile Mlambo-Ngcuka e che vede tra i sostenitori: Barak Obama, Emma Watson, Malala e tantissimi uomini e donne che credono nel sostegno dei diritti, del rispetto e della parit\u00e0 di genere e che lottano contro le discriminazioni. <strong>Al convegno nazionale dal titolo \u201c\u201c#<\/strong><\/span><strong><span style=\"font-family: 'Arial','sans-serif';\">He<\/span><\/strong><strong><span style=\"font-family: 'Tahoma','sans-serif';\">\u00a0For She\u00a0<a href=\"https:\/\/www.facebook.com\/hashtag\/lui?source=feed_text&amp;story_id=758748900926280\" target=\"_blank\"><span style=\"font-family: 'Arial','sans-serif';\">\u202a<\/span>#\u200eLui<\/a>\u00a0per lei \u2013 Insieme verso la Parit\u00e0 di genere\u201d, tra gli altri venerd\u00ec 8 Aprile 2016 alle ore 18.00,<\/span><\/strong><span style=\"font-family: 'Tahoma','sans-serif';\"> \u00a0al Teatro Manzoni , <strong>prender\u00e0 parte anche la vicepresidente del Senato Valeria Fedeli che ha aderito a questa campagna con l&#8217;impegno di promozione.\u00a0<\/strong><em>\u00a0Nel corso del convegno &#8211; al quale parteciperanno <\/em><strong>la Presidente UN Women \u2013Comitato Nazionale Italia Simone Ovart, la presidente nazionale FIDAPA BPW\u2013Italy Pia Petrucci, la presidente del distretto Sud Est di Fidapa Fiammetta Perrone e la presidente di Fidapa Casarano Maria Nuccio<\/strong> che ospita l\u2019evento- <em>sar\u00e0 sottoscritto un impegno di adesione a promuovere tale campagna su tutto il territorio Nazionale da parte della Fidapa BPW-Italy.<\/em><\/span><\/p>\n<p>  <!--more-->  <\/p>\n<p style=\"text-align: justify; line-height: 150%;\"><span style=\"font-family: 'Tahoma','sans-serif';\">\u00a0Il dibattito, moderato dalla giornalista Cecilia Leo, \u00a0servir\u00e0 a spiegare in cosa consiste la campagna dell\u2019Onu che \u00a0ha come principale obiettivo proprio quello di sensibilizzare e coinvolgere gli uomini affinch\u00e9 siano pi\u00f9 coscienti e partecipi al riconoscimento della parit\u00e0 di genere in Italia, in Europa e nel mondo, contribuendo a rimuovere tutti gli ostacoli che ne impediscono la piena realizzazione. All\u2019incontro prenderanno parte anche il prefetto di Lecce Claudio Palomba, il presidente della provincia Antonio Gabellone e il sindaco di Casarano Gianni Stefano. <\/span><\/p>\n<p style=\"text-align: justify; line-height: 150%;\"><span style=\"font-family: 'Tahoma','sans-serif';\">L\u2019evento \u00e8 patrocinato da FIDAPA BPW-Italy Distretto Sud-Est, dal Senato della Repubblica, da UN Women Comitato Nazionale Italia, dalla Regione Puglia, dalla Provincia di Lecce e dal Comune di Casarano.<\/span><\/p>\n<p><span style=\"font-family: 'Tahoma','sans-serif';\">\u201c<em>E\u2019 stata una scelta nata dalla sinergia tra la sezione di Casarano, da me guidata, la presidente di Fidapa Distretto Sud Est Fiammetta Perrone e la presidente nazionale Pia Petrucci, \u00a0quella di invitare la vicepresidente del Senato Valeria Fedeli \u00a0<\/em><\/span><em><span style=\"font-family: 'Arial','sans-serif';\">\u00a0\u00a0e la \u00a0<\/span><\/em><em><span style=\"font-family: 'Tahoma','sans-serif';\">presidente UN Women \u2013 Comitato Nazionale Italia Simone Ovart per avviare proprio dalla nostra cittadina una attivit\u00e0 di partecipazione \u00a0e promozione su tutto il territorio nazionale di HeforShe. E\u2019 un segnale forte che in questo modo abbiamo inteso inviare, \u00a0attraverso un convegno nazionale con ospiti di rilievo e con i vertici nazionali di Fidapa che estenderanno l\u2019attivit\u00e0 di sensibilizzazione e informazione della campagna dell\u2019Onu. Ci fa piacere che il nostro sforzo, quello di una piccola comunit\u00e0 rispetto a realt\u00e0 pi\u00f9 grandi possa essere apripista per \u00a0ulteriori progetti di condivisione e partecipazione che portino verso la parit\u00e0 di genere<\/span><\/em><span style=\"text-decoration: underline;\"><span style=\"font-family: 'Tahoma','sans-serif';\">\u201d, ha precisato la presidente di Fidapa Casarano Maria Nuccio. <\/span><\/span><\/p>\n<p>(fonte: comunicato stampa)<span style=\"text-decoration: underline;\"><br \/><\/span><\/p>\n","protected":false},"excerpt":{"rendered":"<p>Venerd\u00ec 8 Aprile 2016 al teatro Manzoni di Casarano (Lecce) La campagna internazionale dell\u2019Onu \u201cHeforshe\u201d fa tappa a Casarano grazie<\/p>\n","protected":false},"author":1,"featured_media":0,"comment_status":"open","ping_status":"open","sticky":false,"template":"","format":"standard","meta":[],"categories":[52],"tags":[],"yoast_head":"<!-- This site is optimized with the Yoast SEO plugin v18.0 - https:\/\/yoast.com\/wordpress\/plugins\/seo\/ -->\n<title>Heforshe. Simone Ovart a Casarano (Lecce) | Arte e Luoghi<\/title>\n<meta name=\"robots\" content=\"index, follow, max-snippet:-1, max-image-preview:large, max-video-preview:-1\" \/>\n<link rel=\"canonical\" href=\"https:\/\/arteeluoghi.it\/index.php\/2016\/03\/26\/heforshe-simone-ovart-a-casarano-lecce\/\" \/>\n<meta property=\"og:locale\" content=\"it_IT\" \/>\n<meta property=\"og:type\" content=\"article\" \/>\n<meta property=\"og:title\" content=\"Heforshe. Simone Ovart a Casarano (Lecce) | Arte e Luoghi\" \/>\n<meta property=\"og:description\" content=\"Venerd\u00ec 8 Aprile 2016 al teatro Manzoni di Casarano (Lecce) La campagna internazionale dell\u2019Onu \u201cHeforshe\u201d fa tappa a Casarano grazie\" \/>\n<meta property=\"og:url\" content=\"https:\/\/arteeluoghi.it\/index.php\/2016\/03\/26\/heforshe-simone-ovart-a-casarano-lecce\/\" \/>\n<meta property=\"og:site_name\" content=\"Arte e Luoghi\" \/>\n<meta property=\"article:publisher\" content=\"https:\/\/www.facebook.com\/ArteELuoghi\/\" \/>\n<meta property=\"article:published_time\" content=\"2016-03-26T20:20:54+00:00\" \/>\n<meta property=\"og:image\" content=\"https:\/\/arteeluoghi.it\/images\/convegnofidapa.jpg\" \/>\n<meta name=\"twitter:card\" content=\"summary\" \/>\n<meta name=\"twitter:creator\" content=\"@arteeluoghi\" \/>\n<meta name=\"twitter:site\" content=\"@arteeluoghi\" \/>\n<meta name=\"twitter:label1\" content=\"Scritto da\" \/>\n\t<meta name=\"twitter:data1\" content=\"Staff\" \/>\n\t<meta name=\"twitter:label2\" content=\"Tempo di lettura stimato\" \/>\n\t<meta name=\"twitter:data2\" content=\"3 minuti\" \/>\n<script type=\"application\/ld+json\" class=\"yoast-schema-graph\">{\"@context\":\"https:\/\/schema.org\",\"@graph\":[{\"@type\":\"Organization\",\"@id\":\"https:\/\/arteeluoghi.it\/#organization\",\"name\":\"Arte e Luoghi\",\"url\":\"https:\/\/arteeluoghi.it\/\",\"sameAs\":[\"https:\/\/www.facebook.com\/ArteELuoghi\/\",\"https:\/\/www.instagram.com\/arteeluoghi\/?hl=it\",\"https:\/\/www.youtube.com\/channel\/UCuRVc4JW4-C5sg9rQB-srkw?view_as=subscriber\",\"https:\/\/twitter.com\/arteeluoghi\"],\"logo\":{\"@type\":\"ImageObject\",\"@id\":\"https:\/\/arteeluoghi.it\/#logo\",\"inLanguage\":\"it-IT\",\"url\":\"https:\/\/arteeluoghi.it\/wp-content\/uploads\/2018\/08\/logoinstagramarte.jpg\",\"contentUrl\":\"https:\/\/arteeluoghi.it\/wp-content\/uploads\/2018\/08\/logoinstagramarte.jpg\",\"width\":150,\"height\":150,\"caption\":\"Arte e Luoghi\"},\"image\":{\"@id\":\"https:\/\/arteeluoghi.it\/#logo\"}},{\"@type\":\"WebSite\",\"@id\":\"https:\/\/arteeluoghi.it\/#website\",\"url\":\"https:\/\/arteeluoghi.it\/\",\"name\":\"Arte e Luoghi\",\"description\":\"Mensile di arte, cultura, turismo e curiosit\u00e0\",\"publisher\":{\"@id\":\"https:\/\/arteeluoghi.it\/#organization\"},\"potentialAction\":[{\"@type\":\"SearchAction\",\"target\":{\"@type\":\"EntryPoint\",\"urlTemplate\":\"https:\/\/arteeluoghi.it\/?s={search_term_string}\"},\"query-input\":\"required name=search_term_string\"}],\"inLanguage\":\"it-IT\"},{\"@type\":\"ImageObject\",\"@id\":\"https:\/\/arteeluoghi.it\/index.php\/2016\/03\/26\/heforshe-simone-ovart-a-casarano-lecce\/#primaryimage\",\"inLanguage\":\"it-IT\",\"url\":\"\/images\/convegnofidapa.jpg\",\"contentUrl\":\"\/images\/convegnofidapa.jpg\"},{\"@type\":\"WebPage\",\"@id\":\"https:\/\/arteeluoghi.it\/index.php\/2016\/03\/26\/heforshe-simone-ovart-a-casarano-lecce\/#webpage\",\"url\":\"https:\/\/arteeluoghi.it\/index.php\/2016\/03\/26\/heforshe-simone-ovart-a-casarano-lecce\/\",\"name\":\"Heforshe. Simone Ovart a Casarano (Lecce) | Arte e Luoghi\",\"isPartOf\":{\"@id\":\"https:\/\/arteeluoghi.it\/#website\"},\"primaryImageOfPage\":{\"@id\":\"https:\/\/arteeluoghi.it\/index.php\/2016\/03\/26\/heforshe-simone-ovart-a-casarano-lecce\/#primaryimage\"},\"datePublished\":\"2016-03-26T20:20:54+00:00\",\"dateModified\":\"2016-03-26T20:20:54+00:00\",\"breadcrumb\":{\"@id\":\"https:\/\/arteeluoghi.it\/index.php\/2016\/03\/26\/heforshe-simone-ovart-a-casarano-lecce\/#breadcrumb\"},\"inLanguage\":\"it-IT\",\"potentialAction\":[{\"@type\":\"ReadAction\",\"target\":[\"https:\/\/arteeluoghi.it\/index.php\/2016\/03\/26\/heforshe-simone-ovart-a-casarano-lecce\/\"]}]},{\"@type\":\"BreadcrumbList\",\"@id\":\"https:\/\/arteeluoghi.it\/index.php\/2016\/03\/26\/heforshe-simone-ovart-a-casarano-lecce\/#breadcrumb\",\"itemListElement\":[{\"@type\":\"ListItem\",\"position\":1,\"name\":\"Home\",\"item\":\"https:\/\/arteeluoghi.it\/\"},{\"@type\":\"ListItem\",\"position\":2,\"name\":\"Heforshe. Simone Ovart a Casarano (Lecce)\"}]},{\"@type\":\"Article\",\"@id\":\"https:\/\/arteeluoghi.it\/index.php\/2016\/03\/26\/heforshe-simone-ovart-a-casarano-lecce\/#article\",\"isPartOf\":{\"@id\":\"https:\/\/arteeluoghi.it\/index.php\/2016\/03\/26\/heforshe-simone-ovart-a-casarano-lecce\/#webpage\"},\"author\":{\"@id\":\"https:\/\/arteeluoghi.it\/#\/schema\/person\/f84e814e36e91e01448ee07eaadd41d4\"},\"headline\":\"Heforshe. Simone Ovart a Casarano (Lecce)\",\"datePublished\":\"2016-03-26T20:20:54+00:00\",\"dateModified\":\"2016-03-26T20:20:54+00:00\",\"mainEntityOfPage\":{\"@id\":\"https:\/\/arteeluoghi.it\/index.php\/2016\/03\/26\/heforshe-simone-ovart-a-casarano-lecce\/#webpage\"},\"wordCount\":517,\"commentCount\":0,\"publisher\":{\"@id\":\"https:\/\/arteeluoghi.it\/#organization\"},\"image\":{\"@id\":\"https:\/\/arteeluoghi.it\/index.php\/2016\/03\/26\/heforshe-simone-ovart-a-casarano-lecce\/#primaryimage\"},\"thumbnailUrl\":\"\/images\/convegnofidapa.jpg\",\"articleSection\":[\"I luoghi della parola\"],\"inLanguage\":\"it-IT\",\"potentialAction\":[{\"@type\":\"CommentAction\",\"name\":\"Comment\",\"target\":[\"https:\/\/arteeluoghi.it\/index.php\/2016\/03\/26\/heforshe-simone-ovart-a-casarano-lecce\/#respond\"]}]},{\"@type\":\"Person\",\"@id\":\"https:\/\/arteeluoghi.it\/#\/schema\/person\/f84e814e36e91e01448ee07eaadd41d4\",\"name\":\"Staff\",\"image\":{\"@type\":\"ImageObject\",\"@id\":\"https:\/\/arteeluoghi.it\/#personlogo\",\"inLanguage\":\"it-IT\",\"url\":\"https:\/\/secure.gravatar.com\/avatar\/49d2f9e46271bb04e19cebfaf141313a?s=96&d=blank&r=g\",\"contentUrl\":\"https:\/\/secure.gravatar.com\/avatar\/49d2f9e46271bb04e19cebfaf141313a?s=96&d=blank&r=g\",\"caption\":\"Staff\"}}]}<\/script>\n<!-- \/ Yoast SEO plugin. -->","yoast_head_json":{"title":"Heforshe. Simone Ovart a Casarano (Lecce) | Arte e Luoghi","robots":{"index":"index","follow":"follow","max-snippet":"max-snippet:-1","max-image-preview":"max-image-preview:large","max-video-preview":"max-video-preview:-1"},"canonical":"https:\/\/arteeluoghi.it\/index.php\/2016\/03\/26\/heforshe-simone-ovart-a-casarano-lecce\/","og_locale":"it_IT","og_type":"article","og_title":"Heforshe. Simone Ovart a Casarano (Lecce) | Arte e Luoghi","og_description":"Venerd\u00ec 8 Aprile 2016 al teatro Manzoni di Casarano (Lecce) La campagna internazionale dell\u2019Onu \u201cHeforshe\u201d fa tappa a Casarano grazie","og_url":"https:\/\/arteeluoghi.it\/index.php\/2016\/03\/26\/heforshe-simone-ovart-a-casarano-lecce\/","og_site_name":"Arte e Luoghi","article_publisher":"https:\/\/www.facebook.com\/ArteELuoghi\/","article_published_time":"2016-03-26T20:20:54+00:00","og_image":[{"url":"https:\/\/arteeluoghi.it\/images\/convegnofidapa.jpg"}],"twitter_card":"summary","twitter_creator":"@arteeluoghi","twitter_site":"@arteeluoghi","twitter_misc":{"Scritto da":"Staff","Tempo di lettura stimato":"3 minuti"},"schema":{"@context":"https:\/\/schema.org","@graph":[{"@type":"Organization","@id":"https:\/\/arteeluoghi.it\/#organization","name":"Arte e Luoghi","url":"https:\/\/arteeluoghi.it\/","sameAs":["https:\/\/www.facebook.com\/ArteELuoghi\/","https:\/\/www.instagram.com\/arteeluoghi\/?hl=it","https:\/\/www.youtube.com\/channel\/UCuRVc4JW4-C5sg9rQB-srkw?view_as=subscriber","https:\/\/twitter.com\/arteeluoghi"],"logo":{"@type":"ImageObject","@id":"https:\/\/arteeluoghi.it\/#logo","inLanguage":"it-IT","url":"https:\/\/arteeluoghi.it\/wp-content\/uploads\/2018\/08\/logoinstagramarte.jpg","contentUrl":"https:\/\/arteeluoghi.it\/wp-content\/uploads\/2018\/08\/logoinstagramarte.jpg","width":150,"height":150,"caption":"Arte e Luoghi"},"image":{"@id":"https:\/\/arteeluoghi.it\/#logo"}},{"@type":"WebSite","@id":"https:\/\/arteeluoghi.it\/#website","url":"https:\/\/arteeluoghi.it\/","name":"Arte e Luoghi","description":"Mensile di arte, cultura, turismo e curiosit\u00e0","publisher":{"@id":"https:\/\/arteeluoghi.it\/#organization"},"potentialAction":[{"@type":"SearchAction","target":{"@type":"EntryPoint","urlTemplate":"https:\/\/arteeluoghi.it\/?s={search_term_string}"},"query-input":"required name=search_term_string"}],"inLanguage":"it-IT"},{"@type":"ImageObject","@id":"https:\/\/arteeluoghi.it\/index.php\/2016\/03\/26\/heforshe-simone-ovart-a-casarano-lecce\/#primaryimage","inLanguage":"it-IT","url":"\/images\/convegnofidapa.jpg","contentUrl":"\/images\/convegnofidapa.jpg"},{"@type":"WebPage","@id":"https:\/\/arteeluoghi.it\/index.php\/2016\/03\/26\/heforshe-simone-ovart-a-casarano-lecce\/#webpage","url":"https:\/\/arteeluoghi.it\/index.php\/2016\/03\/26\/heforshe-simone-ovart-a-casarano-lecce\/","name":"Heforshe. Simone Ovart a Casarano (Lecce) | Arte e Luoghi","isPartOf":{"@id":"https:\/\/arteeluoghi.it\/#website"},"primaryImageOfPage":{"@id":"https:\/\/arteeluoghi.it\/index.php\/2016\/03\/26\/heforshe-simone-ovart-a-casarano-lecce\/#primaryimage"},"datePublished":"2016-03-26T20:20:54+00:00","dateModified":"2016-03-26T20:20:54+00:00","breadcrumb":{"@id":"https:\/\/arteeluoghi.it\/index.php\/2016\/03\/26\/heforshe-simone-ovart-a-casarano-lecce\/#breadcrumb"},"inLanguage":"it-IT","potentialAction":[{"@type":"ReadAction","target":["https:\/\/arteeluoghi.it\/index.php\/2016\/03\/26\/heforshe-simone-ovart-a-casarano-lecce\/"]}]},{"@type":"BreadcrumbList","@id":"https:\/\/arteeluoghi.it\/index.php\/2016\/03\/26\/heforshe-simone-ovart-a-casarano-lecce\/#breadcrumb","itemListElement":[{"@type":"ListItem","position":1,"name":"Home","item":"https:\/\/arteeluoghi.it\/"},{"@type":"ListItem","position":2,"name":"Heforshe. Simone Ovart a Casarano (Lecce)"}]},{"@type":"Article","@id":"https:\/\/arteeluoghi.it\/index.php\/2016\/03\/26\/heforshe-simone-ovart-a-casarano-lecce\/#article","isPartOf":{"@id":"https:\/\/arteeluoghi.it\/index.php\/2016\/03\/26\/heforshe-simone-ovart-a-casarano-lecce\/#webpage"},"author":{"@id":"https:\/\/arteeluoghi.it\/#\/schema\/person\/f84e814e36e91e01448ee07eaadd41d4"},"headline":"Heforshe. Simone Ovart a Casarano (Lecce)","datePublished":"2016-03-26T20:20:54+00:00","dateModified":"2016-03-26T20:20:54+00:00","mainEntityOfPage":{"@id":"https:\/\/arteeluoghi.it\/index.php\/2016\/03\/26\/heforshe-simone-ovart-a-casarano-lecce\/#webpage"},"wordCount":517,"commentCount":0,"publisher":{"@id":"https:\/\/arteeluoghi.it\/#organization"},"image":{"@id":"https:\/\/arteeluoghi.it\/index.php\/2016\/03\/26\/heforshe-simone-ovart-a-casarano-lecce\/#primaryimage"},"thumbnailUrl":"\/images\/convegnofidapa.jpg","articleSection":["I luoghi della parola"],"inLanguage":"it-IT","potentialAction":[{"@type":"CommentAction","name":"Comment","target":["https:\/\/arteeluoghi.it\/index.php\/2016\/03\/26\/heforshe-simone-ovart-a-casarano-lecce\/#respond"]}]},{"@type":"Person","@id":"https:\/\/arteeluoghi.it\/#\/schema\/person\/f84e814e36e91e01448ee07eaadd41d4","name":"Staff","image":{"@type":"ImageObject","@id":"https:\/\/arteeluoghi.it\/#personlogo","inLanguage":"it-IT","url":"https:\/\/secure.gravatar.com\/avatar\/49d2f9e46271bb04e19cebfaf141313a?s=96&d=blank&r=g","contentUrl":"https:\/\/secure.gravatar.com\/avatar\/49d2f9e46271bb04e19cebfaf141313a?s=96&d=blank&r=g","caption":"Staff"}}]}},"_links":{"self":[{"href":"https:\/\/arteeluoghi.it\/index.php\/wp-json\/wp\/v2\/posts\/2488"}],"collection":[{"href":"https:\/\/arteeluoghi.it\/index.php\/wp-json\/wp\/v2\/posts"}],"about":[{"href":"https:\/\/arteeluoghi.it\/index.php\/wp-json\/wp\/v2\/types\/post"}],"author":[{"embeddable":true,"href":"https:\/\/arteeluoghi.it\/index.php\/wp-json\/wp\/v2\/users\/1"}],"replies":[{"embeddable":true,"href":"https:\/\/arteeluoghi.it\/index.php\/wp-json\/wp\/v2\/comments?post=2488"}],"version-history":[{"count":0,"href":"https:\/\/arteeluoghi.it\/index.php\/wp-json\/wp\/v2\/posts\/2488\/revisions"}],"wp:attachment":[{"href":"https:\/\/arteeluoghi.it\/index.php\/wp-json\/wp\/v2\/media?parent=2488"}],"wp:term":[{"taxonomy":"category","embeddable":true,"href":"https:\/\/arteeluoghi.it\/index.php\/wp-json\/wp\/v2\/categories?post=2488"},{"taxonomy":"post_tag","embeddable":true,"href":"https:\/\/arteeluoghi.it\/index.php\/wp-json\/wp\/v2\/tags?post=2488"}],"curies":[{"name":"wp","href":"https:\/\/api.w.org\/{rel}","templated":true}]}}