{"id":249,"date":"2011-04-16T23:00:00","date_gmt":"2011-04-16T21:00:00","guid":{"rendered":"http:\/\/arteeluoghi.it\/index.php\/2011\/04\/16\/una-pioggia-di-premi-archivia-la-xii-edizione-del-festival-del-cinema-europeo\/"},"modified":"2017-08-06T03:05:24","modified_gmt":"2017-08-06T01:05:24","slug":"una-pioggia-di-premi-archivia-la-xii-edizione-del-festival-del-cinema-europeo","status":"publish","type":"post","link":"https:\/\/arteeluoghi.it\/index.php\/2011\/04\/16\/una-pioggia-di-premi-archivia-la-xii-edizione-del-festival-del-cinema-europeo\/","title":{"rendered":"UNA PIOGGIA DI PREMI ARCHIVIA LA XII EDIZIONE DEL FESTIVAL  DEL CINEMA EUROPEO"},"content":{"rendered":"<p><img src=\"\/images\/stories\/11042011227.jpg\" border=\"0\" width=\"350\" style=\"margin: 12px; float: left;\" \/>UNA PIOGGIA DI PREMI ARCHIVIA LA XII EDIZIONE DEL FESTIVAL DEL CINEMA EUROPEO DI LECCE<\/p>\n<p>GRAN FINALE AL MULTISALA MASSIMO<\/p>\n<p>Con  un parterre d&#8217;eccezione, in sala erano presenti, tra gli altri, Toni  Servillo e i fratelli Carlo Luca e Silvia Verdone, il produttore Paulo  Branco, il giornalista Morando Moradini l&#8217;attrice Piera degli Esposti,  il regista Emidio Greco l&#8217;attore Giuseppe Battiston\u00a0 tutti applauditissimi da un  pubblico numeroso che ha sfidato un sabato uggioso per assistere alla  premiazione della XII edizione del Festival diretto da Cristina Soldano e  Alberto La Monica. Un festival che \u00e8 cresciuto notevolmente e che  quest&#8217;anno ha fatto un salto di qualit\u00e0 a detta di tutti, dagli ospiti  agli addetti ai lavori, premiando gli sforzi organizzativi  dell&#8217;associazione &#8220;Art Promotion&#8221;.  <!--more-->  <\/p>\n<p>Felici  di riunirsi a Lecce, i fratelli Verdone hanno premiato con lo splendido  &#8220;ciak&#8221; creato dal designer Gianni De Benedittis del brand  &#8220;futuroRemoto&#8221;<strong> <\/strong> <strong>Aureliano Amadei<\/strong> per il suo &#8220;20 sigarette&#8221; <strong><strong>con Carolina Crescentini e Vinicio\u00a0Marchioni<\/strong><\/strong>.   Ennesimo successo per il film d\u2019esordio del giovane regista che,   all\u2019ultima edizione della Mostra del Cinema di Venezia, si era   aggiudicato, sempre con questa pellicola, la sezione Controcampo   italiano.<br \/> <strong>La pellicola vincitrice, tratta dal romanzo &#8220;Venti sigarette a Nassirya&#8221;<\/strong> \u00e8 arrivata nelle sale cinematografiche lo scorso settembre. Ambientata   nel 2003 racconta la storia di Aureliano (Giorgio Colangeli), un 28enne   precario nel lavoro e negli affetti, che all&#8217;improvviso riceve  l&#8217;offerta  di lavoro davvero imperdibile. <br \/> Partire come aiuto regista alla preparazione di un film che si svolge  in  Iraq con il regista Stefano Rolla (Vinicio Marchioni). Aureliano non  fa  in tempo a finire un pacchetto di sigarette che si ritrova  protagonista  della tragedia dell&#8217;attentato alla caserma di Nassirya del  12 Novembre  2003. E&#8217; l&#8217;unico &#8220;civile&#8221; sopravvissuto di una strage che  ha ucciso ben  19 italiani. <br \/> Con parole e immagini, il regista riesce a raccontare al pubblico la   storia di questi due protagonisti e la intreccia con la vera storia   d\u2019Italia. Un modo per vedere il nostro mondo e raccontare a occhi aperti   le vicende degli italiani impegnati nelle varie missioni all\u2019estero. <\/p>\n<p> Sulla scelta del vincitore, <strong>Carlo Verdone <\/strong>ha commentato: \u00ab<em>Abbiamo   scelto 20 sigarette perch\u00e9 lo abbiamo ritenuto di forte attualit\u00e0. \u00c8  un  film con un linguaggio diverso, la cui chiave vincente \u00e8 da trovare  in  una regia snella e in un\u2019interpretazione di Vinicio Marchioni che ha   fatto la differenza. \u00c8 un attore in progressione, lo abbiamo visto   sempre nel ruolo di burbero ma in questo film mostra candore e   leggerezza. Si sta rivelando un attore completo<\/em>\u00bb.<\/p>\n<p>Al<span style=\"font-size: 12px;\"><span style=\"font-family: Arial;\">la lettura della motivazione<strong> <\/strong>: <em>\u201cIl  premio \u00e8 stato attribuito ad Amadei perch\u00e9 riesce a bilanciare la  cronaca di un recente tragico episodio di storia nazionale con una  storia privata di crescita generazionale, dimostrando che tutti gli  avvenimenti della Storia con la \u2018S\u2019 maiuscola riguardano profondamente  anche le nostre singole storie personali\u201d davvero toccanti sono state le parole del regista che ha voluto dedicare a Vittorio Arrigoni &#8220;non perch\u00e9 era un italiano ma perch\u00e9 era un innocente&#8221;. <\/em><\/span><\/span><\/p>\n<p>La giuria internazionale composta da Alberto Barbera, Paulo Branco, Giuseppe Battiston, Elizabeth<br \/> Missland e Marina Sanna hanno assegnato i seguenti premi:<br \/> Premio Ulivo D\u2019Oro al film serbo \u2013 tedesco The Woman with a Broken Nose di Srdan Koljevic<br \/> Premio per la Miglior Sceneggiatura<br \/> For 80 Days (Spagna) di Jon Gara\u00f1o e Jos\u00e9 Mari Goenaga<br \/> Premio Speciale della Giuria \u00e8 assegnato ex aequo a:<br \/> Amnesty (Albania, Grecia, Francia) di Bujar Alimani<br \/> Erratum (Polonia) di Marek Lechki<br \/> Con la seguente motivazione: \u201cLa grande qualit\u00e0 dei film in concorso ha convinto i giurati ad assegnare ex<br \/> aequo a due film il Premio speciale della giuria in quanto eliminarne uno significava fare comunque un torto,<br \/> anche perch\u00e9 il Premio per la Fotografia ha minore importanza. In questo modo si \u00e8 potuto onorare entrambi<br \/> i film\u201d.<br \/> La giuria FIPRESCI composta da Alberto Castellano, Jean-Max Mejean, Diana Nenadic \u00e8 stato assegnato<br \/> a: a Amnesty (Albania) di Bujar Alimani<br \/> Premio SNGCI (Sindacato Nazionale Giornalisti Cinematografici) al migliore attrice\/attore europeo \u00e8 stato<br \/> assegnato a Merab Ninidze per il film The Camera Murderer (Austria, Svizzera, Ungheria) di Robert Adrian<br \/> Pejo.<br \/> Con la seguente motivazione: \u201cA Merab Ninidze protagonista del film The camera murderer di Robert<br \/> Adrian Pejo per un&#8217;interpretazione perfettamente in sintonia con una sceneggiatura che tiene alta, anche<br \/> grazie all&#8217;impegno del cast, la tensione non solo emotiva del racconto\u201d.<br \/> Premio Officine LAB al Miglior attrice\/attore non protagonista \u00e8 stato assegnato a Piera Degli Esposti per<br \/> il film I bambini della sua vita (Italia) di Peter Marcias.<br \/> Premio Cineuropa a Amnesty di Bujar Alimani<br \/> Con la seguente motivazione: \u201cPer aver ritratto l\u2019intensa storia di una societ\u00e0 persa nella transizione,<br \/> attraverso una storia d\u2019amore destinata ad una tragica fine\u201d.<br \/> Premi Puglia Show, consistenti nel Premio Nazionale del Cortometraggio e nel Premio Augustus<br \/> Color, assegnati dalla giuria composta da Vincenzo Camerino, Giuliano Capani e Alessandro Valenti, vanno<br \/> entrambi a:<br \/> Il signor H di Mirko Dilorenzo con Alessandro Haber<br \/> Con la seguente motivazione: \u201cper la capacit\u00e0 di analisi introspettica del personaggio coniugata con una<br \/> visionariet\u00e0 registica\u201d.<br \/> Una Menzione speciale \u00e8 stata attribuita invece a: Darkness within James Kendall<br \/> Con la seguente motivazione: \u201cper la ricchezza delle soluzioni registiche, specialmente nella tenuta tecnico<br \/> figurativo\u201d.<\/p>\n<p>\u00a0<\/p>\n<p>Ulivo d\u2019Oro a The Woman with a Broken Nose di Srdan Koljevic<br \/> Premio Mario Verdone a Aureliano Amadei per 20 sigarette<br \/> Premio SNGCI al migliore attore europeo Merab Ninidze per il film The Camera Murderer di<br \/> Robert Adrian Pejo<br \/> Premo Officine LAB a Piera Degli Esposti per il film I bambini della sua vita di Peter Marcias<br \/> Premio FIPRESCI a Amnesty di Bujar Alimani<br \/> Premio Cineuropa a Amnesty di Bujar Alimani<br \/> Premio Rotary International a Man at sea di Constantine Giannaris<\/p>\n<p>Premi Puglia Show a Il signor H di Mirko Dilorenzo e Darkness Within di James Kendall)<\/p>\n","protected":false},"excerpt":{"rendered":"<p>UNA PIOGGIA DI PREMI ARCHIVIA LA XII EDIZIONE DEL FESTIVAL DEL CINEMA EUROPEO DI LECCE GRAN FINALE AL MULTISALA MASSIMO<\/p>\n","protected":false},"author":1,"featured_media":0,"comment_status":"open","ping_status":"open","sticky":false,"template":"","format":"standard","meta":[],"categories":[29],"tags":[],"yoast_head":"<!-- This site is optimized with the Yoast SEO plugin v18.0 - https:\/\/yoast.com\/wordpress\/plugins\/seo\/ -->\n<title>UNA PIOGGIA DI PREMI ARCHIVIA LA XII EDIZIONE DEL FESTIVAL DEL CINEMA EUROPEO | Arte e Luoghi<\/title>\n<meta name=\"robots\" content=\"index, follow, max-snippet:-1, max-image-preview:large, max-video-preview:-1\" \/>\n<link rel=\"canonical\" href=\"https:\/\/arteeluoghi.it\/index.php\/2011\/04\/16\/una-pioggia-di-premi-archivia-la-xii-edizione-del-festival-del-cinema-europeo\/\" \/>\n<meta property=\"og:locale\" content=\"it_IT\" \/>\n<meta property=\"og:type\" content=\"article\" \/>\n<meta property=\"og:title\" content=\"UNA PIOGGIA DI PREMI ARCHIVIA LA XII EDIZIONE DEL FESTIVAL DEL CINEMA EUROPEO | Arte e Luoghi\" \/>\n<meta property=\"og:description\" content=\"UNA PIOGGIA DI PREMI ARCHIVIA LA XII EDIZIONE DEL FESTIVAL DEL CINEMA EUROPEO DI LECCE GRAN FINALE AL MULTISALA MASSIMO\" \/>\n<meta property=\"og:url\" content=\"https:\/\/arteeluoghi.it\/index.php\/2011\/04\/16\/una-pioggia-di-premi-archivia-la-xii-edizione-del-festival-del-cinema-europeo\/\" \/>\n<meta property=\"og:site_name\" content=\"Arte e Luoghi\" \/>\n<meta property=\"article:publisher\" content=\"https:\/\/www.facebook.com\/ArteELuoghi\/\" \/>\n<meta property=\"article:published_time\" content=\"2011-04-16T21:00:00+00:00\" \/>\n<meta property=\"article:modified_time\" content=\"2017-08-06T01:05:24+00:00\" \/>\n<meta property=\"og:image\" content=\"https:\/\/arteeluoghi.it\/images\/stories\/11042011227.jpg\" \/>\n<meta name=\"twitter:card\" content=\"summary\" \/>\n<meta name=\"twitter:creator\" content=\"@arteeluoghi\" \/>\n<meta name=\"twitter:site\" content=\"@arteeluoghi\" \/>\n<meta name=\"twitter:label1\" content=\"Scritto da\" \/>\n\t<meta name=\"twitter:data1\" content=\"Staff\" \/>\n\t<meta name=\"twitter:label2\" content=\"Tempo di lettura stimato\" \/>\n\t<meta name=\"twitter:data2\" content=\"5 minuti\" \/>\n<script type=\"application\/ld+json\" class=\"yoast-schema-graph\">{\"@context\":\"https:\/\/schema.org\",\"@graph\":[{\"@type\":\"Organization\",\"@id\":\"https:\/\/arteeluoghi.it\/#organization\",\"name\":\"Arte e Luoghi\",\"url\":\"https:\/\/arteeluoghi.it\/\",\"sameAs\":[\"https:\/\/www.facebook.com\/ArteELuoghi\/\",\"https:\/\/www.instagram.com\/arteeluoghi\/?hl=it\",\"https:\/\/www.youtube.com\/channel\/UCuRVc4JW4-C5sg9rQB-srkw?view_as=subscriber\",\"https:\/\/twitter.com\/arteeluoghi\"],\"logo\":{\"@type\":\"ImageObject\",\"@id\":\"https:\/\/arteeluoghi.it\/#logo\",\"inLanguage\":\"it-IT\",\"url\":\"https:\/\/arteeluoghi.it\/wp-content\/uploads\/2018\/08\/logoinstagramarte.jpg\",\"contentUrl\":\"https:\/\/arteeluoghi.it\/wp-content\/uploads\/2018\/08\/logoinstagramarte.jpg\",\"width\":150,\"height\":150,\"caption\":\"Arte e Luoghi\"},\"image\":{\"@id\":\"https:\/\/arteeluoghi.it\/#logo\"}},{\"@type\":\"WebSite\",\"@id\":\"https:\/\/arteeluoghi.it\/#website\",\"url\":\"https:\/\/arteeluoghi.it\/\",\"name\":\"Arte e Luoghi\",\"description\":\"Mensile di arte, cultura, turismo e curiosit\u00e0\",\"publisher\":{\"@id\":\"https:\/\/arteeluoghi.it\/#organization\"},\"potentialAction\":[{\"@type\":\"SearchAction\",\"target\":{\"@type\":\"EntryPoint\",\"urlTemplate\":\"https:\/\/arteeluoghi.it\/?s={search_term_string}\"},\"query-input\":\"required name=search_term_string\"}],\"inLanguage\":\"it-IT\"},{\"@type\":\"ImageObject\",\"@id\":\"https:\/\/arteeluoghi.it\/index.php\/2011\/04\/16\/una-pioggia-di-premi-archivia-la-xii-edizione-del-festival-del-cinema-europeo\/#primaryimage\",\"inLanguage\":\"it-IT\",\"url\":\"\/images\/stories\/11042011227.jpg\",\"contentUrl\":\"\/images\/stories\/11042011227.jpg\"},{\"@type\":\"WebPage\",\"@id\":\"https:\/\/arteeluoghi.it\/index.php\/2011\/04\/16\/una-pioggia-di-premi-archivia-la-xii-edizione-del-festival-del-cinema-europeo\/#webpage\",\"url\":\"https:\/\/arteeluoghi.it\/index.php\/2011\/04\/16\/una-pioggia-di-premi-archivia-la-xii-edizione-del-festival-del-cinema-europeo\/\",\"name\":\"UNA PIOGGIA DI PREMI ARCHIVIA LA XII EDIZIONE DEL FESTIVAL DEL CINEMA EUROPEO | Arte e Luoghi\",\"isPartOf\":{\"@id\":\"https:\/\/arteeluoghi.it\/#website\"},\"primaryImageOfPage\":{\"@id\":\"https:\/\/arteeluoghi.it\/index.php\/2011\/04\/16\/una-pioggia-di-premi-archivia-la-xii-edizione-del-festival-del-cinema-europeo\/#primaryimage\"},\"datePublished\":\"2011-04-16T21:00:00+00:00\",\"dateModified\":\"2017-08-06T01:05:24+00:00\",\"breadcrumb\":{\"@id\":\"https:\/\/arteeluoghi.it\/index.php\/2011\/04\/16\/una-pioggia-di-premi-archivia-la-xii-edizione-del-festival-del-cinema-europeo\/#breadcrumb\"},\"inLanguage\":\"it-IT\",\"potentialAction\":[{\"@type\":\"ReadAction\",\"target\":[\"https:\/\/arteeluoghi.it\/index.php\/2011\/04\/16\/una-pioggia-di-premi-archivia-la-xii-edizione-del-festival-del-cinema-europeo\/\"]}]},{\"@type\":\"BreadcrumbList\",\"@id\":\"https:\/\/arteeluoghi.it\/index.php\/2011\/04\/16\/una-pioggia-di-premi-archivia-la-xii-edizione-del-festival-del-cinema-europeo\/#breadcrumb\",\"itemListElement\":[{\"@type\":\"ListItem\",\"position\":1,\"name\":\"Home\",\"item\":\"https:\/\/arteeluoghi.it\/\"},{\"@type\":\"ListItem\",\"position\":2,\"name\":\"UNA PIOGGIA DI PREMI ARCHIVIA LA XII EDIZIONE DEL FESTIVAL DEL CINEMA EUROPEO\"}]},{\"@type\":\"Article\",\"@id\":\"https:\/\/arteeluoghi.it\/index.php\/2011\/04\/16\/una-pioggia-di-premi-archivia-la-xii-edizione-del-festival-del-cinema-europeo\/#article\",\"isPartOf\":{\"@id\":\"https:\/\/arteeluoghi.it\/index.php\/2011\/04\/16\/una-pioggia-di-premi-archivia-la-xii-edizione-del-festival-del-cinema-europeo\/#webpage\"},\"author\":{\"@id\":\"https:\/\/arteeluoghi.it\/#\/schema\/person\/f84e814e36e91e01448ee07eaadd41d4\"},\"headline\":\"UNA PIOGGIA DI PREMI ARCHIVIA LA XII EDIZIONE DEL FESTIVAL DEL CINEMA EUROPEO\",\"datePublished\":\"2011-04-16T21:00:00+00:00\",\"dateModified\":\"2017-08-06T01:05:24+00:00\",\"mainEntityOfPage\":{\"@id\":\"https:\/\/arteeluoghi.it\/index.php\/2011\/04\/16\/una-pioggia-di-premi-archivia-la-xii-edizione-del-festival-del-cinema-europeo\/#webpage\"},\"wordCount\":949,\"commentCount\":0,\"publisher\":{\"@id\":\"https:\/\/arteeluoghi.it\/#organization\"},\"image\":{\"@id\":\"https:\/\/arteeluoghi.it\/index.php\/2011\/04\/16\/una-pioggia-di-premi-archivia-la-xii-edizione-del-festival-del-cinema-europeo\/#primaryimage\"},\"thumbnailUrl\":\"\/images\/stories\/11042011227.jpg\",\"articleSection\":[\"Cinema\"],\"inLanguage\":\"it-IT\",\"potentialAction\":[{\"@type\":\"CommentAction\",\"name\":\"Comment\",\"target\":[\"https:\/\/arteeluoghi.it\/index.php\/2011\/04\/16\/una-pioggia-di-premi-archivia-la-xii-edizione-del-festival-del-cinema-europeo\/#respond\"]}]},{\"@type\":\"Person\",\"@id\":\"https:\/\/arteeluoghi.it\/#\/schema\/person\/f84e814e36e91e01448ee07eaadd41d4\",\"name\":\"Staff\",\"image\":{\"@type\":\"ImageObject\",\"@id\":\"https:\/\/arteeluoghi.it\/#personlogo\",\"inLanguage\":\"it-IT\",\"url\":\"https:\/\/secure.gravatar.com\/avatar\/49d2f9e46271bb04e19cebfaf141313a?s=96&d=blank&r=g\",\"contentUrl\":\"https:\/\/secure.gravatar.com\/avatar\/49d2f9e46271bb04e19cebfaf141313a?s=96&d=blank&r=g\",\"caption\":\"Staff\"}}]}<\/script>\n<!-- \/ Yoast SEO plugin. -->","yoast_head_json":{"title":"UNA PIOGGIA DI PREMI ARCHIVIA LA XII EDIZIONE DEL FESTIVAL DEL CINEMA EUROPEO | Arte e Luoghi","robots":{"index":"index","follow":"follow","max-snippet":"max-snippet:-1","max-image-preview":"max-image-preview:large","max-video-preview":"max-video-preview:-1"},"canonical":"https:\/\/arteeluoghi.it\/index.php\/2011\/04\/16\/una-pioggia-di-premi-archivia-la-xii-edizione-del-festival-del-cinema-europeo\/","og_locale":"it_IT","og_type":"article","og_title":"UNA PIOGGIA DI PREMI ARCHIVIA LA XII EDIZIONE DEL FESTIVAL DEL CINEMA EUROPEO | Arte e Luoghi","og_description":"UNA PIOGGIA DI PREMI ARCHIVIA LA XII EDIZIONE DEL FESTIVAL DEL CINEMA EUROPEO DI LECCE GRAN FINALE AL MULTISALA MASSIMO","og_url":"https:\/\/arteeluoghi.it\/index.php\/2011\/04\/16\/una-pioggia-di-premi-archivia-la-xii-edizione-del-festival-del-cinema-europeo\/","og_site_name":"Arte e Luoghi","article_publisher":"https:\/\/www.facebook.com\/ArteELuoghi\/","article_published_time":"2011-04-16T21:00:00+00:00","article_modified_time":"2017-08-06T01:05:24+00:00","og_image":[{"url":"https:\/\/arteeluoghi.it\/images\/stories\/11042011227.jpg"}],"twitter_card":"summary","twitter_creator":"@arteeluoghi","twitter_site":"@arteeluoghi","twitter_misc":{"Scritto da":"Staff","Tempo di lettura stimato":"5 minuti"},"schema":{"@context":"https:\/\/schema.org","@graph":[{"@type":"Organization","@id":"https:\/\/arteeluoghi.it\/#organization","name":"Arte e Luoghi","url":"https:\/\/arteeluoghi.it\/","sameAs":["https:\/\/www.facebook.com\/ArteELuoghi\/","https:\/\/www.instagram.com\/arteeluoghi\/?hl=it","https:\/\/www.youtube.com\/channel\/UCuRVc4JW4-C5sg9rQB-srkw?view_as=subscriber","https:\/\/twitter.com\/arteeluoghi"],"logo":{"@type":"ImageObject","@id":"https:\/\/arteeluoghi.it\/#logo","inLanguage":"it-IT","url":"https:\/\/arteeluoghi.it\/wp-content\/uploads\/2018\/08\/logoinstagramarte.jpg","contentUrl":"https:\/\/arteeluoghi.it\/wp-content\/uploads\/2018\/08\/logoinstagramarte.jpg","width":150,"height":150,"caption":"Arte e Luoghi"},"image":{"@id":"https:\/\/arteeluoghi.it\/#logo"}},{"@type":"WebSite","@id":"https:\/\/arteeluoghi.it\/#website","url":"https:\/\/arteeluoghi.it\/","name":"Arte e Luoghi","description":"Mensile di arte, cultura, turismo e curiosit\u00e0","publisher":{"@id":"https:\/\/arteeluoghi.it\/#organization"},"potentialAction":[{"@type":"SearchAction","target":{"@type":"EntryPoint","urlTemplate":"https:\/\/arteeluoghi.it\/?s={search_term_string}"},"query-input":"required name=search_term_string"}],"inLanguage":"it-IT"},{"@type":"ImageObject","@id":"https:\/\/arteeluoghi.it\/index.php\/2011\/04\/16\/una-pioggia-di-premi-archivia-la-xii-edizione-del-festival-del-cinema-europeo\/#primaryimage","inLanguage":"it-IT","url":"\/images\/stories\/11042011227.jpg","contentUrl":"\/images\/stories\/11042011227.jpg"},{"@type":"WebPage","@id":"https:\/\/arteeluoghi.it\/index.php\/2011\/04\/16\/una-pioggia-di-premi-archivia-la-xii-edizione-del-festival-del-cinema-europeo\/#webpage","url":"https:\/\/arteeluoghi.it\/index.php\/2011\/04\/16\/una-pioggia-di-premi-archivia-la-xii-edizione-del-festival-del-cinema-europeo\/","name":"UNA PIOGGIA DI PREMI ARCHIVIA LA XII EDIZIONE DEL FESTIVAL DEL CINEMA EUROPEO | Arte e Luoghi","isPartOf":{"@id":"https:\/\/arteeluoghi.it\/#website"},"primaryImageOfPage":{"@id":"https:\/\/arteeluoghi.it\/index.php\/2011\/04\/16\/una-pioggia-di-premi-archivia-la-xii-edizione-del-festival-del-cinema-europeo\/#primaryimage"},"datePublished":"2011-04-16T21:00:00+00:00","dateModified":"2017-08-06T01:05:24+00:00","breadcrumb":{"@id":"https:\/\/arteeluoghi.it\/index.php\/2011\/04\/16\/una-pioggia-di-premi-archivia-la-xii-edizione-del-festival-del-cinema-europeo\/#breadcrumb"},"inLanguage":"it-IT","potentialAction":[{"@type":"ReadAction","target":["https:\/\/arteeluoghi.it\/index.php\/2011\/04\/16\/una-pioggia-di-premi-archivia-la-xii-edizione-del-festival-del-cinema-europeo\/"]}]},{"@type":"BreadcrumbList","@id":"https:\/\/arteeluoghi.it\/index.php\/2011\/04\/16\/una-pioggia-di-premi-archivia-la-xii-edizione-del-festival-del-cinema-europeo\/#breadcrumb","itemListElement":[{"@type":"ListItem","position":1,"name":"Home","item":"https:\/\/arteeluoghi.it\/"},{"@type":"ListItem","position":2,"name":"UNA PIOGGIA DI PREMI ARCHIVIA LA XII EDIZIONE DEL FESTIVAL DEL CINEMA EUROPEO"}]},{"@type":"Article","@id":"https:\/\/arteeluoghi.it\/index.php\/2011\/04\/16\/una-pioggia-di-premi-archivia-la-xii-edizione-del-festival-del-cinema-europeo\/#article","isPartOf":{"@id":"https:\/\/arteeluoghi.it\/index.php\/2011\/04\/16\/una-pioggia-di-premi-archivia-la-xii-edizione-del-festival-del-cinema-europeo\/#webpage"},"author":{"@id":"https:\/\/arteeluoghi.it\/#\/schema\/person\/f84e814e36e91e01448ee07eaadd41d4"},"headline":"UNA PIOGGIA DI PREMI ARCHIVIA LA XII EDIZIONE DEL FESTIVAL DEL CINEMA EUROPEO","datePublished":"2011-04-16T21:00:00+00:00","dateModified":"2017-08-06T01:05:24+00:00","mainEntityOfPage":{"@id":"https:\/\/arteeluoghi.it\/index.php\/2011\/04\/16\/una-pioggia-di-premi-archivia-la-xii-edizione-del-festival-del-cinema-europeo\/#webpage"},"wordCount":949,"commentCount":0,"publisher":{"@id":"https:\/\/arteeluoghi.it\/#organization"},"image":{"@id":"https:\/\/arteeluoghi.it\/index.php\/2011\/04\/16\/una-pioggia-di-premi-archivia-la-xii-edizione-del-festival-del-cinema-europeo\/#primaryimage"},"thumbnailUrl":"\/images\/stories\/11042011227.jpg","articleSection":["Cinema"],"inLanguage":"it-IT","potentialAction":[{"@type":"CommentAction","name":"Comment","target":["https:\/\/arteeluoghi.it\/index.php\/2011\/04\/16\/una-pioggia-di-premi-archivia-la-xii-edizione-del-festival-del-cinema-europeo\/#respond"]}]},{"@type":"Person","@id":"https:\/\/arteeluoghi.it\/#\/schema\/person\/f84e814e36e91e01448ee07eaadd41d4","name":"Staff","image":{"@type":"ImageObject","@id":"https:\/\/arteeluoghi.it\/#personlogo","inLanguage":"it-IT","url":"https:\/\/secure.gravatar.com\/avatar\/49d2f9e46271bb04e19cebfaf141313a?s=96&d=blank&r=g","contentUrl":"https:\/\/secure.gravatar.com\/avatar\/49d2f9e46271bb04e19cebfaf141313a?s=96&d=blank&r=g","caption":"Staff"}}]}},"_links":{"self":[{"href":"https:\/\/arteeluoghi.it\/index.php\/wp-json\/wp\/v2\/posts\/249"}],"collection":[{"href":"https:\/\/arteeluoghi.it\/index.php\/wp-json\/wp\/v2\/posts"}],"about":[{"href":"https:\/\/arteeluoghi.it\/index.php\/wp-json\/wp\/v2\/types\/post"}],"author":[{"embeddable":true,"href":"https:\/\/arteeluoghi.it\/index.php\/wp-json\/wp\/v2\/users\/1"}],"replies":[{"embeddable":true,"href":"https:\/\/arteeluoghi.it\/index.php\/wp-json\/wp\/v2\/comments?post=249"}],"version-history":[{"count":1,"href":"https:\/\/arteeluoghi.it\/index.php\/wp-json\/wp\/v2\/posts\/249\/revisions"}],"predecessor-version":[{"id":2858,"href":"https:\/\/arteeluoghi.it\/index.php\/wp-json\/wp\/v2\/posts\/249\/revisions\/2858"}],"wp:attachment":[{"href":"https:\/\/arteeluoghi.it\/index.php\/wp-json\/wp\/v2\/media?parent=249"}],"wp:term":[{"taxonomy":"category","embeddable":true,"href":"https:\/\/arteeluoghi.it\/index.php\/wp-json\/wp\/v2\/categories?post=249"},{"taxonomy":"post_tag","embeddable":true,"href":"https:\/\/arteeluoghi.it\/index.php\/wp-json\/wp\/v2\/tags?post=249"}],"curies":[{"name":"wp","href":"https:\/\/api.w.org\/{rel}","templated":true}]}}