{"id":2507,"date":"2016-04-01T14:18:18","date_gmt":"2016-04-01T12:18:18","guid":{"rendered":"http:\/\/arteeluoghi.it\/index.php\/2016\/04\/01\/noi-e-la-costituzione-secondo-corso-dell-universita-di-strada\/"},"modified":"2017-08-05T17:59:46","modified_gmt":"2017-08-05T15:59:46","slug":"noi-e-la-costituzione-secondo-corso-dell-universita-di-strada","status":"publish","type":"post","link":"https:\/\/arteeluoghi.it\/index.php\/2016\/04\/01\/noi-e-la-costituzione-secondo-corso-dell-universita-di-strada\/","title":{"rendered":"Noi e la Costituzione. Secondo corso dell&#8217;Universit\u00e0 di Strada"},"content":{"rendered":"<p><span class=\"_fbReactionComponent__eventDetailsContent fsl\"><span class=\"_fbReactionComponent__eventDetailsContent fsl\"><img src=\"\/images\/universita%20di%20strada.jpg\" border=\"0\" title=\"la mappa degli incontri per il 5 aprile 2016\" width=\"300\" style=\"margin: 21px; float: left;\" \/>A Lecce il 5 aprile c\/o Libreria Adriatica (aula 1), Ergot (aula 2), Fondo Verri (aula 4)<br \/> <\/span><\/span><\/p>\n<p><span class=\"_fbReactionComponent__eventDetailsContent fsl\"><strong>NOI E LA COSTITUZIONE<\/strong><br \/>\u00a0 <br \/> Dopo il brillante esordio lo scorso marzo l&#8217;Universit\u00e0 di Strada, <span class=\"_fbReactionComponent__eventDetailsContent fsl\">progetto di Lecce bene<\/span> comune, d\u00e0 appuntamento con tre nuovi incontri per il secondo corso in programma il prossimo 5 aprile, naturalmente nel centro storico di Lecce. Tema centrale delle lezioni, aperte a tutta la cittadinanza, sar\u00e0 la Costituzione. <\/span><\/p>\n<p><span class=\"_fbReactionComponent__eventDetailsContent fsl\">Si partir\u00e0 alle ore 18 presso la Saletta letteraria &#8220;Mino Carbone&#8221; della Libreria Adriatica dove il<span class=\"_fbReactionComponent__eventDetailsContent fsl\"> prof. Michele Carducci terr\u00e0 <\/span>una lezione intitolata \u201cIl diritto all&#8217;esistenza dignitosa tra Costituzione e Unione europea\u201d. <span class=\"_fbReactionComponent__eventDetailsContent fsl\"><span class=\"text_exposed_show\">Il tema discusso dal prof. Carducci riguarda l\u2019evoluzione del \u201cdiritto all\u2019esistenza dignitosa\u201d, riconosciuto e tutelato per la prima volta dalla Costituzione italiana e poi previsto da altre successive Costituzioni nel mondo, ma progressivamente eroso e ridimensionato dal processo di integrazione europea.<\/span><\/span><\/span><\/p>\n<p>  <!--more-->  <\/p>\n<p><span class=\"_fbReactionComponent__eventDetailsContent fsl\"><\/p>\n<p>\u00a0\u201cLa tutela dei diritti civili nella Costituzione Italiana\u201d sar\u00e0 invece il tema della lezione tenuta dal prof. Mario Esposito, sempre nella stessa giornata, ma alle ore 19:30 presso le Officine culturali Ergot.\u00a0 <span class=\"_fbReactionComponent__eventDetailsContent fsl\"><span class=\"text_exposed_show\"><span class=\"_fbReactionComponent__eventDetailsContent fsl\"><span class=\"text_exposed_show\">Riconosciuti implicitamente nei Principi fondamentali della Carta Costituzionale, i diritti civili sono espressi negli articoli 13-28. L\u2019articolo 21, in particolare, tutela la libert\u00e0 di pensiero e di opinione come uno dei diritti civili e politici del cittadino, stabilendo che tutti, senza discriminanti, \u201channo diritto di manifestare liberamente il loro pensiero con la parola, lo scritto e ogni altro mezzo di diffusione.&#8221;<\/span><\/span><\/span><\/span><br \/> Chiuder\u00e0 la giornata una lezione del prof. Nicola Grasso presso il Fondo Verri <span class=\"text_exposed_show\">(ore 21) dal titolo \u201cDalla Costituzione del 1948 al referendum del 2016\u201d. Per il prof. Grasso, dopo la modifica del sistema elettorale, il tema delle riforme costituzionali \u00e8<br \/> stato oggetto del programma di molti governi, che si sono appropriati di una prerogativa tipicamente parlamentare. A distanza di 10 anni esatti da referendum del 2006 che aveva bocciato la riforma proposta dal governo di centro destra ora si profila una nuova legge di revisione costituzionale, proposta dall\u2019attuale governo, che tocca alcuni aspetti nevralgici del quadro istituzionale e che potrebbe anche riverberare i suoi effetti sull\u2019assetto dei poteri e sulla effettivit\u00e0 della democrazia. Il popolo sar\u00e0 nuovamente chiamato a pronunciarsi sulla nuova riforma ed \u00e8 fondamentale che siano chiari tutti gli effetti che la riforma produrr\u00e0.<\/span><\/span><\/p>\n<p><span class=\"_fbReactionComponent__eventDetailsContent fsl\"><span class=\"text_exposed_show\">(fonte: comunicato stampa)<br \/><\/span><\/span><\/p>\n<p><span class=\"_fbReactionComponent__eventDetailsContent fsl\"><span class=\"text_exposed_show\"><a href=\"https:\/\/arteeluoghi.it\/index.php\/2016\/03\/01\/universita-di-strada\/\">Approfondimenti<\/a><br \/><\/span><\/span><\/p>\n","protected":false},"excerpt":{"rendered":"<p>A Lecce il 5 aprile c\/o Libreria Adriatica (aula 1), Ergot (aula 2), Fondo Verri (aula 4) NOI E LA<\/p>\n","protected":false},"author":1,"featured_media":0,"comment_status":"open","ping_status":"open","sticky":false,"template":"","format":"standard","meta":[],"categories":[52],"tags":[],"yoast_head":"<!-- This site is optimized with the Yoast SEO plugin v18.0 - https:\/\/yoast.com\/wordpress\/plugins\/seo\/ -->\n<title>Noi e la Costituzione. Secondo corso dell&#039;Universit\u00e0 di Strada | Arte e Luoghi<\/title>\n<meta name=\"robots\" content=\"index, follow, max-snippet:-1, max-image-preview:large, max-video-preview:-1\" \/>\n<link rel=\"canonical\" href=\"https:\/\/arteeluoghi.it\/index.php\/2016\/04\/01\/noi-e-la-costituzione-secondo-corso-dell-universita-di-strada\/\" \/>\n<meta property=\"og:locale\" content=\"it_IT\" \/>\n<meta property=\"og:type\" content=\"article\" \/>\n<meta property=\"og:title\" content=\"Noi e la Costituzione. Secondo corso dell&#039;Universit\u00e0 di Strada | Arte e Luoghi\" \/>\n<meta property=\"og:description\" content=\"A Lecce il 5 aprile c\/o Libreria Adriatica (aula 1), Ergot (aula 2), Fondo Verri (aula 4) NOI E LA\" \/>\n<meta property=\"og:url\" content=\"https:\/\/arteeluoghi.it\/index.php\/2016\/04\/01\/noi-e-la-costituzione-secondo-corso-dell-universita-di-strada\/\" \/>\n<meta property=\"og:site_name\" content=\"Arte e Luoghi\" \/>\n<meta property=\"article:publisher\" content=\"https:\/\/www.facebook.com\/ArteELuoghi\/\" \/>\n<meta property=\"article:published_time\" content=\"2016-04-01T12:18:18+00:00\" \/>\n<meta property=\"article:modified_time\" content=\"2017-08-05T15:59:46+00:00\" \/>\n<meta property=\"og:image\" content=\"https:\/\/arteeluoghi.it\/images\/universita%20di%20strada.jpg\" \/>\n<meta name=\"twitter:card\" content=\"summary\" \/>\n<meta name=\"twitter:creator\" content=\"@arteeluoghi\" \/>\n<meta name=\"twitter:site\" content=\"@arteeluoghi\" \/>\n<meta name=\"twitter:label1\" content=\"Scritto da\" \/>\n\t<meta name=\"twitter:data1\" content=\"Staff\" \/>\n\t<meta name=\"twitter:label2\" content=\"Tempo di lettura stimato\" \/>\n\t<meta name=\"twitter:data2\" content=\"2 minuti\" \/>\n<script type=\"application\/ld+json\" class=\"yoast-schema-graph\">{\"@context\":\"https:\/\/schema.org\",\"@graph\":[{\"@type\":\"Organization\",\"@id\":\"https:\/\/arteeluoghi.it\/#organization\",\"name\":\"Arte e Luoghi\",\"url\":\"https:\/\/arteeluoghi.it\/\",\"sameAs\":[\"https:\/\/www.facebook.com\/ArteELuoghi\/\",\"https:\/\/www.instagram.com\/arteeluoghi\/?hl=it\",\"https:\/\/www.youtube.com\/channel\/UCuRVc4JW4-C5sg9rQB-srkw?view_as=subscriber\",\"https:\/\/twitter.com\/arteeluoghi\"],\"logo\":{\"@type\":\"ImageObject\",\"@id\":\"https:\/\/arteeluoghi.it\/#logo\",\"inLanguage\":\"it-IT\",\"url\":\"https:\/\/arteeluoghi.it\/wp-content\/uploads\/2018\/08\/logoinstagramarte.jpg\",\"contentUrl\":\"https:\/\/arteeluoghi.it\/wp-content\/uploads\/2018\/08\/logoinstagramarte.jpg\",\"width\":150,\"height\":150,\"caption\":\"Arte e Luoghi\"},\"image\":{\"@id\":\"https:\/\/arteeluoghi.it\/#logo\"}},{\"@type\":\"WebSite\",\"@id\":\"https:\/\/arteeluoghi.it\/#website\",\"url\":\"https:\/\/arteeluoghi.it\/\",\"name\":\"Arte e Luoghi\",\"description\":\"Mensile di arte, cultura, turismo e curiosit\u00e0\",\"publisher\":{\"@id\":\"https:\/\/arteeluoghi.it\/#organization\"},\"potentialAction\":[{\"@type\":\"SearchAction\",\"target\":{\"@type\":\"EntryPoint\",\"urlTemplate\":\"https:\/\/arteeluoghi.it\/?s={search_term_string}\"},\"query-input\":\"required name=search_term_string\"}],\"inLanguage\":\"it-IT\"},{\"@type\":\"ImageObject\",\"@id\":\"https:\/\/arteeluoghi.it\/index.php\/2016\/04\/01\/noi-e-la-costituzione-secondo-corso-dell-universita-di-strada\/#primaryimage\",\"inLanguage\":\"it-IT\",\"url\":\"\/images\/universita%20di%20strada.jpg\",\"contentUrl\":\"\/images\/universita%20di%20strada.jpg\"},{\"@type\":\"WebPage\",\"@id\":\"https:\/\/arteeluoghi.it\/index.php\/2016\/04\/01\/noi-e-la-costituzione-secondo-corso-dell-universita-di-strada\/#webpage\",\"url\":\"https:\/\/arteeluoghi.it\/index.php\/2016\/04\/01\/noi-e-la-costituzione-secondo-corso-dell-universita-di-strada\/\",\"name\":\"Noi e la Costituzione. Secondo corso dell'Universit\u00e0 di Strada | Arte e Luoghi\",\"isPartOf\":{\"@id\":\"https:\/\/arteeluoghi.it\/#website\"},\"primaryImageOfPage\":{\"@id\":\"https:\/\/arteeluoghi.it\/index.php\/2016\/04\/01\/noi-e-la-costituzione-secondo-corso-dell-universita-di-strada\/#primaryimage\"},\"datePublished\":\"2016-04-01T12:18:18+00:00\",\"dateModified\":\"2017-08-05T15:59:46+00:00\",\"breadcrumb\":{\"@id\":\"https:\/\/arteeluoghi.it\/index.php\/2016\/04\/01\/noi-e-la-costituzione-secondo-corso-dell-universita-di-strada\/#breadcrumb\"},\"inLanguage\":\"it-IT\",\"potentialAction\":[{\"@type\":\"ReadAction\",\"target\":[\"https:\/\/arteeluoghi.it\/index.php\/2016\/04\/01\/noi-e-la-costituzione-secondo-corso-dell-universita-di-strada\/\"]}]},{\"@type\":\"BreadcrumbList\",\"@id\":\"https:\/\/arteeluoghi.it\/index.php\/2016\/04\/01\/noi-e-la-costituzione-secondo-corso-dell-universita-di-strada\/#breadcrumb\",\"itemListElement\":[{\"@type\":\"ListItem\",\"position\":1,\"name\":\"Home\",\"item\":\"https:\/\/arteeluoghi.it\/\"},{\"@type\":\"ListItem\",\"position\":2,\"name\":\"Noi e la Costituzione. Secondo corso dell&#8217;Universit\u00e0 di Strada\"}]},{\"@type\":\"Article\",\"@id\":\"https:\/\/arteeluoghi.it\/index.php\/2016\/04\/01\/noi-e-la-costituzione-secondo-corso-dell-universita-di-strada\/#article\",\"isPartOf\":{\"@id\":\"https:\/\/arteeluoghi.it\/index.php\/2016\/04\/01\/noi-e-la-costituzione-secondo-corso-dell-universita-di-strada\/#webpage\"},\"author\":{\"@id\":\"https:\/\/arteeluoghi.it\/#\/schema\/person\/f84e814e36e91e01448ee07eaadd41d4\"},\"headline\":\"Noi e la Costituzione. Secondo corso dell&#8217;Universit\u00e0 di Strada\",\"datePublished\":\"2016-04-01T12:18:18+00:00\",\"dateModified\":\"2017-08-05T15:59:46+00:00\",\"mainEntityOfPage\":{\"@id\":\"https:\/\/arteeluoghi.it\/index.php\/2016\/04\/01\/noi-e-la-costituzione-secondo-corso-dell-universita-di-strada\/#webpage\"},\"wordCount\":377,\"commentCount\":0,\"publisher\":{\"@id\":\"https:\/\/arteeluoghi.it\/#organization\"},\"image\":{\"@id\":\"https:\/\/arteeluoghi.it\/index.php\/2016\/04\/01\/noi-e-la-costituzione-secondo-corso-dell-universita-di-strada\/#primaryimage\"},\"thumbnailUrl\":\"\/images\/universita%20di%20strada.jpg\",\"articleSection\":[\"I luoghi della parola\"],\"inLanguage\":\"it-IT\",\"potentialAction\":[{\"@type\":\"CommentAction\",\"name\":\"Comment\",\"target\":[\"https:\/\/arteeluoghi.it\/index.php\/2016\/04\/01\/noi-e-la-costituzione-secondo-corso-dell-universita-di-strada\/#respond\"]}]},{\"@type\":\"Person\",\"@id\":\"https:\/\/arteeluoghi.it\/#\/schema\/person\/f84e814e36e91e01448ee07eaadd41d4\",\"name\":\"Staff\",\"image\":{\"@type\":\"ImageObject\",\"@id\":\"https:\/\/arteeluoghi.it\/#personlogo\",\"inLanguage\":\"it-IT\",\"url\":\"https:\/\/secure.gravatar.com\/avatar\/49d2f9e46271bb04e19cebfaf141313a?s=96&d=blank&r=g\",\"contentUrl\":\"https:\/\/secure.gravatar.com\/avatar\/49d2f9e46271bb04e19cebfaf141313a?s=96&d=blank&r=g\",\"caption\":\"Staff\"}}]}<\/script>\n<!-- \/ Yoast SEO plugin. -->","yoast_head_json":{"title":"Noi e la Costituzione. Secondo corso dell'Universit\u00e0 di Strada | Arte e Luoghi","robots":{"index":"index","follow":"follow","max-snippet":"max-snippet:-1","max-image-preview":"max-image-preview:large","max-video-preview":"max-video-preview:-1"},"canonical":"https:\/\/arteeluoghi.it\/index.php\/2016\/04\/01\/noi-e-la-costituzione-secondo-corso-dell-universita-di-strada\/","og_locale":"it_IT","og_type":"article","og_title":"Noi e la Costituzione. Secondo corso dell'Universit\u00e0 di Strada | Arte e Luoghi","og_description":"A Lecce il 5 aprile c\/o Libreria Adriatica (aula 1), Ergot (aula 2), Fondo Verri (aula 4) NOI E LA","og_url":"https:\/\/arteeluoghi.it\/index.php\/2016\/04\/01\/noi-e-la-costituzione-secondo-corso-dell-universita-di-strada\/","og_site_name":"Arte e Luoghi","article_publisher":"https:\/\/www.facebook.com\/ArteELuoghi\/","article_published_time":"2016-04-01T12:18:18+00:00","article_modified_time":"2017-08-05T15:59:46+00:00","og_image":[{"url":"https:\/\/arteeluoghi.it\/images\/universita%20di%20strada.jpg"}],"twitter_card":"summary","twitter_creator":"@arteeluoghi","twitter_site":"@arteeluoghi","twitter_misc":{"Scritto da":"Staff","Tempo di lettura stimato":"2 minuti"},"schema":{"@context":"https:\/\/schema.org","@graph":[{"@type":"Organization","@id":"https:\/\/arteeluoghi.it\/#organization","name":"Arte e Luoghi","url":"https:\/\/arteeluoghi.it\/","sameAs":["https:\/\/www.facebook.com\/ArteELuoghi\/","https:\/\/www.instagram.com\/arteeluoghi\/?hl=it","https:\/\/www.youtube.com\/channel\/UCuRVc4JW4-C5sg9rQB-srkw?view_as=subscriber","https:\/\/twitter.com\/arteeluoghi"],"logo":{"@type":"ImageObject","@id":"https:\/\/arteeluoghi.it\/#logo","inLanguage":"it-IT","url":"https:\/\/arteeluoghi.it\/wp-content\/uploads\/2018\/08\/logoinstagramarte.jpg","contentUrl":"https:\/\/arteeluoghi.it\/wp-content\/uploads\/2018\/08\/logoinstagramarte.jpg","width":150,"height":150,"caption":"Arte e Luoghi"},"image":{"@id":"https:\/\/arteeluoghi.it\/#logo"}},{"@type":"WebSite","@id":"https:\/\/arteeluoghi.it\/#website","url":"https:\/\/arteeluoghi.it\/","name":"Arte e Luoghi","description":"Mensile di arte, cultura, turismo e curiosit\u00e0","publisher":{"@id":"https:\/\/arteeluoghi.it\/#organization"},"potentialAction":[{"@type":"SearchAction","target":{"@type":"EntryPoint","urlTemplate":"https:\/\/arteeluoghi.it\/?s={search_term_string}"},"query-input":"required name=search_term_string"}],"inLanguage":"it-IT"},{"@type":"ImageObject","@id":"https:\/\/arteeluoghi.it\/index.php\/2016\/04\/01\/noi-e-la-costituzione-secondo-corso-dell-universita-di-strada\/#primaryimage","inLanguage":"it-IT","url":"\/images\/universita%20di%20strada.jpg","contentUrl":"\/images\/universita%20di%20strada.jpg"},{"@type":"WebPage","@id":"https:\/\/arteeluoghi.it\/index.php\/2016\/04\/01\/noi-e-la-costituzione-secondo-corso-dell-universita-di-strada\/#webpage","url":"https:\/\/arteeluoghi.it\/index.php\/2016\/04\/01\/noi-e-la-costituzione-secondo-corso-dell-universita-di-strada\/","name":"Noi e la Costituzione. Secondo corso dell'Universit\u00e0 di Strada | Arte e Luoghi","isPartOf":{"@id":"https:\/\/arteeluoghi.it\/#website"},"primaryImageOfPage":{"@id":"https:\/\/arteeluoghi.it\/index.php\/2016\/04\/01\/noi-e-la-costituzione-secondo-corso-dell-universita-di-strada\/#primaryimage"},"datePublished":"2016-04-01T12:18:18+00:00","dateModified":"2017-08-05T15:59:46+00:00","breadcrumb":{"@id":"https:\/\/arteeluoghi.it\/index.php\/2016\/04\/01\/noi-e-la-costituzione-secondo-corso-dell-universita-di-strada\/#breadcrumb"},"inLanguage":"it-IT","potentialAction":[{"@type":"ReadAction","target":["https:\/\/arteeluoghi.it\/index.php\/2016\/04\/01\/noi-e-la-costituzione-secondo-corso-dell-universita-di-strada\/"]}]},{"@type":"BreadcrumbList","@id":"https:\/\/arteeluoghi.it\/index.php\/2016\/04\/01\/noi-e-la-costituzione-secondo-corso-dell-universita-di-strada\/#breadcrumb","itemListElement":[{"@type":"ListItem","position":1,"name":"Home","item":"https:\/\/arteeluoghi.it\/"},{"@type":"ListItem","position":2,"name":"Noi e la Costituzione. Secondo corso dell&#8217;Universit\u00e0 di Strada"}]},{"@type":"Article","@id":"https:\/\/arteeluoghi.it\/index.php\/2016\/04\/01\/noi-e-la-costituzione-secondo-corso-dell-universita-di-strada\/#article","isPartOf":{"@id":"https:\/\/arteeluoghi.it\/index.php\/2016\/04\/01\/noi-e-la-costituzione-secondo-corso-dell-universita-di-strada\/#webpage"},"author":{"@id":"https:\/\/arteeluoghi.it\/#\/schema\/person\/f84e814e36e91e01448ee07eaadd41d4"},"headline":"Noi e la Costituzione. Secondo corso dell&#8217;Universit\u00e0 di Strada","datePublished":"2016-04-01T12:18:18+00:00","dateModified":"2017-08-05T15:59:46+00:00","mainEntityOfPage":{"@id":"https:\/\/arteeluoghi.it\/index.php\/2016\/04\/01\/noi-e-la-costituzione-secondo-corso-dell-universita-di-strada\/#webpage"},"wordCount":377,"commentCount":0,"publisher":{"@id":"https:\/\/arteeluoghi.it\/#organization"},"image":{"@id":"https:\/\/arteeluoghi.it\/index.php\/2016\/04\/01\/noi-e-la-costituzione-secondo-corso-dell-universita-di-strada\/#primaryimage"},"thumbnailUrl":"\/images\/universita%20di%20strada.jpg","articleSection":["I luoghi della parola"],"inLanguage":"it-IT","potentialAction":[{"@type":"CommentAction","name":"Comment","target":["https:\/\/arteeluoghi.it\/index.php\/2016\/04\/01\/noi-e-la-costituzione-secondo-corso-dell-universita-di-strada\/#respond"]}]},{"@type":"Person","@id":"https:\/\/arteeluoghi.it\/#\/schema\/person\/f84e814e36e91e01448ee07eaadd41d4","name":"Staff","image":{"@type":"ImageObject","@id":"https:\/\/arteeluoghi.it\/#personlogo","inLanguage":"it-IT","url":"https:\/\/secure.gravatar.com\/avatar\/49d2f9e46271bb04e19cebfaf141313a?s=96&d=blank&r=g","contentUrl":"https:\/\/secure.gravatar.com\/avatar\/49d2f9e46271bb04e19cebfaf141313a?s=96&d=blank&r=g","caption":"Staff"}}]}},"_links":{"self":[{"href":"https:\/\/arteeluoghi.it\/index.php\/wp-json\/wp\/v2\/posts\/2507"}],"collection":[{"href":"https:\/\/arteeluoghi.it\/index.php\/wp-json\/wp\/v2\/posts"}],"about":[{"href":"https:\/\/arteeluoghi.it\/index.php\/wp-json\/wp\/v2\/types\/post"}],"author":[{"embeddable":true,"href":"https:\/\/arteeluoghi.it\/index.php\/wp-json\/wp\/v2\/users\/1"}],"replies":[{"embeddable":true,"href":"https:\/\/arteeluoghi.it\/index.php\/wp-json\/wp\/v2\/comments?post=2507"}],"version-history":[{"count":1,"href":"https:\/\/arteeluoghi.it\/index.php\/wp-json\/wp\/v2\/posts\/2507\/revisions"}],"predecessor-version":[{"id":2601,"href":"https:\/\/arteeluoghi.it\/index.php\/wp-json\/wp\/v2\/posts\/2507\/revisions\/2601"}],"wp:attachment":[{"href":"https:\/\/arteeluoghi.it\/index.php\/wp-json\/wp\/v2\/media?parent=2507"}],"wp:term":[{"taxonomy":"category","embeddable":true,"href":"https:\/\/arteeluoghi.it\/index.php\/wp-json\/wp\/v2\/categories?post=2507"},{"taxonomy":"post_tag","embeddable":true,"href":"https:\/\/arteeluoghi.it\/index.php\/wp-json\/wp\/v2\/tags?post=2507"}],"curies":[{"name":"wp","href":"https:\/\/api.w.org\/{rel}","templated":true}]}}