{"id":2522,"date":"2016-04-11T11:16:54","date_gmt":"2016-04-11T09:16:54","guid":{"rendered":"http:\/\/arteeluoghi.it\/index.php\/2016\/04\/11\/esteticamente-in-fiera\/"},"modified":"2016-04-11T11:16:54","modified_gmt":"2016-04-11T09:16:54","slug":"esteticamente-in-fiera","status":"publish","type":"post","link":"https:\/\/arteeluoghi.it\/index.php\/2016\/04\/11\/esteticamente-in-fiera\/","title":{"rendered":"Esteticamente in fiera"},"content":{"rendered":"<p><img src=\"\/images\/esteticamente.jpg\" border=\"0\" title=\"la locandina dell'evento\" width=\"300\" style=\"margin: 21px; border: 1px solid black; float: left;\" \/>Dal 30 aprile al 2 maggio il Grand Hotel Tiziano di Lecce<\/p>\n<p><span style=\"font-size: medium;\"><strong>La prima fiera del Sud Italia dedicata al benessere<\/strong><\/span><\/p>\n<p>\u00a0<\/p>\n<p>Ospiti della Fiera saranno Mary Falconieri e Giovanni Angiolini, il dottor G de &#8220;I Fatti Vostri&#8221; su Rai Due. La fiera sar\u00e0 inoltre l&#8217;occasione della prima selezione regionale per la Puglia di Miss Italia.<\/p>\n<p>Inizia il countdown per <strong>&#8220;Esteticamente in fiera&#8221;<\/strong>, la prima fiera del Sud Italia che ospita circa 100 aziende rappresentanti la cultura del benessere, della salute e della bellezza a Lecce.<\/p>\n<p>Dal 30 aprile al 2 maggio il Grand Hotel Tiziano diventa il tempio del wellness grazie alla meticolosa organizzazione della <strong>Platinum Eventi<\/strong>, agenzia di comunicazione e spettacolo di Giovanni Conversano che porta nel capoluogo salentino una ventata di freschezza, professionalit\u00e0 e tantissime novit\u00e0.<\/p>\n<p>L&#8217;appuntamento, di respiro nazionale, punta all&#8217;approfondimento e all&#8217;evoluzione del concetto di estetica, a stretto giro con il benessere e la salute, contando sulla collaborazione dei massimi esperti del settore e su ospiti d&#8217;eccezione.<\/p>\n<p>  <!--more-->  <\/p>\n<p>\u00a0<\/p>\n<p>Le aziende espositrici metteranno in vetrina le soluzioni e i prodotti pi\u00f9 performanti offerti dalla ricerca e dal mercato in un\u2019ottica di sviluppo di tutto il settore e ci sar\u00e0 anche spazio per eventi scientifici e divulgativi nei quali autorevoli esperti del settore estetico e medico interverranno su tematiche di grande attualit\u00e0 per narrare l&#8217;evoluzione del mondo della cosmesi e della bellezza e informare circa gli avanzamenti di un settore sempre pi\u00f9 competitivo.<\/p>\n<p>Oltre al convegno informativo che avr\u00e0 luogo nella tre giorni, saranno presenti due nomi dello spettacolo: <strong>Mary Falconieri e Giovanni Angiolini<\/strong>, direttamente dal reality pi\u00f9 conosciuto e seguito di tutti i tempi, il Grande Fratello. Lei, di Nard\u00f2, \u00e8 infermiera professionale mentre lui \u00e8 il noto dottor G de &#8220;I fatti vostri&#8221;. Definito <em>&#8220;il medico pi\u00f9 sexy della tv&#8221;,<\/em> d\u00e0 consigli su Rai Due su come migliorare il proprio stile di vita e porter\u00e0 la sua esperienza anche nel contesto fieristico. I due sono stati la coppia pi\u00f9 amata dell&#8217;ultima edizione del GF e taglieranno il nastro della Fiera oltre a presenziarvi nei giorni successivi, salvo impegni televisivi.<\/p>\n<p>Presente al taglio del nastro, inoltre, anche la testimonial ufficiale della fiera, la top model <strong>Giada<\/strong> <strong>Pezzaioli<\/strong>, attualmente nel cast di &#8220;Ciao Darwin- La Resurrezione&#8221; e Miss Universo Italia 2016 in carica.<\/p>\n<p>La seconda edizione di &#8220;Esteticamente in fiera&#8221;, inoltre, sar\u00e0 l&#8217;occasione per la Platinum Eventi di lanciare, in collaborazione con &#8220;Parole &amp; Musica&#8221; di Mimmo Rollo, la <strong>prima selezione regionale<\/strong> <strong>per<\/strong> <strong>la Puglia di Miss Italia<\/strong>, il concorso di bellezza pi\u00f9 prestigioso d&#8217;Italia.<\/p>\n<p>Sono diverse le novit\u00e0 che l&#8217;organizzazione si riserva ancora di svelare nel corso della conferenza di presentazione che si terr\u00e0 venerd\u00ec 22 aprile presso il Grand Hotel Tiziano, alle ore 10.<\/p>\n<p>La fiera, a ingresso gratuito, vi aspetta nei seguenti orari:<\/p>\n<p><em>sabato 30 aprile dalle ore 16 alle 21, domenica 1 maggio dalle ore 10 alle 21 e luned\u00ec 2 maggio dalle ore 10 alle 19. <\/em><\/p>\n<p>(fonte: comunicato stampa)<em><br \/><\/em><\/p>\n<p>\u00a0<\/p>\n<p>\u00a0<\/p>\n<p>\u00a0<\/p>\n","protected":false},"excerpt":{"rendered":"<p>Dal 30 aprile al 2 maggio il Grand Hotel Tiziano di Lecce La prima fiera del Sud Italia dedicata al<\/p>\n","protected":false},"author":1,"featured_media":0,"comment_status":"open","ping_status":"open","sticky":false,"template":"","format":"standard","meta":[],"categories":[28],"tags":[],"yoast_head":"<!-- This site is optimized with the Yoast SEO plugin v18.0 - https:\/\/yoast.com\/wordpress\/plugins\/seo\/ -->\n<title>Esteticamente in fiera | Arte e Luoghi<\/title>\n<meta name=\"robots\" content=\"index, follow, max-snippet:-1, max-image-preview:large, max-video-preview:-1\" \/>\n<link rel=\"canonical\" href=\"https:\/\/arteeluoghi.it\/index.php\/2016\/04\/11\/esteticamente-in-fiera\/\" \/>\n<meta property=\"og:locale\" content=\"it_IT\" \/>\n<meta property=\"og:type\" content=\"article\" \/>\n<meta property=\"og:title\" content=\"Esteticamente in fiera | Arte e Luoghi\" \/>\n<meta property=\"og:description\" content=\"Dal 30 aprile al 2 maggio il Grand Hotel Tiziano di Lecce La prima fiera del Sud Italia dedicata al\" \/>\n<meta property=\"og:url\" content=\"https:\/\/arteeluoghi.it\/index.php\/2016\/04\/11\/esteticamente-in-fiera\/\" \/>\n<meta property=\"og:site_name\" content=\"Arte e Luoghi\" \/>\n<meta property=\"article:publisher\" content=\"https:\/\/www.facebook.com\/ArteELuoghi\/\" \/>\n<meta property=\"article:published_time\" content=\"2016-04-11T09:16:54+00:00\" \/>\n<meta property=\"og:image\" content=\"https:\/\/arteeluoghi.it\/images\/esteticamente.jpg\" \/>\n<meta name=\"twitter:card\" content=\"summary\" \/>\n<meta name=\"twitter:creator\" content=\"@arteeluoghi\" \/>\n<meta name=\"twitter:site\" content=\"@arteeluoghi\" \/>\n<meta name=\"twitter:label1\" content=\"Scritto da\" \/>\n\t<meta name=\"twitter:data1\" content=\"Staff\" \/>\n\t<meta name=\"twitter:label2\" content=\"Tempo di lettura stimato\" \/>\n\t<meta name=\"twitter:data2\" content=\"2 minuti\" \/>\n<script type=\"application\/ld+json\" class=\"yoast-schema-graph\">{\"@context\":\"https:\/\/schema.org\",\"@graph\":[{\"@type\":\"Organization\",\"@id\":\"https:\/\/arteeluoghi.it\/#organization\",\"name\":\"Arte e Luoghi\",\"url\":\"https:\/\/arteeluoghi.it\/\",\"sameAs\":[\"https:\/\/www.facebook.com\/ArteELuoghi\/\",\"https:\/\/www.instagram.com\/arteeluoghi\/?hl=it\",\"https:\/\/www.youtube.com\/channel\/UCuRVc4JW4-C5sg9rQB-srkw?view_as=subscriber\",\"https:\/\/twitter.com\/arteeluoghi\"],\"logo\":{\"@type\":\"ImageObject\",\"@id\":\"https:\/\/arteeluoghi.it\/#logo\",\"inLanguage\":\"it-IT\",\"url\":\"https:\/\/arteeluoghi.it\/wp-content\/uploads\/2018\/08\/logoinstagramarte.jpg\",\"contentUrl\":\"https:\/\/arteeluoghi.it\/wp-content\/uploads\/2018\/08\/logoinstagramarte.jpg\",\"width\":150,\"height\":150,\"caption\":\"Arte e Luoghi\"},\"image\":{\"@id\":\"https:\/\/arteeluoghi.it\/#logo\"}},{\"@type\":\"WebSite\",\"@id\":\"https:\/\/arteeluoghi.it\/#website\",\"url\":\"https:\/\/arteeluoghi.it\/\",\"name\":\"Arte e Luoghi\",\"description\":\"Mensile di arte, cultura, turismo e curiosit\u00e0\",\"publisher\":{\"@id\":\"https:\/\/arteeluoghi.it\/#organization\"},\"potentialAction\":[{\"@type\":\"SearchAction\",\"target\":{\"@type\":\"EntryPoint\",\"urlTemplate\":\"https:\/\/arteeluoghi.it\/?s={search_term_string}\"},\"query-input\":\"required name=search_term_string\"}],\"inLanguage\":\"it-IT\"},{\"@type\":\"ImageObject\",\"@id\":\"https:\/\/arteeluoghi.it\/index.php\/2016\/04\/11\/esteticamente-in-fiera\/#primaryimage\",\"inLanguage\":\"it-IT\",\"url\":\"\/images\/esteticamente.jpg\",\"contentUrl\":\"\/images\/esteticamente.jpg\"},{\"@type\":\"WebPage\",\"@id\":\"https:\/\/arteeluoghi.it\/index.php\/2016\/04\/11\/esteticamente-in-fiera\/#webpage\",\"url\":\"https:\/\/arteeluoghi.it\/index.php\/2016\/04\/11\/esteticamente-in-fiera\/\",\"name\":\"Esteticamente in fiera | Arte e Luoghi\",\"isPartOf\":{\"@id\":\"https:\/\/arteeluoghi.it\/#website\"},\"primaryImageOfPage\":{\"@id\":\"https:\/\/arteeluoghi.it\/index.php\/2016\/04\/11\/esteticamente-in-fiera\/#primaryimage\"},\"datePublished\":\"2016-04-11T09:16:54+00:00\",\"dateModified\":\"2016-04-11T09:16:54+00:00\",\"breadcrumb\":{\"@id\":\"https:\/\/arteeluoghi.it\/index.php\/2016\/04\/11\/esteticamente-in-fiera\/#breadcrumb\"},\"inLanguage\":\"it-IT\",\"potentialAction\":[{\"@type\":\"ReadAction\",\"target\":[\"https:\/\/arteeluoghi.it\/index.php\/2016\/04\/11\/esteticamente-in-fiera\/\"]}]},{\"@type\":\"BreadcrumbList\",\"@id\":\"https:\/\/arteeluoghi.it\/index.php\/2016\/04\/11\/esteticamente-in-fiera\/#breadcrumb\",\"itemListElement\":[{\"@type\":\"ListItem\",\"position\":1,\"name\":\"Home\",\"item\":\"https:\/\/arteeluoghi.it\/\"},{\"@type\":\"ListItem\",\"position\":2,\"name\":\"Esteticamente in fiera\"}]},{\"@type\":\"Article\",\"@id\":\"https:\/\/arteeluoghi.it\/index.php\/2016\/04\/11\/esteticamente-in-fiera\/#article\",\"isPartOf\":{\"@id\":\"https:\/\/arteeluoghi.it\/index.php\/2016\/04\/11\/esteticamente-in-fiera\/#webpage\"},\"author\":{\"@id\":\"https:\/\/arteeluoghi.it\/#\/schema\/person\/f84e814e36e91e01448ee07eaadd41d4\"},\"headline\":\"Esteticamente in fiera\",\"datePublished\":\"2016-04-11T09:16:54+00:00\",\"dateModified\":\"2016-04-11T09:16:54+00:00\",\"mainEntityOfPage\":{\"@id\":\"https:\/\/arteeluoghi.it\/index.php\/2016\/04\/11\/esteticamente-in-fiera\/#webpage\"},\"wordCount\":470,\"commentCount\":0,\"publisher\":{\"@id\":\"https:\/\/arteeluoghi.it\/#organization\"},\"image\":{\"@id\":\"https:\/\/arteeluoghi.it\/index.php\/2016\/04\/11\/esteticamente-in-fiera\/#primaryimage\"},\"thumbnailUrl\":\"\/images\/esteticamente.jpg\",\"articleSection\":[\"Notizie\"],\"inLanguage\":\"it-IT\",\"potentialAction\":[{\"@type\":\"CommentAction\",\"name\":\"Comment\",\"target\":[\"https:\/\/arteeluoghi.it\/index.php\/2016\/04\/11\/esteticamente-in-fiera\/#respond\"]}]},{\"@type\":\"Person\",\"@id\":\"https:\/\/arteeluoghi.it\/#\/schema\/person\/f84e814e36e91e01448ee07eaadd41d4\",\"name\":\"Staff\",\"image\":{\"@type\":\"ImageObject\",\"@id\":\"https:\/\/arteeluoghi.it\/#personlogo\",\"inLanguage\":\"it-IT\",\"url\":\"https:\/\/secure.gravatar.com\/avatar\/49d2f9e46271bb04e19cebfaf141313a?s=96&d=blank&r=g\",\"contentUrl\":\"https:\/\/secure.gravatar.com\/avatar\/49d2f9e46271bb04e19cebfaf141313a?s=96&d=blank&r=g\",\"caption\":\"Staff\"}}]}<\/script>\n<!-- \/ Yoast SEO plugin. -->","yoast_head_json":{"title":"Esteticamente in fiera | Arte e Luoghi","robots":{"index":"index","follow":"follow","max-snippet":"max-snippet:-1","max-image-preview":"max-image-preview:large","max-video-preview":"max-video-preview:-1"},"canonical":"https:\/\/arteeluoghi.it\/index.php\/2016\/04\/11\/esteticamente-in-fiera\/","og_locale":"it_IT","og_type":"article","og_title":"Esteticamente in fiera | Arte e Luoghi","og_description":"Dal 30 aprile al 2 maggio il Grand Hotel Tiziano di Lecce La prima fiera del Sud Italia dedicata al","og_url":"https:\/\/arteeluoghi.it\/index.php\/2016\/04\/11\/esteticamente-in-fiera\/","og_site_name":"Arte e Luoghi","article_publisher":"https:\/\/www.facebook.com\/ArteELuoghi\/","article_published_time":"2016-04-11T09:16:54+00:00","og_image":[{"url":"https:\/\/arteeluoghi.it\/images\/esteticamente.jpg"}],"twitter_card":"summary","twitter_creator":"@arteeluoghi","twitter_site":"@arteeluoghi","twitter_misc":{"Scritto da":"Staff","Tempo di lettura stimato":"2 minuti"},"schema":{"@context":"https:\/\/schema.org","@graph":[{"@type":"Organization","@id":"https:\/\/arteeluoghi.it\/#organization","name":"Arte e Luoghi","url":"https:\/\/arteeluoghi.it\/","sameAs":["https:\/\/www.facebook.com\/ArteELuoghi\/","https:\/\/www.instagram.com\/arteeluoghi\/?hl=it","https:\/\/www.youtube.com\/channel\/UCuRVc4JW4-C5sg9rQB-srkw?view_as=subscriber","https:\/\/twitter.com\/arteeluoghi"],"logo":{"@type":"ImageObject","@id":"https:\/\/arteeluoghi.it\/#logo","inLanguage":"it-IT","url":"https:\/\/arteeluoghi.it\/wp-content\/uploads\/2018\/08\/logoinstagramarte.jpg","contentUrl":"https:\/\/arteeluoghi.it\/wp-content\/uploads\/2018\/08\/logoinstagramarte.jpg","width":150,"height":150,"caption":"Arte e Luoghi"},"image":{"@id":"https:\/\/arteeluoghi.it\/#logo"}},{"@type":"WebSite","@id":"https:\/\/arteeluoghi.it\/#website","url":"https:\/\/arteeluoghi.it\/","name":"Arte e Luoghi","description":"Mensile di arte, cultura, turismo e curiosit\u00e0","publisher":{"@id":"https:\/\/arteeluoghi.it\/#organization"},"potentialAction":[{"@type":"SearchAction","target":{"@type":"EntryPoint","urlTemplate":"https:\/\/arteeluoghi.it\/?s={search_term_string}"},"query-input":"required name=search_term_string"}],"inLanguage":"it-IT"},{"@type":"ImageObject","@id":"https:\/\/arteeluoghi.it\/index.php\/2016\/04\/11\/esteticamente-in-fiera\/#primaryimage","inLanguage":"it-IT","url":"\/images\/esteticamente.jpg","contentUrl":"\/images\/esteticamente.jpg"},{"@type":"WebPage","@id":"https:\/\/arteeluoghi.it\/index.php\/2016\/04\/11\/esteticamente-in-fiera\/#webpage","url":"https:\/\/arteeluoghi.it\/index.php\/2016\/04\/11\/esteticamente-in-fiera\/","name":"Esteticamente in fiera | Arte e Luoghi","isPartOf":{"@id":"https:\/\/arteeluoghi.it\/#website"},"primaryImageOfPage":{"@id":"https:\/\/arteeluoghi.it\/index.php\/2016\/04\/11\/esteticamente-in-fiera\/#primaryimage"},"datePublished":"2016-04-11T09:16:54+00:00","dateModified":"2016-04-11T09:16:54+00:00","breadcrumb":{"@id":"https:\/\/arteeluoghi.it\/index.php\/2016\/04\/11\/esteticamente-in-fiera\/#breadcrumb"},"inLanguage":"it-IT","potentialAction":[{"@type":"ReadAction","target":["https:\/\/arteeluoghi.it\/index.php\/2016\/04\/11\/esteticamente-in-fiera\/"]}]},{"@type":"BreadcrumbList","@id":"https:\/\/arteeluoghi.it\/index.php\/2016\/04\/11\/esteticamente-in-fiera\/#breadcrumb","itemListElement":[{"@type":"ListItem","position":1,"name":"Home","item":"https:\/\/arteeluoghi.it\/"},{"@type":"ListItem","position":2,"name":"Esteticamente in fiera"}]},{"@type":"Article","@id":"https:\/\/arteeluoghi.it\/index.php\/2016\/04\/11\/esteticamente-in-fiera\/#article","isPartOf":{"@id":"https:\/\/arteeluoghi.it\/index.php\/2016\/04\/11\/esteticamente-in-fiera\/#webpage"},"author":{"@id":"https:\/\/arteeluoghi.it\/#\/schema\/person\/f84e814e36e91e01448ee07eaadd41d4"},"headline":"Esteticamente in fiera","datePublished":"2016-04-11T09:16:54+00:00","dateModified":"2016-04-11T09:16:54+00:00","mainEntityOfPage":{"@id":"https:\/\/arteeluoghi.it\/index.php\/2016\/04\/11\/esteticamente-in-fiera\/#webpage"},"wordCount":470,"commentCount":0,"publisher":{"@id":"https:\/\/arteeluoghi.it\/#organization"},"image":{"@id":"https:\/\/arteeluoghi.it\/index.php\/2016\/04\/11\/esteticamente-in-fiera\/#primaryimage"},"thumbnailUrl":"\/images\/esteticamente.jpg","articleSection":["Notizie"],"inLanguage":"it-IT","potentialAction":[{"@type":"CommentAction","name":"Comment","target":["https:\/\/arteeluoghi.it\/index.php\/2016\/04\/11\/esteticamente-in-fiera\/#respond"]}]},{"@type":"Person","@id":"https:\/\/arteeluoghi.it\/#\/schema\/person\/f84e814e36e91e01448ee07eaadd41d4","name":"Staff","image":{"@type":"ImageObject","@id":"https:\/\/arteeluoghi.it\/#personlogo","inLanguage":"it-IT","url":"https:\/\/secure.gravatar.com\/avatar\/49d2f9e46271bb04e19cebfaf141313a?s=96&d=blank&r=g","contentUrl":"https:\/\/secure.gravatar.com\/avatar\/49d2f9e46271bb04e19cebfaf141313a?s=96&d=blank&r=g","caption":"Staff"}}]}},"_links":{"self":[{"href":"https:\/\/arteeluoghi.it\/index.php\/wp-json\/wp\/v2\/posts\/2522"}],"collection":[{"href":"https:\/\/arteeluoghi.it\/index.php\/wp-json\/wp\/v2\/posts"}],"about":[{"href":"https:\/\/arteeluoghi.it\/index.php\/wp-json\/wp\/v2\/types\/post"}],"author":[{"embeddable":true,"href":"https:\/\/arteeluoghi.it\/index.php\/wp-json\/wp\/v2\/users\/1"}],"replies":[{"embeddable":true,"href":"https:\/\/arteeluoghi.it\/index.php\/wp-json\/wp\/v2\/comments?post=2522"}],"version-history":[{"count":0,"href":"https:\/\/arteeluoghi.it\/index.php\/wp-json\/wp\/v2\/posts\/2522\/revisions"}],"wp:attachment":[{"href":"https:\/\/arteeluoghi.it\/index.php\/wp-json\/wp\/v2\/media?parent=2522"}],"wp:term":[{"taxonomy":"category","embeddable":true,"href":"https:\/\/arteeluoghi.it\/index.php\/wp-json\/wp\/v2\/categories?post=2522"},{"taxonomy":"post_tag","embeddable":true,"href":"https:\/\/arteeluoghi.it\/index.php\/wp-json\/wp\/v2\/tags?post=2522"}],"curies":[{"name":"wp","href":"https:\/\/api.w.org\/{rel}","templated":true}]}}