{"id":2527,"date":"2016-04-15T13:55:44","date_gmt":"2016-04-15T11:55:44","guid":{"rendered":"http:\/\/arteeluoghi.it\/index.php\/2016\/04\/15\/a-lecce-il-festival-del-cinema-europeo-2\/"},"modified":"2017-08-14T03:33:41","modified_gmt":"2017-08-14T01:33:41","slug":"a-lecce-il-festival-del-cinema-europeo-2","status":"publish","type":"post","link":"https:\/\/arteeluoghi.it\/index.php\/2016\/04\/15\/a-lecce-il-festival-del-cinema-europeo-2\/","title":{"rendered":"I mille sguardi del Festival del Cinema Europeo"},"content":{"rendered":"<p><strong><img src=\"\/images\/cristiandesica1.jpg\" border=\"0\" title=\"L'attore Christian de Sica\" width=\"300\" style=\"margin: 21px; float: left;\" \/>Al via a Lecce dal 18 al 23 aprile 2016 la XVII edizione della rassegna cinematografica<br \/><\/strong><\/p>\n<p><strong>Lecce capitale del cinema. In arrivo\u00a0<strong>Krzysztof Zanuss,\u00a0<span>\u00a0<strong>Christian De Sica,<\/strong><\/span>\u00a0<strong> Elio Germano. Al via luned\u00ec 18 aprile con L<span><strong>ino Banfi e Maria Grazia Cucinotta presenti al Festival insieme ai registi e a Francesco Tramontana di<span> &#8220;<strong>Asino vola&#8221;<\/strong> di Paolo Tripodi e Marcello Fonte<\/span><\/strong><\/span><\/strong><\/strong> <\/strong><\/p>\n<p>A <strong>Morando Morandini<\/strong>, insostituibile garante ed eccellente critico, \u00e8 dedicata la 17esima edizione del <strong>Festival del Cinema Europeo<\/strong> in programma a <strong>Lecce dal 18 al 23 aprile 2016 <\/strong>e diretto da<strong><span><strong> Alberto La Monica <\/strong><\/span><\/strong>e<strong><span><strong> Cristina Soldano<\/strong><\/span><\/strong>. &#8220;I focus sull\u2019Europa e sull\u2019Italia raccontano questo desiderio di superamento dei confini dell\u2019esperienza quotidiana, lo struggente bisogno del sublime di tutti&#8221; &#8211; cos\u00ec <strong>Cristina Soldano<\/strong> direttrice artistica del Festival ricorda il critico cinematografico e anticipa i contenuti di un&#8217;edizione che si preannuncia brillante e ricca di sorprese con tanti ospiti d&#8217;eccezione. Sin dal primo giorno, luned\u00ec 18 aprile, con la proiezione del film &#8220;<strong>Asino vola<\/strong>&#8221; alla presenza dei registi <span><strong>Paolo Tripodi e Marcello Fonte<\/strong>, dell&#8217;attore <strong>Francesco Tramontana<\/strong> tra gli interpreti del film (nel cast anche <strong>Luigi Lo Cascio,\u00a0Antonello Pensabene e Silvia Gallerano<\/strong>) e di\u00a0<span><strong>Lino Banfi e Maria Grazia Cucinotta<\/strong><\/span> che hanno prestato la loro voce\u00a0<span>ai due animali \u201cparlanti\u201d, l\u2019asino Mos\u00e9 e la gallina \u2018Ngiulina. <strong>Banfi <\/strong>e<strong> Cucinotta<\/strong><\/span> saranno presenti anche in quanto testimonial<span> dell\u2019<strong>AILR &#8211; Associazione Italiana per la Lotta al Retinoblastoma<\/strong> alla quale il festival dedicher\u00e0 <span>parte del ricavato della serata di proiezione <span>per sostenere l\u2019acquisto di un macchinario oculistico. Al termine della proiezione la consegna del primo<strong> Ulivo d&#8217;Oro alla carriera per Lino Banfi<\/strong>\u00a0<span>per &#8220;<em>aver costantemente associato alla propria immagine di attore tra i pi\u00f9 amati in Italia, una particolare attenzione ai problemi delle persone meno fortunate e soprattutto ai bambini<\/em>&#8220;.<\/span><\/span><\/span><\/span><\/span><\/p>\n<p><span><span><span><span><span>\u00a0<\/span><\/span><\/span><\/span><\/span><\/p>\n<p>  <!--more-->  <\/p>\n<p>\u00a0<\/p>\n<p><span><span><span><span><span>\u00a0<\/span><\/span><\/span><\/span><\/span><\/p>\n<p><span><span><span><span><span><img src=\"\/images\/lino%20banfi.jpg\" border=\"0\" title=\"L'attore Lino Banfi\" width=\"300\" style=\"float: right; margin: 21px;\" \/>Ma veniamo agli altri ospiti di questa articolatissima edizione. In primis, il <\/span><\/span><\/span><\/span><\/span>regista polacco <strong>Krzysztof Zanussi<\/strong>\u00a0 \u201cProtagonista del Cinema Europeo\u201d insieme al regista polacco <strong>Andrzej Zulawski<\/strong> (cui il festival dedicher\u00e0 un omaggio a <span>due mesi dalla sua scomparsa), e gli attori\u00a0<strong>Christian De Sica\u00a0<\/strong><\/span> ed\u00a0<strong> Elio Germano <\/strong>\u201cProtagonisti del Cinema Italiano\u201d. Il festival li celebrer\u00e0 con una selezionata rassegna monografica e la consegna dell<strong><strong><span>&#8216;Ulivo d&#8217;Oro alla Carriera:\u00a0 il <span>19 aprile <\/span><\/span><\/strong><\/strong>toccher\u00e0 salire sul palco del<strong><strong><span><span> Multisala Massimo <\/span><\/span><\/strong><\/strong>al regista polac<strong><strong><span><span>co Krzysztof Zanussi, <\/span><\/span><\/strong><\/strong>il<strong><strong><span><span> 20 aprile <\/span><\/span><\/strong><\/strong>ad<strong><strong><span><span> Elio Germano <\/span><\/span><\/strong><\/strong>e il<strong><strong><span><span> 22 aprile <\/span><\/span><\/strong><\/strong>a<strong><strong><span><span> <span><strong>Christian De Sica\u00a0<\/strong><\/span><\/span><\/span><\/strong><\/strong><span>cui sar\u00e0 dedicata anche una mostra, ai Teatini, oltre che la proiezione in anteprima del suo ultimo film da protagonista<strong><strong><span>, <em>Fra\u00fclein &#8211; Una commedia d\u2019inverno<\/em><\/span><\/strong>.<\/strong><\/span><\/p>\n<p>Cuore pulsante del Festival \u00e8 il concorso<strong> L&#8217;Ulivo d&#8217;oro <\/strong>che vede in gara dieci film<strong>\u00a0<\/strong><span>in anteprima nazionale individuati dal <strong>Comitato di Selezione <\/strong>composto da<strong> Cristina Soldano, Alberto e Luigi La Monica<\/strong>. Tra gli eventi pi\u00f9 attesi, inoltre,\u00a0 la <\/span>VII edizione del <strong>Premio Mario Verdone, <\/strong>la quarta edizione del<strong> Premio Emidio Greco <\/strong>e gli <strong>Stati Generali della<\/strong> <strong>Commedia Italiana <\/strong>a cura di <strong>Marco Giusti. <\/strong>Si incontreranno, per riflettere e fare il punto sull\u2019importanza e il ruolo della figura femminile nella commedia italiana<strong><span>,\u00a0 <\/span><strong><span>Ambra Angiolini<\/span><\/strong><span>,<strong> <span>Laura Delli Colli<\/span><\/strong>,<strong> Christian De Sica<\/strong><span>,<\/span><strong> Anna Foglietta<\/strong>, <strong>Paolo Genovese, Raffaella Leone, Federica Lucisano<\/strong>,<strong> Francesca Manieri, Paola Minaccioni<\/strong>, <strong>Ilenia Pastorelli<\/strong>, <strong>Federica Pontremoli<\/strong>, <strong>Maria Sole Tognazzi<\/strong>, <strong>Carlo Verdone<\/strong><span>.<\/span><\/span><\/strong><\/p>\n<p><strong><span><span><img src=\"\/images\/eliogermano.jpg\" border=\"0\" title=\"L'attore Elio Germano\" width=\"300\" style=\"margin: 21px; float: left;\" \/>Grande attesa <\/span><\/span><\/strong>per le sezioni storiche del festival come<strong><span><span> &#8220;Cinema e Realt\u00e0&#8221; <\/span><\/span><\/strong>che rappresenta l&#8217;occasione per approfondire argomenti ed eventi della realt\u00e0 contemporanea toccando ampie tematiche<strong> dal territorio al lavoro<\/strong> (<strong><em>La pescatora<\/em><\/strong>(2015) di <strong>Naike Anna Silipo<\/strong> e <strong><em>Mare nostro <\/em><\/strong>(2016) di <strong>Andrea Gadaleta Caldarola<\/strong> al rapporto <strong>vita e lavoro <\/strong>con le proiezioni di<strong> <em>Santi caporali<\/em><\/strong> (2016) di <strong>Giuseppe Pezzulla<\/strong> e <strong><em>La gente Resta<\/em><\/strong> (2015) di <strong>Maria Tilli<\/strong> che nel suo docu-film racconta la storia di chi ha deciso di restare nella propria terra, la Puglia, a Taranto e pi\u00f9 nello specifico a Tamburi, il quartiere pi\u00f9 inquinato d\u2019Italia tra la paura per la salute messa a rischio dall\u2019inquinamento e la voglia di restare.<\/p>\n<p style=\"text-align: justify;\">E sulla <strong>Responsabilit\u00e0 industriale <\/strong>sar\u00e0 proiettato <strong><em>Il successore<\/em><\/strong> (2015) di <strong>Mattia Epifani<\/strong> mentre per <strong>Musica e Integrazione si potr\u00e0 assistere alla proiezione di Balkan blues<em> &#8211; <\/em><\/strong><strong><em>Racconti da Mostar <\/em><\/strong>(2016), di <strong>Lucio de Candia<\/strong>, che\u00a0 narra la tensione artistica e sociale della citt\u00e0 di Mostar, attraverso le voci di tre componenti della band multiculturale <em>Mostar Sevdah Reunion,<\/em> e di altri artisti locali, accompagnate dal sapore balcanico della musica, strumento universale per favorire tolleranza e armonia sociale. E ancora, per la stessa sezione, <strong><em>Magma<\/em><\/strong> (2015) di <strong>Carlo<\/strong> <strong>Luglio<\/strong>. Un viaggio di un percussionista mediterraneo alle pendici del Vesuvio che fa scoprire un mondo magico e struggente di attempati contadini, devoti al culto della Madonna del monte Somma, carichi di vitalit\u00e0 che si traduce in racconti di saggezza popolare. Per la sezione <strong>Carcere, teatro e riabilitazione<\/strong> attesissime sono le proiezioni di <strong><em>Io ci provo, quando il teatro entra in carcere <\/em><\/strong>(2015) di <strong>Lara Napoli<\/strong> e <strong>Alessandro Salvini<\/strong> che racconta la cronaca di un cambiamento: il teatro in carcere \u00e8 un\u2019occasione su cui scommettere e coinvolge tutto il personale. Perch\u00e9 \u00e8 rieducazione allo stato puro&#8230;Come quando una piccola troupe entra nella Casa circondariale di Padova nell\u2019ottobre del 2013 per tenere un laboratorio per la realizzazione di un cortometraggio e vengono scelti 15 detenuti, di 7 nazionalit\u00e0 diverse, tutti in attesa di giudizio, dei quali non si conosce la ragione della reclusione, come racconta il docu-film <strong><em>A tempo debito <\/em><\/strong>(2015) di <strong>Christian Cinetto<\/strong>. Non poteva mancare la sezione <strong>Ambiente e territorio <\/strong>che presenta due pellicole: <strong><em>Acqua reale <\/em><\/strong>(2015) di Paola Crescenzo che vede protagonista il corso d\u2019acqua pi\u00f9 lungo del Salento, il Canale Reale, e <strong><em>Confratelli <\/em><\/strong>(2015) di <strong>Giulio Neglia<\/strong> che apre una finestra su Gallipoli, il \u201cpaese de processiuni\u201d, e le confraternite della citt\u00e0 vecchia che ricoprono una funzione sociale molto importante.\u00a0 E <strong><em><span>Oro Blu &#8211; Conversazioni dal mare <\/span><\/em><\/strong><span>(2015) <\/span><span>di <\/span><span><strong>Andrea Ferrante<\/strong> e <strong>Marco<\/strong> <strong>Gernone<\/strong><em>, <\/em>una battaglia per la democrazia e sulla volont\u00e0 delle comunit\u00e0 locali, nel concepire la bellezza dei nostri mari come bene comune da salvaguardare. L&#8217;oro blu del titolo si contrappone all\u2019oro nero che le compagnie petrolifere mirano a trovare nei due mari salentini, l\u2019Adriatico e lo Ionio<\/span><span>. Una proiezione che far\u00e0 ulteriormente discutere all&#8217;indomani dell&#8217;esito del referendum del 17 aprile.<br \/><\/span><\/p>\n<p>Ritornano due capisaldi del Festival:\u00a0 il <strong><span>Premio Lux del Parlamento Europeo<\/span><\/strong> che sar\u00e0 atrribuito tra i tre film finalisti &#8211;\u00a0 <strong><em>Mustang<\/em><\/strong> di <strong>Deniz Gamze Erg\u00fcven<\/strong> (Francia, 2015), <strong>vincitore del Premio Lux 2015<\/strong>, <strong><em>Mediterranea<\/em><\/strong> di <strong>Jonas Carpignano (<\/strong>Italia, 2015) e <strong><em>Urok<\/em><\/strong> (The lesson) di <strong>Kristina Grozeva <\/strong>e<strong> Petar Valchanov<\/strong> (Bulgaria, 2015) &#8211;\u00a0 e <strong>Short Matters! <\/strong>la rassegna dei <strong>cortometraggi <\/strong>che hanno avuto la nomination al<strong> Best European Short Film Award 2015<\/strong> dell\u2019European Film Academy. E <span><strong>Puglia Show <\/strong><\/span><span>con <strong>venti cortometraggi selezionati<\/strong> <span>da <strong>Luigi La Monica<\/strong> <\/span>per\u00a0 il\u00a0 tradizionale concorso riservato a giovani registi pugliesi under 35 anni.<\/span><\/p>\n<p><span>T<img src=\"\/images\/monicavitti.jpg\" border=\"0\" title=\"L'attrice Monica Vitti\" width=\"300\" style=\"margin: 21px; float: left;\" \/>ra le novit\u00e0, <strong>COMMEDIA EUROPEA<\/strong>, una<\/span> <strong>nuova sezione<\/strong> che presenta una selezione dicinque opere: <span><strong><em>21 nuits avec Pattie<\/em><\/strong>\/ <strong><em>21 night with Pattie<\/em><\/strong> (Francia, 2015) di <strong>Arnaud &amp; Jean-Marie Larrieu<\/strong>, esplorazione dei sentimenti umani che mescola commedia di costume, dramma freudiano, trama poliziesca, incursioni nel fantastico, ritratto della campagna. Un contrasto tra una grande audacia e il minimalismo caratteristiche dei fratelli Larrieu, amanti di fiabe e farse naturalistiche; <strong><em>Heil<\/em><\/strong> (Germania, 2015) di <strong>Dietrich Br\u00fcggemann<\/strong>, satira feroce che ben cattura la complessit\u00e0 dell&#8217;attuale mondo reale. <strong>Incidencias\/Stranded <\/strong>(Spagna, 2015) di <strong>Jos\u00e9 Corbacho e Juan Cruz<\/strong>, cruda critica sociale e situazioni rocambolesche che si avvicinano abbastanza alla realt\u00e0 grottesca che viviamo, tessuta di paranoia, dinanzi alla possibilit\u00e0 di un attentato islamico; <strong>Klovn forever\/Klown forever<\/strong> (Danimarca, 2015) di <strong>Mikkel N\u00f8rgaard<\/strong>, si interroga sulla possibilit\u00e0 di un&#8217;amicizia eterna tra i due maturi protagonisti, ritratti nelle loro difficolt\u00e0 di rapporti, in una quotidianit\u00e0 di stili di vita e di redditi ormai diversi; <strong>Schneider vs. Bax<\/strong> (Olanda\/Belgio, 2015) di <strong>Alex van Warmerdam<\/strong>, una storia surreale di un&#8217;umanit\u00e0 imperfetta e variegata, di personaggi che nel quotidiano non si sarebbero mai incontrati, inseriti in una natura selvaggia.<br \/><\/span><\/p>\n<p style=\"text-align: justify;\"><span>Dopo aver gia\u0300 portato quattro anni fa il cinema nel carcere con il film <em>Cesare deve morire<\/em>, per questa edizione il Festival torna nella Casa Circondariale di Lecce, in linea con il progetto del Ministro Andrea Orlando, proponendo due proiezioni all\u2019interno del penitenziario. <\/span>Introdotti da<strong><span> Luciana Castellina<\/span><\/strong><span>, l\u2019<strong>attore Elio Germano <\/strong>accompagna la visione de <strong><em>La nostra vita<\/em><\/strong> di <strong>Daniele Luchetti<\/strong> (2010) ed il regista<strong> Alessandro Piva<\/strong> quella di <strong><em>M<\/em><\/strong><strong><em>ilionari<\/em><\/strong> (2014).<\/span><\/p>\n<p><span><span>Come ogni anno, la sezione <strong>Vetrina Centro Sperimentale di Cinematografia<\/strong> promuover\u00e0 alcune delle attivit\u00e0 della Fondazione e saranno <span>presentati alcuni dei Film di Diploma degli allievi della Scuola Nazionale di Cinema. Inoltre, i<span>n collaborazione con la <strong>Cineteca Nazionale<\/strong>,\u00a0 sar\u00e0 presentato il <strong>Restauro<\/strong> di <strong><em>Vogliamo i colonnelli<\/em><\/strong> dell&#8217;indimenticabile <strong>Mario Monicelli<\/strong> (1973).<\/span><\/span><br \/><\/span><\/span><\/p>\n<p><span><span><span><span>Non solo cinema. Il festival incontra l&#8217;arte grazie alle mostre fotografiche <strong>Christian De Sica. Io e il cinema<\/strong>, come annunciata ai Teatini, <strong>Monica e il cinema. L&#8217;avventura di una grande attrice<\/strong>, dedicata a Monica Vitti, entrambe realizzate dal Centro Sperimentale di Cinematografia-Cineteca Nazionale (ingresso libero). Da non perdere, infine, <strong>Vestire il cinema <\/strong>della costumista romana<strong> Catia Dottori <\/strong>ospitata nella galleria dell&#8217;Accademia di Belle Arti che con il festival ne firma l&#8217;organizzazione.<strong> (an.fu.)<br \/><\/strong><\/span><\/span><\/span><\/span><\/p>\n<p>\u00a0<\/p>\n<hr \/>\n<p>\u00a0<\/p>\n<p><em>Realizzato dalla Regione Puglia e dalla Fondazione Apulia Film Commission con risorse del P.O.R. Puglia 2014-2020, il Festival del Cinema Europeo \u00e8 ideato e organizzato dall\u2019Associazione Culturale \u201cArt Promotion\u201d con il sostegno del Comune di Lecce e del Ministero dei Beni e delle Attivit\u00e0 Culturali e Turismo-Direzione Generale Cinema.<\/em><\/p>\n<p><em>Il Festival del Cinema Europeo \u00e8 riconosciuto dal Ministero dei Beni e delle Attivit\u00e0 Culturali e del Turismo \u201cmanifestazione d\u2019interesse nazionale\u201d ed \u00e8 membro dell\u2019Associazione Festival Italiani di Cinema.<\/em><\/p>\n<p>\u00a0<\/p>\n<p><span><span><span><span>\u00a0<\/span><\/span><\/span><\/span><\/p>\n<p>\u00a0<\/p>\n<p>\u00a0<\/p>\n<p>In arrivo nel capoluogo salentino il regista Krzystozf Zanuss, protagonista del Cinema Europeo, che la <span>sera del 19 aprile <strong>ricever\u00e0 l\u2019Ulivo d\u2019Oro alla Carriera<\/strong>. Al termine dell\u2019incontro con il pubblico, Zanussi introdurr\u00e0 <strong><em>Obce cialo<\/em><\/strong>\/<em>Corpo estraneo<\/em>, il suo film pi\u00f9 recente che verr\u00e0 distribuito da LAB80, un dramma psicologico che mette in scena lo scontro tra il cinismo di certe realt\u00e0 aziendali e un idealismo tutto giovanile. <\/span><\/p>\n<p><span>Secondo il collaudato format del festival a lui sar\u00e0 dedicata una rassegna monografica con\u00a0<span>dieci titoli. <strong><em>Iluminacja<\/em><\/strong>\/<em>Illuminazione<\/em> (1973) \u00e8 la storia di un giovane studente di fisica che mette in dubbio tutte le sue certezze esistenziali; <strong><em>From a far country<\/em><\/strong> &#8211; <strong><em>Pope John Paul II<\/em><\/strong>\/<em>Da un paese lontano<\/em>, \u00e8 il film biografico dedicato alla figura di Karol Wojtyla e al suo cammino sino al soglio pontificio, partendo dagli anni dell&#8217;occupazione nazista del suo paese; <strong><em>Imperativ<\/em><\/strong> (1982), \u00e8 un riferimento al cattolicesimo che ha segnato l\u2019infanzia del regista. <strong><em>Rok spokojnego slonca<\/em><\/strong>\/<em>L\u2019anno del sole quieto<\/em> (1984), e <span><span>Leone d\u2019Oro a Venezia<\/span><\/span>, narra la storia delle persone che hanno vissuto il dramma della seconda guerra mondiale e dei loro ineludibili bisogni umani. <strong><em>Paradigma<\/em><\/strong>\/Il potere del male (<span><span>1985<\/span><\/span>), mette in risalto la fragilit\u00e0 dell\u2019uomo di fronte alla forza della seduzione. <strong><em>Zycie Jako Smiertelna Choroba Przenoszona Droga Plciowa<\/em><\/strong>\/<em>La vita come malattia fatale sessualmente trasmessa<\/em>, (2000), \u00e8 invece una sentita meditazione sulla debolezza della fede di fronte all\u2019incombenza della morte, mentre <strong><em>Dopolnyenye<\/em><\/strong>\/<em>Suplement<\/em>, del 2002, racconta la crisi esistenziale di uno studente di medicina animato da una sincera fede, che non vuole cedere alla corsa quotidiana al benessere. <strong><em>Persona non grata <\/em><\/strong>(2005), ha per protagonista un diplomatico polacco coinvolto in doppi giochi con i russi. Infinte, dall\u2019opera di Rocco Familiari \u00e8 tratto <strong><em>Il sole nero<\/em><\/strong>, (2007), una sorta di thriller morale in cui una vedova cerca di vendicare la morte del marito mettendosi sulle tracce del suo assassino.<\/span><\/span><\/p>\n<p>\u00a0<\/p>\n<p>l&#8217;attore Christian De Sica affascinante e singolare interprete dell\u2019Italia istrionica. Il Festival, in collaborazione con il Centro Sperimentale di Cinematografia, dedica un omaggio all\u2019attore romano per la sua straordinaria versatilit\u00e0, sul grande schermo e dietro la macchina da presa, che gli ha permesso di interpretare con pari sensibilit\u00e0 sia ruoli comici che drammatici, lavorando con registi come Carlo Vanzina, Neri Parenti, Pupi Avati.<\/p>\n<p><strong>Venerd\u00ec 22 aprile Laura Delli Colli e Fausto Brizzi lo presenteranno al pubblico del Festival, nel corso della serata gli sar\u00e0 consegnato l&#8217;Ulivo d&#8217;Oro alla Carriera e sar\u00e0 proiettato in anteprima il suo ultimo film da protagonista, <em>Fra\u00fclein &#8211; Una commedia d\u2019inverno<\/em>.<\/strong><\/p>\n<p>Il Festival propone dieci film scelti dallo stesso De Sica: <strong><em>Sapore di Mare<\/em><\/strong> di Carlo Vanzina (1983), <strong><em>Il conte Max<\/em><\/strong> di Christian De Sica (1991), <strong><em>Faccione <\/em><\/strong>di Christian De Sica (1991), <strong><em>Uomini Uomini Uomini <\/em><\/strong>di Christian De Sica (1995), <strong><em>Simpatici e antipatici<\/em><\/strong> di Christian De Sica (1998), <strong><em>The clan<\/em><\/strong> di Christian De Sica (2005), <strong><em>Parlami di me<\/em><\/strong> di Brando De Sica (2008), <strong><em>Il figlio pi\u00f9 piccolo<\/em><\/strong> di Pupi Avati (2009), <strong><em>La scuola pi\u00f9 bella del mondo<\/em><\/strong> di Luca Miniero (2014), <strong><em>Fra\u00fclein &#8211; Una commedia d\u2019inverno<\/em><\/strong> (2016) di Caterina Carone.<\/p>\n<p>All\u2019artista \u00e8 dedicata anche la <strong>mostra fotografica CHRISTIAN DE SICA. IO E IL CINEMA<\/strong> realizzata in collaborazione con il Centro Sperimentale di Cinematografia-Cineteca Nazionale, allestita presso l\u2019ex Monastero dei Teatini.<\/p>\n","protected":false},"excerpt":{"rendered":"<p>Al via a Lecce dal 18 al 23 aprile 2016 la XVII edizione della rassegna cinematografica Lecce capitale del cinema.<\/p>\n","protected":false},"author":1,"featured_media":0,"comment_status":"open","ping_status":"open","sticky":false,"template":"","format":"standard","meta":[],"categories":[29],"tags":[],"yoast_head":"<!-- This site is optimized with the Yoast SEO plugin v18.0 - https:\/\/yoast.com\/wordpress\/plugins\/seo\/ -->\n<title>I mille sguardi del Festival del Cinema Europeo | Arte e Luoghi<\/title>\n<meta name=\"robots\" content=\"index, follow, max-snippet:-1, max-image-preview:large, max-video-preview:-1\" \/>\n<link rel=\"canonical\" href=\"https:\/\/arteeluoghi.it\/index.php\/2016\/04\/15\/a-lecce-il-festival-del-cinema-europeo-2\/\" \/>\n<meta property=\"og:locale\" content=\"it_IT\" \/>\n<meta property=\"og:type\" content=\"article\" \/>\n<meta property=\"og:title\" content=\"I mille sguardi del Festival del Cinema Europeo | Arte e Luoghi\" \/>\n<meta property=\"og:description\" content=\"Al via a Lecce dal 18 al 23 aprile 2016 la XVII edizione della rassegna cinematografica Lecce capitale del cinema.\" \/>\n<meta property=\"og:url\" content=\"https:\/\/arteeluoghi.it\/index.php\/2016\/04\/15\/a-lecce-il-festival-del-cinema-europeo-2\/\" \/>\n<meta property=\"og:site_name\" content=\"Arte e Luoghi\" \/>\n<meta property=\"article:publisher\" content=\"https:\/\/www.facebook.com\/ArteELuoghi\/\" \/>\n<meta property=\"article:published_time\" content=\"2016-04-15T11:55:44+00:00\" \/>\n<meta property=\"article:modified_time\" content=\"2017-08-14T01:33:41+00:00\" \/>\n<meta property=\"og:image\" content=\"https:\/\/arteeluoghi.it\/images\/cristiandesica1.jpg\" \/>\n<meta name=\"twitter:card\" content=\"summary\" \/>\n<meta name=\"twitter:creator\" content=\"@arteeluoghi\" \/>\n<meta name=\"twitter:site\" content=\"@arteeluoghi\" \/>\n<meta name=\"twitter:label1\" content=\"Scritto da\" \/>\n\t<meta name=\"twitter:data1\" content=\"Staff\" \/>\n\t<meta name=\"twitter:label2\" content=\"Tempo di lettura stimato\" \/>\n\t<meta name=\"twitter:data2\" content=\"10 minuti\" \/>\n<script type=\"application\/ld+json\" class=\"yoast-schema-graph\">{\"@context\":\"https:\/\/schema.org\",\"@graph\":[{\"@type\":\"Organization\",\"@id\":\"https:\/\/arteeluoghi.it\/#organization\",\"name\":\"Arte e Luoghi\",\"url\":\"https:\/\/arteeluoghi.it\/\",\"sameAs\":[\"https:\/\/www.facebook.com\/ArteELuoghi\/\",\"https:\/\/www.instagram.com\/arteeluoghi\/?hl=it\",\"https:\/\/www.youtube.com\/channel\/UCuRVc4JW4-C5sg9rQB-srkw?view_as=subscriber\",\"https:\/\/twitter.com\/arteeluoghi\"],\"logo\":{\"@type\":\"ImageObject\",\"@id\":\"https:\/\/arteeluoghi.it\/#logo\",\"inLanguage\":\"it-IT\",\"url\":\"https:\/\/arteeluoghi.it\/wp-content\/uploads\/2018\/08\/logoinstagramarte.jpg\",\"contentUrl\":\"https:\/\/arteeluoghi.it\/wp-content\/uploads\/2018\/08\/logoinstagramarte.jpg\",\"width\":150,\"height\":150,\"caption\":\"Arte e Luoghi\"},\"image\":{\"@id\":\"https:\/\/arteeluoghi.it\/#logo\"}},{\"@type\":\"WebSite\",\"@id\":\"https:\/\/arteeluoghi.it\/#website\",\"url\":\"https:\/\/arteeluoghi.it\/\",\"name\":\"Arte e Luoghi\",\"description\":\"Mensile di arte, cultura, turismo e curiosit\u00e0\",\"publisher\":{\"@id\":\"https:\/\/arteeluoghi.it\/#organization\"},\"potentialAction\":[{\"@type\":\"SearchAction\",\"target\":{\"@type\":\"EntryPoint\",\"urlTemplate\":\"https:\/\/arteeluoghi.it\/?s={search_term_string}\"},\"query-input\":\"required name=search_term_string\"}],\"inLanguage\":\"it-IT\"},{\"@type\":\"ImageObject\",\"@id\":\"https:\/\/arteeluoghi.it\/index.php\/2016\/04\/15\/a-lecce-il-festival-del-cinema-europeo-2\/#primaryimage\",\"inLanguage\":\"it-IT\",\"url\":\"\/images\/cristiandesica1.jpg\",\"contentUrl\":\"\/images\/cristiandesica1.jpg\"},{\"@type\":\"WebPage\",\"@id\":\"https:\/\/arteeluoghi.it\/index.php\/2016\/04\/15\/a-lecce-il-festival-del-cinema-europeo-2\/#webpage\",\"url\":\"https:\/\/arteeluoghi.it\/index.php\/2016\/04\/15\/a-lecce-il-festival-del-cinema-europeo-2\/\",\"name\":\"I mille sguardi del Festival del Cinema Europeo | Arte e Luoghi\",\"isPartOf\":{\"@id\":\"https:\/\/arteeluoghi.it\/#website\"},\"primaryImageOfPage\":{\"@id\":\"https:\/\/arteeluoghi.it\/index.php\/2016\/04\/15\/a-lecce-il-festival-del-cinema-europeo-2\/#primaryimage\"},\"datePublished\":\"2016-04-15T11:55:44+00:00\",\"dateModified\":\"2017-08-14T01:33:41+00:00\",\"breadcrumb\":{\"@id\":\"https:\/\/arteeluoghi.it\/index.php\/2016\/04\/15\/a-lecce-il-festival-del-cinema-europeo-2\/#breadcrumb\"},\"inLanguage\":\"it-IT\",\"potentialAction\":[{\"@type\":\"ReadAction\",\"target\":[\"https:\/\/arteeluoghi.it\/index.php\/2016\/04\/15\/a-lecce-il-festival-del-cinema-europeo-2\/\"]}]},{\"@type\":\"BreadcrumbList\",\"@id\":\"https:\/\/arteeluoghi.it\/index.php\/2016\/04\/15\/a-lecce-il-festival-del-cinema-europeo-2\/#breadcrumb\",\"itemListElement\":[{\"@type\":\"ListItem\",\"position\":1,\"name\":\"Home\",\"item\":\"https:\/\/arteeluoghi.it\/\"},{\"@type\":\"ListItem\",\"position\":2,\"name\":\"I mille sguardi del Festival del Cinema Europeo\"}]},{\"@type\":\"Article\",\"@id\":\"https:\/\/arteeluoghi.it\/index.php\/2016\/04\/15\/a-lecce-il-festival-del-cinema-europeo-2\/#article\",\"isPartOf\":{\"@id\":\"https:\/\/arteeluoghi.it\/index.php\/2016\/04\/15\/a-lecce-il-festival-del-cinema-europeo-2\/#webpage\"},\"author\":{\"@id\":\"https:\/\/arteeluoghi.it\/#\/schema\/person\/f84e814e36e91e01448ee07eaadd41d4\"},\"headline\":\"I mille sguardi del Festival del Cinema Europeo\",\"datePublished\":\"2016-04-15T11:55:44+00:00\",\"dateModified\":\"2017-08-14T01:33:41+00:00\",\"mainEntityOfPage\":{\"@id\":\"https:\/\/arteeluoghi.it\/index.php\/2016\/04\/15\/a-lecce-il-festival-del-cinema-europeo-2\/#webpage\"},\"wordCount\":2084,\"commentCount\":0,\"publisher\":{\"@id\":\"https:\/\/arteeluoghi.it\/#organization\"},\"image\":{\"@id\":\"https:\/\/arteeluoghi.it\/index.php\/2016\/04\/15\/a-lecce-il-festival-del-cinema-europeo-2\/#primaryimage\"},\"thumbnailUrl\":\"\/images\/cristiandesica1.jpg\",\"articleSection\":[\"Cinema\"],\"inLanguage\":\"it-IT\",\"potentialAction\":[{\"@type\":\"CommentAction\",\"name\":\"Comment\",\"target\":[\"https:\/\/arteeluoghi.it\/index.php\/2016\/04\/15\/a-lecce-il-festival-del-cinema-europeo-2\/#respond\"]}]},{\"@type\":\"Person\",\"@id\":\"https:\/\/arteeluoghi.it\/#\/schema\/person\/f84e814e36e91e01448ee07eaadd41d4\",\"name\":\"Staff\",\"image\":{\"@type\":\"ImageObject\",\"@id\":\"https:\/\/arteeluoghi.it\/#personlogo\",\"inLanguage\":\"it-IT\",\"url\":\"https:\/\/secure.gravatar.com\/avatar\/49d2f9e46271bb04e19cebfaf141313a?s=96&d=blank&r=g\",\"contentUrl\":\"https:\/\/secure.gravatar.com\/avatar\/49d2f9e46271bb04e19cebfaf141313a?s=96&d=blank&r=g\",\"caption\":\"Staff\"}}]}<\/script>\n<!-- \/ Yoast SEO plugin. -->","yoast_head_json":{"title":"I mille sguardi del Festival del Cinema Europeo | Arte e Luoghi","robots":{"index":"index","follow":"follow","max-snippet":"max-snippet:-1","max-image-preview":"max-image-preview:large","max-video-preview":"max-video-preview:-1"},"canonical":"https:\/\/arteeluoghi.it\/index.php\/2016\/04\/15\/a-lecce-il-festival-del-cinema-europeo-2\/","og_locale":"it_IT","og_type":"article","og_title":"I mille sguardi del Festival del Cinema Europeo | Arte e Luoghi","og_description":"Al via a Lecce dal 18 al 23 aprile 2016 la XVII edizione della rassegna cinematografica Lecce capitale del cinema.","og_url":"https:\/\/arteeluoghi.it\/index.php\/2016\/04\/15\/a-lecce-il-festival-del-cinema-europeo-2\/","og_site_name":"Arte e Luoghi","article_publisher":"https:\/\/www.facebook.com\/ArteELuoghi\/","article_published_time":"2016-04-15T11:55:44+00:00","article_modified_time":"2017-08-14T01:33:41+00:00","og_image":[{"url":"https:\/\/arteeluoghi.it\/images\/cristiandesica1.jpg"}],"twitter_card":"summary","twitter_creator":"@arteeluoghi","twitter_site":"@arteeluoghi","twitter_misc":{"Scritto da":"Staff","Tempo di lettura stimato":"10 minuti"},"schema":{"@context":"https:\/\/schema.org","@graph":[{"@type":"Organization","@id":"https:\/\/arteeluoghi.it\/#organization","name":"Arte e Luoghi","url":"https:\/\/arteeluoghi.it\/","sameAs":["https:\/\/www.facebook.com\/ArteELuoghi\/","https:\/\/www.instagram.com\/arteeluoghi\/?hl=it","https:\/\/www.youtube.com\/channel\/UCuRVc4JW4-C5sg9rQB-srkw?view_as=subscriber","https:\/\/twitter.com\/arteeluoghi"],"logo":{"@type":"ImageObject","@id":"https:\/\/arteeluoghi.it\/#logo","inLanguage":"it-IT","url":"https:\/\/arteeluoghi.it\/wp-content\/uploads\/2018\/08\/logoinstagramarte.jpg","contentUrl":"https:\/\/arteeluoghi.it\/wp-content\/uploads\/2018\/08\/logoinstagramarte.jpg","width":150,"height":150,"caption":"Arte e Luoghi"},"image":{"@id":"https:\/\/arteeluoghi.it\/#logo"}},{"@type":"WebSite","@id":"https:\/\/arteeluoghi.it\/#website","url":"https:\/\/arteeluoghi.it\/","name":"Arte e Luoghi","description":"Mensile di arte, cultura, turismo e curiosit\u00e0","publisher":{"@id":"https:\/\/arteeluoghi.it\/#organization"},"potentialAction":[{"@type":"SearchAction","target":{"@type":"EntryPoint","urlTemplate":"https:\/\/arteeluoghi.it\/?s={search_term_string}"},"query-input":"required name=search_term_string"}],"inLanguage":"it-IT"},{"@type":"ImageObject","@id":"https:\/\/arteeluoghi.it\/index.php\/2016\/04\/15\/a-lecce-il-festival-del-cinema-europeo-2\/#primaryimage","inLanguage":"it-IT","url":"\/images\/cristiandesica1.jpg","contentUrl":"\/images\/cristiandesica1.jpg"},{"@type":"WebPage","@id":"https:\/\/arteeluoghi.it\/index.php\/2016\/04\/15\/a-lecce-il-festival-del-cinema-europeo-2\/#webpage","url":"https:\/\/arteeluoghi.it\/index.php\/2016\/04\/15\/a-lecce-il-festival-del-cinema-europeo-2\/","name":"I mille sguardi del Festival del Cinema Europeo | Arte e Luoghi","isPartOf":{"@id":"https:\/\/arteeluoghi.it\/#website"},"primaryImageOfPage":{"@id":"https:\/\/arteeluoghi.it\/index.php\/2016\/04\/15\/a-lecce-il-festival-del-cinema-europeo-2\/#primaryimage"},"datePublished":"2016-04-15T11:55:44+00:00","dateModified":"2017-08-14T01:33:41+00:00","breadcrumb":{"@id":"https:\/\/arteeluoghi.it\/index.php\/2016\/04\/15\/a-lecce-il-festival-del-cinema-europeo-2\/#breadcrumb"},"inLanguage":"it-IT","potentialAction":[{"@type":"ReadAction","target":["https:\/\/arteeluoghi.it\/index.php\/2016\/04\/15\/a-lecce-il-festival-del-cinema-europeo-2\/"]}]},{"@type":"BreadcrumbList","@id":"https:\/\/arteeluoghi.it\/index.php\/2016\/04\/15\/a-lecce-il-festival-del-cinema-europeo-2\/#breadcrumb","itemListElement":[{"@type":"ListItem","position":1,"name":"Home","item":"https:\/\/arteeluoghi.it\/"},{"@type":"ListItem","position":2,"name":"I mille sguardi del Festival del Cinema Europeo"}]},{"@type":"Article","@id":"https:\/\/arteeluoghi.it\/index.php\/2016\/04\/15\/a-lecce-il-festival-del-cinema-europeo-2\/#article","isPartOf":{"@id":"https:\/\/arteeluoghi.it\/index.php\/2016\/04\/15\/a-lecce-il-festival-del-cinema-europeo-2\/#webpage"},"author":{"@id":"https:\/\/arteeluoghi.it\/#\/schema\/person\/f84e814e36e91e01448ee07eaadd41d4"},"headline":"I mille sguardi del Festival del Cinema Europeo","datePublished":"2016-04-15T11:55:44+00:00","dateModified":"2017-08-14T01:33:41+00:00","mainEntityOfPage":{"@id":"https:\/\/arteeluoghi.it\/index.php\/2016\/04\/15\/a-lecce-il-festival-del-cinema-europeo-2\/#webpage"},"wordCount":2084,"commentCount":0,"publisher":{"@id":"https:\/\/arteeluoghi.it\/#organization"},"image":{"@id":"https:\/\/arteeluoghi.it\/index.php\/2016\/04\/15\/a-lecce-il-festival-del-cinema-europeo-2\/#primaryimage"},"thumbnailUrl":"\/images\/cristiandesica1.jpg","articleSection":["Cinema"],"inLanguage":"it-IT","potentialAction":[{"@type":"CommentAction","name":"Comment","target":["https:\/\/arteeluoghi.it\/index.php\/2016\/04\/15\/a-lecce-il-festival-del-cinema-europeo-2\/#respond"]}]},{"@type":"Person","@id":"https:\/\/arteeluoghi.it\/#\/schema\/person\/f84e814e36e91e01448ee07eaadd41d4","name":"Staff","image":{"@type":"ImageObject","@id":"https:\/\/arteeluoghi.it\/#personlogo","inLanguage":"it-IT","url":"https:\/\/secure.gravatar.com\/avatar\/49d2f9e46271bb04e19cebfaf141313a?s=96&d=blank&r=g","contentUrl":"https:\/\/secure.gravatar.com\/avatar\/49d2f9e46271bb04e19cebfaf141313a?s=96&d=blank&r=g","caption":"Staff"}}]}},"_links":{"self":[{"href":"https:\/\/arteeluoghi.it\/index.php\/wp-json\/wp\/v2\/posts\/2527"}],"collection":[{"href":"https:\/\/arteeluoghi.it\/index.php\/wp-json\/wp\/v2\/posts"}],"about":[{"href":"https:\/\/arteeluoghi.it\/index.php\/wp-json\/wp\/v2\/types\/post"}],"author":[{"embeddable":true,"href":"https:\/\/arteeluoghi.it\/index.php\/wp-json\/wp\/v2\/users\/1"}],"replies":[{"embeddable":true,"href":"https:\/\/arteeluoghi.it\/index.php\/wp-json\/wp\/v2\/comments?post=2527"}],"version-history":[{"count":1,"href":"https:\/\/arteeluoghi.it\/index.php\/wp-json\/wp\/v2\/posts\/2527\/revisions"}],"predecessor-version":[{"id":3416,"href":"https:\/\/arteeluoghi.it\/index.php\/wp-json\/wp\/v2\/posts\/2527\/revisions\/3416"}],"wp:attachment":[{"href":"https:\/\/arteeluoghi.it\/index.php\/wp-json\/wp\/v2\/media?parent=2527"}],"wp:term":[{"taxonomy":"category","embeddable":true,"href":"https:\/\/arteeluoghi.it\/index.php\/wp-json\/wp\/v2\/categories?post=2527"},{"taxonomy":"post_tag","embeddable":true,"href":"https:\/\/arteeluoghi.it\/index.php\/wp-json\/wp\/v2\/tags?post=2527"}],"curies":[{"name":"wp","href":"https:\/\/api.w.org\/{rel}","templated":true}]}}