{"id":2542,"date":"2016-04-22T12:22:42","date_gmt":"2016-04-22T10:22:42","guid":{"rendered":"http:\/\/arteeluoghi.it\/index.php\/2016\/04\/22\/il-giorno-di-christian-de-sica\/"},"modified":"2017-08-14T03:33:22","modified_gmt":"2017-08-14T01:33:22","slug":"il-giorno-di-christian-de-sica","status":"publish","type":"post","link":"https:\/\/arteeluoghi.it\/index.php\/2016\/04\/22\/il-giorno-di-christian-de-sica\/","title":{"rendered":"Il giorno di Christian De Sica"},"content":{"rendered":"<p style=\"text-align: left;\" align=\"center\"><strong><img src=\"\/images\/cristiandesica1.jpg\" border=\"0\" title=\"L'attore Christian de Sica\" width=\"200\" style=\"margin: 21px; float: right;\" \/>XVII FESTIVAL DEL CINEMA EUROPEO <\/strong>Lecce, 18- 23 aprile 2016 | Multisala Massimo<\/p>\n<p><strong>Proiezione in anteprima nazionale di <em>Fra\u00fclein &#8211; Una commedia d\u2019inverno<\/em>, il nuovo film di Christian De Sica che questa sera ricever\u00e0 l&#8217;Ulivo d&#8217;oro alla carriera<\/strong> <\/p>\n<p>\u00a0<\/p>\n<p>La quinta giornata del <strong>Festival del Cinema Europeo &#8211; <\/strong>diretto da Alberto La Monica e Cristina Soldano- rende omaggio a <strong>Christian De Sica<\/strong>, showman, attore, cantante, regista, sceneggiatore, interprete di successo del nostro cinema.Stamattina l&#8217;incontro con la stampa e la visita ai Teatini dove \u00e8 stata allestita una mostra fotografica che ripercorre la sua straordinaria carriera artistica.<\/p>\n<p>Nel pomeriggio, nell&#8217;ambito della rassegna monografica a lui dedicata, si potr\u00e0 assistere alla proiezione di <strong><em>The clan<\/em><\/strong> (Italia, 2005) (ore 18.00 in sala 1). Ma il momento clou questa sera alle ore 20.30 (in sala1), quando Laura Delli Colli e Fausto Brizzi lo presenteranno al pubblico del Festival che potr\u00e0 assistere alla prima nazionale del suo ultimo film da protagonista <strong><em>Fra\u00fclein &#8211; Una commedia d\u2019inverno<\/em><\/strong>, in uscita nelle sale il prossimo 26 maggio, ditribuito la LAB80. Nel corso della serata la consegna dell&#8217;Ulivo d&#8217;Oro alla Carriera.\u00a0<\/p>\n<p>  <!--more-->  <\/p>\n<p>\u00a0<\/p>\n<p>Continuano le retrospettive dei protagonisti del cinema italiano ed europeo; per l\u2019omaggio a Elio Germano in sala 4 alle ore 11.00 il film <strong><em>N \u2013 Io e Napoleone<\/em><\/strong> (Italia, Spagna, Francia 2006) di Paolo Virz\u00ec e alle ore 22.00, sempre in sala 4 <strong><em>Il mattino ha l\u2019oro in bocca<\/em><\/strong> (Italia \u20132007) di Francesco Patierno. Per Krzysztof Zanussi in programma alle ore 18.00 in sala 3 il film <strong><em>Imperativ<\/em><\/strong> (Polonia \u2013 Francia &#8211; RFT, 1982) e sempre in sala 4 alle ore 22.00 <strong><em>Suplement<\/em><\/strong> (Polonia, 2002). La retrospettiva dedicata a Andrzej Zulawski, curata da Massimo Causo, continua in sala 3 alle ore 10.30 con <strong><em>La fidelit\u00e8<\/em><\/strong> e alle ore 20.30 in sala 2 con la proiezione di <strong><em>Amore balordo<\/em><\/strong> (Francia, 1985).<\/p>\n<p>Continuano gli appuntamenti con <strong>CINEMA E REALTA\u2019<\/strong> che domani trattano il tema <em><span style=\"text-decoration: underline;\">Carcere, teatro e riabilitazione<\/span><\/em> con la proiezione, alle ore 18.00 in sala 2, dei documentari <strong><em>Io ci provo<\/em><\/strong>, di <strong>Lara Napoli e Alessandro Salvini<\/strong> e <strong><em>A tempo debito<\/em><\/strong> di Christian Cinetto; il proficuo rapporto tra vita, arte e riabilitazione sociale in due documentari che raccontano l\u2019intensa esperienza con il teatro della compagnia della regista Paola Leone nel Carcere di Lecce Borgo San Nicola e con il cinema nella Casa Circondariale di Padova.<\/p>\n<p>In sala 2 alle ore 22.30 \u00e8 la volta del terzo appuntamento del <strong>PREMIO MARIO VERDONE<\/strong> con il film <strong><em>Short Skin<\/em><\/strong> di Duccio Chiarini.<\/p>\n<p>Continuano le proiezioni della nuova sezione del Festival <strong>COMMEDIA EUROPEA<\/strong> con <strong><em>Schneider vs. Bax<\/em><\/strong>, alle ore 20.00 in sala 3, (Olanda &#8211; Belgio, 2015) di Alex van Warmerdam, una storia surreale di un&#8217;umanit\u00e0 imperfetta e variegata, di personaggi che nel quotidiano non si sarebbero mai incontrati, inseriti in una natura selvaggia.<\/p>\n<p>In sala 5 continuano le proiezioni dei film in concorso:<\/p>\n<p>alle ore 09.00 <strong><em>Our everyday life<\/em><\/strong> (Bosnia \u2013 Erzegovina, Croazia, Slovenia, Germania, 2015) di Ines Tanovic che traccia il profilo di una parte della societ\u00e0 borghese bosniaca di oggi non povera, ma neanche felice, che, delusa da una guerra che non ha portato ad alcuna vittoria ma ha azzerato la giovinezza dei pi\u00f9, non ha ancora trovato la sua giusta dimensione.<\/p>\n<p>Alle ore 11.00 <strong><em>One of us<\/em><\/strong> di Stephan Richter, (Austria, 2015), s\u00ec interroga sull&#8217;insensatezza di una sparatoria realmente accaduta nel 2009 in un supermercato di una periferia urbana austriaca, senza strutture in cui soprattutto i giovani possano scoprire ed alimentare le loro potenzialit\u00e0. La sparatoria cost\u00f2 la vita ad un diciottenne e suscit\u00f2 accesi dibattiti sul comportamento degli agenti di polizia. Il film sar\u00e0 proiettato anche alle ore 18.00 e al termine di questa seconda proiezione segue incontro con il regista.<\/p>\n<p>Alle ore 20.00 <strong><em>Lily Lane<\/em><\/strong> di Bence Fliegauf (Ungbheria, 2016) narra la storia di una madre e di un figlio alle prese con questioni esistenziali. Al termine della proiezione segue incontro con regista.<\/p>\n<p>Alle ore 22.00 <strong><em>Ivy<\/em><\/strong> di Tolga Karacelik (Turchia \u2013 Germania, 2015), ispirato dalla poesia di Samuel Coleridge The Rime of the Ancient Mariner, \u00e8 una riflessione sulla caduta dell&#8217;autorit\u00e0 e sull&#8217;ambiguit\u00e0 del rapporto fra sei uomini costretti a vivere in una situazione di caos e disperazione su una nave cargo, al largo dell&#8217;Egitto perch\u00e9 la compagnia \u00e8 andata in bancarotta. Segue incontro con regista.<\/p>\n<p>In sala 4, a partire dalle ore 18.00, continua la rassegna <strong>FESTIVAL IN CORTO<\/strong> che comprende la proiezione dei corti della sezione <strong>PUGLIA SHOW<\/strong> (in concorso e fuori concorso), <strong>PREMIO EMIDIO GRECO<\/strong> e <strong>lavori realizzati dagli allievi della Scuola Nazionale di Cinema<\/strong>.<\/p>\n<p>Alle ore 11.00 in sala 2 prosegue l\u2019appuntamento con <strong>SHORT MATTERS!<\/strong>, la rassegna dei cortometraggi nominati all\u2019European Short Film Award 2014 dell\u2019European Film Academy.<\/p>\n<p>\u00a0(fonte: comunicato stampa)<\/p>\n","protected":false},"excerpt":{"rendered":"<p>XVII FESTIVAL DEL CINEMA EUROPEO Lecce, 18- 23 aprile 2016 | Multisala Massimo Proiezione in anteprima nazionale di Fra\u00fclein &#8211;<\/p>\n","protected":false},"author":1,"featured_media":0,"comment_status":"open","ping_status":"open","sticky":false,"template":"","format":"standard","meta":[],"categories":[29],"tags":[],"yoast_head":"<!-- This site is optimized with the Yoast SEO plugin v18.0 - https:\/\/yoast.com\/wordpress\/plugins\/seo\/ -->\n<title>Il giorno di Christian De Sica | Arte e Luoghi<\/title>\n<meta name=\"robots\" content=\"index, follow, max-snippet:-1, max-image-preview:large, max-video-preview:-1\" \/>\n<link rel=\"canonical\" href=\"https:\/\/arteeluoghi.it\/index.php\/2016\/04\/22\/il-giorno-di-christian-de-sica\/\" \/>\n<meta property=\"og:locale\" content=\"it_IT\" \/>\n<meta property=\"og:type\" content=\"article\" \/>\n<meta property=\"og:title\" content=\"Il giorno di Christian De Sica | Arte e Luoghi\" \/>\n<meta property=\"og:description\" content=\"XVII FESTIVAL DEL CINEMA EUROPEO Lecce, 18- 23 aprile 2016 | Multisala Massimo Proiezione in anteprima nazionale di Fra\u00fclein &#8211;\" \/>\n<meta property=\"og:url\" content=\"https:\/\/arteeluoghi.it\/index.php\/2016\/04\/22\/il-giorno-di-christian-de-sica\/\" \/>\n<meta property=\"og:site_name\" content=\"Arte e Luoghi\" \/>\n<meta property=\"article:publisher\" content=\"https:\/\/www.facebook.com\/ArteELuoghi\/\" \/>\n<meta property=\"article:published_time\" content=\"2016-04-22T10:22:42+00:00\" \/>\n<meta property=\"article:modified_time\" content=\"2017-08-14T01:33:22+00:00\" \/>\n<meta property=\"og:image\" content=\"https:\/\/arteeluoghi.it\/images\/cristiandesica1.jpg\" \/>\n<meta name=\"twitter:card\" content=\"summary\" \/>\n<meta name=\"twitter:creator\" content=\"@arteeluoghi\" \/>\n<meta name=\"twitter:site\" content=\"@arteeluoghi\" \/>\n<meta name=\"twitter:label1\" content=\"Scritto da\" \/>\n\t<meta name=\"twitter:data1\" content=\"Staff\" \/>\n\t<meta name=\"twitter:label2\" content=\"Tempo di lettura stimato\" \/>\n\t<meta name=\"twitter:data2\" content=\"4 minuti\" \/>\n<script type=\"application\/ld+json\" class=\"yoast-schema-graph\">{\"@context\":\"https:\/\/schema.org\",\"@graph\":[{\"@type\":\"Organization\",\"@id\":\"https:\/\/arteeluoghi.it\/#organization\",\"name\":\"Arte e Luoghi\",\"url\":\"https:\/\/arteeluoghi.it\/\",\"sameAs\":[\"https:\/\/www.facebook.com\/ArteELuoghi\/\",\"https:\/\/www.instagram.com\/arteeluoghi\/?hl=it\",\"https:\/\/www.youtube.com\/channel\/UCuRVc4JW4-C5sg9rQB-srkw?view_as=subscriber\",\"https:\/\/twitter.com\/arteeluoghi\"],\"logo\":{\"@type\":\"ImageObject\",\"@id\":\"https:\/\/arteeluoghi.it\/#logo\",\"inLanguage\":\"it-IT\",\"url\":\"https:\/\/arteeluoghi.it\/wp-content\/uploads\/2018\/08\/logoinstagramarte.jpg\",\"contentUrl\":\"https:\/\/arteeluoghi.it\/wp-content\/uploads\/2018\/08\/logoinstagramarte.jpg\",\"width\":150,\"height\":150,\"caption\":\"Arte e Luoghi\"},\"image\":{\"@id\":\"https:\/\/arteeluoghi.it\/#logo\"}},{\"@type\":\"WebSite\",\"@id\":\"https:\/\/arteeluoghi.it\/#website\",\"url\":\"https:\/\/arteeluoghi.it\/\",\"name\":\"Arte e Luoghi\",\"description\":\"Mensile di arte, cultura, turismo e curiosit\u00e0\",\"publisher\":{\"@id\":\"https:\/\/arteeluoghi.it\/#organization\"},\"potentialAction\":[{\"@type\":\"SearchAction\",\"target\":{\"@type\":\"EntryPoint\",\"urlTemplate\":\"https:\/\/arteeluoghi.it\/?s={search_term_string}\"},\"query-input\":\"required name=search_term_string\"}],\"inLanguage\":\"it-IT\"},{\"@type\":\"ImageObject\",\"@id\":\"https:\/\/arteeluoghi.it\/index.php\/2016\/04\/22\/il-giorno-di-christian-de-sica\/#primaryimage\",\"inLanguage\":\"it-IT\",\"url\":\"\/images\/cristiandesica1.jpg\",\"contentUrl\":\"\/images\/cristiandesica1.jpg\"},{\"@type\":\"WebPage\",\"@id\":\"https:\/\/arteeluoghi.it\/index.php\/2016\/04\/22\/il-giorno-di-christian-de-sica\/#webpage\",\"url\":\"https:\/\/arteeluoghi.it\/index.php\/2016\/04\/22\/il-giorno-di-christian-de-sica\/\",\"name\":\"Il giorno di Christian De Sica | Arte e Luoghi\",\"isPartOf\":{\"@id\":\"https:\/\/arteeluoghi.it\/#website\"},\"primaryImageOfPage\":{\"@id\":\"https:\/\/arteeluoghi.it\/index.php\/2016\/04\/22\/il-giorno-di-christian-de-sica\/#primaryimage\"},\"datePublished\":\"2016-04-22T10:22:42+00:00\",\"dateModified\":\"2017-08-14T01:33:22+00:00\",\"breadcrumb\":{\"@id\":\"https:\/\/arteeluoghi.it\/index.php\/2016\/04\/22\/il-giorno-di-christian-de-sica\/#breadcrumb\"},\"inLanguage\":\"it-IT\",\"potentialAction\":[{\"@type\":\"ReadAction\",\"target\":[\"https:\/\/arteeluoghi.it\/index.php\/2016\/04\/22\/il-giorno-di-christian-de-sica\/\"]}]},{\"@type\":\"BreadcrumbList\",\"@id\":\"https:\/\/arteeluoghi.it\/index.php\/2016\/04\/22\/il-giorno-di-christian-de-sica\/#breadcrumb\",\"itemListElement\":[{\"@type\":\"ListItem\",\"position\":1,\"name\":\"Home\",\"item\":\"https:\/\/arteeluoghi.it\/\"},{\"@type\":\"ListItem\",\"position\":2,\"name\":\"Il giorno di Christian De Sica\"}]},{\"@type\":\"Article\",\"@id\":\"https:\/\/arteeluoghi.it\/index.php\/2016\/04\/22\/il-giorno-di-christian-de-sica\/#article\",\"isPartOf\":{\"@id\":\"https:\/\/arteeluoghi.it\/index.php\/2016\/04\/22\/il-giorno-di-christian-de-sica\/#webpage\"},\"author\":{\"@id\":\"https:\/\/arteeluoghi.it\/#\/schema\/person\/f84e814e36e91e01448ee07eaadd41d4\"},\"headline\":\"Il giorno di Christian De Sica\",\"datePublished\":\"2016-04-22T10:22:42+00:00\",\"dateModified\":\"2017-08-14T01:33:22+00:00\",\"mainEntityOfPage\":{\"@id\":\"https:\/\/arteeluoghi.it\/index.php\/2016\/04\/22\/il-giorno-di-christian-de-sica\/#webpage\"},\"wordCount\":739,\"commentCount\":0,\"publisher\":{\"@id\":\"https:\/\/arteeluoghi.it\/#organization\"},\"image\":{\"@id\":\"https:\/\/arteeluoghi.it\/index.php\/2016\/04\/22\/il-giorno-di-christian-de-sica\/#primaryimage\"},\"thumbnailUrl\":\"\/images\/cristiandesica1.jpg\",\"articleSection\":[\"Cinema\"],\"inLanguage\":\"it-IT\",\"potentialAction\":[{\"@type\":\"CommentAction\",\"name\":\"Comment\",\"target\":[\"https:\/\/arteeluoghi.it\/index.php\/2016\/04\/22\/il-giorno-di-christian-de-sica\/#respond\"]}]},{\"@type\":\"Person\",\"@id\":\"https:\/\/arteeluoghi.it\/#\/schema\/person\/f84e814e36e91e01448ee07eaadd41d4\",\"name\":\"Staff\",\"image\":{\"@type\":\"ImageObject\",\"@id\":\"https:\/\/arteeluoghi.it\/#personlogo\",\"inLanguage\":\"it-IT\",\"url\":\"https:\/\/secure.gravatar.com\/avatar\/49d2f9e46271bb04e19cebfaf141313a?s=96&d=blank&r=g\",\"contentUrl\":\"https:\/\/secure.gravatar.com\/avatar\/49d2f9e46271bb04e19cebfaf141313a?s=96&d=blank&r=g\",\"caption\":\"Staff\"}}]}<\/script>\n<!-- \/ Yoast SEO plugin. -->","yoast_head_json":{"title":"Il giorno di Christian De Sica | Arte e Luoghi","robots":{"index":"index","follow":"follow","max-snippet":"max-snippet:-1","max-image-preview":"max-image-preview:large","max-video-preview":"max-video-preview:-1"},"canonical":"https:\/\/arteeluoghi.it\/index.php\/2016\/04\/22\/il-giorno-di-christian-de-sica\/","og_locale":"it_IT","og_type":"article","og_title":"Il giorno di Christian De Sica | Arte e Luoghi","og_description":"XVII FESTIVAL DEL CINEMA EUROPEO Lecce, 18- 23 aprile 2016 | Multisala Massimo Proiezione in anteprima nazionale di Fra\u00fclein &#8211;","og_url":"https:\/\/arteeluoghi.it\/index.php\/2016\/04\/22\/il-giorno-di-christian-de-sica\/","og_site_name":"Arte e Luoghi","article_publisher":"https:\/\/www.facebook.com\/ArteELuoghi\/","article_published_time":"2016-04-22T10:22:42+00:00","article_modified_time":"2017-08-14T01:33:22+00:00","og_image":[{"url":"https:\/\/arteeluoghi.it\/images\/cristiandesica1.jpg"}],"twitter_card":"summary","twitter_creator":"@arteeluoghi","twitter_site":"@arteeluoghi","twitter_misc":{"Scritto da":"Staff","Tempo di lettura stimato":"4 minuti"},"schema":{"@context":"https:\/\/schema.org","@graph":[{"@type":"Organization","@id":"https:\/\/arteeluoghi.it\/#organization","name":"Arte e Luoghi","url":"https:\/\/arteeluoghi.it\/","sameAs":["https:\/\/www.facebook.com\/ArteELuoghi\/","https:\/\/www.instagram.com\/arteeluoghi\/?hl=it","https:\/\/www.youtube.com\/channel\/UCuRVc4JW4-C5sg9rQB-srkw?view_as=subscriber","https:\/\/twitter.com\/arteeluoghi"],"logo":{"@type":"ImageObject","@id":"https:\/\/arteeluoghi.it\/#logo","inLanguage":"it-IT","url":"https:\/\/arteeluoghi.it\/wp-content\/uploads\/2018\/08\/logoinstagramarte.jpg","contentUrl":"https:\/\/arteeluoghi.it\/wp-content\/uploads\/2018\/08\/logoinstagramarte.jpg","width":150,"height":150,"caption":"Arte e Luoghi"},"image":{"@id":"https:\/\/arteeluoghi.it\/#logo"}},{"@type":"WebSite","@id":"https:\/\/arteeluoghi.it\/#website","url":"https:\/\/arteeluoghi.it\/","name":"Arte e Luoghi","description":"Mensile di arte, cultura, turismo e curiosit\u00e0","publisher":{"@id":"https:\/\/arteeluoghi.it\/#organization"},"potentialAction":[{"@type":"SearchAction","target":{"@type":"EntryPoint","urlTemplate":"https:\/\/arteeluoghi.it\/?s={search_term_string}"},"query-input":"required name=search_term_string"}],"inLanguage":"it-IT"},{"@type":"ImageObject","@id":"https:\/\/arteeluoghi.it\/index.php\/2016\/04\/22\/il-giorno-di-christian-de-sica\/#primaryimage","inLanguage":"it-IT","url":"\/images\/cristiandesica1.jpg","contentUrl":"\/images\/cristiandesica1.jpg"},{"@type":"WebPage","@id":"https:\/\/arteeluoghi.it\/index.php\/2016\/04\/22\/il-giorno-di-christian-de-sica\/#webpage","url":"https:\/\/arteeluoghi.it\/index.php\/2016\/04\/22\/il-giorno-di-christian-de-sica\/","name":"Il giorno di Christian De Sica | Arte e Luoghi","isPartOf":{"@id":"https:\/\/arteeluoghi.it\/#website"},"primaryImageOfPage":{"@id":"https:\/\/arteeluoghi.it\/index.php\/2016\/04\/22\/il-giorno-di-christian-de-sica\/#primaryimage"},"datePublished":"2016-04-22T10:22:42+00:00","dateModified":"2017-08-14T01:33:22+00:00","breadcrumb":{"@id":"https:\/\/arteeluoghi.it\/index.php\/2016\/04\/22\/il-giorno-di-christian-de-sica\/#breadcrumb"},"inLanguage":"it-IT","potentialAction":[{"@type":"ReadAction","target":["https:\/\/arteeluoghi.it\/index.php\/2016\/04\/22\/il-giorno-di-christian-de-sica\/"]}]},{"@type":"BreadcrumbList","@id":"https:\/\/arteeluoghi.it\/index.php\/2016\/04\/22\/il-giorno-di-christian-de-sica\/#breadcrumb","itemListElement":[{"@type":"ListItem","position":1,"name":"Home","item":"https:\/\/arteeluoghi.it\/"},{"@type":"ListItem","position":2,"name":"Il giorno di Christian De Sica"}]},{"@type":"Article","@id":"https:\/\/arteeluoghi.it\/index.php\/2016\/04\/22\/il-giorno-di-christian-de-sica\/#article","isPartOf":{"@id":"https:\/\/arteeluoghi.it\/index.php\/2016\/04\/22\/il-giorno-di-christian-de-sica\/#webpage"},"author":{"@id":"https:\/\/arteeluoghi.it\/#\/schema\/person\/f84e814e36e91e01448ee07eaadd41d4"},"headline":"Il giorno di Christian De Sica","datePublished":"2016-04-22T10:22:42+00:00","dateModified":"2017-08-14T01:33:22+00:00","mainEntityOfPage":{"@id":"https:\/\/arteeluoghi.it\/index.php\/2016\/04\/22\/il-giorno-di-christian-de-sica\/#webpage"},"wordCount":739,"commentCount":0,"publisher":{"@id":"https:\/\/arteeluoghi.it\/#organization"},"image":{"@id":"https:\/\/arteeluoghi.it\/index.php\/2016\/04\/22\/il-giorno-di-christian-de-sica\/#primaryimage"},"thumbnailUrl":"\/images\/cristiandesica1.jpg","articleSection":["Cinema"],"inLanguage":"it-IT","potentialAction":[{"@type":"CommentAction","name":"Comment","target":["https:\/\/arteeluoghi.it\/index.php\/2016\/04\/22\/il-giorno-di-christian-de-sica\/#respond"]}]},{"@type":"Person","@id":"https:\/\/arteeluoghi.it\/#\/schema\/person\/f84e814e36e91e01448ee07eaadd41d4","name":"Staff","image":{"@type":"ImageObject","@id":"https:\/\/arteeluoghi.it\/#personlogo","inLanguage":"it-IT","url":"https:\/\/secure.gravatar.com\/avatar\/49d2f9e46271bb04e19cebfaf141313a?s=96&d=blank&r=g","contentUrl":"https:\/\/secure.gravatar.com\/avatar\/49d2f9e46271bb04e19cebfaf141313a?s=96&d=blank&r=g","caption":"Staff"}}]}},"_links":{"self":[{"href":"https:\/\/arteeluoghi.it\/index.php\/wp-json\/wp\/v2\/posts\/2542"}],"collection":[{"href":"https:\/\/arteeluoghi.it\/index.php\/wp-json\/wp\/v2\/posts"}],"about":[{"href":"https:\/\/arteeluoghi.it\/index.php\/wp-json\/wp\/v2\/types\/post"}],"author":[{"embeddable":true,"href":"https:\/\/arteeluoghi.it\/index.php\/wp-json\/wp\/v2\/users\/1"}],"replies":[{"embeddable":true,"href":"https:\/\/arteeluoghi.it\/index.php\/wp-json\/wp\/v2\/comments?post=2542"}],"version-history":[{"count":1,"href":"https:\/\/arteeluoghi.it\/index.php\/wp-json\/wp\/v2\/posts\/2542\/revisions"}],"predecessor-version":[{"id":3414,"href":"https:\/\/arteeluoghi.it\/index.php\/wp-json\/wp\/v2\/posts\/2542\/revisions\/3414"}],"wp:attachment":[{"href":"https:\/\/arteeluoghi.it\/index.php\/wp-json\/wp\/v2\/media?parent=2542"}],"wp:term":[{"taxonomy":"category","embeddable":true,"href":"https:\/\/arteeluoghi.it\/index.php\/wp-json\/wp\/v2\/categories?post=2542"},{"taxonomy":"post_tag","embeddable":true,"href":"https:\/\/arteeluoghi.it\/index.php\/wp-json\/wp\/v2\/tags?post=2542"}],"curies":[{"name":"wp","href":"https:\/\/api.w.org\/{rel}","templated":true}]}}