{"id":2547,"date":"2016-04-23T14:02:49","date_gmt":"2016-04-23T12:02:49","guid":{"rendered":"http:\/\/arteeluoghi.it\/index.php\/2016\/04\/23\/save-the-beauty-con-la-cultura-si-mangia\/"},"modified":"2016-04-23T14:02:49","modified_gmt":"2016-04-23T12:02:49","slug":"save-the-beauty-con-la-cultura-si-mangia","status":"publish","type":"post","link":"https:\/\/arteeluoghi.it\/index.php\/2016\/04\/23\/save-the-beauty-con-la-cultura-si-mangia\/","title":{"rendered":"SAVE THE BEAUTY | Con la Cultura si mangia"},"content":{"rendered":"<p><img src=\"\/images\/fortinoali.jpg\" border=\"0\" title=\"la lo\" width=\"200\" style=\"float: left; margin: 21px;\" \/><\/p>\n<p>Domenica 24 aprile ore 19:00 nella sede dell&#8217;associazione nel Centro Polifunzionale Kolbe<\/p>\n<p><strong>Inchiostro di Puglia: il fortino di Lecce presso Le ali di Pandora <br \/><\/strong><\/p>\n<p>\u00a0<\/p>\n<p>Facendo proprio il motto di &#8220;Spegni la TV e leggi un libro&#8221;, l\u2019associaizone culturale Le Ali di Pandora aderisce a &#8220;SAVE THE BEAUTY | Taranto chiama Italia &gt; Italia risponde&#8221;, ideato da ROSSOCONTEMPORANEO trasformandosi, <strong>domenica 24 aprile a partire dalle 19:00, in uno dei Fortini letterari \u201cSAVE THE BEAUTY | Con la Cultura si mangia&#8221;. <\/strong><\/p>\n<p><strong>L\u2019appuntamento \u00e8 presso la sede dell\u2019associazione, al Centro Polifunzionale Kolbe, parcheggio via San Massimiliano Kolbe, al grido &#8220;Esprimiamoci in tutta libert\u00e0. Inno all&#8217;anarchia creativa&#8221;, chi vorr\u00e0 partecipare avr\u00e0 l\u2019opportunit\u00e0 di\u00a0 ritrovarsi, senza schemi e condizionamenti, esprimendosi liberamente nella forma d&#8217;arte che pi\u00f9 sente sua: pittura, performance, poesia, saggistica, musica, culinaria, unico obbligo sar\u00e0 portare IL LIBRO, quello che ha lasciato un segno nella propria vita, condividendo \u201cla parola\u201d. <\/strong><\/p>\n<p>  <!--more-->  <\/p>\n<p>Il format evento &#8220;SAVE THE BEAUTY | Taranto chiama Italia &gt; Italia risponde&#8221;, \u00e8 stato ideato da ROSSOCONTEMPORANEO nel 2013 in collaborazione con operatori culturali da tutta Italia, creando le premesse per una rete nazionale di relazioni attorno ai concetti di bellezza e cultura, letti come imprescindibili valori di ricchezza ed accrescimento personali, ma anche di un nuovo modo di intendere la produttivit\u00e0 nazionale.<\/p>\n<p>\u201cSiamo abbastanza certi che con la Cultura Vera, in questa nostra meravigliosa Nazione si possa mangiare. E siamo fiduciosi che qualcuno prima, o poi, sperando prima, possa accorgersi di ci\u00f2. Ed \u00e8 per questo motivo che SAVE THE BEAUTY torna. Per lo scellerato ardire di osare una rete di sinergie culturali e di pensiero, che possa alimentare la necessit\u00e0 di una riconversione mentale, prima che strutturale e produttiva.Operatori della Bellezza e della Creativit\u00e0 a 360\u00b0 attorno ad un progetto strategico, di riconversione e rilancio.Solo la Creativit\u00e0, solo la Bellezza possono modificare il quotidiano, imprimendo accelerazioni verso nuove visioni di eccellenza. In tutto\u201d.<\/p>\n<p>\u00a0(fonte: comunicato stampa)<\/p>\n","protected":false},"excerpt":{"rendered":"<p>Domenica 24 aprile ore 19:00 nella sede dell&#8217;associazione nel Centro Polifunzionale Kolbe Inchiostro di Puglia: il fortino di Lecce presso<\/p>\n","protected":false},"author":1,"featured_media":0,"comment_status":"open","ping_status":"open","sticky":false,"template":"","format":"standard","meta":[],"categories":[52],"tags":[],"yoast_head":"<!-- This site is optimized with the Yoast SEO plugin v18.0 - https:\/\/yoast.com\/wordpress\/plugins\/seo\/ -->\n<title>SAVE THE BEAUTY | Con la Cultura si mangia | Arte e Luoghi<\/title>\n<meta name=\"robots\" content=\"index, follow, max-snippet:-1, max-image-preview:large, max-video-preview:-1\" \/>\n<link rel=\"canonical\" href=\"https:\/\/arteeluoghi.it\/index.php\/2016\/04\/23\/save-the-beauty-con-la-cultura-si-mangia\/\" \/>\n<meta property=\"og:locale\" content=\"it_IT\" \/>\n<meta property=\"og:type\" content=\"article\" \/>\n<meta property=\"og:title\" content=\"SAVE THE BEAUTY | Con la Cultura si mangia | Arte e Luoghi\" \/>\n<meta property=\"og:description\" content=\"Domenica 24 aprile ore 19:00 nella sede dell&#8217;associazione nel Centro Polifunzionale Kolbe Inchiostro di Puglia: il fortino di Lecce presso\" \/>\n<meta property=\"og:url\" content=\"https:\/\/arteeluoghi.it\/index.php\/2016\/04\/23\/save-the-beauty-con-la-cultura-si-mangia\/\" \/>\n<meta property=\"og:site_name\" content=\"Arte e Luoghi\" \/>\n<meta property=\"article:publisher\" content=\"https:\/\/www.facebook.com\/ArteELuoghi\/\" \/>\n<meta property=\"article:published_time\" content=\"2016-04-23T12:02:49+00:00\" \/>\n<meta property=\"og:image\" content=\"https:\/\/arteeluoghi.it\/images\/fortinoali.jpg\" \/>\n<meta name=\"twitter:card\" content=\"summary\" \/>\n<meta name=\"twitter:creator\" content=\"@arteeluoghi\" \/>\n<meta name=\"twitter:site\" content=\"@arteeluoghi\" \/>\n<meta name=\"twitter:label1\" content=\"Scritto da\" \/>\n\t<meta name=\"twitter:data1\" content=\"Staff\" \/>\n\t<meta name=\"twitter:label2\" content=\"Tempo di lettura stimato\" \/>\n\t<meta name=\"twitter:data2\" content=\"2 minuti\" \/>\n<script type=\"application\/ld+json\" class=\"yoast-schema-graph\">{\"@context\":\"https:\/\/schema.org\",\"@graph\":[{\"@type\":\"Organization\",\"@id\":\"https:\/\/arteeluoghi.it\/#organization\",\"name\":\"Arte e Luoghi\",\"url\":\"https:\/\/arteeluoghi.it\/\",\"sameAs\":[\"https:\/\/www.facebook.com\/ArteELuoghi\/\",\"https:\/\/www.instagram.com\/arteeluoghi\/?hl=it\",\"https:\/\/www.youtube.com\/channel\/UCuRVc4JW4-C5sg9rQB-srkw?view_as=subscriber\",\"https:\/\/twitter.com\/arteeluoghi\"],\"logo\":{\"@type\":\"ImageObject\",\"@id\":\"https:\/\/arteeluoghi.it\/#logo\",\"inLanguage\":\"it-IT\",\"url\":\"https:\/\/arteeluoghi.it\/wp-content\/uploads\/2018\/08\/logoinstagramarte.jpg\",\"contentUrl\":\"https:\/\/arteeluoghi.it\/wp-content\/uploads\/2018\/08\/logoinstagramarte.jpg\",\"width\":150,\"height\":150,\"caption\":\"Arte e Luoghi\"},\"image\":{\"@id\":\"https:\/\/arteeluoghi.it\/#logo\"}},{\"@type\":\"WebSite\",\"@id\":\"https:\/\/arteeluoghi.it\/#website\",\"url\":\"https:\/\/arteeluoghi.it\/\",\"name\":\"Arte e Luoghi\",\"description\":\"Mensile di arte, cultura, turismo e curiosit\u00e0\",\"publisher\":{\"@id\":\"https:\/\/arteeluoghi.it\/#organization\"},\"potentialAction\":[{\"@type\":\"SearchAction\",\"target\":{\"@type\":\"EntryPoint\",\"urlTemplate\":\"https:\/\/arteeluoghi.it\/?s={search_term_string}\"},\"query-input\":\"required name=search_term_string\"}],\"inLanguage\":\"it-IT\"},{\"@type\":\"ImageObject\",\"@id\":\"https:\/\/arteeluoghi.it\/index.php\/2016\/04\/23\/save-the-beauty-con-la-cultura-si-mangia\/#primaryimage\",\"inLanguage\":\"it-IT\",\"url\":\"\/images\/fortinoali.jpg\",\"contentUrl\":\"\/images\/fortinoali.jpg\"},{\"@type\":\"WebPage\",\"@id\":\"https:\/\/arteeluoghi.it\/index.php\/2016\/04\/23\/save-the-beauty-con-la-cultura-si-mangia\/#webpage\",\"url\":\"https:\/\/arteeluoghi.it\/index.php\/2016\/04\/23\/save-the-beauty-con-la-cultura-si-mangia\/\",\"name\":\"SAVE THE BEAUTY | Con la Cultura si mangia | Arte e Luoghi\",\"isPartOf\":{\"@id\":\"https:\/\/arteeluoghi.it\/#website\"},\"primaryImageOfPage\":{\"@id\":\"https:\/\/arteeluoghi.it\/index.php\/2016\/04\/23\/save-the-beauty-con-la-cultura-si-mangia\/#primaryimage\"},\"datePublished\":\"2016-04-23T12:02:49+00:00\",\"dateModified\":\"2016-04-23T12:02:49+00:00\",\"breadcrumb\":{\"@id\":\"https:\/\/arteeluoghi.it\/index.php\/2016\/04\/23\/save-the-beauty-con-la-cultura-si-mangia\/#breadcrumb\"},\"inLanguage\":\"it-IT\",\"potentialAction\":[{\"@type\":\"ReadAction\",\"target\":[\"https:\/\/arteeluoghi.it\/index.php\/2016\/04\/23\/save-the-beauty-con-la-cultura-si-mangia\/\"]}]},{\"@type\":\"BreadcrumbList\",\"@id\":\"https:\/\/arteeluoghi.it\/index.php\/2016\/04\/23\/save-the-beauty-con-la-cultura-si-mangia\/#breadcrumb\",\"itemListElement\":[{\"@type\":\"ListItem\",\"position\":1,\"name\":\"Home\",\"item\":\"https:\/\/arteeluoghi.it\/\"},{\"@type\":\"ListItem\",\"position\":2,\"name\":\"SAVE THE BEAUTY | Con la Cultura si mangia\"}]},{\"@type\":\"Article\",\"@id\":\"https:\/\/arteeluoghi.it\/index.php\/2016\/04\/23\/save-the-beauty-con-la-cultura-si-mangia\/#article\",\"isPartOf\":{\"@id\":\"https:\/\/arteeluoghi.it\/index.php\/2016\/04\/23\/save-the-beauty-con-la-cultura-si-mangia\/#webpage\"},\"author\":{\"@id\":\"https:\/\/arteeluoghi.it\/#\/schema\/person\/f84e814e36e91e01448ee07eaadd41d4\"},\"headline\":\"SAVE THE BEAUTY | Con la Cultura si mangia\",\"datePublished\":\"2016-04-23T12:02:49+00:00\",\"dateModified\":\"2016-04-23T12:02:49+00:00\",\"mainEntityOfPage\":{\"@id\":\"https:\/\/arteeluoghi.it\/index.php\/2016\/04\/23\/save-the-beauty-con-la-cultura-si-mangia\/#webpage\"},\"wordCount\":318,\"commentCount\":0,\"publisher\":{\"@id\":\"https:\/\/arteeluoghi.it\/#organization\"},\"image\":{\"@id\":\"https:\/\/arteeluoghi.it\/index.php\/2016\/04\/23\/save-the-beauty-con-la-cultura-si-mangia\/#primaryimage\"},\"thumbnailUrl\":\"\/images\/fortinoali.jpg\",\"articleSection\":[\"I luoghi della parola\"],\"inLanguage\":\"it-IT\",\"potentialAction\":[{\"@type\":\"CommentAction\",\"name\":\"Comment\",\"target\":[\"https:\/\/arteeluoghi.it\/index.php\/2016\/04\/23\/save-the-beauty-con-la-cultura-si-mangia\/#respond\"]}]},{\"@type\":\"Person\",\"@id\":\"https:\/\/arteeluoghi.it\/#\/schema\/person\/f84e814e36e91e01448ee07eaadd41d4\",\"name\":\"Staff\",\"image\":{\"@type\":\"ImageObject\",\"@id\":\"https:\/\/arteeluoghi.it\/#personlogo\",\"inLanguage\":\"it-IT\",\"url\":\"https:\/\/secure.gravatar.com\/avatar\/49d2f9e46271bb04e19cebfaf141313a?s=96&d=blank&r=g\",\"contentUrl\":\"https:\/\/secure.gravatar.com\/avatar\/49d2f9e46271bb04e19cebfaf141313a?s=96&d=blank&r=g\",\"caption\":\"Staff\"}}]}<\/script>\n<!-- \/ Yoast SEO plugin. -->","yoast_head_json":{"title":"SAVE THE BEAUTY | Con la Cultura si mangia | Arte e Luoghi","robots":{"index":"index","follow":"follow","max-snippet":"max-snippet:-1","max-image-preview":"max-image-preview:large","max-video-preview":"max-video-preview:-1"},"canonical":"https:\/\/arteeluoghi.it\/index.php\/2016\/04\/23\/save-the-beauty-con-la-cultura-si-mangia\/","og_locale":"it_IT","og_type":"article","og_title":"SAVE THE BEAUTY | Con la Cultura si mangia | Arte e Luoghi","og_description":"Domenica 24 aprile ore 19:00 nella sede dell&#8217;associazione nel Centro Polifunzionale Kolbe Inchiostro di Puglia: il fortino di Lecce presso","og_url":"https:\/\/arteeluoghi.it\/index.php\/2016\/04\/23\/save-the-beauty-con-la-cultura-si-mangia\/","og_site_name":"Arte e Luoghi","article_publisher":"https:\/\/www.facebook.com\/ArteELuoghi\/","article_published_time":"2016-04-23T12:02:49+00:00","og_image":[{"url":"https:\/\/arteeluoghi.it\/images\/fortinoali.jpg"}],"twitter_card":"summary","twitter_creator":"@arteeluoghi","twitter_site":"@arteeluoghi","twitter_misc":{"Scritto da":"Staff","Tempo di lettura stimato":"2 minuti"},"schema":{"@context":"https:\/\/schema.org","@graph":[{"@type":"Organization","@id":"https:\/\/arteeluoghi.it\/#organization","name":"Arte e Luoghi","url":"https:\/\/arteeluoghi.it\/","sameAs":["https:\/\/www.facebook.com\/ArteELuoghi\/","https:\/\/www.instagram.com\/arteeluoghi\/?hl=it","https:\/\/www.youtube.com\/channel\/UCuRVc4JW4-C5sg9rQB-srkw?view_as=subscriber","https:\/\/twitter.com\/arteeluoghi"],"logo":{"@type":"ImageObject","@id":"https:\/\/arteeluoghi.it\/#logo","inLanguage":"it-IT","url":"https:\/\/arteeluoghi.it\/wp-content\/uploads\/2018\/08\/logoinstagramarte.jpg","contentUrl":"https:\/\/arteeluoghi.it\/wp-content\/uploads\/2018\/08\/logoinstagramarte.jpg","width":150,"height":150,"caption":"Arte e Luoghi"},"image":{"@id":"https:\/\/arteeluoghi.it\/#logo"}},{"@type":"WebSite","@id":"https:\/\/arteeluoghi.it\/#website","url":"https:\/\/arteeluoghi.it\/","name":"Arte e Luoghi","description":"Mensile di arte, cultura, turismo e curiosit\u00e0","publisher":{"@id":"https:\/\/arteeluoghi.it\/#organization"},"potentialAction":[{"@type":"SearchAction","target":{"@type":"EntryPoint","urlTemplate":"https:\/\/arteeluoghi.it\/?s={search_term_string}"},"query-input":"required name=search_term_string"}],"inLanguage":"it-IT"},{"@type":"ImageObject","@id":"https:\/\/arteeluoghi.it\/index.php\/2016\/04\/23\/save-the-beauty-con-la-cultura-si-mangia\/#primaryimage","inLanguage":"it-IT","url":"\/images\/fortinoali.jpg","contentUrl":"\/images\/fortinoali.jpg"},{"@type":"WebPage","@id":"https:\/\/arteeluoghi.it\/index.php\/2016\/04\/23\/save-the-beauty-con-la-cultura-si-mangia\/#webpage","url":"https:\/\/arteeluoghi.it\/index.php\/2016\/04\/23\/save-the-beauty-con-la-cultura-si-mangia\/","name":"SAVE THE BEAUTY | Con la Cultura si mangia | Arte e Luoghi","isPartOf":{"@id":"https:\/\/arteeluoghi.it\/#website"},"primaryImageOfPage":{"@id":"https:\/\/arteeluoghi.it\/index.php\/2016\/04\/23\/save-the-beauty-con-la-cultura-si-mangia\/#primaryimage"},"datePublished":"2016-04-23T12:02:49+00:00","dateModified":"2016-04-23T12:02:49+00:00","breadcrumb":{"@id":"https:\/\/arteeluoghi.it\/index.php\/2016\/04\/23\/save-the-beauty-con-la-cultura-si-mangia\/#breadcrumb"},"inLanguage":"it-IT","potentialAction":[{"@type":"ReadAction","target":["https:\/\/arteeluoghi.it\/index.php\/2016\/04\/23\/save-the-beauty-con-la-cultura-si-mangia\/"]}]},{"@type":"BreadcrumbList","@id":"https:\/\/arteeluoghi.it\/index.php\/2016\/04\/23\/save-the-beauty-con-la-cultura-si-mangia\/#breadcrumb","itemListElement":[{"@type":"ListItem","position":1,"name":"Home","item":"https:\/\/arteeluoghi.it\/"},{"@type":"ListItem","position":2,"name":"SAVE THE BEAUTY | Con la Cultura si mangia"}]},{"@type":"Article","@id":"https:\/\/arteeluoghi.it\/index.php\/2016\/04\/23\/save-the-beauty-con-la-cultura-si-mangia\/#article","isPartOf":{"@id":"https:\/\/arteeluoghi.it\/index.php\/2016\/04\/23\/save-the-beauty-con-la-cultura-si-mangia\/#webpage"},"author":{"@id":"https:\/\/arteeluoghi.it\/#\/schema\/person\/f84e814e36e91e01448ee07eaadd41d4"},"headline":"SAVE THE BEAUTY | Con la Cultura si mangia","datePublished":"2016-04-23T12:02:49+00:00","dateModified":"2016-04-23T12:02:49+00:00","mainEntityOfPage":{"@id":"https:\/\/arteeluoghi.it\/index.php\/2016\/04\/23\/save-the-beauty-con-la-cultura-si-mangia\/#webpage"},"wordCount":318,"commentCount":0,"publisher":{"@id":"https:\/\/arteeluoghi.it\/#organization"},"image":{"@id":"https:\/\/arteeluoghi.it\/index.php\/2016\/04\/23\/save-the-beauty-con-la-cultura-si-mangia\/#primaryimage"},"thumbnailUrl":"\/images\/fortinoali.jpg","articleSection":["I luoghi della parola"],"inLanguage":"it-IT","potentialAction":[{"@type":"CommentAction","name":"Comment","target":["https:\/\/arteeluoghi.it\/index.php\/2016\/04\/23\/save-the-beauty-con-la-cultura-si-mangia\/#respond"]}]},{"@type":"Person","@id":"https:\/\/arteeluoghi.it\/#\/schema\/person\/f84e814e36e91e01448ee07eaadd41d4","name":"Staff","image":{"@type":"ImageObject","@id":"https:\/\/arteeluoghi.it\/#personlogo","inLanguage":"it-IT","url":"https:\/\/secure.gravatar.com\/avatar\/49d2f9e46271bb04e19cebfaf141313a?s=96&d=blank&r=g","contentUrl":"https:\/\/secure.gravatar.com\/avatar\/49d2f9e46271bb04e19cebfaf141313a?s=96&d=blank&r=g","caption":"Staff"}}]}},"_links":{"self":[{"href":"https:\/\/arteeluoghi.it\/index.php\/wp-json\/wp\/v2\/posts\/2547"}],"collection":[{"href":"https:\/\/arteeluoghi.it\/index.php\/wp-json\/wp\/v2\/posts"}],"about":[{"href":"https:\/\/arteeluoghi.it\/index.php\/wp-json\/wp\/v2\/types\/post"}],"author":[{"embeddable":true,"href":"https:\/\/arteeluoghi.it\/index.php\/wp-json\/wp\/v2\/users\/1"}],"replies":[{"embeddable":true,"href":"https:\/\/arteeluoghi.it\/index.php\/wp-json\/wp\/v2\/comments?post=2547"}],"version-history":[{"count":0,"href":"https:\/\/arteeluoghi.it\/index.php\/wp-json\/wp\/v2\/posts\/2547\/revisions"}],"wp:attachment":[{"href":"https:\/\/arteeluoghi.it\/index.php\/wp-json\/wp\/v2\/media?parent=2547"}],"wp:term":[{"taxonomy":"category","embeddable":true,"href":"https:\/\/arteeluoghi.it\/index.php\/wp-json\/wp\/v2\/categories?post=2547"},{"taxonomy":"post_tag","embeddable":true,"href":"https:\/\/arteeluoghi.it\/index.php\/wp-json\/wp\/v2\/tags?post=2547"}],"curies":[{"name":"wp","href":"https:\/\/api.w.org\/{rel}","templated":true}]}}