{"id":2556,"date":"2016-05-10T13:24:12","date_gmt":"2016-05-10T11:24:12","guid":{"rendered":"http:\/\/arteeluoghi.it\/index.php\/2016\/05\/10\/armonia-narrazioni-in-terra-d-otranto\/"},"modified":"2017-08-06T23:52:47","modified_gmt":"2017-08-06T21:52:47","slug":"armonia-narrazioni-in-terra-d-otranto","status":"publish","type":"post","link":"https:\/\/arteeluoghi.it\/index.php\/2016\/05\/10\/armonia-narrazioni-in-terra-d-otranto\/","title":{"rendered":"Armonia. Narrazioni in Terra d&#8217;Otranto"},"content":{"rendered":"<p><img src=\"\/images\/manifesto%20armonia.jpg\" border=\"0\" title=\"il manifesto con il logo dell'artista Roberto Russo\" style=\"float: left; border: 1px solid black; margin: 21px;\" \/>In arrivo, tra gli altri, <strong>Walter Vetroni, Giuliana Sgrena, Gianrico Carofiglio, Edoardo Nesi, Diego de Silva, Giovanni Impastato<br \/><\/strong><\/p>\n<p>&#8220;A 38 anni dall\u2019assassinio di Peppino Impastato, ucciso dalla mafia, Il Festival Armonia\u00a0 ricorder\u00e0 il suo impegno ospitando il fratello\u00a0 Giovanni e il libro\u00a0 <em>Resistere a mafiopoli .<\/em><\/p>\n<p><em>Anteprima il 14 maggio con la mostra a Palazzo Comi dedicata alla scrittrice e filologa Maria Corti. Il 15 maggio in piazza Pisanelli arriva lo scrittore statunitense Jeffery Deaver con il suo trhiller &#8220;Il bacio di acciaio&#8221;<\/em><\/p>\n<p>di Antonietta Fulvio<em><br \/><\/em><\/p>\n<p>TRICASE\u2008(Lecce). <strong>Jeffery Deaver, Giovanni Impastato, Walter Veltroni, Edoardo Nesi, Giuliana Sgrena, Diego De Silva, Federica Bosco, Gianrico Carofiglio, Gilda Policastro, Bruno Tognolini, Mauro Ermanno Giovanardi, Walter Cerfeda<\/strong> sono solo alcuni degli ospiti che prenderanno parte agli incontri 2016 del Festival Letterario \u201cAmonia\u201d in programma a Tricase dal 20 al 29 maggio con un preludio, il 14 maggio con l\u2019inaugurazione della mostra dedicata a <strong>Maria Corti<\/strong> e il 15 maggio con lo scrittore statunitense <strong>Jeffery Deaver<\/strong> che presenter\u00e0 il suo ultimo libro \u201cIl bacio d\u2019acciaio\u201d edito da Rizzoli, con la partecipazione dello scrittore e magistrato <strong>Francesco Caringella<\/strong>.<\/p>\n<p>  <!--more-->  <\/p>\n<p> <img src=\"\/images\/mariacorti.jpg\" border=\"0\" title=\"la scrittrice e filologa Maria Corti\" width=\"300\" style=\"margin: 21px; float: right;\" \/>A cento anni dalla nascita, l\u2019esposizione intitolata <em>Le voci della scrittura. Da Pavia a Lucugnano<\/em> celebrer\u00e0, infatti, la filologa, critica letteraria, scrittrice e semiologa italiana. Tra i suoi capolavori impossibile non ricordare \u201cL\u2019ora di tutti\u201d il romanzo dedicato alla strage otrantina del 1480 e libro emblematico del suo rapporto con il Salento, una terra che ha amato tantissimo. Organizzata dal Centro Manoscritti dell\u2019Universit\u00e0 di Pavia, dalla Fondazione Maria Corti e dal Comune di Tricase la mostra visitabile fino al 5 giugno 2016 sar\u00e0 inaugurata nelle sale di Palazzo Comi a Lucugnano il 14 maggio alla presenza di <strong>Antonio Coppola<\/strong> (Sindaco di Tricase), <strong>Antonio Gabellone<\/strong> (Presidente della Provincia), <strong>Sergio Fracasso<\/strong> (Assessore alla cultura di Tricase), <strong>Nicoletta Trotta<\/strong> (Universit\u00e0 di Pavia),<strong> Nicoletta Leone<\/strong> (Fondazione Maria Corti), <strong>Michela Santoro<\/strong> (organizzatrice Festival Armonia) e <strong>Brizio Montinaro<\/strong> (attore e scrittore) che per l\u2019occasione presenter\u00e0 il video Viaggio nella memoria, con immagini inedite della scrittrice. Ma il cuore del festival, con il ricco programma di incontri, sar\u00e0 Palazzo Gallone a Tricase dove dal <strong>20 al 29 maggio<\/strong> saranno ospitati autori di respiro nazionale senza per\u00f2 tralasciare i talenti del territorio. Il tutto nel solco di uno <em>Spirito di Armonia<\/em> come il titolo dell\u2019opera del poeta salentino <strong>Girolamo Comi<\/strong> al quale si ispira il nome del festival letterario.<br \/> Con una formula gi\u00e0 collaudata lo scorso anno, la manifestazione, inserita tra l\u2019altro nel <strong>Maggio dei Libri<\/strong>, \u00e8 incentrata sulla grande narrativa, italiana e internazionale, con dei focus sulla saggistica che consentiranno di affrontare temi quali la legalit\u00e0, la lotta alla mafia, la violenza nelle declinazioni che attraversano la storia di eri come quella di oggi e il rapporto fra donne e religione. Temi coinvolgenti e che esprimono l\u2019urgenza di un confronto che parte dai libri, dalla lettura per diventare riflessione sull\u2019agire quotidiano. <br \/> \u201cSiamo davvero orgogliosi del Festival Armonia e di essere riusciti a realizzare la seconda edizione, dopo un esordio col botto come quello dell\u2019anno scorso, coronato dalla presenza di un ospite come <strong>Roberto Saviano<\/strong>. Per noi il Festival \u00e8 un momento importante, un&#8217;esperienza di arricchimento intellettuale e lo \u00e8 anche per tutta la comunit\u00e0 del basso Salento e oltre \u2013 dichiara <strong>Michela Santoro<\/strong>, organizzatrice dell\u2019evento -. Non si tratta di un singolo evento culturale (ormai ce ne sono a centinaia sul nostro territorio) ma di un programma strutturato di incontri e proposte letterarie, dalla presentazione di libri alla lectio magistralis, dai laboratori per bambini alla mostra, dai recital al flashmob, con l\u2019unico intento di creare socialit\u00e0 intorno ai libri e agli autori, partendo da un territorio che non \u00e8 pi\u00f9 periferia, ma cuore pulsante di cultura e valori. Fra le novit\u00e0 di quest\u2019anno abbiamo il piacere di mettere in evidenza la mostra dedicata alla grande scrittrice Maria Corti che tanto ha dato al Salento, la presenza di un ospite internazionale come <strong>Jeffery Deaver<\/strong> e la collaborazione con l\u2019Ospedale \u201cCardinale Panico\u201d di Tricase, presso il cui reparto di pediatria faranno visita gli autori ospiti della sezione per piccoli lettori Armonia Kids\u201d.<br \/> <img src=\"\/images\/giovanniimpastato.jpg\" border=\"0\" title=\"Giovanni Impastato\" width=\"300\" style=\"margin: 21px; float: left;\" \/>Non solo un cartellone di eventi ma una manifestazione di largo respiro che punta sulla promozione dei libri e della lettura curando tutti gli aspetti intorno all\u2019oggetto libro senza tralasciare la crescita della propria terra. <br \/> \u201cArmonia \u00e8 un&#8217;idea di Michela Santoro che mi ha coinvolto per diverse ragioni, una delle quali \u00e8 il legame che ho con questo territorio \u2013 spiega il direttore artistico <strong>Mario Desiati<\/strong>. Quest&#8217;anno abbiamo fatto tesoro dell&#8217;esperienza dell&#8217;anno scorso e abbiamo creato un&#8217;offerta di incontri molto vasta ma mai in contemporanea, rispetto a un anno fa abbiamo strutturato anche gli incontri di scrittura creativa con la partnership della scuola Molly Bloom di <strong>Leonardo Colombati ed Emanuele Trevi<\/strong>. Gli ospiti sono alcuni dei narratori italiani pi\u00f9 interessanti del panorama nazionale, da<strong> Carofiglio a De Silva<\/strong>, da <strong>Chiara Valerio a Federica Bosco<\/strong> passando per <strong>Edoardo Nesi e Gilda Policastro<\/strong>. La maggior parte degli ospiti quest&#8217;anno sono giovani e scrittrici, ma anche molti autori di esperienza e consolidato successo\u201d. \u00a0<br \/> E ora uno sguardo al programma e, soprattutto, ai libri. <br \/> Apre <strong>Walter Veltroni<\/strong> con <em>Ciao<\/em>, il libro edito da Rizzoli, tra le cui pagine l\u2019autore intesse un dialogo con il padre scomparso prematuramente e che non ha potuto conoscere. Pensieri e parole per colmare un\u2019assenza con cui si impara, nonostante tutto, a convivere, un romanzo per ritrovare se pur in un dialogo immaginario il conforto e la forza che solo un genitore sa dare.<br \/> <img src=\"\/images\/giulianasgrena.jpg\" border=\"0\" title=\"la giornalista e scrittrice Giuliana Sgrena\" width=\"300\" style=\"margin: 21px; float: right;\" \/>Alla vigilia dell\u2019anniversario della strage di Capaci, il festival ospiter\u00e0 <strong>Giovanni Impastato<\/strong>, fratello del giornalista <strong>Giuseppe Impastato<\/strong> assassinato dalla mafia a Cinisi a pochi chilometri da Palermo il 9 maggio 1978, lo stesso giorno del ritrovamento del corpo di <strong>Aldo Moro<\/strong>. <em>Resistere a Mafiapoli<\/em> \u00e8 la storia di Peppino ucciso perch\u00e8 dalle frequenze della sua radio Aut, una radio autofinanziata e libera da influenze mafiose aveva ingaggiato la sua battaglia in favore della legalit\u00e0; con i suoi programmi, tra cui il satirico \u201cOnda pazza\u201d , denunciava e prendeva di mira i politici e i mafiosi del tempo, in particolare Tano Badalamenti il mandante del suo feroce assassinio. Dopo averlo assassinato il suo corpo fu fatto saltare con del tritolo sui binari della ferrovia Palermo-Trapani per simulare un\u2019azione terroristica andata male. Una gigantesca macchina del fango costruita ad hoc per coprire la verit\u00e0: la matrice mafiosa dell\u2019omicidio che solo grazie alla determinazione di Felicia, madre di Peppino, e del fratello Giovanni \u00e8 emersa dopo 23 anni, seguita dalla condanna dei colpevoli Vito Palazzolo e Badalamenti, entrambi morti in carcere.<br \/> <em>Tutto quello che siamo<\/em> (Mondadori) il romanzo di <strong>Federica Bosco<\/strong> che racconta la storia della diciannovenne Marina, senza pi\u00f9 la mamma e con un padre padrone, il peso della responsabilit\u00e0 di crescere un fratellino piccolo, di un lavoro accettato per rendersi autonoma a discapito del sogno di frequentare l\u2019Accademia di Belle arti e dell\u2019amore che arriva quando meno te lo aspetti. <br \/> <em>Allegoria<\/em> (Il Raggio Verde edizioni) \u00e8 il nuovo libro di <strong>Walter Cerfeda<\/strong>, narratore e saggista, che sceglie di rileggere una pagina dolorosissima di Storia, la presa di Otranto nel 1480 e la mattanza dei Santi Martiri. Allegoria per\u00f2 non \u00e8 solo ricostruzione del passato: \u00ab\u00e8 un romanzo intriso di attualit\u00e0 che attraverso la lettura di quelle vicende permette di leggere quelle di oggi. <em>Allegoria<\/em> \u00e8 il completamento del bel romanzo di Maria Corti ed anche, credo, la prima opera narrativa sull\u2019Isis, tema affrontato fin qui in chiave saggistica e solo indirettamente sviluppato da Houellebecq in \u201cSottomissione\u201d\u00bb \u2013 anticipa lo scrittore pugliese che vive tra le Marche e il Salento. Di sottomissione femminile, mostrando quanto ancora oggi la legge della religione riproduca la la subalternit\u00e0 della donna al &#8220;primo sesso&#8221;, parla la giornalista <strong>Giuliana Sgrena<\/strong> nel suo <em>Dio odia le donne<\/em>, edito da Il Saggiatore. Un libro in cui la scrittrice giornalista svela e denuncia tutte le forme di odio nei confronti delle donne: da fenomeni estremi come l&#8217;infibulazione &#8220;faraonica &#8221; e lo stupro di guerra alle tragedie quotidiane come il femminicidio, versione contemporanea ma non meno cruenta del delitto d&#8217;onore.<br \/> <em>Non adesso per favore<\/em>, Marsilio Editori, \u00e8 il romanzo sentimentale e crudo di <strong>Annalisa De Simone<\/strong> sullo sfondo la tragedia del terremoto avvenuto a L\u2019Aquila la notte de sei aprile del duemilanove. Nella sezione che il festival ha titolato \u201cPuglia Nera\u201d a confronti due scrittori <strong>Marcello Introna<\/strong> autore di <em>Percoco<\/em>, libro che ripercorre la drammatica vicenda del mostro di Bari che massacr\u00f2 la famiglia nel 1956 e <strong>Gabriella Genisi<\/strong> autrice di <em>Mare nero<\/em> (edito da Sonzogno) un noir per la commissaria Lolita che indaga sulla morte di due giovani fidanzati usciti per una gita in barca con alcuni amici e i cui corpi il mare restituisce in una giornata di met\u00e0 settembre, al largo di Bari.<br \/> <img src=\"\/images\/gianrico%20Carofiglio.jpg\" border=\"0\" title=\"Lo scrittore Gianrico Carofiglio\" width=\"300\" style=\"margin: 21px; float: left;\" \/>Un romanzo a due voci, maschile e femminile, \u00e8 <em>Terapia di coppia per amanti<\/em> il nuovo libro dello scrittore napoletano <strong>Diego de Silva<\/strong> edito da Einaudi. Un libro capace di immergere il lettore nelle complicazioni dei sentimenti, nei conflitti che apriamo continuamente per la paura di affidarci all&#8217;amore e dargli mandato a cambiarci la vita. <br \/> <em>Passeggeri notturni<\/em> \u00e8 la raccolta di racconti a firma di <strong>Gianrico Carofiglio<\/strong> che tratteggia mondi diversi, spesso opposti tra loro, dove la morte si contrappone alla vita, la tragicit\u00e0 alla comicit\u00e0 pi\u00f9 esilarante. <br \/> <em>Cella<\/em> \u00e8 il terzo romanzo di <strong>Gilda Policastro<\/strong>, edito da Marsilio. <em>Cella,<\/em> che \u00e8 l\u2019insolito nome della protagonista del romanzo e per certi versi ne anticipa i contenuti, \u00e8 la storia di una relazione incentrata su una sessualit\u00e0 ossessiva, di un rapporto controverso, di un isolamento nel proprio dolore.<br \/> <em>L\u2019estate infinita<\/em> di <strong>Edoardo Nesi<\/strong> (Bompiani) \u00e8 il romanzo di una famiglia agli inizi degli anni Settanta e e il sogno di \u201cuna fabbrica di tessuti da far invidia ai milanesi\u201d ne esce fuori l\u2019affresco &#8211; come dice l\u2019autore &#8211; \u201cdell\u2019Italia migliore di sempre\u201d.<\/p>\n<p> Da non perdere due lectio, la prima <em>Viaggio fra le biblioteche italiane<\/em> di <strong>Antonella Agnoli<\/strong> con la partecipazione di <strong>Antonio Coppola, Vincenzo Santoro, Mario Desiati, Michela Santoro, Valeria Bisanti<\/strong> la seconda sul tema Letteratura e matematica con <strong>Mario Desiati, Edoardo Nesi e Valeria Bisanti.<\/strong><br \/> <img src=\"\/images\/wcerfeda2.jpg\" border=\"0\" title=\"Lo scrittore e giornalista Walter Cerfeda\" width=\"300\" style=\"margin: 21px; float: right;\" \/>E ancora la serata <em>Omaggio a Claudia Ruggeri<\/em> con le letture dei versi della poetessa leccese, tratte da Inferno Minore, a cura di <strong>Alice Torriani<\/strong>, lo spettacolo della Compagnia di cantastorie <strong>Cantacunti<\/strong> che interpreteranno <em>La leggenda del santo bevitore<\/em> liberamente ispirata all\u2019omonimo romanzo di Joseph Roth e il flash mob a cura di <strong>Luisa Ruggio<\/strong> ispirato al suo romanzo Notturno (edito da Besa). Parole che si fanno anche danza con <strong>Ninfa Fersini<\/strong>.<br \/> Spazio anche alla musica grazie all\u2019incontro con il musicista <strong>Mauro Ermanno Giovanardi<\/strong> che con il trio La Crus (insieme a <strong>Cesare Malfatti ed Alex Cremonesi<\/strong>) parler\u00e0 di <em>Dietro la curva del cuore<\/em> il terzo album del gruppo. All\u2019incontro parteciperanno il musicista e cantautore <strong>Gianluca De Rubertis<\/strong> (membro del duo Il Genio insieme ad <strong>Alessandra Contini<\/strong> e lo scrittore e giornalista <strong>Leonardo Colombati<\/strong> che tra l\u2019altro nell\u2019ambito del festival curer\u00e0 a Palazzo Comi il laboratorio della Scuola di scrittura Molly Bloom.<br \/> E, per la sezione Armonia Kids, si segnalano tre interessantissimi appuntamenti, tutti con inizio alle 17:30: <strong>mercoled\u00ec 25 maggio<\/strong> il laboratorio narrativo \u2013 illustrativo a cura di <strong>Daniela Morelli e Paolo D\u2019Altan<\/strong>; <strong>venerd\u00ec 27 maggio<\/strong> l\u2019incontro con il poeta e scrittore <strong>Bruno Tognolini<\/strong>; <strong>sabato 28 maggio<\/strong> lo spettacolo\u00a0 <em>Betta Caretta e gli amici della Macchia\u00a0<\/em> tratto dall\u2019omonimo libro di <strong>Gianluigi Cosi<\/strong> edito da <strong>Il Raggio Verde edizioni<\/strong> con le bellissime illustrazioni dell\u2019artista <strong>Enzo De Giorgi<\/strong>.<\/p>\n","protected":false},"excerpt":{"rendered":"<p>In arrivo, tra gli altri, Walter Vetroni, Giuliana Sgrena, Gianrico Carofiglio, Edoardo Nesi, Diego de Silva, Giovanni Impastato &#8220;A 38<\/p>\n","protected":false},"author":1,"featured_media":0,"comment_status":"open","ping_status":"open","sticky":false,"template":"","format":"standard","meta":[],"categories":[52],"tags":[],"yoast_head":"<!-- This site is optimized with the Yoast SEO plugin v18.0 - https:\/\/yoast.com\/wordpress\/plugins\/seo\/ -->\n<title>Armonia. Narrazioni in Terra d&#039;Otranto | Arte e Luoghi<\/title>\n<meta name=\"robots\" content=\"index, follow, max-snippet:-1, max-image-preview:large, max-video-preview:-1\" \/>\n<link rel=\"canonical\" href=\"https:\/\/arteeluoghi.it\/index.php\/2016\/05\/10\/armonia-narrazioni-in-terra-d-otranto\/\" \/>\n<meta property=\"og:locale\" content=\"it_IT\" \/>\n<meta property=\"og:type\" content=\"article\" \/>\n<meta property=\"og:title\" content=\"Armonia. Narrazioni in Terra d&#039;Otranto | Arte e Luoghi\" \/>\n<meta property=\"og:description\" content=\"In arrivo, tra gli altri, Walter Vetroni, Giuliana Sgrena, Gianrico Carofiglio, Edoardo Nesi, Diego de Silva, Giovanni Impastato &#8220;A 38\" \/>\n<meta property=\"og:url\" content=\"https:\/\/arteeluoghi.it\/index.php\/2016\/05\/10\/armonia-narrazioni-in-terra-d-otranto\/\" \/>\n<meta property=\"og:site_name\" content=\"Arte e Luoghi\" \/>\n<meta property=\"article:publisher\" content=\"https:\/\/www.facebook.com\/ArteELuoghi\/\" \/>\n<meta property=\"article:published_time\" content=\"2016-05-10T11:24:12+00:00\" \/>\n<meta property=\"article:modified_time\" content=\"2017-08-06T21:52:47+00:00\" \/>\n<meta property=\"og:image\" content=\"https:\/\/arteeluoghi.it\/images\/manifesto%20armonia.jpg\" \/>\n<meta name=\"twitter:card\" content=\"summary\" \/>\n<meta name=\"twitter:creator\" content=\"@arteeluoghi\" \/>\n<meta name=\"twitter:site\" content=\"@arteeluoghi\" \/>\n<meta name=\"twitter:label1\" content=\"Scritto da\" \/>\n\t<meta name=\"twitter:data1\" content=\"Staff\" \/>\n\t<meta name=\"twitter:label2\" content=\"Tempo di lettura stimato\" \/>\n\t<meta name=\"twitter:data2\" content=\"9 minuti\" \/>\n<script type=\"application\/ld+json\" class=\"yoast-schema-graph\">{\"@context\":\"https:\/\/schema.org\",\"@graph\":[{\"@type\":\"Organization\",\"@id\":\"https:\/\/arteeluoghi.it\/#organization\",\"name\":\"Arte e Luoghi\",\"url\":\"https:\/\/arteeluoghi.it\/\",\"sameAs\":[\"https:\/\/www.facebook.com\/ArteELuoghi\/\",\"https:\/\/www.instagram.com\/arteeluoghi\/?hl=it\",\"https:\/\/www.youtube.com\/channel\/UCuRVc4JW4-C5sg9rQB-srkw?view_as=subscriber\",\"https:\/\/twitter.com\/arteeluoghi\"],\"logo\":{\"@type\":\"ImageObject\",\"@id\":\"https:\/\/arteeluoghi.it\/#logo\",\"inLanguage\":\"it-IT\",\"url\":\"https:\/\/arteeluoghi.it\/wp-content\/uploads\/2018\/08\/logoinstagramarte.jpg\",\"contentUrl\":\"https:\/\/arteeluoghi.it\/wp-content\/uploads\/2018\/08\/logoinstagramarte.jpg\",\"width\":150,\"height\":150,\"caption\":\"Arte e Luoghi\"},\"image\":{\"@id\":\"https:\/\/arteeluoghi.it\/#logo\"}},{\"@type\":\"WebSite\",\"@id\":\"https:\/\/arteeluoghi.it\/#website\",\"url\":\"https:\/\/arteeluoghi.it\/\",\"name\":\"Arte e Luoghi\",\"description\":\"Mensile di arte, cultura, turismo e curiosit\u00e0\",\"publisher\":{\"@id\":\"https:\/\/arteeluoghi.it\/#organization\"},\"potentialAction\":[{\"@type\":\"SearchAction\",\"target\":{\"@type\":\"EntryPoint\",\"urlTemplate\":\"https:\/\/arteeluoghi.it\/?s={search_term_string}\"},\"query-input\":\"required name=search_term_string\"}],\"inLanguage\":\"it-IT\"},{\"@type\":\"ImageObject\",\"@id\":\"https:\/\/arteeluoghi.it\/index.php\/2016\/05\/10\/armonia-narrazioni-in-terra-d-otranto\/#primaryimage\",\"inLanguage\":\"it-IT\",\"url\":\"\/images\/manifesto%20armonia.jpg\",\"contentUrl\":\"\/images\/manifesto%20armonia.jpg\"},{\"@type\":\"WebPage\",\"@id\":\"https:\/\/arteeluoghi.it\/index.php\/2016\/05\/10\/armonia-narrazioni-in-terra-d-otranto\/#webpage\",\"url\":\"https:\/\/arteeluoghi.it\/index.php\/2016\/05\/10\/armonia-narrazioni-in-terra-d-otranto\/\",\"name\":\"Armonia. Narrazioni in Terra d'Otranto | Arte e Luoghi\",\"isPartOf\":{\"@id\":\"https:\/\/arteeluoghi.it\/#website\"},\"primaryImageOfPage\":{\"@id\":\"https:\/\/arteeluoghi.it\/index.php\/2016\/05\/10\/armonia-narrazioni-in-terra-d-otranto\/#primaryimage\"},\"datePublished\":\"2016-05-10T11:24:12+00:00\",\"dateModified\":\"2017-08-06T21:52:47+00:00\",\"breadcrumb\":{\"@id\":\"https:\/\/arteeluoghi.it\/index.php\/2016\/05\/10\/armonia-narrazioni-in-terra-d-otranto\/#breadcrumb\"},\"inLanguage\":\"it-IT\",\"potentialAction\":[{\"@type\":\"ReadAction\",\"target\":[\"https:\/\/arteeluoghi.it\/index.php\/2016\/05\/10\/armonia-narrazioni-in-terra-d-otranto\/\"]}]},{\"@type\":\"BreadcrumbList\",\"@id\":\"https:\/\/arteeluoghi.it\/index.php\/2016\/05\/10\/armonia-narrazioni-in-terra-d-otranto\/#breadcrumb\",\"itemListElement\":[{\"@type\":\"ListItem\",\"position\":1,\"name\":\"Home\",\"item\":\"https:\/\/arteeluoghi.it\/\"},{\"@type\":\"ListItem\",\"position\":2,\"name\":\"Armonia. Narrazioni in Terra d&#8217;Otranto\"}]},{\"@type\":\"Article\",\"@id\":\"https:\/\/arteeluoghi.it\/index.php\/2016\/05\/10\/armonia-narrazioni-in-terra-d-otranto\/#article\",\"isPartOf\":{\"@id\":\"https:\/\/arteeluoghi.it\/index.php\/2016\/05\/10\/armonia-narrazioni-in-terra-d-otranto\/#webpage\"},\"author\":{\"@id\":\"https:\/\/arteeluoghi.it\/#\/schema\/person\/f84e814e36e91e01448ee07eaadd41d4\"},\"headline\":\"Armonia. Narrazioni in Terra d&#8217;Otranto\",\"datePublished\":\"2016-05-10T11:24:12+00:00\",\"dateModified\":\"2017-08-06T21:52:47+00:00\",\"mainEntityOfPage\":{\"@id\":\"https:\/\/arteeluoghi.it\/index.php\/2016\/05\/10\/armonia-narrazioni-in-terra-d-otranto\/#webpage\"},\"wordCount\":1903,\"commentCount\":0,\"publisher\":{\"@id\":\"https:\/\/arteeluoghi.it\/#organization\"},\"image\":{\"@id\":\"https:\/\/arteeluoghi.it\/index.php\/2016\/05\/10\/armonia-narrazioni-in-terra-d-otranto\/#primaryimage\"},\"thumbnailUrl\":\"\/images\/manifesto%20armonia.jpg\",\"articleSection\":[\"I luoghi della parola\"],\"inLanguage\":\"it-IT\",\"potentialAction\":[{\"@type\":\"CommentAction\",\"name\":\"Comment\",\"target\":[\"https:\/\/arteeluoghi.it\/index.php\/2016\/05\/10\/armonia-narrazioni-in-terra-d-otranto\/#respond\"]}]},{\"@type\":\"Person\",\"@id\":\"https:\/\/arteeluoghi.it\/#\/schema\/person\/f84e814e36e91e01448ee07eaadd41d4\",\"name\":\"Staff\",\"image\":{\"@type\":\"ImageObject\",\"@id\":\"https:\/\/arteeluoghi.it\/#personlogo\",\"inLanguage\":\"it-IT\",\"url\":\"https:\/\/secure.gravatar.com\/avatar\/49d2f9e46271bb04e19cebfaf141313a?s=96&d=blank&r=g\",\"contentUrl\":\"https:\/\/secure.gravatar.com\/avatar\/49d2f9e46271bb04e19cebfaf141313a?s=96&d=blank&r=g\",\"caption\":\"Staff\"}}]}<\/script>\n<!-- \/ Yoast SEO plugin. -->","yoast_head_json":{"title":"Armonia. Narrazioni in Terra d'Otranto | Arte e Luoghi","robots":{"index":"index","follow":"follow","max-snippet":"max-snippet:-1","max-image-preview":"max-image-preview:large","max-video-preview":"max-video-preview:-1"},"canonical":"https:\/\/arteeluoghi.it\/index.php\/2016\/05\/10\/armonia-narrazioni-in-terra-d-otranto\/","og_locale":"it_IT","og_type":"article","og_title":"Armonia. Narrazioni in Terra d'Otranto | Arte e Luoghi","og_description":"In arrivo, tra gli altri, Walter Vetroni, Giuliana Sgrena, Gianrico Carofiglio, Edoardo Nesi, Diego de Silva, Giovanni Impastato &#8220;A 38","og_url":"https:\/\/arteeluoghi.it\/index.php\/2016\/05\/10\/armonia-narrazioni-in-terra-d-otranto\/","og_site_name":"Arte e Luoghi","article_publisher":"https:\/\/www.facebook.com\/ArteELuoghi\/","article_published_time":"2016-05-10T11:24:12+00:00","article_modified_time":"2017-08-06T21:52:47+00:00","og_image":[{"url":"https:\/\/arteeluoghi.it\/images\/manifesto%20armonia.jpg"}],"twitter_card":"summary","twitter_creator":"@arteeluoghi","twitter_site":"@arteeluoghi","twitter_misc":{"Scritto da":"Staff","Tempo di lettura stimato":"9 minuti"},"schema":{"@context":"https:\/\/schema.org","@graph":[{"@type":"Organization","@id":"https:\/\/arteeluoghi.it\/#organization","name":"Arte e Luoghi","url":"https:\/\/arteeluoghi.it\/","sameAs":["https:\/\/www.facebook.com\/ArteELuoghi\/","https:\/\/www.instagram.com\/arteeluoghi\/?hl=it","https:\/\/www.youtube.com\/channel\/UCuRVc4JW4-C5sg9rQB-srkw?view_as=subscriber","https:\/\/twitter.com\/arteeluoghi"],"logo":{"@type":"ImageObject","@id":"https:\/\/arteeluoghi.it\/#logo","inLanguage":"it-IT","url":"https:\/\/arteeluoghi.it\/wp-content\/uploads\/2018\/08\/logoinstagramarte.jpg","contentUrl":"https:\/\/arteeluoghi.it\/wp-content\/uploads\/2018\/08\/logoinstagramarte.jpg","width":150,"height":150,"caption":"Arte e Luoghi"},"image":{"@id":"https:\/\/arteeluoghi.it\/#logo"}},{"@type":"WebSite","@id":"https:\/\/arteeluoghi.it\/#website","url":"https:\/\/arteeluoghi.it\/","name":"Arte e Luoghi","description":"Mensile di arte, cultura, turismo e curiosit\u00e0","publisher":{"@id":"https:\/\/arteeluoghi.it\/#organization"},"potentialAction":[{"@type":"SearchAction","target":{"@type":"EntryPoint","urlTemplate":"https:\/\/arteeluoghi.it\/?s={search_term_string}"},"query-input":"required name=search_term_string"}],"inLanguage":"it-IT"},{"@type":"ImageObject","@id":"https:\/\/arteeluoghi.it\/index.php\/2016\/05\/10\/armonia-narrazioni-in-terra-d-otranto\/#primaryimage","inLanguage":"it-IT","url":"\/images\/manifesto%20armonia.jpg","contentUrl":"\/images\/manifesto%20armonia.jpg"},{"@type":"WebPage","@id":"https:\/\/arteeluoghi.it\/index.php\/2016\/05\/10\/armonia-narrazioni-in-terra-d-otranto\/#webpage","url":"https:\/\/arteeluoghi.it\/index.php\/2016\/05\/10\/armonia-narrazioni-in-terra-d-otranto\/","name":"Armonia. Narrazioni in Terra d'Otranto | Arte e Luoghi","isPartOf":{"@id":"https:\/\/arteeluoghi.it\/#website"},"primaryImageOfPage":{"@id":"https:\/\/arteeluoghi.it\/index.php\/2016\/05\/10\/armonia-narrazioni-in-terra-d-otranto\/#primaryimage"},"datePublished":"2016-05-10T11:24:12+00:00","dateModified":"2017-08-06T21:52:47+00:00","breadcrumb":{"@id":"https:\/\/arteeluoghi.it\/index.php\/2016\/05\/10\/armonia-narrazioni-in-terra-d-otranto\/#breadcrumb"},"inLanguage":"it-IT","potentialAction":[{"@type":"ReadAction","target":["https:\/\/arteeluoghi.it\/index.php\/2016\/05\/10\/armonia-narrazioni-in-terra-d-otranto\/"]}]},{"@type":"BreadcrumbList","@id":"https:\/\/arteeluoghi.it\/index.php\/2016\/05\/10\/armonia-narrazioni-in-terra-d-otranto\/#breadcrumb","itemListElement":[{"@type":"ListItem","position":1,"name":"Home","item":"https:\/\/arteeluoghi.it\/"},{"@type":"ListItem","position":2,"name":"Armonia. Narrazioni in Terra d&#8217;Otranto"}]},{"@type":"Article","@id":"https:\/\/arteeluoghi.it\/index.php\/2016\/05\/10\/armonia-narrazioni-in-terra-d-otranto\/#article","isPartOf":{"@id":"https:\/\/arteeluoghi.it\/index.php\/2016\/05\/10\/armonia-narrazioni-in-terra-d-otranto\/#webpage"},"author":{"@id":"https:\/\/arteeluoghi.it\/#\/schema\/person\/f84e814e36e91e01448ee07eaadd41d4"},"headline":"Armonia. Narrazioni in Terra d&#8217;Otranto","datePublished":"2016-05-10T11:24:12+00:00","dateModified":"2017-08-06T21:52:47+00:00","mainEntityOfPage":{"@id":"https:\/\/arteeluoghi.it\/index.php\/2016\/05\/10\/armonia-narrazioni-in-terra-d-otranto\/#webpage"},"wordCount":1903,"commentCount":0,"publisher":{"@id":"https:\/\/arteeluoghi.it\/#organization"},"image":{"@id":"https:\/\/arteeluoghi.it\/index.php\/2016\/05\/10\/armonia-narrazioni-in-terra-d-otranto\/#primaryimage"},"thumbnailUrl":"\/images\/manifesto%20armonia.jpg","articleSection":["I luoghi della parola"],"inLanguage":"it-IT","potentialAction":[{"@type":"CommentAction","name":"Comment","target":["https:\/\/arteeluoghi.it\/index.php\/2016\/05\/10\/armonia-narrazioni-in-terra-d-otranto\/#respond"]}]},{"@type":"Person","@id":"https:\/\/arteeluoghi.it\/#\/schema\/person\/f84e814e36e91e01448ee07eaadd41d4","name":"Staff","image":{"@type":"ImageObject","@id":"https:\/\/arteeluoghi.it\/#personlogo","inLanguage":"it-IT","url":"https:\/\/secure.gravatar.com\/avatar\/49d2f9e46271bb04e19cebfaf141313a?s=96&d=blank&r=g","contentUrl":"https:\/\/secure.gravatar.com\/avatar\/49d2f9e46271bb04e19cebfaf141313a?s=96&d=blank&r=g","caption":"Staff"}}]}},"_links":{"self":[{"href":"https:\/\/arteeluoghi.it\/index.php\/wp-json\/wp\/v2\/posts\/2556"}],"collection":[{"href":"https:\/\/arteeluoghi.it\/index.php\/wp-json\/wp\/v2\/posts"}],"about":[{"href":"https:\/\/arteeluoghi.it\/index.php\/wp-json\/wp\/v2\/types\/post"}],"author":[{"embeddable":true,"href":"https:\/\/arteeluoghi.it\/index.php\/wp-json\/wp\/v2\/users\/1"}],"replies":[{"embeddable":true,"href":"https:\/\/arteeluoghi.it\/index.php\/wp-json\/wp\/v2\/comments?post=2556"}],"version-history":[{"count":1,"href":"https:\/\/arteeluoghi.it\/index.php\/wp-json\/wp\/v2\/posts\/2556\/revisions"}],"predecessor-version":[{"id":3089,"href":"https:\/\/arteeluoghi.it\/index.php\/wp-json\/wp\/v2\/posts\/2556\/revisions\/3089"}],"wp:attachment":[{"href":"https:\/\/arteeluoghi.it\/index.php\/wp-json\/wp\/v2\/media?parent=2556"}],"wp:term":[{"taxonomy":"category","embeddable":true,"href":"https:\/\/arteeluoghi.it\/index.php\/wp-json\/wp\/v2\/categories?post=2556"},{"taxonomy":"post_tag","embeddable":true,"href":"https:\/\/arteeluoghi.it\/index.php\/wp-json\/wp\/v2\/tags?post=2556"}],"curies":[{"name":"wp","href":"https:\/\/api.w.org\/{rel}","templated":true}]}}