{"id":2565,"date":"2016-05-11T18:08:53","date_gmt":"2016-05-11T16:08:53","guid":{"rendered":"http:\/\/arteeluoghi.it\/index.php\/2016\/05\/11\/carmen-consoli-la-mia-taranta-e-donna\/"},"modified":"2016-05-11T18:08:53","modified_gmt":"2016-05-11T16:08:53","slug":"carmen-consoli-la-mia-taranta-e-donna","status":"publish","type":"post","link":"https:\/\/arteeluoghi.it\/index.php\/2016\/05\/11\/carmen-consoli-la-mia-taranta-e-donna\/","title":{"rendered":"Carmen Consoli, la mia Taranta \u00e8 Donna"},"content":{"rendered":"<p><span style=\"font-size: small;\"><span id=\"__caret\"><img src=\"\/images\/Carmen_consoli.jpg\" border=\"0\" title=\"La cantantautrice Carmen Consoli\" width=\"300\" style=\"float: left; margin: 21px;\" \/><\/span>Presentata stamani a Roma nella sede della stampa estera la nuova maestra concertatrice dell\u2019edizione 2016<\/span><\/p>\n<p><strong><span style=\"font-size: small;\">Taranta, che passione!<\/span><\/strong><\/p>\n<p><span style=\"font-size: small;\">Carmen Consoli incontrer\u00e0 l\u2019Orchestra Popolare domani a Melpignano. L\u2019incontro sar\u00e0 trasmesso in streaming sul sito\u00a0<a href=\"http:\/\/www.lanottedellataranta.it\/\" target=\"_blank\" data-saferedirecturl=\"https:\/\/www.google.com\/url?hl=it&amp;q=http:\/\/www.lanottedellataranta.it\/&amp;source=gmail&amp;ust=1463076281959000&amp;usg=AFQjCNEjM5umQ4P4pvp-SmeFWSlWgCmK9w\">www.lanottedellataranta.it<\/a>\u00a0e in diretta facebook\u00a0 sulla pagina ufficiale<\/span><\/p>\n<p>\u201cPassione, cuore e sensibilit\u00e0\u201d, questo porter\u00e0\u00a0<strong>Carmen Consoli<\/strong>,\u00a0 all\u2019edizione 2016 de La Notte della Taranta. Lo ha annunciato stamani in conferenza nella sede della stampa estera,\u00a0 l\u2019artista siciliana, nuova maestra concertatrice.<\/p>\n<p>\u201cLa passione per le radici culturali di una terra, il Salento con un patrimonio genetico particolarmente vicino\u00a0 alla sua Sicilia, \u00a0il pathos dei canti della tradizione popolari, tracciando un percorso di guarigione che passa attraverso il dolore. Sar\u00e0 questa la mia Notte della Taranta. Credo nel lavoro di squadra perch\u00e9 la musica popolare si fa insieme. Con Daniele Durante e Luigi Chiriatti stiamo selezionando i brani che comporranno il racconto 2016. Si partir\u00e0 dal dolore di un amore recluso, di condizioni di lavoro disagiate, di proteste e prigionie interiori per scoprire la rinascita attraverso il valore terapeutico della danza e della musica.\u201d Insieme a lei, per una Taranta tutta al femminile,\u00a0 ci saranno ospiti nazionali e internazionali donne.<\/p>\n<p>  <!--more-->  <\/p>\n<p>\u00a0<\/p>\n<p>\u201cHo chiesto che le ospiti, chiamate a reinterpretare i <span style=\"font-size: small;\"><object width=\"425\" height=\"350\" align=\"left\" hspace=\"12\" vspace=\"12\" data=\"http:\/\/www.youtube.com\/embed\/taA6HVh9lMY\" type=\"audio\/x-pn-realaudio-plugin\"><param name=\"src\" value=\"http:\/\/www.youtube.com\/embed\/taA6HVh9lMY\" \/><param name=\"frameborder\" value=\"0\" \/><\/object><\/span>brani della tradizione, \u00a0partecipino con trasporto emotivo alla grande festa popolare\u201d.<\/p>\n<p>&#8220;<em>Per noi la Taranta \u00e8 il simbolo della Puglia che ha saputo sposare il mondo, le culture e le religioni diverse, senza smarrire la sua identit\u00e0, anzi rafforzandola e\u00a0 contaminandola con altri generi musicali. Questo ha contribuito al grande successo turistico della regione, oggi meta tra le pi\u00f9 apprezzate. I nostri eventi culturali mirano a costruire l\u2019attrattivit\u00e0 della\u00a0 regione, realizzando risultati importantissimi anche per la nostra economia. Investire in cultura rende molto, ed \u00e8 ancor pi\u00f9 importante per una regione non ricchissima come la Puglia che per\u00f2 vanta un patrimonio di bellezza unico e un\u2019immagine irripetibile. Continueremo ad investire in cultura perch\u00e9 questo, davvero, \u00e8 il metodo migliore per spiegare al mondo com&#8217;\u00e8 fatta l&#8217;Italia<\/em>.<em>\u00a0La presenza di Carmen Consoli quest\u2019anno metter\u00e0 al centro la femminilit\u00e0 del Salento, e quindi la forza e la dignit\u00e0 delle donne, la loro straordinaria capacit\u00e0 di prendersi cura dell&#8217;umanit\u00e0<\/em>&#8220;,\u00a0ha affermato il presidente della regione Puglia Michele Emiliano.<\/p>\n<p>\u201c<em>Una notte della Taranta con un tripudio della donna che passa dal dolore alla guarigione in una transizione fatta di musica e di danza.<br \/>E Carmen Consoli, la maestra concertatrice di questa edizione, non e&#8217; solo una grande cantante ma soprattutto una grande donna che interpreta il fascino della tradizione delle tarantate con il cuore e la passione.\u00a0<\/em><em>Carmen sapr\u00e0 portare questo spettacolo alle sue origini, unendo la musica alla cultura ed alla terra per le sue affinit\u00e0 siciliane con il Salento e per il suo modo di interpretarle.La musica \u00e8\u00a0 cultura ed economia. In questo festival\u00a0 si unisce ai riti, alle tradizioni\u00a0 alla bellezza dei luoghi, attrae turisti e genera socialita&#8217;. Per questo la regione Puglia lo sostiene, perch\u00e9 va oltre\u00a0 il territorio senza dimenticarlo.\u00a0 Artisti, musicisti lavorano all&#8217;interno dei borghi, li animano e coinvolgono le\u00a0 comunit\u00e0, con i giovani ma non solo, che partecipano al ritmo della taranta fino all&#8217;alba<\/em>,\u201d\u00a0ha evidenziato Loredana Capone, assessore allo sviluppo economico e cultura.<\/p>\n<p>\u201c<em>In quest\u2019ultimo anno abbiamo ascoltato soprattutto le richieste che venivano dal pubblico, dai tanti giovani e non, che infiammano la piazza di Melpignano. Ecco perch\u00e9 abbiamo lavorato con Durante e Chiriatti, per rendere l\u2019Orchestra Popolare protagonista sul palco. Carmen Consoli ha accettato il nostro invito con entusiasmo, cogliendo l\u2019esigenza trasmessa: portare sul palco prima di tutto il cuore e la passione per la musica<\/em>\u201d, ha aggiunto Massimo Manera, presidente della Fondazione La Notte della Taranta.\u00a0<\/p>\n<p>Carmen Consoli incontrer\u00e0 l\u2019Orchestra Popolare domani a Melpignano. L\u2019incontro sar\u00e0 trasmesso in streaming sul sito\u00a0<a href=\"http:\/\/www.lanottedellataranta.it\/\" target=\"_blank\" data-saferedirecturl=\"https:\/\/www.google.com\/url?hl=it&amp;q=http:\/\/www.lanottedellataranta.it\/&amp;source=gmail&amp;ust=1463076281959000&amp;usg=AFQjCNEjM5umQ4P4pvp-SmeFWSlWgCmK9w\">www.lanottedellataranta.it<\/a>\u00a0e in diretta facebook\u00a0 sulla pagina ufficiale<\/p>\n<p>(fonte: comunicato stampa)<\/p>\n","protected":false},"excerpt":{"rendered":"<p>Presentata stamani a Roma nella sede della stampa estera la nuova maestra concertatrice dell\u2019edizione 2016 Taranta, che passione! Carmen Consoli<\/p>\n","protected":false},"author":1,"featured_media":0,"comment_status":"open","ping_status":"open","sticky":false,"template":"","format":"standard","meta":[],"categories":[12],"tags":[],"yoast_head":"<!-- This site is optimized with the Yoast SEO plugin v18.0 - https:\/\/yoast.com\/wordpress\/plugins\/seo\/ -->\n<title>Carmen Consoli, la mia Taranta \u00e8 Donna | Arte e Luoghi<\/title>\n<meta name=\"robots\" content=\"index, follow, max-snippet:-1, max-image-preview:large, max-video-preview:-1\" \/>\n<link rel=\"canonical\" href=\"https:\/\/arteeluoghi.it\/index.php\/2016\/05\/11\/carmen-consoli-la-mia-taranta-e-donna\/\" \/>\n<meta property=\"og:locale\" content=\"it_IT\" \/>\n<meta property=\"og:type\" content=\"article\" \/>\n<meta property=\"og:title\" content=\"Carmen Consoli, la mia Taranta \u00e8 Donna | Arte e Luoghi\" \/>\n<meta property=\"og:description\" content=\"Presentata stamani a Roma nella sede della stampa estera la nuova maestra concertatrice dell\u2019edizione 2016 Taranta, che passione! Carmen Consoli\" \/>\n<meta property=\"og:url\" content=\"https:\/\/arteeluoghi.it\/index.php\/2016\/05\/11\/carmen-consoli-la-mia-taranta-e-donna\/\" \/>\n<meta property=\"og:site_name\" content=\"Arte e Luoghi\" \/>\n<meta property=\"article:publisher\" content=\"https:\/\/www.facebook.com\/ArteELuoghi\/\" \/>\n<meta property=\"article:published_time\" content=\"2016-05-11T16:08:53+00:00\" \/>\n<meta property=\"og:image\" content=\"https:\/\/arteeluoghi.it\/images\/Carmen_consoli.jpg\" \/>\n<meta name=\"twitter:card\" content=\"summary\" \/>\n<meta name=\"twitter:creator\" content=\"@arteeluoghi\" \/>\n<meta name=\"twitter:site\" content=\"@arteeluoghi\" \/>\n<meta name=\"twitter:label1\" content=\"Scritto da\" \/>\n\t<meta name=\"twitter:data1\" content=\"Staff\" \/>\n\t<meta name=\"twitter:label2\" content=\"Tempo di lettura stimato\" \/>\n\t<meta name=\"twitter:data2\" content=\"3 minuti\" \/>\n<script type=\"application\/ld+json\" class=\"yoast-schema-graph\">{\"@context\":\"https:\/\/schema.org\",\"@graph\":[{\"@type\":\"Organization\",\"@id\":\"https:\/\/arteeluoghi.it\/#organization\",\"name\":\"Arte e Luoghi\",\"url\":\"https:\/\/arteeluoghi.it\/\",\"sameAs\":[\"https:\/\/www.facebook.com\/ArteELuoghi\/\",\"https:\/\/www.instagram.com\/arteeluoghi\/?hl=it\",\"https:\/\/www.youtube.com\/channel\/UCuRVc4JW4-C5sg9rQB-srkw?view_as=subscriber\",\"https:\/\/twitter.com\/arteeluoghi\"],\"logo\":{\"@type\":\"ImageObject\",\"@id\":\"https:\/\/arteeluoghi.it\/#logo\",\"inLanguage\":\"it-IT\",\"url\":\"https:\/\/arteeluoghi.it\/wp-content\/uploads\/2018\/08\/logoinstagramarte.jpg\",\"contentUrl\":\"https:\/\/arteeluoghi.it\/wp-content\/uploads\/2018\/08\/logoinstagramarte.jpg\",\"width\":150,\"height\":150,\"caption\":\"Arte e Luoghi\"},\"image\":{\"@id\":\"https:\/\/arteeluoghi.it\/#logo\"}},{\"@type\":\"WebSite\",\"@id\":\"https:\/\/arteeluoghi.it\/#website\",\"url\":\"https:\/\/arteeluoghi.it\/\",\"name\":\"Arte e Luoghi\",\"description\":\"Mensile di arte, cultura, turismo e curiosit\u00e0\",\"publisher\":{\"@id\":\"https:\/\/arteeluoghi.it\/#organization\"},\"potentialAction\":[{\"@type\":\"SearchAction\",\"target\":{\"@type\":\"EntryPoint\",\"urlTemplate\":\"https:\/\/arteeluoghi.it\/?s={search_term_string}\"},\"query-input\":\"required name=search_term_string\"}],\"inLanguage\":\"it-IT\"},{\"@type\":\"ImageObject\",\"@id\":\"https:\/\/arteeluoghi.it\/index.php\/2016\/05\/11\/carmen-consoli-la-mia-taranta-e-donna\/#primaryimage\",\"inLanguage\":\"it-IT\",\"url\":\"\/images\/Carmen_consoli.jpg\",\"contentUrl\":\"\/images\/Carmen_consoli.jpg\"},{\"@type\":\"WebPage\",\"@id\":\"https:\/\/arteeluoghi.it\/index.php\/2016\/05\/11\/carmen-consoli-la-mia-taranta-e-donna\/#webpage\",\"url\":\"https:\/\/arteeluoghi.it\/index.php\/2016\/05\/11\/carmen-consoli-la-mia-taranta-e-donna\/\",\"name\":\"Carmen Consoli, la mia Taranta \u00e8 Donna | Arte e Luoghi\",\"isPartOf\":{\"@id\":\"https:\/\/arteeluoghi.it\/#website\"},\"primaryImageOfPage\":{\"@id\":\"https:\/\/arteeluoghi.it\/index.php\/2016\/05\/11\/carmen-consoli-la-mia-taranta-e-donna\/#primaryimage\"},\"datePublished\":\"2016-05-11T16:08:53+00:00\",\"dateModified\":\"2016-05-11T16:08:53+00:00\",\"breadcrumb\":{\"@id\":\"https:\/\/arteeluoghi.it\/index.php\/2016\/05\/11\/carmen-consoli-la-mia-taranta-e-donna\/#breadcrumb\"},\"inLanguage\":\"it-IT\",\"potentialAction\":[{\"@type\":\"ReadAction\",\"target\":[\"https:\/\/arteeluoghi.it\/index.php\/2016\/05\/11\/carmen-consoli-la-mia-taranta-e-donna\/\"]}]},{\"@type\":\"BreadcrumbList\",\"@id\":\"https:\/\/arteeluoghi.it\/index.php\/2016\/05\/11\/carmen-consoli-la-mia-taranta-e-donna\/#breadcrumb\",\"itemListElement\":[{\"@type\":\"ListItem\",\"position\":1,\"name\":\"Home\",\"item\":\"https:\/\/arteeluoghi.it\/\"},{\"@type\":\"ListItem\",\"position\":2,\"name\":\"Carmen Consoli, la mia Taranta \u00e8 Donna\"}]},{\"@type\":\"Article\",\"@id\":\"https:\/\/arteeluoghi.it\/index.php\/2016\/05\/11\/carmen-consoli-la-mia-taranta-e-donna\/#article\",\"isPartOf\":{\"@id\":\"https:\/\/arteeluoghi.it\/index.php\/2016\/05\/11\/carmen-consoli-la-mia-taranta-e-donna\/#webpage\"},\"author\":{\"@id\":\"https:\/\/arteeluoghi.it\/#\/schema\/person\/f84e814e36e91e01448ee07eaadd41d4\"},\"headline\":\"Carmen Consoli, la mia Taranta \u00e8 Donna\",\"datePublished\":\"2016-05-11T16:08:53+00:00\",\"dateModified\":\"2016-05-11T16:08:53+00:00\",\"mainEntityOfPage\":{\"@id\":\"https:\/\/arteeluoghi.it\/index.php\/2016\/05\/11\/carmen-consoli-la-mia-taranta-e-donna\/#webpage\"},\"wordCount\":644,\"commentCount\":0,\"publisher\":{\"@id\":\"https:\/\/arteeluoghi.it\/#organization\"},\"image\":{\"@id\":\"https:\/\/arteeluoghi.it\/index.php\/2016\/05\/11\/carmen-consoli-la-mia-taranta-e-donna\/#primaryimage\"},\"thumbnailUrl\":\"\/images\/Carmen_consoli.jpg\",\"articleSection\":[\"MUSICA\"],\"inLanguage\":\"it-IT\",\"potentialAction\":[{\"@type\":\"CommentAction\",\"name\":\"Comment\",\"target\":[\"https:\/\/arteeluoghi.it\/index.php\/2016\/05\/11\/carmen-consoli-la-mia-taranta-e-donna\/#respond\"]}]},{\"@type\":\"Person\",\"@id\":\"https:\/\/arteeluoghi.it\/#\/schema\/person\/f84e814e36e91e01448ee07eaadd41d4\",\"name\":\"Staff\",\"image\":{\"@type\":\"ImageObject\",\"@id\":\"https:\/\/arteeluoghi.it\/#personlogo\",\"inLanguage\":\"it-IT\",\"url\":\"https:\/\/secure.gravatar.com\/avatar\/49d2f9e46271bb04e19cebfaf141313a?s=96&d=blank&r=g\",\"contentUrl\":\"https:\/\/secure.gravatar.com\/avatar\/49d2f9e46271bb04e19cebfaf141313a?s=96&d=blank&r=g\",\"caption\":\"Staff\"}}]}<\/script>\n<!-- \/ Yoast SEO plugin. -->","yoast_head_json":{"title":"Carmen Consoli, la mia Taranta \u00e8 Donna | Arte e Luoghi","robots":{"index":"index","follow":"follow","max-snippet":"max-snippet:-1","max-image-preview":"max-image-preview:large","max-video-preview":"max-video-preview:-1"},"canonical":"https:\/\/arteeluoghi.it\/index.php\/2016\/05\/11\/carmen-consoli-la-mia-taranta-e-donna\/","og_locale":"it_IT","og_type":"article","og_title":"Carmen Consoli, la mia Taranta \u00e8 Donna | Arte e Luoghi","og_description":"Presentata stamani a Roma nella sede della stampa estera la nuova maestra concertatrice dell\u2019edizione 2016 Taranta, che passione! Carmen Consoli","og_url":"https:\/\/arteeluoghi.it\/index.php\/2016\/05\/11\/carmen-consoli-la-mia-taranta-e-donna\/","og_site_name":"Arte e Luoghi","article_publisher":"https:\/\/www.facebook.com\/ArteELuoghi\/","article_published_time":"2016-05-11T16:08:53+00:00","og_image":[{"url":"https:\/\/arteeluoghi.it\/images\/Carmen_consoli.jpg"}],"twitter_card":"summary","twitter_creator":"@arteeluoghi","twitter_site":"@arteeluoghi","twitter_misc":{"Scritto da":"Staff","Tempo di lettura stimato":"3 minuti"},"schema":{"@context":"https:\/\/schema.org","@graph":[{"@type":"Organization","@id":"https:\/\/arteeluoghi.it\/#organization","name":"Arte e Luoghi","url":"https:\/\/arteeluoghi.it\/","sameAs":["https:\/\/www.facebook.com\/ArteELuoghi\/","https:\/\/www.instagram.com\/arteeluoghi\/?hl=it","https:\/\/www.youtube.com\/channel\/UCuRVc4JW4-C5sg9rQB-srkw?view_as=subscriber","https:\/\/twitter.com\/arteeluoghi"],"logo":{"@type":"ImageObject","@id":"https:\/\/arteeluoghi.it\/#logo","inLanguage":"it-IT","url":"https:\/\/arteeluoghi.it\/wp-content\/uploads\/2018\/08\/logoinstagramarte.jpg","contentUrl":"https:\/\/arteeluoghi.it\/wp-content\/uploads\/2018\/08\/logoinstagramarte.jpg","width":150,"height":150,"caption":"Arte e Luoghi"},"image":{"@id":"https:\/\/arteeluoghi.it\/#logo"}},{"@type":"WebSite","@id":"https:\/\/arteeluoghi.it\/#website","url":"https:\/\/arteeluoghi.it\/","name":"Arte e Luoghi","description":"Mensile di arte, cultura, turismo e curiosit\u00e0","publisher":{"@id":"https:\/\/arteeluoghi.it\/#organization"},"potentialAction":[{"@type":"SearchAction","target":{"@type":"EntryPoint","urlTemplate":"https:\/\/arteeluoghi.it\/?s={search_term_string}"},"query-input":"required name=search_term_string"}],"inLanguage":"it-IT"},{"@type":"ImageObject","@id":"https:\/\/arteeluoghi.it\/index.php\/2016\/05\/11\/carmen-consoli-la-mia-taranta-e-donna\/#primaryimage","inLanguage":"it-IT","url":"\/images\/Carmen_consoli.jpg","contentUrl":"\/images\/Carmen_consoli.jpg"},{"@type":"WebPage","@id":"https:\/\/arteeluoghi.it\/index.php\/2016\/05\/11\/carmen-consoli-la-mia-taranta-e-donna\/#webpage","url":"https:\/\/arteeluoghi.it\/index.php\/2016\/05\/11\/carmen-consoli-la-mia-taranta-e-donna\/","name":"Carmen Consoli, la mia Taranta \u00e8 Donna | Arte e Luoghi","isPartOf":{"@id":"https:\/\/arteeluoghi.it\/#website"},"primaryImageOfPage":{"@id":"https:\/\/arteeluoghi.it\/index.php\/2016\/05\/11\/carmen-consoli-la-mia-taranta-e-donna\/#primaryimage"},"datePublished":"2016-05-11T16:08:53+00:00","dateModified":"2016-05-11T16:08:53+00:00","breadcrumb":{"@id":"https:\/\/arteeluoghi.it\/index.php\/2016\/05\/11\/carmen-consoli-la-mia-taranta-e-donna\/#breadcrumb"},"inLanguage":"it-IT","potentialAction":[{"@type":"ReadAction","target":["https:\/\/arteeluoghi.it\/index.php\/2016\/05\/11\/carmen-consoli-la-mia-taranta-e-donna\/"]}]},{"@type":"BreadcrumbList","@id":"https:\/\/arteeluoghi.it\/index.php\/2016\/05\/11\/carmen-consoli-la-mia-taranta-e-donna\/#breadcrumb","itemListElement":[{"@type":"ListItem","position":1,"name":"Home","item":"https:\/\/arteeluoghi.it\/"},{"@type":"ListItem","position":2,"name":"Carmen Consoli, la mia Taranta \u00e8 Donna"}]},{"@type":"Article","@id":"https:\/\/arteeluoghi.it\/index.php\/2016\/05\/11\/carmen-consoli-la-mia-taranta-e-donna\/#article","isPartOf":{"@id":"https:\/\/arteeluoghi.it\/index.php\/2016\/05\/11\/carmen-consoli-la-mia-taranta-e-donna\/#webpage"},"author":{"@id":"https:\/\/arteeluoghi.it\/#\/schema\/person\/f84e814e36e91e01448ee07eaadd41d4"},"headline":"Carmen Consoli, la mia Taranta \u00e8 Donna","datePublished":"2016-05-11T16:08:53+00:00","dateModified":"2016-05-11T16:08:53+00:00","mainEntityOfPage":{"@id":"https:\/\/arteeluoghi.it\/index.php\/2016\/05\/11\/carmen-consoli-la-mia-taranta-e-donna\/#webpage"},"wordCount":644,"commentCount":0,"publisher":{"@id":"https:\/\/arteeluoghi.it\/#organization"},"image":{"@id":"https:\/\/arteeluoghi.it\/index.php\/2016\/05\/11\/carmen-consoli-la-mia-taranta-e-donna\/#primaryimage"},"thumbnailUrl":"\/images\/Carmen_consoli.jpg","articleSection":["MUSICA"],"inLanguage":"it-IT","potentialAction":[{"@type":"CommentAction","name":"Comment","target":["https:\/\/arteeluoghi.it\/index.php\/2016\/05\/11\/carmen-consoli-la-mia-taranta-e-donna\/#respond"]}]},{"@type":"Person","@id":"https:\/\/arteeluoghi.it\/#\/schema\/person\/f84e814e36e91e01448ee07eaadd41d4","name":"Staff","image":{"@type":"ImageObject","@id":"https:\/\/arteeluoghi.it\/#personlogo","inLanguage":"it-IT","url":"https:\/\/secure.gravatar.com\/avatar\/49d2f9e46271bb04e19cebfaf141313a?s=96&d=blank&r=g","contentUrl":"https:\/\/secure.gravatar.com\/avatar\/49d2f9e46271bb04e19cebfaf141313a?s=96&d=blank&r=g","caption":"Staff"}}]}},"_links":{"self":[{"href":"https:\/\/arteeluoghi.it\/index.php\/wp-json\/wp\/v2\/posts\/2565"}],"collection":[{"href":"https:\/\/arteeluoghi.it\/index.php\/wp-json\/wp\/v2\/posts"}],"about":[{"href":"https:\/\/arteeluoghi.it\/index.php\/wp-json\/wp\/v2\/types\/post"}],"author":[{"embeddable":true,"href":"https:\/\/arteeluoghi.it\/index.php\/wp-json\/wp\/v2\/users\/1"}],"replies":[{"embeddable":true,"href":"https:\/\/arteeluoghi.it\/index.php\/wp-json\/wp\/v2\/comments?post=2565"}],"version-history":[{"count":0,"href":"https:\/\/arteeluoghi.it\/index.php\/wp-json\/wp\/v2\/posts\/2565\/revisions"}],"wp:attachment":[{"href":"https:\/\/arteeluoghi.it\/index.php\/wp-json\/wp\/v2\/media?parent=2565"}],"wp:term":[{"taxonomy":"category","embeddable":true,"href":"https:\/\/arteeluoghi.it\/index.php\/wp-json\/wp\/v2\/categories?post=2565"},{"taxonomy":"post_tag","embeddable":true,"href":"https:\/\/arteeluoghi.it\/index.php\/wp-json\/wp\/v2\/tags?post=2565"}],"curies":[{"name":"wp","href":"https:\/\/api.w.org\/{rel}","templated":true}]}}