{"id":2575,"date":"2016-05-22T22:02:51","date_gmt":"2016-05-22T20:02:51","guid":{"rendered":"http:\/\/arteeluoghi.it\/index.php\/2016\/05\/22\/la-bellezza-in-costituzione\/"},"modified":"2018-01-05T12:28:24","modified_gmt":"2018-01-05T11:28:24","slug":"la-bellezza-in-costituzione","status":"publish","type":"post","link":"https:\/\/arteeluoghi.it\/index.php\/2016\/05\/22\/la-bellezza-in-costituzione\/","title":{"rendered":"La Bellezza in Costituzione"},"content":{"rendered":"<p><span style=\"font-size: small;\"><strong><img loading=\"lazy\" class=\"size-medium wp-image-4693 alignleft\" src=\"https:\/\/arteeluoghi.it\/wp-content\/uploads\/2016\/05\/Serena-Pellegrino-e-Philippe-Daverio-300x200.jpg\" alt=\"\" width=\"300\" height=\"200\" srcset=\"https:\/\/arteeluoghi.it\/wp-content\/uploads\/2016\/05\/Serena-Pellegrino-e-Philippe-Daverio-300x200.jpg 300w, https:\/\/arteeluoghi.it\/wp-content\/uploads\/2016\/05\/Serena-Pellegrino-e-Philippe-Daverio-768x512.jpg 768w, https:\/\/arteeluoghi.it\/wp-content\/uploads\/2016\/05\/Serena-Pellegrino-e-Philippe-Daverio-1024x683.jpg 1024w, https:\/\/arteeluoghi.it\/wp-content\/uploads\/2016\/05\/Serena-Pellegrino-e-Philippe-Daverio.jpg 2048w\" sizes=\"(max-width: 300px) 100vw, 300px\" \/>bellezzaincostituzione.it<\/strong><\/span><\/p>\n<p><em>Due anni fa, il 22 maggio 2014, l&#8217;on. Serena Pellegrino, in totale sordina, depositava la Proposta di Legge Costituzionale n. 2401 per il riconoscimento della bellezza come principio nella nostra Costituzione.<\/em><\/p>\n<p>di Antonietta Fulvio<em><br \/>\n<\/em><\/p>\n<p>C\u2019\u00e8 una targa a Firenze, in piazza dei Pitti, che ricorda la permanenza dello scrittore Dostoieskj tra il 1868-1869, anni in cui firma il celebre romanzo L\u2019idiota. Che sia stata anche il trovarsi in una citt\u00e0 d\u2019arte quale quella fiorentina ad ispirargli la frase, attribuita al principe Myskin, \u201cLa bellezza salver\u00e0 il mondo?\u201d<!--more--><br \/>\nMa cos\u2019\u00e8 la bellezza? Sempre per lo scrittore russo \u00e8 un enigma e in fondo le cose belle non si possono spiegare. Ma un dato \u00e8 certo non si pu\u00f2 vivere senza bellezza e noi, italiani, siamo un popolo fortunato perch\u00e9 siamo immersi nella bellezza.<br \/>\nNonostante lo scempio che talvolta siamo costretti a subire. Carcasse monumentali di progetti mai conclusi, zone industriali che feriscono i paesaggi del Belpaese, da Sud a Nord, patrimoni architettonici lasciati in balia se non del tempo e dell\u2019incuria degli uomini alla merc\u00e9 di vandali e criminali \u2013 la storia di Carditello docet &#8211; rifiuti, di ogni genere, che trasformano le nostre periferie in discariche a cielo aperto per non parlare del pericolo che corre l\u2019ambiente con le trivellazioni proprio l\u00ec davanti alla bellezza delle coste del mare che eppure ancora conquista vele blu.<br \/>\nSaper riconoscere la bellezza, forse \u00e8 proprio questo il problema.<\/p>\n<p><!--more--><\/p>\n<p><img style=\"margin: 21px; float: right;\" title=\"Galleria degli Uffizi Tribuna. ph.A.Quattrone\" src=\"\/images\/Galleria%20degli%20Uffizi%20Tribuna.%20ph.A.Quattrone.jpg\" width=\"300\" border=\"0\" \/>Capire che la bellezza \u00e8 il nostro petrolio! E c\u2019\u00e8 chi ci crede e dando voce ad una buona fetta del Paese ha presentato quasi due anni fa una proposta di legge Costituzionale. L\u2019iniziativa \u00e8 dell\u2019onorevole Serena Pellegrino, deputata di Sel, che ha proposto di aggiungere al primo articolo della nostra Costituzione il seguente comma: \u00abLa Repubblica Italiana riconosce la bellezza quale elemento costitutivo dell\u2019identit\u00e0 nazionale, la conserva, la tutela e la promuove in tutte le sue forme materiali e immateriali: storiche, artistiche, culturali, paesaggistiche e naturali\u00bb.<br \/>\n\u00abNegli ultimi 70 anni &#8211; spiega l\u2019onorevole Serena Pellegrino abbiamo smarrito la via e la Bellezza ha subito un colpo mortale Non possiamo negare che la promozione e produzione di Bellezza sia andata man mano riducendosi e purtroppo le politiche dei nostri governi non hanno certo contribuito a darle linfa. \u00c8 ormai unanimemente riconosciuto che l&#8217;ultimo pensiero architettonico in Italia risale al ventennio fascista: un colpo mortale per la nostra &#8220;giovane&#8221; democrazia.\u00bb<br \/>\nLa ricostruzione nel Dopoguerra ha visto modificarsi le nostre citt\u00e0, si \u00e8 ricostruito e costruito ma anche quando sono state rispettate le norme urbanistiche non si \u00e8 prodotto bellezza, \u00abnon si possono dire certamente belle Marghera, l\u2019Ilva a Taranto, Mirafiori a Torino, Servola a Trieste, Corviale a Roma, quartiere Zen a Palermo, Quartiere Libert\u00e0 a Bari, Quarto Oggiaro a Milano\u2026\u00bb fa notare la stessa Pellegrino che spiega \u00abAttuando le norme urbanistiche abbiamo potuto suddividere e sezionare il territorio, dimenticando che fosse un Patrimonio, come se fosse una torta, abbiamo realizzato le periferie residenziali &#8211; un tanto al metro cubo &#8211; suddividendole per gerarchie sociali, attraverso piccole e grandi lottizzazioni, relegato le aree industriali e artigianali lontane dai centri abitati e infine abbiamo potuto &#8220;miracolosamente&#8221; salvaguardare i centri storici per una intuizione di chi ha inventato la &#8220;zona A&#8221;: unico reperto da salvaguardare della famigerata zonizzazione.<br \/>\n<img style=\"margin: 21px; float: left;\" title=\"Castel SantAngelo\" src=\"\/images\/Castel%20SantAngelo.jpg\" width=\"300\" border=\"0\" \/>Ma questo nostro territorio con il patrimonio immenso che abbiamo avuto la fortuna di ereditare e che a nostra volta lasceremo ai nostri figli va tutelato e prima ancora riconosciuto. Cos\u00ec come in ognuno di noi deve maturare la consapevolezza di possedere un grande patrimonio di cui tutti ma proprio tutti dobbiamo ritenerci custodi. Nel corso della storia il variegato popolo italiano ha saputo declinare con sapienza, cura e amore inestimabile il pensiero in realt\u00e0. Le opere artistiche e paesaggistiche, segni positivi inequivocabili dell&#8217;uomo, hanno avuto la massima espressione sul nostro territorio, lasciandoci un patrimonio di inestimabile Bellezza. \u00c8 proprio per questo che la caratteristica distintiva e reputazione universalmente riconosciuta all\u2019Italia \u00e8 la Bellezza. Ed \u00e8 per questo, dopo essermi confrontata e aver avuto l&#8217;appoggio, il sostegno e, immeritatamente, anche il plauso dei maggiori interlocutori in tema di storia, di arte, di cultura, di architettura, di musica, di ambiente e di paesaggio ho lanciato questa sfida\u00bb. Una sfida partita il 22 maggio 2014 quando la proposta di legge n. 2401 \u00e8 stata depositata in totale sordina e poi presentata il 26 novembre 2014, nell\u2019ambito del convegno \u201cRiconoscere la Bellezza\u201d al quale presero parte, tra gli altri, gli onorevoli: Massimo Bray, Salvatore Matarrese, Mario Marazziti, Alessandro Pagano, Roberto Marti, Paolo Grimaldi, Giorgia Meloni, Pia Elda Locatelli, Pino Pisicchio, Titti Di Salvo, Adriano Zaccagnini, Francesco Paolo Sisto presidente della I Commissione affari costituzionali, Dario Franceschini ministro dei Beni e delle attivit\u00e0 culturali e del Turismo e il critico e storico d\u2019arte Philippe Daverio.<br \/>\nE \u201cRiconoscere la Bellezza\u201d \u00e8 diventata un\u2019associazione, presieduta dalla stessa Serena Pellegrino, che organizza seminari e convegni, in lungo e largo per l\u2019Italia, come quello svoltosi ad Udine lo scorso ottobre 2015,\u00a0 che dialoga e si confronta con enti, scuole e realt\u00e0 del territorio.<br \/>\n<img style=\"margin: 21px; float: left;\" src=\"\/images\/udine.jpg\" width=\"300\" border=\"0\" \/>\u00abDopo aver percorso L&#8217;Italia da Nord a Sud, raccogliendo adesioni tra le pi\u00f9 diverse associazioni &#8211; piccole e grandi &#8211; ambientaliste, culturali, artistiche, associazioni di professionisti, di agricoltori, di musicisti&#8230; Pi\u00f9 di 150 parlamentari, filosofi, critici d&#8217;arte, geologi&#8230; e tantissimi cittadini, pi\u00f9 o meno famosi, che a titolo personale hanno aderito e sostenuto la PdL, oggi finalmente possiamo pronunciare la parola \u201cBellezza\u201d senza timore di equivoci!\u00bb &#8211; sottolinea la stessa Pellegrino che continua: \u00abIn soli due anni, dopo decenni e decenni di disprezzo e spesso derubricata tra la categoria dell&#8217;effimero, questa parola \u00e8 stata finalmente riabilitata. Tant&#8217;\u00e8 che lo stesso Governo la sta promuovendo, la parola! Prossimo passo?<br \/>\nFarla calendarizzare in Commissione Affari Costituzionali perch\u00e9 il Parlamento si pronunci, dia avvio e si apra, fuori e dentro dalle istituzioni, un chiaro ed esplicito dibattito. Il progetto deve essere analizzato in tutte le sue sfaccettature altrimenti si corre il rischio di farne una icona senza concretezza. Le Rivoluzioni culturali passano sempre attraverso dibattiti accesi e profondi\u00bb conclude l\u2019onorevole Serena Pellegrino.<br \/>\nE passo dopo passo si moltiplicano le adesioni e il viaggio dell\u2019associazione continua forte della propria <em>mission<\/em>: rieducare facendo ri-conoscere la bellezza perch\u00e9 come sosteneva Albert Camus \u00abLa bellezza, senza dubbio, non fa le rivoluzioni. Ma viene un giorno in cui le rivoluzioni hanno bisogno della bellezza.\u00bb<\/p>\n<p>E per stare sintonizzati, tutte le news sul sito: bellezzaincostituzione.it<\/p>\n","protected":false},"excerpt":{"rendered":"<p>bellezzaincostituzione.it Due anni fa, il 22 maggio 2014, l&#8217;on. Serena Pellegrino, in totale sordina, depositava la Proposta di Legge Costituzionale<\/p>\n","protected":false},"author":1,"featured_media":4693,"comment_status":"open","ping_status":"open","sticky":false,"template":"","format":"standard","meta":[],"categories":[40],"tags":[234,408,588,592,590,589,591],"yoast_head":"<!-- This site is optimized with the Yoast SEO plugin v18.0 - https:\/\/yoast.com\/wordpress\/plugins\/seo\/ -->\n<title>La Bellezza in Costituzione | Arte e Luoghi<\/title>\n<meta name=\"description\" content=\"bellezza in costituzione, Serena Pellegrino, Philiphe Daverio, arte, bellezza, territorio, patrimonio artistico\" \/>\n<meta name=\"robots\" content=\"index, follow, max-snippet:-1, max-image-preview:large, max-video-preview:-1\" \/>\n<link rel=\"canonical\" href=\"https:\/\/arteeluoghi.it\/index.php\/2016\/05\/22\/la-bellezza-in-costituzione\/\" \/>\n<meta property=\"og:locale\" content=\"it_IT\" \/>\n<meta property=\"og:type\" content=\"article\" \/>\n<meta property=\"og:title\" content=\"La Bellezza in Costituzione | Arte e Luoghi\" \/>\n<meta property=\"og:description\" content=\"bellezza in costituzione, Serena Pellegrino, Philiphe Daverio, arte, bellezza, territorio, patrimonio artistico\" \/>\n<meta property=\"og:url\" content=\"https:\/\/arteeluoghi.it\/index.php\/2016\/05\/22\/la-bellezza-in-costituzione\/\" \/>\n<meta property=\"og:site_name\" content=\"Arte e Luoghi\" \/>\n<meta property=\"article:publisher\" content=\"https:\/\/www.facebook.com\/ArteELuoghi\/\" \/>\n<meta property=\"article:published_time\" content=\"2016-05-22T20:02:51+00:00\" \/>\n<meta property=\"article:modified_time\" content=\"2018-01-05T11:28:24+00:00\" \/>\n<meta property=\"og:image\" content=\"https:\/\/arteeluoghi.it\/wp-content\/uploads\/2016\/05\/Serena-Pellegrino-e-Philippe-Daverio.jpg\" \/>\n\t<meta property=\"og:image:width\" content=\"2048\" \/>\n\t<meta property=\"og:image:height\" content=\"1365\" \/>\n\t<meta property=\"og:image:type\" content=\"image\/jpeg\" \/>\n<meta name=\"twitter:card\" content=\"summary\" \/>\n<meta name=\"twitter:creator\" content=\"@arteeluoghi\" \/>\n<meta name=\"twitter:site\" content=\"@arteeluoghi\" \/>\n<meta name=\"twitter:label1\" content=\"Scritto da\" \/>\n\t<meta name=\"twitter:data1\" content=\"Staff\" \/>\n\t<meta name=\"twitter:label2\" content=\"Tempo di lettura stimato\" \/>\n\t<meta name=\"twitter:data2\" content=\"5 minuti\" \/>\n<script type=\"application\/ld+json\" class=\"yoast-schema-graph\">{\"@context\":\"https:\/\/schema.org\",\"@graph\":[{\"@type\":\"Organization\",\"@id\":\"https:\/\/arteeluoghi.it\/#organization\",\"name\":\"Arte e Luoghi\",\"url\":\"https:\/\/arteeluoghi.it\/\",\"sameAs\":[\"https:\/\/www.facebook.com\/ArteELuoghi\/\",\"https:\/\/www.instagram.com\/arteeluoghi\/?hl=it\",\"https:\/\/www.youtube.com\/channel\/UCuRVc4JW4-C5sg9rQB-srkw?view_as=subscriber\",\"https:\/\/twitter.com\/arteeluoghi\"],\"logo\":{\"@type\":\"ImageObject\",\"@id\":\"https:\/\/arteeluoghi.it\/#logo\",\"inLanguage\":\"it-IT\",\"url\":\"https:\/\/arteeluoghi.it\/wp-content\/uploads\/2018\/08\/logoinstagramarte.jpg\",\"contentUrl\":\"https:\/\/arteeluoghi.it\/wp-content\/uploads\/2018\/08\/logoinstagramarte.jpg\",\"width\":150,\"height\":150,\"caption\":\"Arte e Luoghi\"},\"image\":{\"@id\":\"https:\/\/arteeluoghi.it\/#logo\"}},{\"@type\":\"WebSite\",\"@id\":\"https:\/\/arteeluoghi.it\/#website\",\"url\":\"https:\/\/arteeluoghi.it\/\",\"name\":\"Arte e Luoghi\",\"description\":\"Mensile di arte, cultura, turismo e curiosit\u00e0\",\"publisher\":{\"@id\":\"https:\/\/arteeluoghi.it\/#organization\"},\"potentialAction\":[{\"@type\":\"SearchAction\",\"target\":{\"@type\":\"EntryPoint\",\"urlTemplate\":\"https:\/\/arteeluoghi.it\/?s={search_term_string}\"},\"query-input\":\"required name=search_term_string\"}],\"inLanguage\":\"it-IT\"},{\"@type\":\"ImageObject\",\"@id\":\"https:\/\/arteeluoghi.it\/index.php\/2016\/05\/22\/la-bellezza-in-costituzione\/#primaryimage\",\"inLanguage\":\"it-IT\",\"url\":\"https:\/\/arteeluoghi.it\/wp-content\/uploads\/2016\/05\/Serena-Pellegrino-e-Philippe-Daverio.jpg\",\"contentUrl\":\"https:\/\/arteeluoghi.it\/wp-content\/uploads\/2016\/05\/Serena-Pellegrino-e-Philippe-Daverio.jpg\",\"width\":2048,\"height\":1365},{\"@type\":\"WebPage\",\"@id\":\"https:\/\/arteeluoghi.it\/index.php\/2016\/05\/22\/la-bellezza-in-costituzione\/#webpage\",\"url\":\"https:\/\/arteeluoghi.it\/index.php\/2016\/05\/22\/la-bellezza-in-costituzione\/\",\"name\":\"La Bellezza in Costituzione | Arte e Luoghi\",\"isPartOf\":{\"@id\":\"https:\/\/arteeluoghi.it\/#website\"},\"primaryImageOfPage\":{\"@id\":\"https:\/\/arteeluoghi.it\/index.php\/2016\/05\/22\/la-bellezza-in-costituzione\/#primaryimage\"},\"datePublished\":\"2016-05-22T20:02:51+00:00\",\"dateModified\":\"2018-01-05T11:28:24+00:00\",\"description\":\"bellezza in costituzione, Serena Pellegrino, Philiphe Daverio, arte, bellezza, territorio, patrimonio artistico\",\"breadcrumb\":{\"@id\":\"https:\/\/arteeluoghi.it\/index.php\/2016\/05\/22\/la-bellezza-in-costituzione\/#breadcrumb\"},\"inLanguage\":\"it-IT\",\"potentialAction\":[{\"@type\":\"ReadAction\",\"target\":[\"https:\/\/arteeluoghi.it\/index.php\/2016\/05\/22\/la-bellezza-in-costituzione\/\"]}]},{\"@type\":\"BreadcrumbList\",\"@id\":\"https:\/\/arteeluoghi.it\/index.php\/2016\/05\/22\/la-bellezza-in-costituzione\/#breadcrumb\",\"itemListElement\":[{\"@type\":\"ListItem\",\"position\":1,\"name\":\"Home\",\"item\":\"https:\/\/arteeluoghi.it\/\"},{\"@type\":\"ListItem\",\"position\":2,\"name\":\"La Bellezza in Costituzione\"}]},{\"@type\":\"Article\",\"@id\":\"https:\/\/arteeluoghi.it\/index.php\/2016\/05\/22\/la-bellezza-in-costituzione\/#article\",\"isPartOf\":{\"@id\":\"https:\/\/arteeluoghi.it\/index.php\/2016\/05\/22\/la-bellezza-in-costituzione\/#webpage\"},\"author\":{\"@id\":\"https:\/\/arteeluoghi.it\/#\/schema\/person\/f84e814e36e91e01448ee07eaadd41d4\"},\"headline\":\"La Bellezza in Costituzione\",\"datePublished\":\"2016-05-22T20:02:51+00:00\",\"dateModified\":\"2018-01-05T11:28:24+00:00\",\"mainEntityOfPage\":{\"@id\":\"https:\/\/arteeluoghi.it\/index.php\/2016\/05\/22\/la-bellezza-in-costituzione\/#webpage\"},\"wordCount\":1057,\"commentCount\":0,\"publisher\":{\"@id\":\"https:\/\/arteeluoghi.it\/#organization\"},\"image\":{\"@id\":\"https:\/\/arteeluoghi.it\/index.php\/2016\/05\/22\/la-bellezza-in-costituzione\/#primaryimage\"},\"thumbnailUrl\":\"https:\/\/arteeluoghi.it\/wp-content\/uploads\/2016\/05\/Serena-Pellegrino-e-Philippe-Daverio.jpg\",\"keywords\":[\"arte\",\"Bellezza\",\"bellezza in costituzione\",\"patrimonio artistico\",\"Philiphe Daverio\",\"Serena Pellegrino\",\"territorio\"],\"articleSection\":[\"primapagina\"],\"inLanguage\":\"it-IT\",\"potentialAction\":[{\"@type\":\"CommentAction\",\"name\":\"Comment\",\"target\":[\"https:\/\/arteeluoghi.it\/index.php\/2016\/05\/22\/la-bellezza-in-costituzione\/#respond\"]}]},{\"@type\":\"Person\",\"@id\":\"https:\/\/arteeluoghi.it\/#\/schema\/person\/f84e814e36e91e01448ee07eaadd41d4\",\"name\":\"Staff\",\"image\":{\"@type\":\"ImageObject\",\"@id\":\"https:\/\/arteeluoghi.it\/#personlogo\",\"inLanguage\":\"it-IT\",\"url\":\"https:\/\/secure.gravatar.com\/avatar\/49d2f9e46271bb04e19cebfaf141313a?s=96&d=blank&r=g\",\"contentUrl\":\"https:\/\/secure.gravatar.com\/avatar\/49d2f9e46271bb04e19cebfaf141313a?s=96&d=blank&r=g\",\"caption\":\"Staff\"}}]}<\/script>\n<!-- \/ Yoast SEO plugin. -->","yoast_head_json":{"title":"La Bellezza in Costituzione | Arte e Luoghi","description":"bellezza in costituzione, Serena Pellegrino, Philiphe Daverio, arte, bellezza, territorio, patrimonio artistico","robots":{"index":"index","follow":"follow","max-snippet":"max-snippet:-1","max-image-preview":"max-image-preview:large","max-video-preview":"max-video-preview:-1"},"canonical":"https:\/\/arteeluoghi.it\/index.php\/2016\/05\/22\/la-bellezza-in-costituzione\/","og_locale":"it_IT","og_type":"article","og_title":"La Bellezza in Costituzione | Arte e Luoghi","og_description":"bellezza in costituzione, Serena Pellegrino, Philiphe Daverio, arte, bellezza, territorio, patrimonio artistico","og_url":"https:\/\/arteeluoghi.it\/index.php\/2016\/05\/22\/la-bellezza-in-costituzione\/","og_site_name":"Arte e Luoghi","article_publisher":"https:\/\/www.facebook.com\/ArteELuoghi\/","article_published_time":"2016-05-22T20:02:51+00:00","article_modified_time":"2018-01-05T11:28:24+00:00","og_image":[{"width":2048,"height":1365,"url":"https:\/\/arteeluoghi.it\/wp-content\/uploads\/2016\/05\/Serena-Pellegrino-e-Philippe-Daverio.jpg","type":"image\/jpeg"}],"twitter_card":"summary","twitter_creator":"@arteeluoghi","twitter_site":"@arteeluoghi","twitter_misc":{"Scritto da":"Staff","Tempo di lettura stimato":"5 minuti"},"schema":{"@context":"https:\/\/schema.org","@graph":[{"@type":"Organization","@id":"https:\/\/arteeluoghi.it\/#organization","name":"Arte e Luoghi","url":"https:\/\/arteeluoghi.it\/","sameAs":["https:\/\/www.facebook.com\/ArteELuoghi\/","https:\/\/www.instagram.com\/arteeluoghi\/?hl=it","https:\/\/www.youtube.com\/channel\/UCuRVc4JW4-C5sg9rQB-srkw?view_as=subscriber","https:\/\/twitter.com\/arteeluoghi"],"logo":{"@type":"ImageObject","@id":"https:\/\/arteeluoghi.it\/#logo","inLanguage":"it-IT","url":"https:\/\/arteeluoghi.it\/wp-content\/uploads\/2018\/08\/logoinstagramarte.jpg","contentUrl":"https:\/\/arteeluoghi.it\/wp-content\/uploads\/2018\/08\/logoinstagramarte.jpg","width":150,"height":150,"caption":"Arte e Luoghi"},"image":{"@id":"https:\/\/arteeluoghi.it\/#logo"}},{"@type":"WebSite","@id":"https:\/\/arteeluoghi.it\/#website","url":"https:\/\/arteeluoghi.it\/","name":"Arte e Luoghi","description":"Mensile di arte, cultura, turismo e curiosit\u00e0","publisher":{"@id":"https:\/\/arteeluoghi.it\/#organization"},"potentialAction":[{"@type":"SearchAction","target":{"@type":"EntryPoint","urlTemplate":"https:\/\/arteeluoghi.it\/?s={search_term_string}"},"query-input":"required name=search_term_string"}],"inLanguage":"it-IT"},{"@type":"ImageObject","@id":"https:\/\/arteeluoghi.it\/index.php\/2016\/05\/22\/la-bellezza-in-costituzione\/#primaryimage","inLanguage":"it-IT","url":"https:\/\/arteeluoghi.it\/wp-content\/uploads\/2016\/05\/Serena-Pellegrino-e-Philippe-Daverio.jpg","contentUrl":"https:\/\/arteeluoghi.it\/wp-content\/uploads\/2016\/05\/Serena-Pellegrino-e-Philippe-Daverio.jpg","width":2048,"height":1365},{"@type":"WebPage","@id":"https:\/\/arteeluoghi.it\/index.php\/2016\/05\/22\/la-bellezza-in-costituzione\/#webpage","url":"https:\/\/arteeluoghi.it\/index.php\/2016\/05\/22\/la-bellezza-in-costituzione\/","name":"La Bellezza in Costituzione | Arte e Luoghi","isPartOf":{"@id":"https:\/\/arteeluoghi.it\/#website"},"primaryImageOfPage":{"@id":"https:\/\/arteeluoghi.it\/index.php\/2016\/05\/22\/la-bellezza-in-costituzione\/#primaryimage"},"datePublished":"2016-05-22T20:02:51+00:00","dateModified":"2018-01-05T11:28:24+00:00","description":"bellezza in costituzione, Serena Pellegrino, Philiphe Daverio, arte, bellezza, territorio, patrimonio artistico","breadcrumb":{"@id":"https:\/\/arteeluoghi.it\/index.php\/2016\/05\/22\/la-bellezza-in-costituzione\/#breadcrumb"},"inLanguage":"it-IT","potentialAction":[{"@type":"ReadAction","target":["https:\/\/arteeluoghi.it\/index.php\/2016\/05\/22\/la-bellezza-in-costituzione\/"]}]},{"@type":"BreadcrumbList","@id":"https:\/\/arteeluoghi.it\/index.php\/2016\/05\/22\/la-bellezza-in-costituzione\/#breadcrumb","itemListElement":[{"@type":"ListItem","position":1,"name":"Home","item":"https:\/\/arteeluoghi.it\/"},{"@type":"ListItem","position":2,"name":"La Bellezza in Costituzione"}]},{"@type":"Article","@id":"https:\/\/arteeluoghi.it\/index.php\/2016\/05\/22\/la-bellezza-in-costituzione\/#article","isPartOf":{"@id":"https:\/\/arteeluoghi.it\/index.php\/2016\/05\/22\/la-bellezza-in-costituzione\/#webpage"},"author":{"@id":"https:\/\/arteeluoghi.it\/#\/schema\/person\/f84e814e36e91e01448ee07eaadd41d4"},"headline":"La Bellezza in Costituzione","datePublished":"2016-05-22T20:02:51+00:00","dateModified":"2018-01-05T11:28:24+00:00","mainEntityOfPage":{"@id":"https:\/\/arteeluoghi.it\/index.php\/2016\/05\/22\/la-bellezza-in-costituzione\/#webpage"},"wordCount":1057,"commentCount":0,"publisher":{"@id":"https:\/\/arteeluoghi.it\/#organization"},"image":{"@id":"https:\/\/arteeluoghi.it\/index.php\/2016\/05\/22\/la-bellezza-in-costituzione\/#primaryimage"},"thumbnailUrl":"https:\/\/arteeluoghi.it\/wp-content\/uploads\/2016\/05\/Serena-Pellegrino-e-Philippe-Daverio.jpg","keywords":["arte","Bellezza","bellezza in costituzione","patrimonio artistico","Philiphe Daverio","Serena Pellegrino","territorio"],"articleSection":["primapagina"],"inLanguage":"it-IT","potentialAction":[{"@type":"CommentAction","name":"Comment","target":["https:\/\/arteeluoghi.it\/index.php\/2016\/05\/22\/la-bellezza-in-costituzione\/#respond"]}]},{"@type":"Person","@id":"https:\/\/arteeluoghi.it\/#\/schema\/person\/f84e814e36e91e01448ee07eaadd41d4","name":"Staff","image":{"@type":"ImageObject","@id":"https:\/\/arteeluoghi.it\/#personlogo","inLanguage":"it-IT","url":"https:\/\/secure.gravatar.com\/avatar\/49d2f9e46271bb04e19cebfaf141313a?s=96&d=blank&r=g","contentUrl":"https:\/\/secure.gravatar.com\/avatar\/49d2f9e46271bb04e19cebfaf141313a?s=96&d=blank&r=g","caption":"Staff"}}]}},"_links":{"self":[{"href":"https:\/\/arteeluoghi.it\/index.php\/wp-json\/wp\/v2\/posts\/2575"}],"collection":[{"href":"https:\/\/arteeluoghi.it\/index.php\/wp-json\/wp\/v2\/posts"}],"about":[{"href":"https:\/\/arteeluoghi.it\/index.php\/wp-json\/wp\/v2\/types\/post"}],"author":[{"embeddable":true,"href":"https:\/\/arteeluoghi.it\/index.php\/wp-json\/wp\/v2\/users\/1"}],"replies":[{"embeddable":true,"href":"https:\/\/arteeluoghi.it\/index.php\/wp-json\/wp\/v2\/comments?post=2575"}],"version-history":[{"count":3,"href":"https:\/\/arteeluoghi.it\/index.php\/wp-json\/wp\/v2\/posts\/2575\/revisions"}],"predecessor-version":[{"id":4695,"href":"https:\/\/arteeluoghi.it\/index.php\/wp-json\/wp\/v2\/posts\/2575\/revisions\/4695"}],"wp:featuredmedia":[{"embeddable":true,"href":"https:\/\/arteeluoghi.it\/index.php\/wp-json\/wp\/v2\/media\/4693"}],"wp:attachment":[{"href":"https:\/\/arteeluoghi.it\/index.php\/wp-json\/wp\/v2\/media?parent=2575"}],"wp:term":[{"taxonomy":"category","embeddable":true,"href":"https:\/\/arteeluoghi.it\/index.php\/wp-json\/wp\/v2\/categories?post=2575"},{"taxonomy":"post_tag","embeddable":true,"href":"https:\/\/arteeluoghi.it\/index.php\/wp-json\/wp\/v2\/tags?post=2575"}],"curies":[{"name":"wp","href":"https:\/\/api.w.org\/{rel}","templated":true}]}}