{"id":261,"date":"2011-05-17T21:00:58","date_gmt":"2011-05-17T19:00:58","guid":{"rendered":"http:\/\/arteeluoghi.it\/index.php\/2011\/05\/17\/lugano-celebra-wim-wenders\/"},"modified":"2011-05-17T21:00:58","modified_gmt":"2011-05-17T19:00:58","slug":"lugano-celebra-wim-wenders","status":"publish","type":"post","link":"https:\/\/arteeluoghi.it\/index.php\/2011\/05\/17\/lugano-celebra-wim-wenders\/","title":{"rendered":"LUGANO CELEBRA WIM WENDERS"},"content":{"rendered":"<p><img src=\"\/images\/stories\/wenders.jpg\" border=\"0\" width=\"500\" style=\"margin: 21px; float: left;\" \/><\/p>\n<p>\u00a0<\/p>\n<p>\u00a0<\/p>\n<p>DAL 6 GIUGNO<br \/>LUGANO CELEBRA<br \/>WIM WENDERS<\/p>\n<p>Una grande mostra a Villa Ciani di fotografie di scena dai set dei suoi film pi\u00f9 famosi, la proiezione dell\u2019omaggio alla coreografa Pina Bausch e il concerto di Tereza Salgueiro, sua musa in Lisbon story esploreranno l\u2019universo creativo di uno dei pi\u00f9 importanti registi del \u2018900.<\/p>\n<p><\/p>\n<p>   <!--more-->  <br \/>Prende il via luned\u00ec 6 giugno 2011 il grande evento che Lugano dedica a Wim Wenders.<br \/>L\u2019iniziativa, promossa e organizzata dal LAC, Lugano Arte e Cultura, in collaborazione con Lugano in Scena, Citt\u00e0 di Lugano e con Solares, Fondazione delle Arti di Parma, e col contributo del gruppo bancario Julius B\u00e4r di Zurigo, propone un variegato programma di appuntamenti.<\/p>\n<p>Fulcro della manifestazione \u00e8 la mostra di fotografie di Wenders e della moglie Donata, dal titolo Film Stills &amp; Backstage, Fotografie di Wim e Donata Wenders in programma dal 7 giugno al 3 settembre 2011, a Villa Ciani.<br \/>Curata da Marco Franciolli, direttore del Museo d\u2019Arte di Lugano, e Massimiliano Di Liberto, l\u2019esposizione presenter\u00e0 una selezione di 286 immagini \u2013 a colori scattate dallo stesso Wenders e in bianco e nero dalla moglie Donata \u2013 che ricostruiscono la loro personale cronaca delle riprese di alcuni tra i film pi\u00f9 rappresentativi del grande cineasta tedesco, come Al di l\u00e0 delle nuvole con Michelangelo Antonioni, Buena Vista Social Club, Million Dollar Hotel.<br \/>All\u2019interno del percorso espositivo verr\u00e0 presentata la serie di fotografie inedite del suo ultimo lungometraggio Pina. Il documentario, dedicato a Pina Bausch (1940-2009), la pi\u00f9 importante coreografa di danza contemporanea e una delle pi\u00f9 grandi &#8220;rivoluzionarie&#8221; dell\u2019arte del movimento corporeo, verr\u00e0 proiettato, nel corso dell\u2019estate al Cinestar di Lugano (via Ciani 100).<\/p>\n<p>L\u2019evento che Lugano dedica a Wim Wenders avr\u00e0 un imperdibile prologo, luned\u00ec 6 giugno, ore 20.30, con il concerto di Teresa Salgueiro, tra le pi\u00f9 affermate interpreti di Fado, e protagonista femminile del film Lisbon Story (1994), documentario sulla capitale portoghese, di cui i Madredeus, il gruppo di cui la Salgueiro era la voce solista, avevano scritto la colonna sonora.<br \/>A Lugano, Teresa Salgueiro, interpreter\u00e0 le musiche di diversi autori e compositori, cercando di rappresentare e celebrare la ricchezza e la diversit\u00e0 del patrimonio della musica e cultura poetica lusitana.<\/p>\n<p>Lugano, maggio 2011<\/p>\n<p>WIM WENDERS A LUGANO<br \/>Lugano, Palazzo dei Congressi e Villa Ciani<br \/>6 giugno &#8211; 3 settembre 2011<\/p>\n<p>FILM STILLS &amp; BACKSTAGE. Fotografie di Wim e Donata Wenders<br \/>Lugano, Villa Ciani<br \/>7 giugno &#8211; 3 settembre 2011<\/p>\n<p>Orari mostra:<br \/>Marted\u00ec &#8211; Domenica 10.00 &#8211; 18:00, Venerd\u00ec 10.00 &#8211; 21.00<br \/>Luned\u00ec chiuso, tranne il 13.06 \u2013 01.08 \u2013 15.08<\/p>\n<p>Ingresso:<br \/>Intero CHF 12 Ridotto CHF 8 Ragazzi fino a 16 anni CHF 0<\/p>\n<p>(fonte: comunicato stampa)<\/p>\n","protected":false},"excerpt":{"rendered":"<p>\u00a0 \u00a0 DAL 6 GIUGNOLUGANO CELEBRAWIM WENDERS Una grande mostra a Villa Ciani di fotografie di scena dai set dei<\/p>\n","protected":false},"author":1,"featured_media":0,"comment_status":"open","ping_status":"open","sticky":false,"template":"","format":"standard","meta":[],"categories":[3],"tags":[],"yoast_head":"<!-- This site is optimized with the Yoast SEO plugin v18.0 - https:\/\/yoast.com\/wordpress\/plugins\/seo\/ -->\n<title>LUGANO CELEBRA WIM WENDERS | Arte e Luoghi<\/title>\n<meta name=\"robots\" content=\"index, follow, max-snippet:-1, max-image-preview:large, max-video-preview:-1\" \/>\n<link rel=\"canonical\" href=\"https:\/\/arteeluoghi.it\/index.php\/2011\/05\/17\/lugano-celebra-wim-wenders\/\" \/>\n<meta property=\"og:locale\" content=\"it_IT\" \/>\n<meta property=\"og:type\" content=\"article\" \/>\n<meta property=\"og:title\" content=\"LUGANO CELEBRA WIM WENDERS | Arte e Luoghi\" \/>\n<meta property=\"og:description\" content=\"\u00a0 \u00a0 DAL 6 GIUGNOLUGANO CELEBRAWIM WENDERS Una grande mostra a Villa Ciani di fotografie di scena dai set dei\" \/>\n<meta property=\"og:url\" content=\"https:\/\/arteeluoghi.it\/index.php\/2011\/05\/17\/lugano-celebra-wim-wenders\/\" \/>\n<meta property=\"og:site_name\" content=\"Arte e Luoghi\" \/>\n<meta property=\"article:publisher\" content=\"https:\/\/www.facebook.com\/ArteELuoghi\/\" \/>\n<meta property=\"article:published_time\" content=\"2011-05-17T19:00:58+00:00\" \/>\n<meta property=\"og:image\" content=\"https:\/\/arteeluoghi.it\/images\/stories\/wenders.jpg\" \/>\n<meta name=\"twitter:card\" content=\"summary\" \/>\n<meta name=\"twitter:creator\" content=\"@arteeluoghi\" \/>\n<meta name=\"twitter:site\" content=\"@arteeluoghi\" \/>\n<meta name=\"twitter:label1\" content=\"Scritto da\" \/>\n\t<meta name=\"twitter:data1\" content=\"Staff\" \/>\n\t<meta name=\"twitter:label2\" content=\"Tempo di lettura stimato\" \/>\n\t<meta name=\"twitter:data2\" content=\"2 minuti\" \/>\n<script type=\"application\/ld+json\" class=\"yoast-schema-graph\">{\"@context\":\"https:\/\/schema.org\",\"@graph\":[{\"@type\":\"Organization\",\"@id\":\"https:\/\/arteeluoghi.it\/#organization\",\"name\":\"Arte e Luoghi\",\"url\":\"https:\/\/arteeluoghi.it\/\",\"sameAs\":[\"https:\/\/www.facebook.com\/ArteELuoghi\/\",\"https:\/\/www.instagram.com\/arteeluoghi\/?hl=it\",\"https:\/\/www.youtube.com\/channel\/UCuRVc4JW4-C5sg9rQB-srkw?view_as=subscriber\",\"https:\/\/twitter.com\/arteeluoghi\"],\"logo\":{\"@type\":\"ImageObject\",\"@id\":\"https:\/\/arteeluoghi.it\/#logo\",\"inLanguage\":\"it-IT\",\"url\":\"https:\/\/arteeluoghi.it\/wp-content\/uploads\/2018\/08\/logoinstagramarte.jpg\",\"contentUrl\":\"https:\/\/arteeluoghi.it\/wp-content\/uploads\/2018\/08\/logoinstagramarte.jpg\",\"width\":150,\"height\":150,\"caption\":\"Arte e Luoghi\"},\"image\":{\"@id\":\"https:\/\/arteeluoghi.it\/#logo\"}},{\"@type\":\"WebSite\",\"@id\":\"https:\/\/arteeluoghi.it\/#website\",\"url\":\"https:\/\/arteeluoghi.it\/\",\"name\":\"Arte e Luoghi\",\"description\":\"Mensile di arte, cultura, turismo e curiosit\u00e0\",\"publisher\":{\"@id\":\"https:\/\/arteeluoghi.it\/#organization\"},\"potentialAction\":[{\"@type\":\"SearchAction\",\"target\":{\"@type\":\"EntryPoint\",\"urlTemplate\":\"https:\/\/arteeluoghi.it\/?s={search_term_string}\"},\"query-input\":\"required name=search_term_string\"}],\"inLanguage\":\"it-IT\"},{\"@type\":\"ImageObject\",\"@id\":\"https:\/\/arteeluoghi.it\/index.php\/2011\/05\/17\/lugano-celebra-wim-wenders\/#primaryimage\",\"inLanguage\":\"it-IT\",\"url\":\"\/images\/stories\/wenders.jpg\",\"contentUrl\":\"\/images\/stories\/wenders.jpg\"},{\"@type\":\"WebPage\",\"@id\":\"https:\/\/arteeluoghi.it\/index.php\/2011\/05\/17\/lugano-celebra-wim-wenders\/#webpage\",\"url\":\"https:\/\/arteeluoghi.it\/index.php\/2011\/05\/17\/lugano-celebra-wim-wenders\/\",\"name\":\"LUGANO CELEBRA WIM WENDERS | Arte e Luoghi\",\"isPartOf\":{\"@id\":\"https:\/\/arteeluoghi.it\/#website\"},\"primaryImageOfPage\":{\"@id\":\"https:\/\/arteeluoghi.it\/index.php\/2011\/05\/17\/lugano-celebra-wim-wenders\/#primaryimage\"},\"datePublished\":\"2011-05-17T19:00:58+00:00\",\"dateModified\":\"2011-05-17T19:00:58+00:00\",\"breadcrumb\":{\"@id\":\"https:\/\/arteeluoghi.it\/index.php\/2011\/05\/17\/lugano-celebra-wim-wenders\/#breadcrumb\"},\"inLanguage\":\"it-IT\",\"potentialAction\":[{\"@type\":\"ReadAction\",\"target\":[\"https:\/\/arteeluoghi.it\/index.php\/2011\/05\/17\/lugano-celebra-wim-wenders\/\"]}]},{\"@type\":\"BreadcrumbList\",\"@id\":\"https:\/\/arteeluoghi.it\/index.php\/2011\/05\/17\/lugano-celebra-wim-wenders\/#breadcrumb\",\"itemListElement\":[{\"@type\":\"ListItem\",\"position\":1,\"name\":\"Home\",\"item\":\"https:\/\/arteeluoghi.it\/\"},{\"@type\":\"ListItem\",\"position\":2,\"name\":\"LUGANO CELEBRA WIM WENDERS\"}]},{\"@type\":\"Article\",\"@id\":\"https:\/\/arteeluoghi.it\/index.php\/2011\/05\/17\/lugano-celebra-wim-wenders\/#article\",\"isPartOf\":{\"@id\":\"https:\/\/arteeluoghi.it\/index.php\/2011\/05\/17\/lugano-celebra-wim-wenders\/#webpage\"},\"author\":{\"@id\":\"https:\/\/arteeluoghi.it\/#\/schema\/person\/f84e814e36e91e01448ee07eaadd41d4\"},\"headline\":\"LUGANO CELEBRA WIM WENDERS\",\"datePublished\":\"2011-05-17T19:00:58+00:00\",\"dateModified\":\"2011-05-17T19:00:58+00:00\",\"mainEntityOfPage\":{\"@id\":\"https:\/\/arteeluoghi.it\/index.php\/2011\/05\/17\/lugano-celebra-wim-wenders\/#webpage\"},\"wordCount\":416,\"commentCount\":0,\"publisher\":{\"@id\":\"https:\/\/arteeluoghi.it\/#organization\"},\"image\":{\"@id\":\"https:\/\/arteeluoghi.it\/index.php\/2011\/05\/17\/lugano-celebra-wim-wenders\/#primaryimage\"},\"thumbnailUrl\":\"\/images\/stories\/wenders.jpg\",\"articleSection\":[\"Arti visive\"],\"inLanguage\":\"it-IT\",\"potentialAction\":[{\"@type\":\"CommentAction\",\"name\":\"Comment\",\"target\":[\"https:\/\/arteeluoghi.it\/index.php\/2011\/05\/17\/lugano-celebra-wim-wenders\/#respond\"]}]},{\"@type\":\"Person\",\"@id\":\"https:\/\/arteeluoghi.it\/#\/schema\/person\/f84e814e36e91e01448ee07eaadd41d4\",\"name\":\"Staff\",\"image\":{\"@type\":\"ImageObject\",\"@id\":\"https:\/\/arteeluoghi.it\/#personlogo\",\"inLanguage\":\"it-IT\",\"url\":\"https:\/\/secure.gravatar.com\/avatar\/49d2f9e46271bb04e19cebfaf141313a?s=96&d=blank&r=g\",\"contentUrl\":\"https:\/\/secure.gravatar.com\/avatar\/49d2f9e46271bb04e19cebfaf141313a?s=96&d=blank&r=g\",\"caption\":\"Staff\"}}]}<\/script>\n<!-- \/ Yoast SEO plugin. -->","yoast_head_json":{"title":"LUGANO CELEBRA WIM WENDERS | Arte e Luoghi","robots":{"index":"index","follow":"follow","max-snippet":"max-snippet:-1","max-image-preview":"max-image-preview:large","max-video-preview":"max-video-preview:-1"},"canonical":"https:\/\/arteeluoghi.it\/index.php\/2011\/05\/17\/lugano-celebra-wim-wenders\/","og_locale":"it_IT","og_type":"article","og_title":"LUGANO CELEBRA WIM WENDERS | Arte e Luoghi","og_description":"\u00a0 \u00a0 DAL 6 GIUGNOLUGANO CELEBRAWIM WENDERS Una grande mostra a Villa Ciani di fotografie di scena dai set dei","og_url":"https:\/\/arteeluoghi.it\/index.php\/2011\/05\/17\/lugano-celebra-wim-wenders\/","og_site_name":"Arte e Luoghi","article_publisher":"https:\/\/www.facebook.com\/ArteELuoghi\/","article_published_time":"2011-05-17T19:00:58+00:00","og_image":[{"url":"https:\/\/arteeluoghi.it\/images\/stories\/wenders.jpg"}],"twitter_card":"summary","twitter_creator":"@arteeluoghi","twitter_site":"@arteeluoghi","twitter_misc":{"Scritto da":"Staff","Tempo di lettura stimato":"2 minuti"},"schema":{"@context":"https:\/\/schema.org","@graph":[{"@type":"Organization","@id":"https:\/\/arteeluoghi.it\/#organization","name":"Arte e Luoghi","url":"https:\/\/arteeluoghi.it\/","sameAs":["https:\/\/www.facebook.com\/ArteELuoghi\/","https:\/\/www.instagram.com\/arteeluoghi\/?hl=it","https:\/\/www.youtube.com\/channel\/UCuRVc4JW4-C5sg9rQB-srkw?view_as=subscriber","https:\/\/twitter.com\/arteeluoghi"],"logo":{"@type":"ImageObject","@id":"https:\/\/arteeluoghi.it\/#logo","inLanguage":"it-IT","url":"https:\/\/arteeluoghi.it\/wp-content\/uploads\/2018\/08\/logoinstagramarte.jpg","contentUrl":"https:\/\/arteeluoghi.it\/wp-content\/uploads\/2018\/08\/logoinstagramarte.jpg","width":150,"height":150,"caption":"Arte e Luoghi"},"image":{"@id":"https:\/\/arteeluoghi.it\/#logo"}},{"@type":"WebSite","@id":"https:\/\/arteeluoghi.it\/#website","url":"https:\/\/arteeluoghi.it\/","name":"Arte e Luoghi","description":"Mensile di arte, cultura, turismo e curiosit\u00e0","publisher":{"@id":"https:\/\/arteeluoghi.it\/#organization"},"potentialAction":[{"@type":"SearchAction","target":{"@type":"EntryPoint","urlTemplate":"https:\/\/arteeluoghi.it\/?s={search_term_string}"},"query-input":"required name=search_term_string"}],"inLanguage":"it-IT"},{"@type":"ImageObject","@id":"https:\/\/arteeluoghi.it\/index.php\/2011\/05\/17\/lugano-celebra-wim-wenders\/#primaryimage","inLanguage":"it-IT","url":"\/images\/stories\/wenders.jpg","contentUrl":"\/images\/stories\/wenders.jpg"},{"@type":"WebPage","@id":"https:\/\/arteeluoghi.it\/index.php\/2011\/05\/17\/lugano-celebra-wim-wenders\/#webpage","url":"https:\/\/arteeluoghi.it\/index.php\/2011\/05\/17\/lugano-celebra-wim-wenders\/","name":"LUGANO CELEBRA WIM WENDERS | Arte e Luoghi","isPartOf":{"@id":"https:\/\/arteeluoghi.it\/#website"},"primaryImageOfPage":{"@id":"https:\/\/arteeluoghi.it\/index.php\/2011\/05\/17\/lugano-celebra-wim-wenders\/#primaryimage"},"datePublished":"2011-05-17T19:00:58+00:00","dateModified":"2011-05-17T19:00:58+00:00","breadcrumb":{"@id":"https:\/\/arteeluoghi.it\/index.php\/2011\/05\/17\/lugano-celebra-wim-wenders\/#breadcrumb"},"inLanguage":"it-IT","potentialAction":[{"@type":"ReadAction","target":["https:\/\/arteeluoghi.it\/index.php\/2011\/05\/17\/lugano-celebra-wim-wenders\/"]}]},{"@type":"BreadcrumbList","@id":"https:\/\/arteeluoghi.it\/index.php\/2011\/05\/17\/lugano-celebra-wim-wenders\/#breadcrumb","itemListElement":[{"@type":"ListItem","position":1,"name":"Home","item":"https:\/\/arteeluoghi.it\/"},{"@type":"ListItem","position":2,"name":"LUGANO CELEBRA WIM WENDERS"}]},{"@type":"Article","@id":"https:\/\/arteeluoghi.it\/index.php\/2011\/05\/17\/lugano-celebra-wim-wenders\/#article","isPartOf":{"@id":"https:\/\/arteeluoghi.it\/index.php\/2011\/05\/17\/lugano-celebra-wim-wenders\/#webpage"},"author":{"@id":"https:\/\/arteeluoghi.it\/#\/schema\/person\/f84e814e36e91e01448ee07eaadd41d4"},"headline":"LUGANO CELEBRA WIM WENDERS","datePublished":"2011-05-17T19:00:58+00:00","dateModified":"2011-05-17T19:00:58+00:00","mainEntityOfPage":{"@id":"https:\/\/arteeluoghi.it\/index.php\/2011\/05\/17\/lugano-celebra-wim-wenders\/#webpage"},"wordCount":416,"commentCount":0,"publisher":{"@id":"https:\/\/arteeluoghi.it\/#organization"},"image":{"@id":"https:\/\/arteeluoghi.it\/index.php\/2011\/05\/17\/lugano-celebra-wim-wenders\/#primaryimage"},"thumbnailUrl":"\/images\/stories\/wenders.jpg","articleSection":["Arti visive"],"inLanguage":"it-IT","potentialAction":[{"@type":"CommentAction","name":"Comment","target":["https:\/\/arteeluoghi.it\/index.php\/2011\/05\/17\/lugano-celebra-wim-wenders\/#respond"]}]},{"@type":"Person","@id":"https:\/\/arteeluoghi.it\/#\/schema\/person\/f84e814e36e91e01448ee07eaadd41d4","name":"Staff","image":{"@type":"ImageObject","@id":"https:\/\/arteeluoghi.it\/#personlogo","inLanguage":"it-IT","url":"https:\/\/secure.gravatar.com\/avatar\/49d2f9e46271bb04e19cebfaf141313a?s=96&d=blank&r=g","contentUrl":"https:\/\/secure.gravatar.com\/avatar\/49d2f9e46271bb04e19cebfaf141313a?s=96&d=blank&r=g","caption":"Staff"}}]}},"_links":{"self":[{"href":"https:\/\/arteeluoghi.it\/index.php\/wp-json\/wp\/v2\/posts\/261"}],"collection":[{"href":"https:\/\/arteeluoghi.it\/index.php\/wp-json\/wp\/v2\/posts"}],"about":[{"href":"https:\/\/arteeluoghi.it\/index.php\/wp-json\/wp\/v2\/types\/post"}],"author":[{"embeddable":true,"href":"https:\/\/arteeluoghi.it\/index.php\/wp-json\/wp\/v2\/users\/1"}],"replies":[{"embeddable":true,"href":"https:\/\/arteeluoghi.it\/index.php\/wp-json\/wp\/v2\/comments?post=261"}],"version-history":[{"count":0,"href":"https:\/\/arteeluoghi.it\/index.php\/wp-json\/wp\/v2\/posts\/261\/revisions"}],"wp:attachment":[{"href":"https:\/\/arteeluoghi.it\/index.php\/wp-json\/wp\/v2\/media?parent=261"}],"wp:term":[{"taxonomy":"category","embeddable":true,"href":"https:\/\/arteeluoghi.it\/index.php\/wp-json\/wp\/v2\/categories?post=261"},{"taxonomy":"post_tag","embeddable":true,"href":"https:\/\/arteeluoghi.it\/index.php\/wp-json\/wp\/v2\/tags?post=261"}],"curies":[{"name":"wp","href":"https:\/\/api.w.org\/{rel}","templated":true}]}}