{"id":265,"date":"2011-05-18T08:14:16","date_gmt":"2011-05-18T06:14:16","guid":{"rendered":"http:\/\/arteeluoghi.it\/index.php\/2011\/05\/18\/qaddio-burmaq-al-chiostro-del-bramante\/"},"modified":"2018-08-05T02:26:10","modified_gmt":"2018-08-05T00:26:10","slug":"addio-burmaq-al-chiostro-del-bramante","status":"publish","type":"post","link":"https:\/\/arteeluoghi.it\/index.php\/2011\/05\/18\/addio-burmaq-al-chiostro-del-bramante\/","title":{"rendered":"&#8220;ADDIO BURMA&#8221; AL CHIOSTRO DEL BRAMANTE"},"content":{"rendered":"<p><img style=\"float: left; margin: 21px;\" src=\"\/images\/stories\/addio_burma_15.jpg\" width=\"400\" border=\"0\" \/>ADDIO BURMA &#8211; Un viaggio in Birmania. Immagini di Maria Luisa Gaetani d&#8217;Aragona.<\/p>\n<p>Chiostro del Bramante, Roma.<\/p>\n<p>Dal 30 Maggio al 26 Giugno 2011.<\/p>\n<p>Ingresso libero h 10-20 (consentito sino ad un&#8217;ora prima della chiusura).<\/p>\n<p>Oltre 100 opere fotografiche di medie e grandi dimensioni raccontano per immagini la realt\u00e0 intima e sociale della Birmania di oggi, con le meraviglie delle sue pagode e il sorriso della sua gente a raffronto con condizioni economiche e politiche di evidente difficolt\u00e0.<br \/>\nLe opere, tutte realizzate con un potente bianco e nero che ne esalta la drammaticit\u00e0 e intensit\u00e0 espressiva, coprono diversi temi, dall\u2019acqua del fiume che attraversa lento tutto il Paese, ai templi e alle statue disseminati in tutto il territorio, dalla vita quotidiana dei monaci all\u2019espressivit\u00e0 innocente e solare delle ragazze birmane, dal rifugio nell\u2019oppio al duro lavoro nei campi e nei mercati.<\/p>\n<p><!--more--> <img style=\"margin: 21px; float: right;\" src=\"\/images\/stories\/addio_burma_12.jpg\" width=\"300\" border=\"0\" \/>Come ha scritto Demetrio Paparoni nel poderoso libro dedicato alla mostra, l\u2019autrice \u201ccostruisce concettualmente la propria estetica su un equilibrio tra la visione oggettiva e il coinvolgimento empatico. Le sue immagini nascono da \u201cun improvviso stupore, ma anche un impeto di ribellione, di disgusto, di piet\u00e0\u201d. Il loro obiettivo \u00e8 la denuncia sociale: convertite in stampe lambda e montate a vivo su pannelli senza cornice, riunite e mostrate come un racconto, esse vogliono scuotere le coscienze.\u201d<br \/>\nUna certa predilezione che la Gaetani ha per l\u2019evidenza di contraddizioni umane e sociali gioca anche un ruolo rilevante nelle sue opere ed una sorta di istinto sembra guidare gli itinerari dall\u2019autrice nel suo girovagare per il mondo in cerca delle manifestazioni pi\u00f9 autentiche dell\u2019umanit\u00e0, che trova in luoghi di costrizione economica o sociale date da leggi o costumi comunemente accettati ma non per questo meno sofferti.<br \/>\nSeguendo il diktat di Cartier Bresson, queste opere trovano quell\u2019istante unico che in uno sguardo, un atteggiamento, una movenza, una posizione del corpo o un assetto del paesaggio, \u00e8 capace di trasmettere il dato di umanit\u00e0 e verit\u00e0 ultima che contiene in s\u00e9.<br \/>\nAccompagna la mostra un volume di 348 pagine in grande formato in cui sono riprodotte tutte le opere esposte ed altre sugli stessi temi e soggetti della mostra, corredate da testi di Demetrio Paparoni, Ax Panepinto, Marina Cicogna e della stessa autrice.<\/p>\n<p>Valentina de Marco<\/p>\n","protected":false},"excerpt":{"rendered":"<p>ADDIO BURMA &#8211; Un viaggio in Birmania. Immagini di Maria Luisa Gaetani d&#8217;Aragona. Chiostro del Bramante, Roma. Dal 30 Maggio<\/p>\n","protected":false},"author":1,"featured_media":0,"comment_status":"open","ping_status":"open","sticky":false,"template":"","format":"standard","meta":[],"categories":[3],"tags":[1193],"yoast_head":"<!-- This site is optimized with the Yoast SEO plugin v18.0 - https:\/\/yoast.com\/wordpress\/plugins\/seo\/ -->\n<title>&quot;ADDIO BURMA&quot; AL CHIOSTRO DEL BRAMANTE | Arte e Luoghi<\/title>\n<meta name=\"robots\" content=\"index, follow, max-snippet:-1, max-image-preview:large, max-video-preview:-1\" \/>\n<link rel=\"canonical\" href=\"https:\/\/arteeluoghi.it\/index.php\/2011\/05\/18\/addio-burmaq-al-chiostro-del-bramante\/\" \/>\n<meta property=\"og:locale\" content=\"it_IT\" \/>\n<meta property=\"og:type\" content=\"article\" \/>\n<meta property=\"og:title\" content=\"&quot;ADDIO BURMA&quot; AL CHIOSTRO DEL BRAMANTE | Arte e Luoghi\" \/>\n<meta property=\"og:description\" content=\"ADDIO BURMA &#8211; Un viaggio in Birmania. Immagini di Maria Luisa Gaetani d&#8217;Aragona. Chiostro del Bramante, Roma. Dal 30 Maggio\" \/>\n<meta property=\"og:url\" content=\"https:\/\/arteeluoghi.it\/index.php\/2011\/05\/18\/addio-burmaq-al-chiostro-del-bramante\/\" \/>\n<meta property=\"og:site_name\" content=\"Arte e Luoghi\" \/>\n<meta property=\"article:publisher\" content=\"https:\/\/www.facebook.com\/ArteELuoghi\/\" \/>\n<meta property=\"article:published_time\" content=\"2011-05-18T06:14:16+00:00\" \/>\n<meta property=\"article:modified_time\" content=\"2018-08-05T00:26:10+00:00\" \/>\n<meta property=\"og:image\" content=\"https:\/\/arteeluoghi.it\/images\/stories\/addio_burma_15.jpg\" \/>\n<meta name=\"twitter:card\" content=\"summary\" \/>\n<meta name=\"twitter:creator\" content=\"@arteeluoghi\" \/>\n<meta name=\"twitter:site\" content=\"@arteeluoghi\" \/>\n<meta name=\"twitter:label1\" content=\"Scritto da\" \/>\n\t<meta name=\"twitter:data1\" content=\"Staff\" \/>\n\t<meta name=\"twitter:label2\" content=\"Tempo di lettura stimato\" \/>\n\t<meta name=\"twitter:data2\" content=\"2 minuti\" \/>\n<script type=\"application\/ld+json\" class=\"yoast-schema-graph\">{\"@context\":\"https:\/\/schema.org\",\"@graph\":[{\"@type\":\"Organization\",\"@id\":\"https:\/\/arteeluoghi.it\/#organization\",\"name\":\"Arte e Luoghi\",\"url\":\"https:\/\/arteeluoghi.it\/\",\"sameAs\":[\"https:\/\/www.facebook.com\/ArteELuoghi\/\",\"https:\/\/www.instagram.com\/arteeluoghi\/?hl=it\",\"https:\/\/www.youtube.com\/channel\/UCuRVc4JW4-C5sg9rQB-srkw?view_as=subscriber\",\"https:\/\/twitter.com\/arteeluoghi\"],\"logo\":{\"@type\":\"ImageObject\",\"@id\":\"https:\/\/arteeluoghi.it\/#logo\",\"inLanguage\":\"it-IT\",\"url\":\"https:\/\/arteeluoghi.it\/wp-content\/uploads\/2018\/08\/logoinstagramarte.jpg\",\"contentUrl\":\"https:\/\/arteeluoghi.it\/wp-content\/uploads\/2018\/08\/logoinstagramarte.jpg\",\"width\":150,\"height\":150,\"caption\":\"Arte e Luoghi\"},\"image\":{\"@id\":\"https:\/\/arteeluoghi.it\/#logo\"}},{\"@type\":\"WebSite\",\"@id\":\"https:\/\/arteeluoghi.it\/#website\",\"url\":\"https:\/\/arteeluoghi.it\/\",\"name\":\"Arte e Luoghi\",\"description\":\"Mensile di arte, cultura, turismo e curiosit\u00e0\",\"publisher\":{\"@id\":\"https:\/\/arteeluoghi.it\/#organization\"},\"potentialAction\":[{\"@type\":\"SearchAction\",\"target\":{\"@type\":\"EntryPoint\",\"urlTemplate\":\"https:\/\/arteeluoghi.it\/?s={search_term_string}\"},\"query-input\":\"required name=search_term_string\"}],\"inLanguage\":\"it-IT\"},{\"@type\":\"ImageObject\",\"@id\":\"https:\/\/arteeluoghi.it\/index.php\/2011\/05\/18\/addio-burmaq-al-chiostro-del-bramante\/#primaryimage\",\"inLanguage\":\"it-IT\",\"url\":\"\/images\/stories\/addio_burma_15.jpg\",\"contentUrl\":\"\/images\/stories\/addio_burma_15.jpg\"},{\"@type\":\"WebPage\",\"@id\":\"https:\/\/arteeluoghi.it\/index.php\/2011\/05\/18\/addio-burmaq-al-chiostro-del-bramante\/#webpage\",\"url\":\"https:\/\/arteeluoghi.it\/index.php\/2011\/05\/18\/addio-burmaq-al-chiostro-del-bramante\/\",\"name\":\"\\\"ADDIO BURMA\\\" AL CHIOSTRO DEL BRAMANTE | Arte e Luoghi\",\"isPartOf\":{\"@id\":\"https:\/\/arteeluoghi.it\/#website\"},\"primaryImageOfPage\":{\"@id\":\"https:\/\/arteeluoghi.it\/index.php\/2011\/05\/18\/addio-burmaq-al-chiostro-del-bramante\/#primaryimage\"},\"datePublished\":\"2011-05-18T06:14:16+00:00\",\"dateModified\":\"2018-08-05T00:26:10+00:00\",\"breadcrumb\":{\"@id\":\"https:\/\/arteeluoghi.it\/index.php\/2011\/05\/18\/addio-burmaq-al-chiostro-del-bramante\/#breadcrumb\"},\"inLanguage\":\"it-IT\",\"potentialAction\":[{\"@type\":\"ReadAction\",\"target\":[\"https:\/\/arteeluoghi.it\/index.php\/2011\/05\/18\/addio-burmaq-al-chiostro-del-bramante\/\"]}]},{\"@type\":\"BreadcrumbList\",\"@id\":\"https:\/\/arteeluoghi.it\/index.php\/2011\/05\/18\/addio-burmaq-al-chiostro-del-bramante\/#breadcrumb\",\"itemListElement\":[{\"@type\":\"ListItem\",\"position\":1,\"name\":\"Home\",\"item\":\"https:\/\/arteeluoghi.it\/\"},{\"@type\":\"ListItem\",\"position\":2,\"name\":\"&#8220;ADDIO BURMA&#8221; AL CHIOSTRO DEL BRAMANTE\"}]},{\"@type\":\"Article\",\"@id\":\"https:\/\/arteeluoghi.it\/index.php\/2011\/05\/18\/addio-burmaq-al-chiostro-del-bramante\/#article\",\"isPartOf\":{\"@id\":\"https:\/\/arteeluoghi.it\/index.php\/2011\/05\/18\/addio-burmaq-al-chiostro-del-bramante\/#webpage\"},\"author\":{\"@id\":\"https:\/\/arteeluoghi.it\/#\/schema\/person\/f84e814e36e91e01448ee07eaadd41d4\"},\"headline\":\"&#8220;ADDIO BURMA&#8221; AL CHIOSTRO DEL BRAMANTE\",\"datePublished\":\"2011-05-18T06:14:16+00:00\",\"dateModified\":\"2018-08-05T00:26:10+00:00\",\"mainEntityOfPage\":{\"@id\":\"https:\/\/arteeluoghi.it\/index.php\/2011\/05\/18\/addio-burmaq-al-chiostro-del-bramante\/#webpage\"},\"wordCount\":379,\"commentCount\":0,\"publisher\":{\"@id\":\"https:\/\/arteeluoghi.it\/#organization\"},\"image\":{\"@id\":\"https:\/\/arteeluoghi.it\/index.php\/2011\/05\/18\/addio-burmaq-al-chiostro-del-bramante\/#primaryimage\"},\"thumbnailUrl\":\"\/images\/stories\/addio_burma_15.jpg\",\"keywords\":[\"Birmania\"],\"articleSection\":[\"Arti visive\"],\"inLanguage\":\"it-IT\",\"potentialAction\":[{\"@type\":\"CommentAction\",\"name\":\"Comment\",\"target\":[\"https:\/\/arteeluoghi.it\/index.php\/2011\/05\/18\/addio-burmaq-al-chiostro-del-bramante\/#respond\"]}]},{\"@type\":\"Person\",\"@id\":\"https:\/\/arteeluoghi.it\/#\/schema\/person\/f84e814e36e91e01448ee07eaadd41d4\",\"name\":\"Staff\",\"image\":{\"@type\":\"ImageObject\",\"@id\":\"https:\/\/arteeluoghi.it\/#personlogo\",\"inLanguage\":\"it-IT\",\"url\":\"https:\/\/secure.gravatar.com\/avatar\/49d2f9e46271bb04e19cebfaf141313a?s=96&d=blank&r=g\",\"contentUrl\":\"https:\/\/secure.gravatar.com\/avatar\/49d2f9e46271bb04e19cebfaf141313a?s=96&d=blank&r=g\",\"caption\":\"Staff\"}}]}<\/script>\n<!-- \/ Yoast SEO plugin. -->","yoast_head_json":{"title":"\"ADDIO BURMA\" AL CHIOSTRO DEL BRAMANTE | Arte e Luoghi","robots":{"index":"index","follow":"follow","max-snippet":"max-snippet:-1","max-image-preview":"max-image-preview:large","max-video-preview":"max-video-preview:-1"},"canonical":"https:\/\/arteeluoghi.it\/index.php\/2011\/05\/18\/addio-burmaq-al-chiostro-del-bramante\/","og_locale":"it_IT","og_type":"article","og_title":"\"ADDIO BURMA\" AL CHIOSTRO DEL BRAMANTE | Arte e Luoghi","og_description":"ADDIO BURMA &#8211; Un viaggio in Birmania. Immagini di Maria Luisa Gaetani d&#8217;Aragona. Chiostro del Bramante, Roma. Dal 30 Maggio","og_url":"https:\/\/arteeluoghi.it\/index.php\/2011\/05\/18\/addio-burmaq-al-chiostro-del-bramante\/","og_site_name":"Arte e Luoghi","article_publisher":"https:\/\/www.facebook.com\/ArteELuoghi\/","article_published_time":"2011-05-18T06:14:16+00:00","article_modified_time":"2018-08-05T00:26:10+00:00","og_image":[{"url":"https:\/\/arteeluoghi.it\/images\/stories\/addio_burma_15.jpg"}],"twitter_card":"summary","twitter_creator":"@arteeluoghi","twitter_site":"@arteeluoghi","twitter_misc":{"Scritto da":"Staff","Tempo di lettura stimato":"2 minuti"},"schema":{"@context":"https:\/\/schema.org","@graph":[{"@type":"Organization","@id":"https:\/\/arteeluoghi.it\/#organization","name":"Arte e Luoghi","url":"https:\/\/arteeluoghi.it\/","sameAs":["https:\/\/www.facebook.com\/ArteELuoghi\/","https:\/\/www.instagram.com\/arteeluoghi\/?hl=it","https:\/\/www.youtube.com\/channel\/UCuRVc4JW4-C5sg9rQB-srkw?view_as=subscriber","https:\/\/twitter.com\/arteeluoghi"],"logo":{"@type":"ImageObject","@id":"https:\/\/arteeluoghi.it\/#logo","inLanguage":"it-IT","url":"https:\/\/arteeluoghi.it\/wp-content\/uploads\/2018\/08\/logoinstagramarte.jpg","contentUrl":"https:\/\/arteeluoghi.it\/wp-content\/uploads\/2018\/08\/logoinstagramarte.jpg","width":150,"height":150,"caption":"Arte e Luoghi"},"image":{"@id":"https:\/\/arteeluoghi.it\/#logo"}},{"@type":"WebSite","@id":"https:\/\/arteeluoghi.it\/#website","url":"https:\/\/arteeluoghi.it\/","name":"Arte e Luoghi","description":"Mensile di arte, cultura, turismo e curiosit\u00e0","publisher":{"@id":"https:\/\/arteeluoghi.it\/#organization"},"potentialAction":[{"@type":"SearchAction","target":{"@type":"EntryPoint","urlTemplate":"https:\/\/arteeluoghi.it\/?s={search_term_string}"},"query-input":"required name=search_term_string"}],"inLanguage":"it-IT"},{"@type":"ImageObject","@id":"https:\/\/arteeluoghi.it\/index.php\/2011\/05\/18\/addio-burmaq-al-chiostro-del-bramante\/#primaryimage","inLanguage":"it-IT","url":"\/images\/stories\/addio_burma_15.jpg","contentUrl":"\/images\/stories\/addio_burma_15.jpg"},{"@type":"WebPage","@id":"https:\/\/arteeluoghi.it\/index.php\/2011\/05\/18\/addio-burmaq-al-chiostro-del-bramante\/#webpage","url":"https:\/\/arteeluoghi.it\/index.php\/2011\/05\/18\/addio-burmaq-al-chiostro-del-bramante\/","name":"\"ADDIO BURMA\" AL CHIOSTRO DEL BRAMANTE | Arte e Luoghi","isPartOf":{"@id":"https:\/\/arteeluoghi.it\/#website"},"primaryImageOfPage":{"@id":"https:\/\/arteeluoghi.it\/index.php\/2011\/05\/18\/addio-burmaq-al-chiostro-del-bramante\/#primaryimage"},"datePublished":"2011-05-18T06:14:16+00:00","dateModified":"2018-08-05T00:26:10+00:00","breadcrumb":{"@id":"https:\/\/arteeluoghi.it\/index.php\/2011\/05\/18\/addio-burmaq-al-chiostro-del-bramante\/#breadcrumb"},"inLanguage":"it-IT","potentialAction":[{"@type":"ReadAction","target":["https:\/\/arteeluoghi.it\/index.php\/2011\/05\/18\/addio-burmaq-al-chiostro-del-bramante\/"]}]},{"@type":"BreadcrumbList","@id":"https:\/\/arteeluoghi.it\/index.php\/2011\/05\/18\/addio-burmaq-al-chiostro-del-bramante\/#breadcrumb","itemListElement":[{"@type":"ListItem","position":1,"name":"Home","item":"https:\/\/arteeluoghi.it\/"},{"@type":"ListItem","position":2,"name":"&#8220;ADDIO BURMA&#8221; AL CHIOSTRO DEL BRAMANTE"}]},{"@type":"Article","@id":"https:\/\/arteeluoghi.it\/index.php\/2011\/05\/18\/addio-burmaq-al-chiostro-del-bramante\/#article","isPartOf":{"@id":"https:\/\/arteeluoghi.it\/index.php\/2011\/05\/18\/addio-burmaq-al-chiostro-del-bramante\/#webpage"},"author":{"@id":"https:\/\/arteeluoghi.it\/#\/schema\/person\/f84e814e36e91e01448ee07eaadd41d4"},"headline":"&#8220;ADDIO BURMA&#8221; AL CHIOSTRO DEL BRAMANTE","datePublished":"2011-05-18T06:14:16+00:00","dateModified":"2018-08-05T00:26:10+00:00","mainEntityOfPage":{"@id":"https:\/\/arteeluoghi.it\/index.php\/2011\/05\/18\/addio-burmaq-al-chiostro-del-bramante\/#webpage"},"wordCount":379,"commentCount":0,"publisher":{"@id":"https:\/\/arteeluoghi.it\/#organization"},"image":{"@id":"https:\/\/arteeluoghi.it\/index.php\/2011\/05\/18\/addio-burmaq-al-chiostro-del-bramante\/#primaryimage"},"thumbnailUrl":"\/images\/stories\/addio_burma_15.jpg","keywords":["Birmania"],"articleSection":["Arti visive"],"inLanguage":"it-IT","potentialAction":[{"@type":"CommentAction","name":"Comment","target":["https:\/\/arteeluoghi.it\/index.php\/2011\/05\/18\/addio-burmaq-al-chiostro-del-bramante\/#respond"]}]},{"@type":"Person","@id":"https:\/\/arteeluoghi.it\/#\/schema\/person\/f84e814e36e91e01448ee07eaadd41d4","name":"Staff","image":{"@type":"ImageObject","@id":"https:\/\/arteeluoghi.it\/#personlogo","inLanguage":"it-IT","url":"https:\/\/secure.gravatar.com\/avatar\/49d2f9e46271bb04e19cebfaf141313a?s=96&d=blank&r=g","contentUrl":"https:\/\/secure.gravatar.com\/avatar\/49d2f9e46271bb04e19cebfaf141313a?s=96&d=blank&r=g","caption":"Staff"}}]}},"_links":{"self":[{"href":"https:\/\/arteeluoghi.it\/index.php\/wp-json\/wp\/v2\/posts\/265"}],"collection":[{"href":"https:\/\/arteeluoghi.it\/index.php\/wp-json\/wp\/v2\/posts"}],"about":[{"href":"https:\/\/arteeluoghi.it\/index.php\/wp-json\/wp\/v2\/types\/post"}],"author":[{"embeddable":true,"href":"https:\/\/arteeluoghi.it\/index.php\/wp-json\/wp\/v2\/users\/1"}],"replies":[{"embeddable":true,"href":"https:\/\/arteeluoghi.it\/index.php\/wp-json\/wp\/v2\/comments?post=265"}],"version-history":[{"count":1,"href":"https:\/\/arteeluoghi.it\/index.php\/wp-json\/wp\/v2\/posts\/265\/revisions"}],"predecessor-version":[{"id":5838,"href":"https:\/\/arteeluoghi.it\/index.php\/wp-json\/wp\/v2\/posts\/265\/revisions\/5838"}],"wp:attachment":[{"href":"https:\/\/arteeluoghi.it\/index.php\/wp-json\/wp\/v2\/media?parent=265"}],"wp:term":[{"taxonomy":"category","embeddable":true,"href":"https:\/\/arteeluoghi.it\/index.php\/wp-json\/wp\/v2\/categories?post=265"},{"taxonomy":"post_tag","embeddable":true,"href":"https:\/\/arteeluoghi.it\/index.php\/wp-json\/wp\/v2\/tags?post=265"}],"curies":[{"name":"wp","href":"https:\/\/api.w.org\/{rel}","templated":true}]}}