{"id":2823,"date":"2017-08-06T01:28:28","date_gmt":"2017-08-05T23:28:28","guid":{"rendered":"http:\/\/arteeluoghi.it\/?p=2823"},"modified":"2017-08-06T01:28:28","modified_gmt":"2017-08-05T23:28:28","slug":"danzare-la-terra","status":"publish","type":"post","link":"https:\/\/arteeluoghi.it\/index.php\/2017\/08\/06\/danzare-la-terra\/","title":{"rendered":"DANZARE LA TERRA"},"content":{"rendered":"<p><iframe loading=\"lazy\" width=\"800\" height=\"450\" src=\"https:\/\/www.youtube.com\/embed\/pHW6sYadrY4?feature=oembed\" frameborder=\"0\" allowfullscreen><\/iframe><\/p>\n<p><span style=\"font-family: Verdana;\"><b>D<\/b><b>omenica 6 agosto<\/b> (<i>ore 21 &#8211; ingresso libero<\/i>) <\/span><span style=\"font-family: Verdana;\">nel bosco di macchia mediterranea del<b> Palazzo Baronale<\/b> di <b>Tiggiano<\/b>, in provincia di Lecce, appuntamento con la serata finale dell&#8217;undicesima edizione della <\/span><span style=\"font-family: Verdana;\">residenza artistica e didattica <b>Danzare la terra<\/b>. <\/span><span style=\"font-family: Verdana;\">Dedicata allo studio delle danze del sud Italia, la residenza<\/span><span style=\"font-family: Verdana;\"> diretta da <b>Maristella Martella<\/b> in collaborazione con le insegnanti della scuola <b>Tarantarte<\/b>, dal 31 luglio ha proposto sette giorni di stage intensivi, laboratori, masterclass e l&#8217;evento culturale [S]-radicamento.<\/p>\n<p><\/span><span style=\"font-family: Verdana;\">Dagli ulivi immaginati e danzati lo scorso anno, quest&#8217;anno la residenza ha condotto <b>A-Riva<\/b>. A-Riva come confine tra noto e ignoto, A-Riva come arrivare, approdare da un mare che inghiotte paure e dubbi e ci rende migranti e viaggiatori dei nostri giorni.<\/span><span style=\"font-family: Verdana;\"> <b>Dal<\/b><b>le 21<\/b> in scena la performance con gli allievi e le allieve alla residenza &#8211; circa 50 <\/span><span style=\"font-family: Verdana;\">provenienti<\/span><span style=\"font-family: Verdana;\"> da tutta Italia e dall&#8217;estero (Francia, Svizzera, Polonia, Brasile) &#8211; con la partecipazione di <\/span><span style=\"font-family: Verdana;\"><b>Katina Genero<\/b>, <\/span><span style=\"font-family: Verdana;\">danzatrice, coreografa, ricercatrice, pioniera in Italia della danza Afro ispirata alle danze dell\u2019Africa Occidentale. La musica dal vivo sar\u00e0 del percussionista e performer <b>Pino Basile<\/b> e della contrabbassista, sitarista e performer <b>Eufemia Mascolo<\/b> che subito dopo proporranno &#8220;<b>Paesaggi sonori per contrabbasso, percussioni e loopstation<\/b>&#8220;. Il progetto \u00e8 una performance che si sviluppa in tempo reale a partire da frammenti e relitti sonori etnici ed immaginari. Improvvisazione e tradizione, sperimentazione e gusto estetico. L\u2019esperienza musica visiva prova a guardare attraverso il suono, alla ricerca di un possibile equilibrio tra mondi, vissuti ed esperienze sonore non sempre conciliabili tra loro, almeno apparentemente. Con l\u2019uso di strumenti musicali acustici di tipo tradizionale e processori elettronici di suono, strumenti musicali anch\u2019essi, il duo va in scena, e con un sottile gusto del rischio, poetico e creativo s\u2019intende, prova a scandagliare possibili contrasti, punti d\u2019incontro, e contrappunti sonori, fatti di ritmo, melodia e racconto. Al centro della scena non due musicisti, non due attori, ma due individui che si raccontano.<\/span><br \/>\n<span style=\"font-family: Verdana;\"><br \/>\n<\/span><span style=\"font-family: Verdana;\">La <b>residenza<\/b> \u00e8 il frutto del continuo lavoro svolto da <b>Maristella Maristella<\/b> e dalle sue collaboratrici sulla ricerca di un nuovo linguaggio coreutico che affonda le radici nella cultura popolare salentina, spostandone i confini. \u00c8 nel punto d&#8217;incontro tra antico e contemporaneo, tra tradizione e sperimentazione che prende vita il lavoro di Tarantarte. Gli allievi <\/span><span style=\"font-family: Verdana;\">sono stati guidati per una settimana nello studio della danza partendo dalle forme coreutiche tradizionali fino all&#8217;esplorazione in chiave teatrale e contemporanea.<\/span><span style=\"font-family: Verdana;\"> Tra i docenti &#8211; con Maristella Martella e le danzatrici di Tarantarte &#8211; <b>Luca Buccarella<\/b>, <b>Sara Colonna<\/b>, <b>Katina Genero<\/b>, <b>Milena Magnani<\/b>, <b>Pino Basile<\/b> ed <b>Eufemia Mascolo<\/b>.<\/p>\n<p><\/span><span style=\"font-family: Verdana;\">\u00abA Riva come \u201cconfine\u201d inteso non pi\u00f9 come barriera tra differenti realt\u00e0 o divario culturale, ma come un grande obiettivo da raggiungere, da oltrepassare per spostare di poco pi\u00f9 in l\u00e0 il margine entro il quale muoversi\u00bb, sottolinea Maristella Martella. \u00abE saranno cos\u00ec mare e terra, insieme, come accade sulla battigia delle terre di confine, a raccogliere nuovi racconti, nuovi suoni e sguardi da esplorare. Quest&#8217;anno Danzare la Terra si \u00e8 vestita di blu e ha bagnato i nostri piedi ancora sporchi di terra, per cercare nuovi abissi in cui immergersi. Gli ulivi immaginati e danzati lo scorso anno ci hanno permesso di andare alla ricerca delle nostre radici\u00bb, prosegue la coreografa. \u00abArchetipi e mito, sirene e canti, migranti ed esploratori che cercheremo di riportare a riva perch\u00e9 ci indichino un gesto, una immagine, un&#8217;altra storia da danzare. Mare come confine da attraversare, tra gli abissi del mito, canti di sirene e leggende di tempi lontani. Proveremo a raccontare il Mito e il Mare utilizzano un alfabeto universale fatto di simboli e archetipi in cui potersi riconoscere per poter esplorare la danza, la musica, il teatro, la voce. Il mare diventa cos\u00ec culla di storie antiche e moderne, traghettatore di cronache dei nostri giorni, ma anche simbolo di parabole universali, mitiche e leggendarie\u00bb.<br \/>\n<\/span><br \/>\n<span style=\"font-family: Verdana;\">La <b>Compagnia<\/b> <b>Tarantarte<\/b> nasce nel 2009 a Bologna dall\u2019incontro di danzatrici di diversa formazione. <\/span><span style=\"font-family: Verdana;\">\u00c8 composta da Silvia De Ronzo, Manuela Rorro, Laura De Ronzo, Alessandra Ardito e diretta da Maristella Martella che con la sua danza teatrale incrocia passato e presente, classico e contemporaneo, elementi popolari del sud Italia con elementi del mondo mediterraneo, propone una ricerca teatrale ed espressiva sul Tarantismo salentino e il mistero della trance. La compagnia negli anni ha realizzato le proprie performance in luoghi non convenzionali, antichi e a volte abbandonati, come vecchie masserie, ajare, chiostri, anfiteatri, teatri greci e romani, siti archeologici, attivando un\u2019interazione tra luogo, performance e pubblico.<\/p>\n<p>Info <\/span><span style=\"font-family: Verdana;\"><a class=\"m_4955527098340719990m_-6938369628660963963moz-txt-link-abbreviated\" href=\"http:\/\/www.tarantarte.it\" target=\"_blank\" rel=\"noopener\" data-saferedirecturl=\"https:\/\/www.google.com\/url?hl=it&amp;q=http:\/\/www.tarantarte.it&amp;source=gmail&amp;ust=1502036102429000&amp;usg=AFQjCNFlQ0TrpDCJV0s7PnfCOFI04RJYTg\">www.tarantarte.it<\/a><\/span><\/p>\n<p>(fonte: comunicato stampa)<\/p>\n","protected":false},"excerpt":{"rendered":"<p>Domenica 6 agosto (ore 21 &#8211; ingresso libero) nel bosco di macchia mediterranea del Palazzo Baronale di Tiggiano, in provincia<\/p>\n","protected":false},"author":1,"featured_media":2824,"comment_status":"open","ping_status":"open","sticky":false,"template":"","format":"standard","meta":[],"categories":[15],"tags":[],"yoast_head":"<!-- This site is optimized with the Yoast SEO plugin v18.0 - https:\/\/yoast.com\/wordpress\/plugins\/seo\/ -->\n<title>DANZARE LA TERRA | Arte e Luoghi<\/title>\n<meta name=\"robots\" content=\"index, follow, max-snippet:-1, max-image-preview:large, max-video-preview:-1\" \/>\n<link rel=\"canonical\" href=\"https:\/\/arteeluoghi.it\/index.php\/2017\/08\/06\/danzare-la-terra\/\" \/>\n<meta property=\"og:locale\" content=\"it_IT\" \/>\n<meta property=\"og:type\" content=\"article\" \/>\n<meta property=\"og:title\" content=\"DANZARE LA TERRA | Arte e Luoghi\" \/>\n<meta property=\"og:description\" content=\"Domenica 6 agosto (ore 21 &#8211; ingresso libero) nel bosco di macchia mediterranea del Palazzo Baronale di Tiggiano, in provincia\" \/>\n<meta property=\"og:url\" content=\"https:\/\/arteeluoghi.it\/index.php\/2017\/08\/06\/danzare-la-terra\/\" \/>\n<meta property=\"og:site_name\" content=\"Arte e Luoghi\" \/>\n<meta property=\"article:publisher\" content=\"https:\/\/www.facebook.com\/ArteELuoghi\/\" \/>\n<meta property=\"article:published_time\" content=\"2017-08-05T23:28:28+00:00\" \/>\n<meta property=\"og:image\" content=\"https:\/\/arteeluoghi.it\/wp-content\/uploads\/2017\/08\/Danzare-la-terra-residenza-2017-3.jpg\" \/>\n\t<meta property=\"og:image:width\" content=\"960\" \/>\n\t<meta property=\"og:image:height\" content=\"639\" \/>\n\t<meta property=\"og:image:type\" content=\"image\/jpeg\" \/>\n<meta name=\"twitter:card\" content=\"summary\" \/>\n<meta name=\"twitter:creator\" content=\"@arteeluoghi\" \/>\n<meta name=\"twitter:site\" content=\"@arteeluoghi\" \/>\n<meta name=\"twitter:label1\" content=\"Scritto da\" \/>\n\t<meta name=\"twitter:data1\" content=\"Staff\" \/>\n\t<meta name=\"twitter:label2\" content=\"Tempo di lettura stimato\" \/>\n\t<meta name=\"twitter:data2\" content=\"4 minuti\" \/>\n<script type=\"application\/ld+json\" class=\"yoast-schema-graph\">{\"@context\":\"https:\/\/schema.org\",\"@graph\":[{\"@type\":\"Organization\",\"@id\":\"https:\/\/arteeluoghi.it\/#organization\",\"name\":\"Arte e Luoghi\",\"url\":\"https:\/\/arteeluoghi.it\/\",\"sameAs\":[\"https:\/\/www.facebook.com\/ArteELuoghi\/\",\"https:\/\/www.instagram.com\/arteeluoghi\/?hl=it\",\"https:\/\/www.youtube.com\/channel\/UCuRVc4JW4-C5sg9rQB-srkw?view_as=subscriber\",\"https:\/\/twitter.com\/arteeluoghi\"],\"logo\":{\"@type\":\"ImageObject\",\"@id\":\"https:\/\/arteeluoghi.it\/#logo\",\"inLanguage\":\"it-IT\",\"url\":\"https:\/\/arteeluoghi.it\/wp-content\/uploads\/2018\/08\/logoinstagramarte.jpg\",\"contentUrl\":\"https:\/\/arteeluoghi.it\/wp-content\/uploads\/2018\/08\/logoinstagramarte.jpg\",\"width\":150,\"height\":150,\"caption\":\"Arte e Luoghi\"},\"image\":{\"@id\":\"https:\/\/arteeluoghi.it\/#logo\"}},{\"@type\":\"WebSite\",\"@id\":\"https:\/\/arteeluoghi.it\/#website\",\"url\":\"https:\/\/arteeluoghi.it\/\",\"name\":\"Arte e Luoghi\",\"description\":\"Mensile di arte, cultura, turismo e curiosit\u00e0\",\"publisher\":{\"@id\":\"https:\/\/arteeluoghi.it\/#organization\"},\"potentialAction\":[{\"@type\":\"SearchAction\",\"target\":{\"@type\":\"EntryPoint\",\"urlTemplate\":\"https:\/\/arteeluoghi.it\/?s={search_term_string}\"},\"query-input\":\"required name=search_term_string\"}],\"inLanguage\":\"it-IT\"},{\"@type\":\"ImageObject\",\"@id\":\"https:\/\/arteeluoghi.it\/index.php\/2017\/08\/06\/danzare-la-terra\/#primaryimage\",\"inLanguage\":\"it-IT\",\"url\":\"https:\/\/arteeluoghi.it\/wp-content\/uploads\/2017\/08\/Danzare-la-terra-residenza-2017-3.jpg\",\"contentUrl\":\"https:\/\/arteeluoghi.it\/wp-content\/uploads\/2017\/08\/Danzare-la-terra-residenza-2017-3.jpg\",\"width\":960,\"height\":639},{\"@type\":\"WebPage\",\"@id\":\"https:\/\/arteeluoghi.it\/index.php\/2017\/08\/06\/danzare-la-terra\/#webpage\",\"url\":\"https:\/\/arteeluoghi.it\/index.php\/2017\/08\/06\/danzare-la-terra\/\",\"name\":\"DANZARE LA TERRA | Arte e Luoghi\",\"isPartOf\":{\"@id\":\"https:\/\/arteeluoghi.it\/#website\"},\"primaryImageOfPage\":{\"@id\":\"https:\/\/arteeluoghi.it\/index.php\/2017\/08\/06\/danzare-la-terra\/#primaryimage\"},\"datePublished\":\"2017-08-05T23:28:28+00:00\",\"dateModified\":\"2017-08-05T23:28:28+00:00\",\"breadcrumb\":{\"@id\":\"https:\/\/arteeluoghi.it\/index.php\/2017\/08\/06\/danzare-la-terra\/#breadcrumb\"},\"inLanguage\":\"it-IT\",\"potentialAction\":[{\"@type\":\"ReadAction\",\"target\":[\"https:\/\/arteeluoghi.it\/index.php\/2017\/08\/06\/danzare-la-terra\/\"]}]},{\"@type\":\"BreadcrumbList\",\"@id\":\"https:\/\/arteeluoghi.it\/index.php\/2017\/08\/06\/danzare-la-terra\/#breadcrumb\",\"itemListElement\":[{\"@type\":\"ListItem\",\"position\":1,\"name\":\"Home\",\"item\":\"https:\/\/arteeluoghi.it\/\"},{\"@type\":\"ListItem\",\"position\":2,\"name\":\"DANZARE LA TERRA\"}]},{\"@type\":\"Article\",\"@id\":\"https:\/\/arteeluoghi.it\/index.php\/2017\/08\/06\/danzare-la-terra\/#article\",\"isPartOf\":{\"@id\":\"https:\/\/arteeluoghi.it\/index.php\/2017\/08\/06\/danzare-la-terra\/#webpage\"},\"author\":{\"@id\":\"https:\/\/arteeluoghi.it\/#\/schema\/person\/f84e814e36e91e01448ee07eaadd41d4\"},\"headline\":\"DANZARE LA TERRA\",\"datePublished\":\"2017-08-05T23:28:28+00:00\",\"dateModified\":\"2017-08-05T23:28:28+00:00\",\"mainEntityOfPage\":{\"@id\":\"https:\/\/arteeluoghi.it\/index.php\/2017\/08\/06\/danzare-la-terra\/#webpage\"},\"wordCount\":756,\"commentCount\":0,\"publisher\":{\"@id\":\"https:\/\/arteeluoghi.it\/#organization\"},\"image\":{\"@id\":\"https:\/\/arteeluoghi.it\/index.php\/2017\/08\/06\/danzare-la-terra\/#primaryimage\"},\"thumbnailUrl\":\"https:\/\/arteeluoghi.it\/wp-content\/uploads\/2017\/08\/Danzare-la-terra-residenza-2017-3.jpg\",\"articleSection\":[\"danza\"],\"inLanguage\":\"it-IT\",\"potentialAction\":[{\"@type\":\"CommentAction\",\"name\":\"Comment\",\"target\":[\"https:\/\/arteeluoghi.it\/index.php\/2017\/08\/06\/danzare-la-terra\/#respond\"]}]},{\"@type\":\"Person\",\"@id\":\"https:\/\/arteeluoghi.it\/#\/schema\/person\/f84e814e36e91e01448ee07eaadd41d4\",\"name\":\"Staff\",\"image\":{\"@type\":\"ImageObject\",\"@id\":\"https:\/\/arteeluoghi.it\/#personlogo\",\"inLanguage\":\"it-IT\",\"url\":\"https:\/\/secure.gravatar.com\/avatar\/49d2f9e46271bb04e19cebfaf141313a?s=96&d=blank&r=g\",\"contentUrl\":\"https:\/\/secure.gravatar.com\/avatar\/49d2f9e46271bb04e19cebfaf141313a?s=96&d=blank&r=g\",\"caption\":\"Staff\"}}]}<\/script>\n<!-- \/ Yoast SEO plugin. -->","yoast_head_json":{"title":"DANZARE LA TERRA | Arte e Luoghi","robots":{"index":"index","follow":"follow","max-snippet":"max-snippet:-1","max-image-preview":"max-image-preview:large","max-video-preview":"max-video-preview:-1"},"canonical":"https:\/\/arteeluoghi.it\/index.php\/2017\/08\/06\/danzare-la-terra\/","og_locale":"it_IT","og_type":"article","og_title":"DANZARE LA TERRA | Arte e Luoghi","og_description":"Domenica 6 agosto (ore 21 &#8211; ingresso libero) nel bosco di macchia mediterranea del Palazzo Baronale di Tiggiano, in provincia","og_url":"https:\/\/arteeluoghi.it\/index.php\/2017\/08\/06\/danzare-la-terra\/","og_site_name":"Arte e Luoghi","article_publisher":"https:\/\/www.facebook.com\/ArteELuoghi\/","article_published_time":"2017-08-05T23:28:28+00:00","og_image":[{"width":960,"height":639,"url":"https:\/\/arteeluoghi.it\/wp-content\/uploads\/2017\/08\/Danzare-la-terra-residenza-2017-3.jpg","type":"image\/jpeg"}],"twitter_card":"summary","twitter_creator":"@arteeluoghi","twitter_site":"@arteeluoghi","twitter_misc":{"Scritto da":"Staff","Tempo di lettura stimato":"4 minuti"},"schema":{"@context":"https:\/\/schema.org","@graph":[{"@type":"Organization","@id":"https:\/\/arteeluoghi.it\/#organization","name":"Arte e Luoghi","url":"https:\/\/arteeluoghi.it\/","sameAs":["https:\/\/www.facebook.com\/ArteELuoghi\/","https:\/\/www.instagram.com\/arteeluoghi\/?hl=it","https:\/\/www.youtube.com\/channel\/UCuRVc4JW4-C5sg9rQB-srkw?view_as=subscriber","https:\/\/twitter.com\/arteeluoghi"],"logo":{"@type":"ImageObject","@id":"https:\/\/arteeluoghi.it\/#logo","inLanguage":"it-IT","url":"https:\/\/arteeluoghi.it\/wp-content\/uploads\/2018\/08\/logoinstagramarte.jpg","contentUrl":"https:\/\/arteeluoghi.it\/wp-content\/uploads\/2018\/08\/logoinstagramarte.jpg","width":150,"height":150,"caption":"Arte e Luoghi"},"image":{"@id":"https:\/\/arteeluoghi.it\/#logo"}},{"@type":"WebSite","@id":"https:\/\/arteeluoghi.it\/#website","url":"https:\/\/arteeluoghi.it\/","name":"Arte e Luoghi","description":"Mensile di arte, cultura, turismo e curiosit\u00e0","publisher":{"@id":"https:\/\/arteeluoghi.it\/#organization"},"potentialAction":[{"@type":"SearchAction","target":{"@type":"EntryPoint","urlTemplate":"https:\/\/arteeluoghi.it\/?s={search_term_string}"},"query-input":"required name=search_term_string"}],"inLanguage":"it-IT"},{"@type":"ImageObject","@id":"https:\/\/arteeluoghi.it\/index.php\/2017\/08\/06\/danzare-la-terra\/#primaryimage","inLanguage":"it-IT","url":"https:\/\/arteeluoghi.it\/wp-content\/uploads\/2017\/08\/Danzare-la-terra-residenza-2017-3.jpg","contentUrl":"https:\/\/arteeluoghi.it\/wp-content\/uploads\/2017\/08\/Danzare-la-terra-residenza-2017-3.jpg","width":960,"height":639},{"@type":"WebPage","@id":"https:\/\/arteeluoghi.it\/index.php\/2017\/08\/06\/danzare-la-terra\/#webpage","url":"https:\/\/arteeluoghi.it\/index.php\/2017\/08\/06\/danzare-la-terra\/","name":"DANZARE LA TERRA | Arte e Luoghi","isPartOf":{"@id":"https:\/\/arteeluoghi.it\/#website"},"primaryImageOfPage":{"@id":"https:\/\/arteeluoghi.it\/index.php\/2017\/08\/06\/danzare-la-terra\/#primaryimage"},"datePublished":"2017-08-05T23:28:28+00:00","dateModified":"2017-08-05T23:28:28+00:00","breadcrumb":{"@id":"https:\/\/arteeluoghi.it\/index.php\/2017\/08\/06\/danzare-la-terra\/#breadcrumb"},"inLanguage":"it-IT","potentialAction":[{"@type":"ReadAction","target":["https:\/\/arteeluoghi.it\/index.php\/2017\/08\/06\/danzare-la-terra\/"]}]},{"@type":"BreadcrumbList","@id":"https:\/\/arteeluoghi.it\/index.php\/2017\/08\/06\/danzare-la-terra\/#breadcrumb","itemListElement":[{"@type":"ListItem","position":1,"name":"Home","item":"https:\/\/arteeluoghi.it\/"},{"@type":"ListItem","position":2,"name":"DANZARE LA TERRA"}]},{"@type":"Article","@id":"https:\/\/arteeluoghi.it\/index.php\/2017\/08\/06\/danzare-la-terra\/#article","isPartOf":{"@id":"https:\/\/arteeluoghi.it\/index.php\/2017\/08\/06\/danzare-la-terra\/#webpage"},"author":{"@id":"https:\/\/arteeluoghi.it\/#\/schema\/person\/f84e814e36e91e01448ee07eaadd41d4"},"headline":"DANZARE LA TERRA","datePublished":"2017-08-05T23:28:28+00:00","dateModified":"2017-08-05T23:28:28+00:00","mainEntityOfPage":{"@id":"https:\/\/arteeluoghi.it\/index.php\/2017\/08\/06\/danzare-la-terra\/#webpage"},"wordCount":756,"commentCount":0,"publisher":{"@id":"https:\/\/arteeluoghi.it\/#organization"},"image":{"@id":"https:\/\/arteeluoghi.it\/index.php\/2017\/08\/06\/danzare-la-terra\/#primaryimage"},"thumbnailUrl":"https:\/\/arteeluoghi.it\/wp-content\/uploads\/2017\/08\/Danzare-la-terra-residenza-2017-3.jpg","articleSection":["danza"],"inLanguage":"it-IT","potentialAction":[{"@type":"CommentAction","name":"Comment","target":["https:\/\/arteeluoghi.it\/index.php\/2017\/08\/06\/danzare-la-terra\/#respond"]}]},{"@type":"Person","@id":"https:\/\/arteeluoghi.it\/#\/schema\/person\/f84e814e36e91e01448ee07eaadd41d4","name":"Staff","image":{"@type":"ImageObject","@id":"https:\/\/arteeluoghi.it\/#personlogo","inLanguage":"it-IT","url":"https:\/\/secure.gravatar.com\/avatar\/49d2f9e46271bb04e19cebfaf141313a?s=96&d=blank&r=g","contentUrl":"https:\/\/secure.gravatar.com\/avatar\/49d2f9e46271bb04e19cebfaf141313a?s=96&d=blank&r=g","caption":"Staff"}}]}},"_links":{"self":[{"href":"https:\/\/arteeluoghi.it\/index.php\/wp-json\/wp\/v2\/posts\/2823"}],"collection":[{"href":"https:\/\/arteeluoghi.it\/index.php\/wp-json\/wp\/v2\/posts"}],"about":[{"href":"https:\/\/arteeluoghi.it\/index.php\/wp-json\/wp\/v2\/types\/post"}],"author":[{"embeddable":true,"href":"https:\/\/arteeluoghi.it\/index.php\/wp-json\/wp\/v2\/users\/1"}],"replies":[{"embeddable":true,"href":"https:\/\/arteeluoghi.it\/index.php\/wp-json\/wp\/v2\/comments?post=2823"}],"version-history":[{"count":1,"href":"https:\/\/arteeluoghi.it\/index.php\/wp-json\/wp\/v2\/posts\/2823\/revisions"}],"predecessor-version":[{"id":2825,"href":"https:\/\/arteeluoghi.it\/index.php\/wp-json\/wp\/v2\/posts\/2823\/revisions\/2825"}],"wp:featuredmedia":[{"embeddable":true,"href":"https:\/\/arteeluoghi.it\/index.php\/wp-json\/wp\/v2\/media\/2824"}],"wp:attachment":[{"href":"https:\/\/arteeluoghi.it\/index.php\/wp-json\/wp\/v2\/media?parent=2823"}],"wp:term":[{"taxonomy":"category","embeddable":true,"href":"https:\/\/arteeluoghi.it\/index.php\/wp-json\/wp\/v2\/categories?post=2823"},{"taxonomy":"post_tag","embeddable":true,"href":"https:\/\/arteeluoghi.it\/index.php\/wp-json\/wp\/v2\/tags?post=2823"}],"curies":[{"name":"wp","href":"https:\/\/api.w.org\/{rel}","templated":true}]}}