{"id":283,"date":"2011-05-21T20:56:13","date_gmt":"2011-05-21T18:56:13","guid":{"rendered":"http:\/\/arteeluoghi.it\/index.php\/2011\/05\/21\/il-punto-sul-paesaggio-conferenza-con-landecy\/"},"modified":"2017-08-07T00:22:56","modified_gmt":"2017-08-06T22:22:56","slug":"il-punto-sul-paesaggio-conferenza-con-landecy","status":"publish","type":"post","link":"https:\/\/arteeluoghi.it\/index.php\/2011\/05\/21\/il-punto-sul-paesaggio-conferenza-con-landecy\/","title":{"rendered":"IL PUNTO SUL PAESAGGIO. CONFERENZA CON LANDECY"},"content":{"rendered":"<p><img src=\"\/images\/stories\/landecy.jpg\" border=\"0\" width=\"350\" style=\"margin: 12px; float: left;\" \/><\/p>\n<p>\u00a0<\/p>\n<p>IL PUNTO SUL PAESAGGIO<\/p>\n<p>Conferenza di Jean-Michel Landecy, docente del workshop di fotografia &#8220;Milano 2011: l&#8217;Osservatorio dei territori&#8221;<\/p>\n<p>26 MAGGIO 2011<\/p>\n<p>\u00a0<\/p>\n<p>\u00a0<\/p>\n<p>Jean-Michel Landecy (1959) Ha studiato alla scuola di Belle Arti di Marseille- Luminy e poi alla scuola di Architettura di Parigi Belleville, dove si \u00e8 diplomato nel 1990. La sua attivit\u00e0 comprende tre settori: la concezione dei progetti di architettura, la fotografia del paesaggio urbano, l\u2019insegnamento universitario. Vincitore del concorso di architettura per la costruzione della Fondazione Jeantet a Ginevra, il suo atelier (Domino architectes) riceve il premio Interassar 2000 per la realizzazione dell\u2019auditorium e del giardino della Fondazione. Questo lavoro \u00e8 oggetto di numerose pubblicazioni internazionali. Nel 2003 fonda L\u2019Osservatorio del territorio, struttura di ricerca basata sullo studio dell\u2019evoluzione e dello sviluppo degli spazi urbani e territoriali. Landecy \u00e8 attualmente docente presso la Scuola Politecnica Federale di Losanna (Svizzera) nell\u2019ambito dell\u2019unit\u00e0 di insegnamento Architettura e Mass Media e dal 2002 \u00e8 professore presso la Facolt\u00e0 di Architettura di Alghero. [http:\/\/www.jeanmichellandecy.com\/]<\/p>\n<p>  <!--more-->  La conferenza fa parte dell&#8217;iniziativa &#8220;Il punto sul Paesaggio&#8221;, una serie di incontri aperti al pubblico con alcuni paesaggisti, docenti del Master in Architettura del Paesaggio UPC-ACMA con sede a Milano, interpreti delle principali esperienze internazionali: momento di scambio e confronto su tematiche sempre pi\u00f9 attuali, non solo per tecnici e professionisti del settore ma anche per la crescita di una consapevolezza diffusa nella societ\u00e0 che necessariamente condivide il patrimonio comune del paesaggio.<\/p>\n<p>SEDE Fondazione Falciola\/Camplus Rubattino, Via Caduti di Marcinelle 2 (Milano EST, zona Ventura), 20134 Milano<\/p>\n<p>PARTECIPAZIONE Le conferenze del ciclo &#8220;Il punto sul Paesaggio&#8221;, ad ingresso libero, sono aperte al pubblico. Si richiede conferma di partecipazione via mail (acma@acmaweb.com).<\/p>\n<p>Per informazioni: ACMA Centro di Architettura via Conte Rosso 34, 20134 Milano Tel. +39 02.70639293 Fax.+39 02. 70639761 acma@acmaweb.com www.acmaweb.com<\/p>\n<p>(fonte: comunicato stampa)<\/p>\n","protected":false},"excerpt":{"rendered":"<p>\u00a0 IL PUNTO SUL PAESAGGIO Conferenza di Jean-Michel Landecy, docente del workshop di fotografia &#8220;Milano 2011: l&#8217;Osservatorio dei territori&#8221; 26<\/p>\n","protected":false},"author":1,"featured_media":0,"comment_status":"open","ping_status":"open","sticky":false,"template":"","format":"standard","meta":[],"categories":[28],"tags":[],"yoast_head":"<!-- This site is optimized with the Yoast SEO plugin v18.0 - https:\/\/yoast.com\/wordpress\/plugins\/seo\/ -->\n<title>IL PUNTO SUL PAESAGGIO. CONFERENZA CON LANDECY | Arte e Luoghi<\/title>\n<meta name=\"robots\" content=\"index, follow, max-snippet:-1, max-image-preview:large, max-video-preview:-1\" \/>\n<link rel=\"canonical\" href=\"https:\/\/arteeluoghi.it\/index.php\/2011\/05\/21\/il-punto-sul-paesaggio-conferenza-con-landecy\/\" \/>\n<meta property=\"og:locale\" content=\"it_IT\" \/>\n<meta property=\"og:type\" content=\"article\" \/>\n<meta property=\"og:title\" content=\"IL PUNTO SUL PAESAGGIO. CONFERENZA CON LANDECY | Arte e Luoghi\" \/>\n<meta property=\"og:description\" content=\"\u00a0 IL PUNTO SUL PAESAGGIO Conferenza di Jean-Michel Landecy, docente del workshop di fotografia &#8220;Milano 2011: l&#8217;Osservatorio dei territori&#8221; 26\" \/>\n<meta property=\"og:url\" content=\"https:\/\/arteeluoghi.it\/index.php\/2011\/05\/21\/il-punto-sul-paesaggio-conferenza-con-landecy\/\" \/>\n<meta property=\"og:site_name\" content=\"Arte e Luoghi\" \/>\n<meta property=\"article:publisher\" content=\"https:\/\/www.facebook.com\/ArteELuoghi\/\" \/>\n<meta property=\"article:published_time\" content=\"2011-05-21T18:56:13+00:00\" \/>\n<meta property=\"article:modified_time\" content=\"2017-08-06T22:22:56+00:00\" \/>\n<meta property=\"og:image\" content=\"https:\/\/arteeluoghi.it\/images\/stories\/landecy.jpg\" \/>\n<meta name=\"twitter:card\" content=\"summary\" \/>\n<meta name=\"twitter:creator\" content=\"@arteeluoghi\" \/>\n<meta name=\"twitter:site\" content=\"@arteeluoghi\" \/>\n<meta name=\"twitter:label1\" content=\"Scritto da\" \/>\n\t<meta name=\"twitter:data1\" content=\"Staff\" \/>\n\t<meta name=\"twitter:label2\" content=\"Tempo di lettura stimato\" \/>\n\t<meta name=\"twitter:data2\" content=\"1 minuto\" \/>\n<script type=\"application\/ld+json\" class=\"yoast-schema-graph\">{\"@context\":\"https:\/\/schema.org\",\"@graph\":[{\"@type\":\"Organization\",\"@id\":\"https:\/\/arteeluoghi.it\/#organization\",\"name\":\"Arte e Luoghi\",\"url\":\"https:\/\/arteeluoghi.it\/\",\"sameAs\":[\"https:\/\/www.facebook.com\/ArteELuoghi\/\",\"https:\/\/www.instagram.com\/arteeluoghi\/?hl=it\",\"https:\/\/www.youtube.com\/channel\/UCuRVc4JW4-C5sg9rQB-srkw?view_as=subscriber\",\"https:\/\/twitter.com\/arteeluoghi\"],\"logo\":{\"@type\":\"ImageObject\",\"@id\":\"https:\/\/arteeluoghi.it\/#logo\",\"inLanguage\":\"it-IT\",\"url\":\"https:\/\/arteeluoghi.it\/wp-content\/uploads\/2018\/08\/logoinstagramarte.jpg\",\"contentUrl\":\"https:\/\/arteeluoghi.it\/wp-content\/uploads\/2018\/08\/logoinstagramarte.jpg\",\"width\":150,\"height\":150,\"caption\":\"Arte e Luoghi\"},\"image\":{\"@id\":\"https:\/\/arteeluoghi.it\/#logo\"}},{\"@type\":\"WebSite\",\"@id\":\"https:\/\/arteeluoghi.it\/#website\",\"url\":\"https:\/\/arteeluoghi.it\/\",\"name\":\"Arte e Luoghi\",\"description\":\"Mensile di arte, cultura, turismo e curiosit\u00e0\",\"publisher\":{\"@id\":\"https:\/\/arteeluoghi.it\/#organization\"},\"potentialAction\":[{\"@type\":\"SearchAction\",\"target\":{\"@type\":\"EntryPoint\",\"urlTemplate\":\"https:\/\/arteeluoghi.it\/?s={search_term_string}\"},\"query-input\":\"required name=search_term_string\"}],\"inLanguage\":\"it-IT\"},{\"@type\":\"ImageObject\",\"@id\":\"https:\/\/arteeluoghi.it\/index.php\/2011\/05\/21\/il-punto-sul-paesaggio-conferenza-con-landecy\/#primaryimage\",\"inLanguage\":\"it-IT\",\"url\":\"\/images\/stories\/landecy.jpg\",\"contentUrl\":\"\/images\/stories\/landecy.jpg\"},{\"@type\":\"WebPage\",\"@id\":\"https:\/\/arteeluoghi.it\/index.php\/2011\/05\/21\/il-punto-sul-paesaggio-conferenza-con-landecy\/#webpage\",\"url\":\"https:\/\/arteeluoghi.it\/index.php\/2011\/05\/21\/il-punto-sul-paesaggio-conferenza-con-landecy\/\",\"name\":\"IL PUNTO SUL PAESAGGIO. CONFERENZA CON LANDECY | Arte e Luoghi\",\"isPartOf\":{\"@id\":\"https:\/\/arteeluoghi.it\/#website\"},\"primaryImageOfPage\":{\"@id\":\"https:\/\/arteeluoghi.it\/index.php\/2011\/05\/21\/il-punto-sul-paesaggio-conferenza-con-landecy\/#primaryimage\"},\"datePublished\":\"2011-05-21T18:56:13+00:00\",\"dateModified\":\"2017-08-06T22:22:56+00:00\",\"breadcrumb\":{\"@id\":\"https:\/\/arteeluoghi.it\/index.php\/2011\/05\/21\/il-punto-sul-paesaggio-conferenza-con-landecy\/#breadcrumb\"},\"inLanguage\":\"it-IT\",\"potentialAction\":[{\"@type\":\"ReadAction\",\"target\":[\"https:\/\/arteeluoghi.it\/index.php\/2011\/05\/21\/il-punto-sul-paesaggio-conferenza-con-landecy\/\"]}]},{\"@type\":\"BreadcrumbList\",\"@id\":\"https:\/\/arteeluoghi.it\/index.php\/2011\/05\/21\/il-punto-sul-paesaggio-conferenza-con-landecy\/#breadcrumb\",\"itemListElement\":[{\"@type\":\"ListItem\",\"position\":1,\"name\":\"Home\",\"item\":\"https:\/\/arteeluoghi.it\/\"},{\"@type\":\"ListItem\",\"position\":2,\"name\":\"IL PUNTO SUL PAESAGGIO. CONFERENZA CON LANDECY\"}]},{\"@type\":\"Article\",\"@id\":\"https:\/\/arteeluoghi.it\/index.php\/2011\/05\/21\/il-punto-sul-paesaggio-conferenza-con-landecy\/#article\",\"isPartOf\":{\"@id\":\"https:\/\/arteeluoghi.it\/index.php\/2011\/05\/21\/il-punto-sul-paesaggio-conferenza-con-landecy\/#webpage\"},\"author\":{\"@id\":\"https:\/\/arteeluoghi.it\/#\/schema\/person\/f84e814e36e91e01448ee07eaadd41d4\"},\"headline\":\"IL PUNTO SUL PAESAGGIO. CONFERENZA CON LANDECY\",\"datePublished\":\"2011-05-21T18:56:13+00:00\",\"dateModified\":\"2017-08-06T22:22:56+00:00\",\"mainEntityOfPage\":{\"@id\":\"https:\/\/arteeluoghi.it\/index.php\/2011\/05\/21\/il-punto-sul-paesaggio-conferenza-con-landecy\/#webpage\"},\"wordCount\":299,\"commentCount\":0,\"publisher\":{\"@id\":\"https:\/\/arteeluoghi.it\/#organization\"},\"image\":{\"@id\":\"https:\/\/arteeluoghi.it\/index.php\/2011\/05\/21\/il-punto-sul-paesaggio-conferenza-con-landecy\/#primaryimage\"},\"thumbnailUrl\":\"\/images\/stories\/landecy.jpg\",\"articleSection\":[\"Notizie\"],\"inLanguage\":\"it-IT\",\"potentialAction\":[{\"@type\":\"CommentAction\",\"name\":\"Comment\",\"target\":[\"https:\/\/arteeluoghi.it\/index.php\/2011\/05\/21\/il-punto-sul-paesaggio-conferenza-con-landecy\/#respond\"]}]},{\"@type\":\"Person\",\"@id\":\"https:\/\/arteeluoghi.it\/#\/schema\/person\/f84e814e36e91e01448ee07eaadd41d4\",\"name\":\"Staff\",\"image\":{\"@type\":\"ImageObject\",\"@id\":\"https:\/\/arteeluoghi.it\/#personlogo\",\"inLanguage\":\"it-IT\",\"url\":\"https:\/\/secure.gravatar.com\/avatar\/49d2f9e46271bb04e19cebfaf141313a?s=96&d=blank&r=g\",\"contentUrl\":\"https:\/\/secure.gravatar.com\/avatar\/49d2f9e46271bb04e19cebfaf141313a?s=96&d=blank&r=g\",\"caption\":\"Staff\"}}]}<\/script>\n<!-- \/ Yoast SEO plugin. -->","yoast_head_json":{"title":"IL PUNTO SUL PAESAGGIO. CONFERENZA CON LANDECY | Arte e Luoghi","robots":{"index":"index","follow":"follow","max-snippet":"max-snippet:-1","max-image-preview":"max-image-preview:large","max-video-preview":"max-video-preview:-1"},"canonical":"https:\/\/arteeluoghi.it\/index.php\/2011\/05\/21\/il-punto-sul-paesaggio-conferenza-con-landecy\/","og_locale":"it_IT","og_type":"article","og_title":"IL PUNTO SUL PAESAGGIO. CONFERENZA CON LANDECY | Arte e Luoghi","og_description":"\u00a0 IL PUNTO SUL PAESAGGIO Conferenza di Jean-Michel Landecy, docente del workshop di fotografia &#8220;Milano 2011: l&#8217;Osservatorio dei territori&#8221; 26","og_url":"https:\/\/arteeluoghi.it\/index.php\/2011\/05\/21\/il-punto-sul-paesaggio-conferenza-con-landecy\/","og_site_name":"Arte e Luoghi","article_publisher":"https:\/\/www.facebook.com\/ArteELuoghi\/","article_published_time":"2011-05-21T18:56:13+00:00","article_modified_time":"2017-08-06T22:22:56+00:00","og_image":[{"url":"https:\/\/arteeluoghi.it\/images\/stories\/landecy.jpg"}],"twitter_card":"summary","twitter_creator":"@arteeluoghi","twitter_site":"@arteeluoghi","twitter_misc":{"Scritto da":"Staff","Tempo di lettura stimato":"1 minuto"},"schema":{"@context":"https:\/\/schema.org","@graph":[{"@type":"Organization","@id":"https:\/\/arteeluoghi.it\/#organization","name":"Arte e Luoghi","url":"https:\/\/arteeluoghi.it\/","sameAs":["https:\/\/www.facebook.com\/ArteELuoghi\/","https:\/\/www.instagram.com\/arteeluoghi\/?hl=it","https:\/\/www.youtube.com\/channel\/UCuRVc4JW4-C5sg9rQB-srkw?view_as=subscriber","https:\/\/twitter.com\/arteeluoghi"],"logo":{"@type":"ImageObject","@id":"https:\/\/arteeluoghi.it\/#logo","inLanguage":"it-IT","url":"https:\/\/arteeluoghi.it\/wp-content\/uploads\/2018\/08\/logoinstagramarte.jpg","contentUrl":"https:\/\/arteeluoghi.it\/wp-content\/uploads\/2018\/08\/logoinstagramarte.jpg","width":150,"height":150,"caption":"Arte e Luoghi"},"image":{"@id":"https:\/\/arteeluoghi.it\/#logo"}},{"@type":"WebSite","@id":"https:\/\/arteeluoghi.it\/#website","url":"https:\/\/arteeluoghi.it\/","name":"Arte e Luoghi","description":"Mensile di arte, cultura, turismo e curiosit\u00e0","publisher":{"@id":"https:\/\/arteeluoghi.it\/#organization"},"potentialAction":[{"@type":"SearchAction","target":{"@type":"EntryPoint","urlTemplate":"https:\/\/arteeluoghi.it\/?s={search_term_string}"},"query-input":"required name=search_term_string"}],"inLanguage":"it-IT"},{"@type":"ImageObject","@id":"https:\/\/arteeluoghi.it\/index.php\/2011\/05\/21\/il-punto-sul-paesaggio-conferenza-con-landecy\/#primaryimage","inLanguage":"it-IT","url":"\/images\/stories\/landecy.jpg","contentUrl":"\/images\/stories\/landecy.jpg"},{"@type":"WebPage","@id":"https:\/\/arteeluoghi.it\/index.php\/2011\/05\/21\/il-punto-sul-paesaggio-conferenza-con-landecy\/#webpage","url":"https:\/\/arteeluoghi.it\/index.php\/2011\/05\/21\/il-punto-sul-paesaggio-conferenza-con-landecy\/","name":"IL PUNTO SUL PAESAGGIO. CONFERENZA CON LANDECY | Arte e Luoghi","isPartOf":{"@id":"https:\/\/arteeluoghi.it\/#website"},"primaryImageOfPage":{"@id":"https:\/\/arteeluoghi.it\/index.php\/2011\/05\/21\/il-punto-sul-paesaggio-conferenza-con-landecy\/#primaryimage"},"datePublished":"2011-05-21T18:56:13+00:00","dateModified":"2017-08-06T22:22:56+00:00","breadcrumb":{"@id":"https:\/\/arteeluoghi.it\/index.php\/2011\/05\/21\/il-punto-sul-paesaggio-conferenza-con-landecy\/#breadcrumb"},"inLanguage":"it-IT","potentialAction":[{"@type":"ReadAction","target":["https:\/\/arteeluoghi.it\/index.php\/2011\/05\/21\/il-punto-sul-paesaggio-conferenza-con-landecy\/"]}]},{"@type":"BreadcrumbList","@id":"https:\/\/arteeluoghi.it\/index.php\/2011\/05\/21\/il-punto-sul-paesaggio-conferenza-con-landecy\/#breadcrumb","itemListElement":[{"@type":"ListItem","position":1,"name":"Home","item":"https:\/\/arteeluoghi.it\/"},{"@type":"ListItem","position":2,"name":"IL PUNTO SUL PAESAGGIO. CONFERENZA CON LANDECY"}]},{"@type":"Article","@id":"https:\/\/arteeluoghi.it\/index.php\/2011\/05\/21\/il-punto-sul-paesaggio-conferenza-con-landecy\/#article","isPartOf":{"@id":"https:\/\/arteeluoghi.it\/index.php\/2011\/05\/21\/il-punto-sul-paesaggio-conferenza-con-landecy\/#webpage"},"author":{"@id":"https:\/\/arteeluoghi.it\/#\/schema\/person\/f84e814e36e91e01448ee07eaadd41d4"},"headline":"IL PUNTO SUL PAESAGGIO. CONFERENZA CON LANDECY","datePublished":"2011-05-21T18:56:13+00:00","dateModified":"2017-08-06T22:22:56+00:00","mainEntityOfPage":{"@id":"https:\/\/arteeluoghi.it\/index.php\/2011\/05\/21\/il-punto-sul-paesaggio-conferenza-con-landecy\/#webpage"},"wordCount":299,"commentCount":0,"publisher":{"@id":"https:\/\/arteeluoghi.it\/#organization"},"image":{"@id":"https:\/\/arteeluoghi.it\/index.php\/2011\/05\/21\/il-punto-sul-paesaggio-conferenza-con-landecy\/#primaryimage"},"thumbnailUrl":"\/images\/stories\/landecy.jpg","articleSection":["Notizie"],"inLanguage":"it-IT","potentialAction":[{"@type":"CommentAction","name":"Comment","target":["https:\/\/arteeluoghi.it\/index.php\/2011\/05\/21\/il-punto-sul-paesaggio-conferenza-con-landecy\/#respond"]}]},{"@type":"Person","@id":"https:\/\/arteeluoghi.it\/#\/schema\/person\/f84e814e36e91e01448ee07eaadd41d4","name":"Staff","image":{"@type":"ImageObject","@id":"https:\/\/arteeluoghi.it\/#personlogo","inLanguage":"it-IT","url":"https:\/\/secure.gravatar.com\/avatar\/49d2f9e46271bb04e19cebfaf141313a?s=96&d=blank&r=g","contentUrl":"https:\/\/secure.gravatar.com\/avatar\/49d2f9e46271bb04e19cebfaf141313a?s=96&d=blank&r=g","caption":"Staff"}}]}},"_links":{"self":[{"href":"https:\/\/arteeluoghi.it\/index.php\/wp-json\/wp\/v2\/posts\/283"}],"collection":[{"href":"https:\/\/arteeluoghi.it\/index.php\/wp-json\/wp\/v2\/posts"}],"about":[{"href":"https:\/\/arteeluoghi.it\/index.php\/wp-json\/wp\/v2\/types\/post"}],"author":[{"embeddable":true,"href":"https:\/\/arteeluoghi.it\/index.php\/wp-json\/wp\/v2\/users\/1"}],"replies":[{"embeddable":true,"href":"https:\/\/arteeluoghi.it\/index.php\/wp-json\/wp\/v2\/comments?post=283"}],"version-history":[{"count":1,"href":"https:\/\/arteeluoghi.it\/index.php\/wp-json\/wp\/v2\/posts\/283\/revisions"}],"predecessor-version":[{"id":3173,"href":"https:\/\/arteeluoghi.it\/index.php\/wp-json\/wp\/v2\/posts\/283\/revisions\/3173"}],"wp:attachment":[{"href":"https:\/\/arteeluoghi.it\/index.php\/wp-json\/wp\/v2\/media?parent=283"}],"wp:term":[{"taxonomy":"category","embeddable":true,"href":"https:\/\/arteeluoghi.it\/index.php\/wp-json\/wp\/v2\/categories?post=283"},{"taxonomy":"post_tag","embeddable":true,"href":"https:\/\/arteeluoghi.it\/index.php\/wp-json\/wp\/v2\/tags?post=283"}],"curies":[{"name":"wp","href":"https:\/\/api.w.org\/{rel}","templated":true}]}}