{"id":290,"date":"2011-06-11T05:09:09","date_gmt":"2011-06-11T03:09:09","guid":{"rendered":"http:\/\/arteeluoghi.it\/index.php\/2011\/06\/11\/pino-pascali-fantasia-della-trasformazione\/"},"modified":"2011-06-11T05:09:09","modified_gmt":"2011-06-11T03:09:09","slug":"pino-pascali-fantasia-della-trasformazione","status":"publish","type":"post","link":"https:\/\/arteeluoghi.it\/index.php\/2011\/06\/11\/pino-pascali-fantasia-della-trasformazione\/","title":{"rendered":"PINO PASCALI. Fantasia della trasformazione"},"content":{"rendered":"<p><img src=\"\/images\/stories\/pascali.jpg\" border=\"0\" style=\"float: left; margin: 12px;\" \/><\/p>\n<p>\u00a0<\/p>\n<p>PINO PASCALI Fantasia della trasformazione<\/p>\n<p>\u00a0<\/p>\n<p>dall&#8217; 11 Giugno al 30 Settembre 2011<\/p>\n<p>Galleria Granelli, Livorno<\/p>\n<p><strong>Pino Pascali<\/strong> ha attraversato  la storia dell\u2019arte italiana come  una folgorante meteora. Nato a Bari  nel 1935 e morto a soli trentatr\u00e9  anni in un incidente motociclistico, \u00e8  ritenuto con Boetti e Manzoni  uno degli artisti d\u2019avanguardia pi\u00f9  innovativi del dopoguerra italiano.<br \/>Malgrado  la fulminea carriera,  gi\u00e0 in vita ottenne un consenso pressoch\u00e9  unanime per la dirompente  originalit\u00e0 del suo talento. Nel 1968, pochi  mesi prima della morte, La  Biennale di Venezia gli dedica una sala  personale e i riconoscimenti  postumi non si fanno attendere: si  susseguono premi internazionali e  mostre nei pi\u00f9 prestigiosi musei  d\u2019arte contemporanea.<br \/>Senza argini  la sua immaginazione, pronta alle  manipolazioni e alle trasformazioni  con assemblaggi d\u2019oggetti d\u2019uso  quotidiano, di cose che gli capitavano  sotto mano. Da bricoleur aveva  creato con i pi\u00f9 diversi utensili quelle  armi che espose a Torino  presso la galleria Sperone nel gennaio 1966 e  che non furono senza  influenze sulla nascita dell\u2019arte povera.<br \/>Dopo  aver frequentato il  liceo artistico di Napoli che per lui era stato un  mero tirocinio  accademico,fu con l\u2019arrivo a Roma nel \u201955-56 che Pascali,  entrato  all\u2019Accademia nella scuola di scenografia tenuta da Toti  Scialoja,  cominci\u00f2 a prendere coscienza di se stesso e della direzione  in cui  poteva avviare tutte le sue possibilit\u00e0 tecniche. Inizi\u00f2, come  Warhol e  altri artisti entrati nella storia dell\u2019arte, nella scenografia   pubblicitaria e cinema d\u2019animazione, prima con la Incom, poi con la   Saraceni \u2013Lodolo Cinematografica, ed infine per quattro anni al Centro   di produzione RAI-TV, come aiuto scenografo di \u201cStudio Uno\u201d. Non volle   passare direttamente nel campo artistico ma aspettare l\u2019occasione   favorevole. Per quanto infatti, nel suo studio, fossero gi\u00e0 stati Ileana   Sonnabend e Pierre Restany, condotti da Plinio De Martiis, solo nel   1965 fece la sua prima mostra alla galleria La Tartaruga con grandi   pezzi plastici. Un anno dopo Pascali aveva trovato ne l\u2019Attico di Fabio   Sargentini la galleria che doveva decretarne la definitiva  affermazione.  Le grandi mostre realizzate all\u2019Attico interessarono  subito anche  Alexandre Jolas: proprio alla viglilia della moste era  stata fissata da  Jolas una sua grande mostra a New York (dopo quelle di  Milano e di  Parigi).Da giugno a ottobre del 1968 fu invitato per una  mostra  personale alla XXXlV Biennale di Venezia presentata da Palma  Bucarelli,  direttrice della Galleria Nazionale d&#8217;Arte Moderna. Era  stato conosciuto  direttamente nel centro ormai dell\u2019arte moderna questo  artista nuovo  che, pur essendo chiamato a far parte delle tendenze pi\u00f9  avanzate del  momento, non assomigliava a nessuno.<br \/>Una parola va  detta sul lavoro  di Pascali riguardante la pubblicit\u00e0 in cui travas\u00f2  tutti gli umori  giocosi e allegri della sua immaginazione (e continu\u00f2 a  versare, perch\u00e9  non abbandon\u00f2 mai il mondo dei \u201ccaroselli\u201d e della  pubblicit\u00e0)  invenzioni deliziose e anche autentici capolavori, ricchi  di spunti che  poi, in forme diverse, riemergono nella sua attivit\u00e0 di  artista  espositore. Tanto che oggi le loro quotazioni critiche sono in  continuo  rialzo. Come ha scritto Claudia Lodolo, \u201ci lavori per la  pubblicit\u00e0  realizzati da Pino Pascali tra 1958 e il 1968 \u2013 purtroppo  ancora poco  noti al grande pubblico \u2013 hanno pian piano guadagnato un  posto di alto  interesse e larga considerazione nel mondo artistico,  tanto da  definirli, al pari delle altre sue opere pittoriche o  scultoree,  creazioni di indiscutibile gusto e capacit\u00e0 creativa\u201d.<\/p>\n<p>\u00a0<\/p>\n<p>(fonte: comunicato stampa)<\/p>\n<p>\u00a0<\/p>\n<p><strong>LIVORNO<\/strong><br \/>Piazza Luigi Orlando, 5<br \/>Tel. e fax 0586 809451<br \/><strong>orari galleria:<\/strong><br \/>10,00 &#8211; 13,00<br \/>16,00 &#8211; 19,30<br \/>giorno chiusura : domenica e lunedi.<\/p>\n","protected":false},"excerpt":{"rendered":"<p>\u00a0 PINO PASCALI Fantasia della trasformazione \u00a0 dall&#8217; 11 Giugno al 30 Settembre 2011 Galleria Granelli, Livorno Pino Pascali ha<\/p>\n","protected":false},"author":1,"featured_media":0,"comment_status":"open","ping_status":"open","sticky":false,"template":"","format":"standard","meta":[],"categories":[3],"tags":[],"yoast_head":"<!-- This site is optimized with the Yoast SEO plugin v18.0 - https:\/\/yoast.com\/wordpress\/plugins\/seo\/ -->\n<title>PINO PASCALI. Fantasia della trasformazione | Arte e Luoghi<\/title>\n<meta name=\"robots\" content=\"index, follow, max-snippet:-1, max-image-preview:large, max-video-preview:-1\" \/>\n<link rel=\"canonical\" href=\"https:\/\/arteeluoghi.it\/index.php\/2011\/06\/11\/pino-pascali-fantasia-della-trasformazione\/\" \/>\n<meta property=\"og:locale\" content=\"it_IT\" \/>\n<meta property=\"og:type\" content=\"article\" \/>\n<meta property=\"og:title\" content=\"PINO PASCALI. Fantasia della trasformazione | Arte e Luoghi\" \/>\n<meta property=\"og:description\" content=\"\u00a0 PINO PASCALI Fantasia della trasformazione \u00a0 dall&#8217; 11 Giugno al 30 Settembre 2011 Galleria Granelli, Livorno Pino Pascali ha\" \/>\n<meta property=\"og:url\" content=\"https:\/\/arteeluoghi.it\/index.php\/2011\/06\/11\/pino-pascali-fantasia-della-trasformazione\/\" \/>\n<meta property=\"og:site_name\" content=\"Arte e Luoghi\" \/>\n<meta property=\"article:publisher\" content=\"https:\/\/www.facebook.com\/ArteELuoghi\/\" \/>\n<meta property=\"article:published_time\" content=\"2011-06-11T03:09:09+00:00\" \/>\n<meta property=\"og:image\" content=\"https:\/\/arteeluoghi.it\/images\/stories\/pascali.jpg\" \/>\n<meta name=\"twitter:card\" content=\"summary\" \/>\n<meta name=\"twitter:creator\" content=\"@arteeluoghi\" \/>\n<meta name=\"twitter:site\" content=\"@arteeluoghi\" \/>\n<meta name=\"twitter:label1\" content=\"Scritto da\" \/>\n\t<meta name=\"twitter:data1\" content=\"Staff\" \/>\n\t<meta name=\"twitter:label2\" content=\"Tempo di lettura stimato\" \/>\n\t<meta name=\"twitter:data2\" content=\"3 minuti\" \/>\n<script type=\"application\/ld+json\" class=\"yoast-schema-graph\">{\"@context\":\"https:\/\/schema.org\",\"@graph\":[{\"@type\":\"Organization\",\"@id\":\"https:\/\/arteeluoghi.it\/#organization\",\"name\":\"Arte e Luoghi\",\"url\":\"https:\/\/arteeluoghi.it\/\",\"sameAs\":[\"https:\/\/www.facebook.com\/ArteELuoghi\/\",\"https:\/\/www.instagram.com\/arteeluoghi\/?hl=it\",\"https:\/\/www.youtube.com\/channel\/UCuRVc4JW4-C5sg9rQB-srkw?view_as=subscriber\",\"https:\/\/twitter.com\/arteeluoghi\"],\"logo\":{\"@type\":\"ImageObject\",\"@id\":\"https:\/\/arteeluoghi.it\/#logo\",\"inLanguage\":\"it-IT\",\"url\":\"https:\/\/arteeluoghi.it\/wp-content\/uploads\/2018\/08\/logoinstagramarte.jpg\",\"contentUrl\":\"https:\/\/arteeluoghi.it\/wp-content\/uploads\/2018\/08\/logoinstagramarte.jpg\",\"width\":150,\"height\":150,\"caption\":\"Arte e Luoghi\"},\"image\":{\"@id\":\"https:\/\/arteeluoghi.it\/#logo\"}},{\"@type\":\"WebSite\",\"@id\":\"https:\/\/arteeluoghi.it\/#website\",\"url\":\"https:\/\/arteeluoghi.it\/\",\"name\":\"Arte e Luoghi\",\"description\":\"Mensile di arte, cultura, turismo e curiosit\u00e0\",\"publisher\":{\"@id\":\"https:\/\/arteeluoghi.it\/#organization\"},\"potentialAction\":[{\"@type\":\"SearchAction\",\"target\":{\"@type\":\"EntryPoint\",\"urlTemplate\":\"https:\/\/arteeluoghi.it\/?s={search_term_string}\"},\"query-input\":\"required name=search_term_string\"}],\"inLanguage\":\"it-IT\"},{\"@type\":\"ImageObject\",\"@id\":\"https:\/\/arteeluoghi.it\/index.php\/2011\/06\/11\/pino-pascali-fantasia-della-trasformazione\/#primaryimage\",\"inLanguage\":\"it-IT\",\"url\":\"\/images\/stories\/pascali.jpg\",\"contentUrl\":\"\/images\/stories\/pascali.jpg\"},{\"@type\":\"WebPage\",\"@id\":\"https:\/\/arteeluoghi.it\/index.php\/2011\/06\/11\/pino-pascali-fantasia-della-trasformazione\/#webpage\",\"url\":\"https:\/\/arteeluoghi.it\/index.php\/2011\/06\/11\/pino-pascali-fantasia-della-trasformazione\/\",\"name\":\"PINO PASCALI. Fantasia della trasformazione | Arte e Luoghi\",\"isPartOf\":{\"@id\":\"https:\/\/arteeluoghi.it\/#website\"},\"primaryImageOfPage\":{\"@id\":\"https:\/\/arteeluoghi.it\/index.php\/2011\/06\/11\/pino-pascali-fantasia-della-trasformazione\/#primaryimage\"},\"datePublished\":\"2011-06-11T03:09:09+00:00\",\"dateModified\":\"2011-06-11T03:09:09+00:00\",\"breadcrumb\":{\"@id\":\"https:\/\/arteeluoghi.it\/index.php\/2011\/06\/11\/pino-pascali-fantasia-della-trasformazione\/#breadcrumb\"},\"inLanguage\":\"it-IT\",\"potentialAction\":[{\"@type\":\"ReadAction\",\"target\":[\"https:\/\/arteeluoghi.it\/index.php\/2011\/06\/11\/pino-pascali-fantasia-della-trasformazione\/\"]}]},{\"@type\":\"BreadcrumbList\",\"@id\":\"https:\/\/arteeluoghi.it\/index.php\/2011\/06\/11\/pino-pascali-fantasia-della-trasformazione\/#breadcrumb\",\"itemListElement\":[{\"@type\":\"ListItem\",\"position\":1,\"name\":\"Home\",\"item\":\"https:\/\/arteeluoghi.it\/\"},{\"@type\":\"ListItem\",\"position\":2,\"name\":\"PINO PASCALI. Fantasia della trasformazione\"}]},{\"@type\":\"Article\",\"@id\":\"https:\/\/arteeluoghi.it\/index.php\/2011\/06\/11\/pino-pascali-fantasia-della-trasformazione\/#article\",\"isPartOf\":{\"@id\":\"https:\/\/arteeluoghi.it\/index.php\/2011\/06\/11\/pino-pascali-fantasia-della-trasformazione\/#webpage\"},\"author\":{\"@id\":\"https:\/\/arteeluoghi.it\/#\/schema\/person\/f84e814e36e91e01448ee07eaadd41d4\"},\"headline\":\"PINO PASCALI. Fantasia della trasformazione\",\"datePublished\":\"2011-06-11T03:09:09+00:00\",\"dateModified\":\"2011-06-11T03:09:09+00:00\",\"mainEntityOfPage\":{\"@id\":\"https:\/\/arteeluoghi.it\/index.php\/2011\/06\/11\/pino-pascali-fantasia-della-trasformazione\/#webpage\"},\"wordCount\":575,\"commentCount\":0,\"publisher\":{\"@id\":\"https:\/\/arteeluoghi.it\/#organization\"},\"image\":{\"@id\":\"https:\/\/arteeluoghi.it\/index.php\/2011\/06\/11\/pino-pascali-fantasia-della-trasformazione\/#primaryimage\"},\"thumbnailUrl\":\"\/images\/stories\/pascali.jpg\",\"articleSection\":[\"Arti visive\"],\"inLanguage\":\"it-IT\",\"potentialAction\":[{\"@type\":\"CommentAction\",\"name\":\"Comment\",\"target\":[\"https:\/\/arteeluoghi.it\/index.php\/2011\/06\/11\/pino-pascali-fantasia-della-trasformazione\/#respond\"]}]},{\"@type\":\"Person\",\"@id\":\"https:\/\/arteeluoghi.it\/#\/schema\/person\/f84e814e36e91e01448ee07eaadd41d4\",\"name\":\"Staff\",\"image\":{\"@type\":\"ImageObject\",\"@id\":\"https:\/\/arteeluoghi.it\/#personlogo\",\"inLanguage\":\"it-IT\",\"url\":\"https:\/\/secure.gravatar.com\/avatar\/49d2f9e46271bb04e19cebfaf141313a?s=96&d=blank&r=g\",\"contentUrl\":\"https:\/\/secure.gravatar.com\/avatar\/49d2f9e46271bb04e19cebfaf141313a?s=96&d=blank&r=g\",\"caption\":\"Staff\"}}]}<\/script>\n<!-- \/ Yoast SEO plugin. -->","yoast_head_json":{"title":"PINO PASCALI. Fantasia della trasformazione | Arte e Luoghi","robots":{"index":"index","follow":"follow","max-snippet":"max-snippet:-1","max-image-preview":"max-image-preview:large","max-video-preview":"max-video-preview:-1"},"canonical":"https:\/\/arteeluoghi.it\/index.php\/2011\/06\/11\/pino-pascali-fantasia-della-trasformazione\/","og_locale":"it_IT","og_type":"article","og_title":"PINO PASCALI. Fantasia della trasformazione | Arte e Luoghi","og_description":"\u00a0 PINO PASCALI Fantasia della trasformazione \u00a0 dall&#8217; 11 Giugno al 30 Settembre 2011 Galleria Granelli, Livorno Pino Pascali ha","og_url":"https:\/\/arteeluoghi.it\/index.php\/2011\/06\/11\/pino-pascali-fantasia-della-trasformazione\/","og_site_name":"Arte e Luoghi","article_publisher":"https:\/\/www.facebook.com\/ArteELuoghi\/","article_published_time":"2011-06-11T03:09:09+00:00","og_image":[{"url":"https:\/\/arteeluoghi.it\/images\/stories\/pascali.jpg"}],"twitter_card":"summary","twitter_creator":"@arteeluoghi","twitter_site":"@arteeluoghi","twitter_misc":{"Scritto da":"Staff","Tempo di lettura stimato":"3 minuti"},"schema":{"@context":"https:\/\/schema.org","@graph":[{"@type":"Organization","@id":"https:\/\/arteeluoghi.it\/#organization","name":"Arte e Luoghi","url":"https:\/\/arteeluoghi.it\/","sameAs":["https:\/\/www.facebook.com\/ArteELuoghi\/","https:\/\/www.instagram.com\/arteeluoghi\/?hl=it","https:\/\/www.youtube.com\/channel\/UCuRVc4JW4-C5sg9rQB-srkw?view_as=subscriber","https:\/\/twitter.com\/arteeluoghi"],"logo":{"@type":"ImageObject","@id":"https:\/\/arteeluoghi.it\/#logo","inLanguage":"it-IT","url":"https:\/\/arteeluoghi.it\/wp-content\/uploads\/2018\/08\/logoinstagramarte.jpg","contentUrl":"https:\/\/arteeluoghi.it\/wp-content\/uploads\/2018\/08\/logoinstagramarte.jpg","width":150,"height":150,"caption":"Arte e Luoghi"},"image":{"@id":"https:\/\/arteeluoghi.it\/#logo"}},{"@type":"WebSite","@id":"https:\/\/arteeluoghi.it\/#website","url":"https:\/\/arteeluoghi.it\/","name":"Arte e Luoghi","description":"Mensile di arte, cultura, turismo e curiosit\u00e0","publisher":{"@id":"https:\/\/arteeluoghi.it\/#organization"},"potentialAction":[{"@type":"SearchAction","target":{"@type":"EntryPoint","urlTemplate":"https:\/\/arteeluoghi.it\/?s={search_term_string}"},"query-input":"required name=search_term_string"}],"inLanguage":"it-IT"},{"@type":"ImageObject","@id":"https:\/\/arteeluoghi.it\/index.php\/2011\/06\/11\/pino-pascali-fantasia-della-trasformazione\/#primaryimage","inLanguage":"it-IT","url":"\/images\/stories\/pascali.jpg","contentUrl":"\/images\/stories\/pascali.jpg"},{"@type":"WebPage","@id":"https:\/\/arteeluoghi.it\/index.php\/2011\/06\/11\/pino-pascali-fantasia-della-trasformazione\/#webpage","url":"https:\/\/arteeluoghi.it\/index.php\/2011\/06\/11\/pino-pascali-fantasia-della-trasformazione\/","name":"PINO PASCALI. Fantasia della trasformazione | Arte e Luoghi","isPartOf":{"@id":"https:\/\/arteeluoghi.it\/#website"},"primaryImageOfPage":{"@id":"https:\/\/arteeluoghi.it\/index.php\/2011\/06\/11\/pino-pascali-fantasia-della-trasformazione\/#primaryimage"},"datePublished":"2011-06-11T03:09:09+00:00","dateModified":"2011-06-11T03:09:09+00:00","breadcrumb":{"@id":"https:\/\/arteeluoghi.it\/index.php\/2011\/06\/11\/pino-pascali-fantasia-della-trasformazione\/#breadcrumb"},"inLanguage":"it-IT","potentialAction":[{"@type":"ReadAction","target":["https:\/\/arteeluoghi.it\/index.php\/2011\/06\/11\/pino-pascali-fantasia-della-trasformazione\/"]}]},{"@type":"BreadcrumbList","@id":"https:\/\/arteeluoghi.it\/index.php\/2011\/06\/11\/pino-pascali-fantasia-della-trasformazione\/#breadcrumb","itemListElement":[{"@type":"ListItem","position":1,"name":"Home","item":"https:\/\/arteeluoghi.it\/"},{"@type":"ListItem","position":2,"name":"PINO PASCALI. Fantasia della trasformazione"}]},{"@type":"Article","@id":"https:\/\/arteeluoghi.it\/index.php\/2011\/06\/11\/pino-pascali-fantasia-della-trasformazione\/#article","isPartOf":{"@id":"https:\/\/arteeluoghi.it\/index.php\/2011\/06\/11\/pino-pascali-fantasia-della-trasformazione\/#webpage"},"author":{"@id":"https:\/\/arteeluoghi.it\/#\/schema\/person\/f84e814e36e91e01448ee07eaadd41d4"},"headline":"PINO PASCALI. Fantasia della trasformazione","datePublished":"2011-06-11T03:09:09+00:00","dateModified":"2011-06-11T03:09:09+00:00","mainEntityOfPage":{"@id":"https:\/\/arteeluoghi.it\/index.php\/2011\/06\/11\/pino-pascali-fantasia-della-trasformazione\/#webpage"},"wordCount":575,"commentCount":0,"publisher":{"@id":"https:\/\/arteeluoghi.it\/#organization"},"image":{"@id":"https:\/\/arteeluoghi.it\/index.php\/2011\/06\/11\/pino-pascali-fantasia-della-trasformazione\/#primaryimage"},"thumbnailUrl":"\/images\/stories\/pascali.jpg","articleSection":["Arti visive"],"inLanguage":"it-IT","potentialAction":[{"@type":"CommentAction","name":"Comment","target":["https:\/\/arteeluoghi.it\/index.php\/2011\/06\/11\/pino-pascali-fantasia-della-trasformazione\/#respond"]}]},{"@type":"Person","@id":"https:\/\/arteeluoghi.it\/#\/schema\/person\/f84e814e36e91e01448ee07eaadd41d4","name":"Staff","image":{"@type":"ImageObject","@id":"https:\/\/arteeluoghi.it\/#personlogo","inLanguage":"it-IT","url":"https:\/\/secure.gravatar.com\/avatar\/49d2f9e46271bb04e19cebfaf141313a?s=96&d=blank&r=g","contentUrl":"https:\/\/secure.gravatar.com\/avatar\/49d2f9e46271bb04e19cebfaf141313a?s=96&d=blank&r=g","caption":"Staff"}}]}},"_links":{"self":[{"href":"https:\/\/arteeluoghi.it\/index.php\/wp-json\/wp\/v2\/posts\/290"}],"collection":[{"href":"https:\/\/arteeluoghi.it\/index.php\/wp-json\/wp\/v2\/posts"}],"about":[{"href":"https:\/\/arteeluoghi.it\/index.php\/wp-json\/wp\/v2\/types\/post"}],"author":[{"embeddable":true,"href":"https:\/\/arteeluoghi.it\/index.php\/wp-json\/wp\/v2\/users\/1"}],"replies":[{"embeddable":true,"href":"https:\/\/arteeluoghi.it\/index.php\/wp-json\/wp\/v2\/comments?post=290"}],"version-history":[{"count":0,"href":"https:\/\/arteeluoghi.it\/index.php\/wp-json\/wp\/v2\/posts\/290\/revisions"}],"wp:attachment":[{"href":"https:\/\/arteeluoghi.it\/index.php\/wp-json\/wp\/v2\/media?parent=290"}],"wp:term":[{"taxonomy":"category","embeddable":true,"href":"https:\/\/arteeluoghi.it\/index.php\/wp-json\/wp\/v2\/categories?post=290"},{"taxonomy":"post_tag","embeddable":true,"href":"https:\/\/arteeluoghi.it\/index.php\/wp-json\/wp\/v2\/tags?post=290"}],"curies":[{"name":"wp","href":"https:\/\/api.w.org\/{rel}","templated":true}]}}