{"id":3322,"date":"2017-07-08T00:47:25","date_gmt":"2017-07-07T22:47:25","guid":{"rendered":"http:\/\/arteeluoghi.it\/?p=3322"},"modified":"2017-08-08T00:51:26","modified_gmt":"2017-08-07T22:51:26","slug":"le-piazze-barocche-del-salento-e-la-commedia-allitaliana","status":"publish","type":"post","link":"https:\/\/arteeluoghi.it\/index.php\/2017\/07\/08\/le-piazze-barocche-del-salento-e-la-commedia-allitaliana\/","title":{"rendered":"Le piazze barocche del Salento e la commedia all&#8217;italiana"},"content":{"rendered":"<p>di Stefano Camb\u00f2<\/p>\n<p><img loading=\"lazy\" class=\"size-medium wp-image-3323 alignleft\" src=\"https:\/\/arteeluoghi.it\/wp-content\/uploads\/2017\/08\/lecce-300x261.jpg\" alt=\"\" width=\"300\" height=\"261\" srcset=\"https:\/\/arteeluoghi.it\/wp-content\/uploads\/2017\/08\/lecce-300x261.jpg 300w, https:\/\/arteeluoghi.it\/wp-content\/uploads\/2017\/08\/lecce-768x669.jpg 768w, https:\/\/arteeluoghi.it\/wp-content\/uploads\/2017\/08\/lecce-1024x891.jpg 1024w, https:\/\/arteeluoghi.it\/wp-content\/uploads\/2017\/08\/lecce.jpg 1235w\" sizes=\"(max-width: 300px) 100vw, 300px\" \/>LECCE. Negli ultimi anni si \u00e8 assistito ad un incremento notevole della produzione cinematografica italiana legato alla rinascita di un genere che sta ritrovando finalmente il suo vecchio splendore, dopo anni passati un po\u2019 in sordina.<br \/>\nIl genere in questione \u00e8 quello della commedia (nel senso letterale del termine).<br \/>\nQuella stessa commedia che cerca di far ridere e allo stesso tempo riflettere il pubblico sulle tematiche sociali e culturali del tempo che viviamo.<br \/>\nIl che non \u00e8 sempre semplice, visto il periodo storico e politico!<br \/>\nEppure, nonostante le nuvole all\u2019orizzonte, molti registi e produttori italiani si sono messi in gioco ponendo le loro capacit\u00e0 intellettuali al servizio di questa antica e sempre verde arte del raccontare.<br \/>\nCos\u00ec in gioco che nell\u2019ultimo decennio sono stati sfornati tantissimi film che si rifanno a questo genere.<br \/>\nE alcuni di questi (divenuti grandi successi al botteghino), devono molto della loro fortuna alle locations scelte. Pi\u00f9 che locations, le piazze!<!--more--><br \/>\nO meglio ancora, le piazze barocche del Salento\u2026 La nuova terra promessa del cinema italiano.<br \/>\nCos\u00ec promessa, da diventare un vero e proprio set a cielo aperto in tutte le stagioni dell\u2019anno.<br \/>\nInfatti, dal duemila ad oggi, si \u00e8 assistito ad un incremento notevole delle commedie nostrane che hanno scelto il Tacco d\u2019Italia come luogo d\u2019ambientazione naturale per le vicende raccontate durante la pellicola.<br \/>\nVicende che trovano il loro punto di forza appunto nelle piazze, diventate nei vari film, lo scenario perfetto per le peripezie e le vicissitudini dei vari protagonisti.<br \/>\nCapostipite e portabandiera a tal proposito \u00e8 sicuramente Piazza Sant\u2019Oronzo a Lecce, centro nevralgico e pulsante della vita sociale della citt\u00e0 e diventata celeberrima nel 2010 grazie al film Mine Vaganti del regista turco Ferzan Ozpeteck, che qui girer\u00e0 una delle scene pi\u00f9 divertenti ed esilaranti del suo film (quella della chiacchierata a denti stretti tra il padre e il figlio ai tavolini del bar, con il primo convinto che tutti lo stiano a guardare e giudicare).<br \/>\nIn parte occupata dall\u2019Anfiteatro Romano risalente al I e II secolo, questa bellissima piazza (definita il Salotto elegante di Lecce), vede innalzarsi su un lato una colonna, donata a tutta la comunit\u00e0 dalla citt\u00e0 di Brindisi, con sopra la statua di Sant\u2019Oronzo.<br \/>\nDi fronte alla statua si trova l\u2019armonioso Palazzetto del Sedile, antica sede del Municipio, dove il sindaco riceveva i cittadini e oggi punto strategico per le informazioni turistiche.<br \/>\nA pochi metri da questo edificio, sorge la Chiesetta di San Marco, importante testimonianza dell\u2019esistenza nel capoluogo di una piccola colonia di mercanti veneti giunti in citt\u00e0 per praticare attivit\u00e0 legate all\u2019ambito del commercio.<br \/>\nUn\u2019altra testimonianza artistica posta davanti all\u2019anfiteatro romano \u00e8 la Chiesa di Santa Maria delle Grazie con la facciata in perfetto stile barocco.<br \/>\nDa Lecce ci dobbiamo spostare in provincia, per andare in un altro luogo e di conseguenza in un\u2019altra piazza protagonista di un fortunato film degli ultimi anni.<br \/>\nStiamo parlando della commedia Sei mai stata sulla Luna? di Paolo Genovese che vede tra i vari interpreti attori del calibro di Raul Bova, Neri Marcor\u00e8 (perfetto nell\u2019imitare l\u2019accento salentino), Sergio Rubini, Sabrina Impacciatore ed Emilio Solfrizzi.<br \/>\nEbbene, le riprese di questa brillante pellicola, sono state girate nel 2014 in buona parte nella bellissima Piazza Salandra a Nard\u00f2, da sempre considerata il cuore pulsante della citt\u00e0 e centro della vita amministrativa, sociale e religiosa sin dalle sue antiche origini.<br \/>\nQui, infatti erano ubicati i due bar del film (quello un p\u00f2 vintage di Sergio Rubini e quello new age di Emilio Solfrizzi ) e sempre qui \u00e8 stata girata la suggestiva scena corale della festa patronale con il lancio dei palloni nel cielo da parte dei protagonisti.<br \/>\nLa nascita di questa piazza risale al XIV secolo ed \u00e8 resa ancora pi\u00f9 importante dalla presenza di numerosi monumenti di un certa rilevanza storica e architettonica. Infatti, al centro, si innalza La Guglia dell\u2019Immacolata realizzata per forte volont\u00e0 della popolazione locale a seguito del terribile terremoto che sconvolse il Salento nel 1743.<br \/>\nIn perfetto stile barocco \u00e8 alta ben 19 metri e la sua base \u00e8 di forma piramidale a pianta ottagonale. La costruzione in carparo (tipica pietra del territorio dall\u2019inconfondibile colore ), \u00e8 costituita da cinque differenti blocchi di grandezza crescente dal basso verso l\u2019alto ed impreziositi dalle statue di San Giuseppe, Santa Anna, San Gioacchino e San Domenico.<br \/>\nUna serie di decorazioni e fregi accompagnano tutta la struttura portante fino alla sua estremit\u00e0 dove \u00e8 posta la Statua di Maria Immacolata.<br \/>\nAltri monumenti d\u2019importanza architettonica, culturale ed artistica, che si affacciano sulla piazza e circondano la Guglia, sono il Sedile, la Chiesa di San Trifone, il Vecchio Palazzo Dell\u2019Universit\u00e0, la Chiesa di San Domenico e la Fontana del Toro (simbolo storico della citt\u00e0).<br \/>\nE con l\u2019immagine ancora negli occhi del centro di Nard\u00f2, scendiamo lungo tutto il tacco d\u2019Italia per parlare di una commedia uscita nel 2006, sequel attesissimo di un film che ha fatto sicuramente la fortuna dell\u2019attore che lo ha interpretato negli anni Ottanta.<br \/>\nStiamo parlando di Diego Abatantuono naturalmente (l\u2019amato Giudice Mastrangelo della fortunata fiction girata in parte nel bellissimo Palazzo del Principe e nell\u2019antistante Piazza Del Popolo di Muro Leccese) e del suo Eccezziunale Veramente\u2026 Capitolo Secondo me, diretto da Carlo Vanzina<br \/>\nche ha scelto di filmare uno dei tre episodi proprio nel Salento facendo tappa per le riprese in molte localit\u00e0 conosciute della zona.<br \/>\nInfatti per le scene corali (quelle che vedono gli attori passeggiare in mezzo alla folla durante la festa di paese) sono state selezionate come set naturali, le piazze di tre comuni del Basso Salento.<br \/>\nLa prima, in ordine di posizione geografica, \u00e8 Piazza Dante a Vaste, piccolo paese conosciuto per le sue origini messapiche risalenti molto probabilmente al 600 a.C.<br \/>\nDa visitare oltre al centro storico, sono la Cripta dei Santi Stefani, il Palazzo Baronale e uscendo dai confini cittadini il Parco dei Guerrieri, una grande area archeologica che include gli antichi scavi risalenti al periodo messapico.<br \/>\nAd un paio di chilometri da Vaste, c\u2019\u00e8 il comune di Poggiardo con la piazza Umberto I e la piazza Giovanni Paolo II, usate entrambe come set durante le riprese (qui infatti era ubicata la casa dove viveva Diego Abatantuono nel film).<br \/>\nInfine, scendendo un po\u2019 pi\u00f9 gi\u00f9, c\u2019\u00e8 la bellissima Piazza del Popolo di Specchia (uno dei borghi pi\u00f9 belli d\u2019Italia) su cui si affacciano la Chiesa Madre, il Palazzo Risolo e il Palazzo Baronale Ripa e usata dal regista soprattutto per girare gli esterni.<br \/>\nQuegli stessi esterni che sono diventati ormai un meta turistica ambita dai tanti avventori che scelgono il Salento, oltre che per lu sule, lu mare e lu ientu\u2026 Anche per le sue bellissime piazze impregnate di arte barocca.<\/p>\n","protected":false},"excerpt":{"rendered":"<p>di Stefano Camb\u00f2 LECCE. Negli ultimi anni si \u00e8 assistito ad un incremento notevole della produzione cinematografica italiana legato alla<\/p>\n","protected":false},"author":1,"featured_media":3323,"comment_status":"open","ping_status":"open","sticky":true,"template":"","format":"standard","meta":[],"categories":[110],"tags":[111,112,76],"yoast_head":"<!-- This site is optimized with the Yoast SEO plugin v18.0 - https:\/\/yoast.com\/wordpress\/plugins\/seo\/ -->\n<title>Le piazze barocche del Salento e la commedia all&#039;italiana | Arte e Luoghi<\/title>\n<meta name=\"robots\" content=\"index, follow, max-snippet:-1, max-image-preview:large, max-video-preview:-1\" \/>\n<link rel=\"canonical\" href=\"https:\/\/arteeluoghi.it\/index.php\/2017\/07\/08\/le-piazze-barocche-del-salento-e-la-commedia-allitaliana\/\" \/>\n<meta property=\"og:locale\" content=\"it_IT\" \/>\n<meta property=\"og:type\" content=\"article\" \/>\n<meta property=\"og:title\" content=\"Le piazze barocche del Salento e la commedia all&#039;italiana | Arte e Luoghi\" \/>\n<meta property=\"og:description\" content=\"di Stefano Camb\u00f2 LECCE. Negli ultimi anni si \u00e8 assistito ad un incremento notevole della produzione cinematografica italiana legato alla\" \/>\n<meta property=\"og:url\" content=\"https:\/\/arteeluoghi.it\/index.php\/2017\/07\/08\/le-piazze-barocche-del-salento-e-la-commedia-allitaliana\/\" \/>\n<meta property=\"og:site_name\" content=\"Arte e Luoghi\" \/>\n<meta property=\"article:publisher\" content=\"https:\/\/www.facebook.com\/ArteELuoghi\/\" \/>\n<meta property=\"article:published_time\" content=\"2017-07-07T22:47:25+00:00\" \/>\n<meta property=\"article:modified_time\" content=\"2017-08-07T22:51:26+00:00\" \/>\n<meta property=\"og:image\" content=\"https:\/\/arteeluoghi.it\/wp-content\/uploads\/2017\/08\/lecce.jpg\" \/>\n\t<meta property=\"og:image:width\" content=\"1235\" \/>\n\t<meta property=\"og:image:height\" content=\"1075\" \/>\n\t<meta property=\"og:image:type\" content=\"image\/jpeg\" \/>\n<meta name=\"twitter:card\" content=\"summary\" \/>\n<meta name=\"twitter:creator\" content=\"@arteeluoghi\" \/>\n<meta name=\"twitter:site\" content=\"@arteeluoghi\" \/>\n<meta name=\"twitter:label1\" content=\"Scritto da\" \/>\n\t<meta name=\"twitter:data1\" content=\"Staff\" \/>\n\t<meta name=\"twitter:label2\" content=\"Tempo di lettura stimato\" \/>\n\t<meta name=\"twitter:data2\" content=\"6 minuti\" \/>\n<script type=\"application\/ld+json\" class=\"yoast-schema-graph\">{\"@context\":\"https:\/\/schema.org\",\"@graph\":[{\"@type\":\"Organization\",\"@id\":\"https:\/\/arteeluoghi.it\/#organization\",\"name\":\"Arte e Luoghi\",\"url\":\"https:\/\/arteeluoghi.it\/\",\"sameAs\":[\"https:\/\/www.facebook.com\/ArteELuoghi\/\",\"https:\/\/www.instagram.com\/arteeluoghi\/?hl=it\",\"https:\/\/www.youtube.com\/channel\/UCuRVc4JW4-C5sg9rQB-srkw?view_as=subscriber\",\"https:\/\/twitter.com\/arteeluoghi\"],\"logo\":{\"@type\":\"ImageObject\",\"@id\":\"https:\/\/arteeluoghi.it\/#logo\",\"inLanguage\":\"it-IT\",\"url\":\"https:\/\/arteeluoghi.it\/wp-content\/uploads\/2018\/08\/logoinstagramarte.jpg\",\"contentUrl\":\"https:\/\/arteeluoghi.it\/wp-content\/uploads\/2018\/08\/logoinstagramarte.jpg\",\"width\":150,\"height\":150,\"caption\":\"Arte e Luoghi\"},\"image\":{\"@id\":\"https:\/\/arteeluoghi.it\/#logo\"}},{\"@type\":\"WebSite\",\"@id\":\"https:\/\/arteeluoghi.it\/#website\",\"url\":\"https:\/\/arteeluoghi.it\/\",\"name\":\"Arte e Luoghi\",\"description\":\"Mensile di arte, cultura, turismo e curiosit\u00e0\",\"publisher\":{\"@id\":\"https:\/\/arteeluoghi.it\/#organization\"},\"potentialAction\":[{\"@type\":\"SearchAction\",\"target\":{\"@type\":\"EntryPoint\",\"urlTemplate\":\"https:\/\/arteeluoghi.it\/?s={search_term_string}\"},\"query-input\":\"required name=search_term_string\"}],\"inLanguage\":\"it-IT\"},{\"@type\":\"ImageObject\",\"@id\":\"https:\/\/arteeluoghi.it\/index.php\/2017\/07\/08\/le-piazze-barocche-del-salento-e-la-commedia-allitaliana\/#primaryimage\",\"inLanguage\":\"it-IT\",\"url\":\"https:\/\/arteeluoghi.it\/wp-content\/uploads\/2017\/08\/lecce.jpg\",\"contentUrl\":\"https:\/\/arteeluoghi.it\/wp-content\/uploads\/2017\/08\/lecce.jpg\",\"width\":1235,\"height\":1075},{\"@type\":\"WebPage\",\"@id\":\"https:\/\/arteeluoghi.it\/index.php\/2017\/07\/08\/le-piazze-barocche-del-salento-e-la-commedia-allitaliana\/#webpage\",\"url\":\"https:\/\/arteeluoghi.it\/index.php\/2017\/07\/08\/le-piazze-barocche-del-salento-e-la-commedia-allitaliana\/\",\"name\":\"Le piazze barocche del Salento e la commedia all'italiana | Arte e Luoghi\",\"isPartOf\":{\"@id\":\"https:\/\/arteeluoghi.it\/#website\"},\"primaryImageOfPage\":{\"@id\":\"https:\/\/arteeluoghi.it\/index.php\/2017\/07\/08\/le-piazze-barocche-del-salento-e-la-commedia-allitaliana\/#primaryimage\"},\"datePublished\":\"2017-07-07T22:47:25+00:00\",\"dateModified\":\"2017-08-07T22:51:26+00:00\",\"breadcrumb\":{\"@id\":\"https:\/\/arteeluoghi.it\/index.php\/2017\/07\/08\/le-piazze-barocche-del-salento-e-la-commedia-allitaliana\/#breadcrumb\"},\"inLanguage\":\"it-IT\",\"potentialAction\":[{\"@type\":\"ReadAction\",\"target\":[\"https:\/\/arteeluoghi.it\/index.php\/2017\/07\/08\/le-piazze-barocche-del-salento-e-la-commedia-allitaliana\/\"]}]},{\"@type\":\"BreadcrumbList\",\"@id\":\"https:\/\/arteeluoghi.it\/index.php\/2017\/07\/08\/le-piazze-barocche-del-salento-e-la-commedia-allitaliana\/#breadcrumb\",\"itemListElement\":[{\"@type\":\"ListItem\",\"position\":1,\"name\":\"Home\",\"item\":\"https:\/\/arteeluoghi.it\/\"},{\"@type\":\"ListItem\",\"position\":2,\"name\":\"Le piazze barocche del Salento e la commedia all&#8217;italiana\"}]},{\"@type\":\"Article\",\"@id\":\"https:\/\/arteeluoghi.it\/index.php\/2017\/07\/08\/le-piazze-barocche-del-salento-e-la-commedia-allitaliana\/#article\",\"isPartOf\":{\"@id\":\"https:\/\/arteeluoghi.it\/index.php\/2017\/07\/08\/le-piazze-barocche-del-salento-e-la-commedia-allitaliana\/#webpage\"},\"author\":{\"@id\":\"https:\/\/arteeluoghi.it\/#\/schema\/person\/f84e814e36e91e01448ee07eaadd41d4\"},\"headline\":\"Le piazze barocche del Salento e la commedia all&#8217;italiana\",\"datePublished\":\"2017-07-07T22:47:25+00:00\",\"dateModified\":\"2017-08-07T22:51:26+00:00\",\"mainEntityOfPage\":{\"@id\":\"https:\/\/arteeluoghi.it\/index.php\/2017\/07\/08\/le-piazze-barocche-del-salento-e-la-commedia-allitaliana\/#webpage\"},\"wordCount\":1125,\"commentCount\":0,\"publisher\":{\"@id\":\"https:\/\/arteeluoghi.it\/#organization\"},\"image\":{\"@id\":\"https:\/\/arteeluoghi.it\/index.php\/2017\/07\/08\/le-piazze-barocche-del-salento-e-la-commedia-allitaliana\/#primaryimage\"},\"thumbnailUrl\":\"https:\/\/arteeluoghi.it\/wp-content\/uploads\/2017\/08\/lecce.jpg\",\"keywords\":[\"i luoghi del cinema\",\"piazze barocche\",\"Salento\"],\"articleSection\":[\"i luoghi del cinema\"],\"inLanguage\":\"it-IT\",\"potentialAction\":[{\"@type\":\"CommentAction\",\"name\":\"Comment\",\"target\":[\"https:\/\/arteeluoghi.it\/index.php\/2017\/07\/08\/le-piazze-barocche-del-salento-e-la-commedia-allitaliana\/#respond\"]}]},{\"@type\":\"Person\",\"@id\":\"https:\/\/arteeluoghi.it\/#\/schema\/person\/f84e814e36e91e01448ee07eaadd41d4\",\"name\":\"Staff\",\"image\":{\"@type\":\"ImageObject\",\"@id\":\"https:\/\/arteeluoghi.it\/#personlogo\",\"inLanguage\":\"it-IT\",\"url\":\"https:\/\/secure.gravatar.com\/avatar\/49d2f9e46271bb04e19cebfaf141313a?s=96&d=blank&r=g\",\"contentUrl\":\"https:\/\/secure.gravatar.com\/avatar\/49d2f9e46271bb04e19cebfaf141313a?s=96&d=blank&r=g\",\"caption\":\"Staff\"}}]}<\/script>\n<!-- \/ Yoast SEO plugin. -->","yoast_head_json":{"title":"Le piazze barocche del Salento e la commedia all'italiana | Arte e Luoghi","robots":{"index":"index","follow":"follow","max-snippet":"max-snippet:-1","max-image-preview":"max-image-preview:large","max-video-preview":"max-video-preview:-1"},"canonical":"https:\/\/arteeluoghi.it\/index.php\/2017\/07\/08\/le-piazze-barocche-del-salento-e-la-commedia-allitaliana\/","og_locale":"it_IT","og_type":"article","og_title":"Le piazze barocche del Salento e la commedia all'italiana | Arte e Luoghi","og_description":"di Stefano Camb\u00f2 LECCE. Negli ultimi anni si \u00e8 assistito ad un incremento notevole della produzione cinematografica italiana legato alla","og_url":"https:\/\/arteeluoghi.it\/index.php\/2017\/07\/08\/le-piazze-barocche-del-salento-e-la-commedia-allitaliana\/","og_site_name":"Arte e Luoghi","article_publisher":"https:\/\/www.facebook.com\/ArteELuoghi\/","article_published_time":"2017-07-07T22:47:25+00:00","article_modified_time":"2017-08-07T22:51:26+00:00","og_image":[{"width":1235,"height":1075,"url":"https:\/\/arteeluoghi.it\/wp-content\/uploads\/2017\/08\/lecce.jpg","type":"image\/jpeg"}],"twitter_card":"summary","twitter_creator":"@arteeluoghi","twitter_site":"@arteeluoghi","twitter_misc":{"Scritto da":"Staff","Tempo di lettura stimato":"6 minuti"},"schema":{"@context":"https:\/\/schema.org","@graph":[{"@type":"Organization","@id":"https:\/\/arteeluoghi.it\/#organization","name":"Arte e Luoghi","url":"https:\/\/arteeluoghi.it\/","sameAs":["https:\/\/www.facebook.com\/ArteELuoghi\/","https:\/\/www.instagram.com\/arteeluoghi\/?hl=it","https:\/\/www.youtube.com\/channel\/UCuRVc4JW4-C5sg9rQB-srkw?view_as=subscriber","https:\/\/twitter.com\/arteeluoghi"],"logo":{"@type":"ImageObject","@id":"https:\/\/arteeluoghi.it\/#logo","inLanguage":"it-IT","url":"https:\/\/arteeluoghi.it\/wp-content\/uploads\/2018\/08\/logoinstagramarte.jpg","contentUrl":"https:\/\/arteeluoghi.it\/wp-content\/uploads\/2018\/08\/logoinstagramarte.jpg","width":150,"height":150,"caption":"Arte e Luoghi"},"image":{"@id":"https:\/\/arteeluoghi.it\/#logo"}},{"@type":"WebSite","@id":"https:\/\/arteeluoghi.it\/#website","url":"https:\/\/arteeluoghi.it\/","name":"Arte e Luoghi","description":"Mensile di arte, cultura, turismo e curiosit\u00e0","publisher":{"@id":"https:\/\/arteeluoghi.it\/#organization"},"potentialAction":[{"@type":"SearchAction","target":{"@type":"EntryPoint","urlTemplate":"https:\/\/arteeluoghi.it\/?s={search_term_string}"},"query-input":"required name=search_term_string"}],"inLanguage":"it-IT"},{"@type":"ImageObject","@id":"https:\/\/arteeluoghi.it\/index.php\/2017\/07\/08\/le-piazze-barocche-del-salento-e-la-commedia-allitaliana\/#primaryimage","inLanguage":"it-IT","url":"https:\/\/arteeluoghi.it\/wp-content\/uploads\/2017\/08\/lecce.jpg","contentUrl":"https:\/\/arteeluoghi.it\/wp-content\/uploads\/2017\/08\/lecce.jpg","width":1235,"height":1075},{"@type":"WebPage","@id":"https:\/\/arteeluoghi.it\/index.php\/2017\/07\/08\/le-piazze-barocche-del-salento-e-la-commedia-allitaliana\/#webpage","url":"https:\/\/arteeluoghi.it\/index.php\/2017\/07\/08\/le-piazze-barocche-del-salento-e-la-commedia-allitaliana\/","name":"Le piazze barocche del Salento e la commedia all'italiana | Arte e Luoghi","isPartOf":{"@id":"https:\/\/arteeluoghi.it\/#website"},"primaryImageOfPage":{"@id":"https:\/\/arteeluoghi.it\/index.php\/2017\/07\/08\/le-piazze-barocche-del-salento-e-la-commedia-allitaliana\/#primaryimage"},"datePublished":"2017-07-07T22:47:25+00:00","dateModified":"2017-08-07T22:51:26+00:00","breadcrumb":{"@id":"https:\/\/arteeluoghi.it\/index.php\/2017\/07\/08\/le-piazze-barocche-del-salento-e-la-commedia-allitaliana\/#breadcrumb"},"inLanguage":"it-IT","potentialAction":[{"@type":"ReadAction","target":["https:\/\/arteeluoghi.it\/index.php\/2017\/07\/08\/le-piazze-barocche-del-salento-e-la-commedia-allitaliana\/"]}]},{"@type":"BreadcrumbList","@id":"https:\/\/arteeluoghi.it\/index.php\/2017\/07\/08\/le-piazze-barocche-del-salento-e-la-commedia-allitaliana\/#breadcrumb","itemListElement":[{"@type":"ListItem","position":1,"name":"Home","item":"https:\/\/arteeluoghi.it\/"},{"@type":"ListItem","position":2,"name":"Le piazze barocche del Salento e la commedia all&#8217;italiana"}]},{"@type":"Article","@id":"https:\/\/arteeluoghi.it\/index.php\/2017\/07\/08\/le-piazze-barocche-del-salento-e-la-commedia-allitaliana\/#article","isPartOf":{"@id":"https:\/\/arteeluoghi.it\/index.php\/2017\/07\/08\/le-piazze-barocche-del-salento-e-la-commedia-allitaliana\/#webpage"},"author":{"@id":"https:\/\/arteeluoghi.it\/#\/schema\/person\/f84e814e36e91e01448ee07eaadd41d4"},"headline":"Le piazze barocche del Salento e la commedia all&#8217;italiana","datePublished":"2017-07-07T22:47:25+00:00","dateModified":"2017-08-07T22:51:26+00:00","mainEntityOfPage":{"@id":"https:\/\/arteeluoghi.it\/index.php\/2017\/07\/08\/le-piazze-barocche-del-salento-e-la-commedia-allitaliana\/#webpage"},"wordCount":1125,"commentCount":0,"publisher":{"@id":"https:\/\/arteeluoghi.it\/#organization"},"image":{"@id":"https:\/\/arteeluoghi.it\/index.php\/2017\/07\/08\/le-piazze-barocche-del-salento-e-la-commedia-allitaliana\/#primaryimage"},"thumbnailUrl":"https:\/\/arteeluoghi.it\/wp-content\/uploads\/2017\/08\/lecce.jpg","keywords":["i luoghi del cinema","piazze barocche","Salento"],"articleSection":["i luoghi del cinema"],"inLanguage":"it-IT","potentialAction":[{"@type":"CommentAction","name":"Comment","target":["https:\/\/arteeluoghi.it\/index.php\/2017\/07\/08\/le-piazze-barocche-del-salento-e-la-commedia-allitaliana\/#respond"]}]},{"@type":"Person","@id":"https:\/\/arteeluoghi.it\/#\/schema\/person\/f84e814e36e91e01448ee07eaadd41d4","name":"Staff","image":{"@type":"ImageObject","@id":"https:\/\/arteeluoghi.it\/#personlogo","inLanguage":"it-IT","url":"https:\/\/secure.gravatar.com\/avatar\/49d2f9e46271bb04e19cebfaf141313a?s=96&d=blank&r=g","contentUrl":"https:\/\/secure.gravatar.com\/avatar\/49d2f9e46271bb04e19cebfaf141313a?s=96&d=blank&r=g","caption":"Staff"}}]}},"_links":{"self":[{"href":"https:\/\/arteeluoghi.it\/index.php\/wp-json\/wp\/v2\/posts\/3322"}],"collection":[{"href":"https:\/\/arteeluoghi.it\/index.php\/wp-json\/wp\/v2\/posts"}],"about":[{"href":"https:\/\/arteeluoghi.it\/index.php\/wp-json\/wp\/v2\/types\/post"}],"author":[{"embeddable":true,"href":"https:\/\/arteeluoghi.it\/index.php\/wp-json\/wp\/v2\/users\/1"}],"replies":[{"embeddable":true,"href":"https:\/\/arteeluoghi.it\/index.php\/wp-json\/wp\/v2\/comments?post=3322"}],"version-history":[{"count":1,"href":"https:\/\/arteeluoghi.it\/index.php\/wp-json\/wp\/v2\/posts\/3322\/revisions"}],"predecessor-version":[{"id":3324,"href":"https:\/\/arteeluoghi.it\/index.php\/wp-json\/wp\/v2\/posts\/3322\/revisions\/3324"}],"wp:featuredmedia":[{"embeddable":true,"href":"https:\/\/arteeluoghi.it\/index.php\/wp-json\/wp\/v2\/media\/3323"}],"wp:attachment":[{"href":"https:\/\/arteeluoghi.it\/index.php\/wp-json\/wp\/v2\/media?parent=3322"}],"wp:term":[{"taxonomy":"category","embeddable":true,"href":"https:\/\/arteeluoghi.it\/index.php\/wp-json\/wp\/v2\/categories?post=3322"},{"taxonomy":"post_tag","embeddable":true,"href":"https:\/\/arteeluoghi.it\/index.php\/wp-json\/wp\/v2\/tags?post=3322"}],"curies":[{"name":"wp","href":"https:\/\/api.w.org\/{rel}","templated":true}]}}