{"id":3326,"date":"2017-07-08T00:57:28","date_gmt":"2017-07-07T22:57:28","guid":{"rendered":"http:\/\/arteeluoghi.it\/?p=3326"},"modified":"2026-01-25T13:53:13","modified_gmt":"2026-01-25T12:53:13","slug":"la-collegiata-della-santissima-trinita-di-manduria","status":"publish","type":"post","link":"https:\/\/arteeluoghi.it\/index.php\/2017\/07\/08\/la-collegiata-della-santissima-trinita-di-manduria\/","title":{"rendered":"La Collegiata della Santissima Trinit\u00e0 di Manduria"},"content":{"rendered":"<p><img loading=\"lazy\" class=\"size-medium wp-image-3327 alignleft\" src=\"https:\/\/arteeluoghi.it\/wp-content\/uploads\/2017\/08\/IMG_20170530_201511-225x300.jpg\" alt=\"\" width=\"225\" height=\"300\" srcset=\"https:\/\/arteeluoghi.it\/wp-content\/uploads\/2017\/08\/IMG_20170530_201511-225x300.jpg 225w, https:\/\/arteeluoghi.it\/wp-content\/uploads\/2017\/08\/IMG_20170530_201511-768x1024.jpg 768w\" sizes=\"(max-width: 225px) 100vw, 225px\" \/>di Sara Foti Sciavaliere<\/p>\n<p>MANDURIA. Manduria \u00e8 il cuore del Salento, in quanto \u00e8 equidistante da Taranto, Lecce e Brindisi. \u00c8 nota anche come \u201cCitt\u00e0 dei Messapi\u201d e del \u201cPrimitivo\u201d e il suo nome potrebbe derivare dal termine indoeuropeo \u201cmandus\u201d che significa \u201ccavalli\u201d, riferendosi forse al fatto che i Messapi erano abili allevatori di cavalli, oppure molto pi\u00f9 probabilmente l\u2019etimologia della parola ricorda \u201cmand-Uria\u201d cio\u00e8 \u201cavanti a Oria\u201d, la citt\u00e0 confinante capitale politica della confederazione messapica.<br \/>\nNel centro storico di Manduria, che si sviluppa in una serie di stradine strette e contorte, tra i monumenti principali troviamo palazzi gentilizi, la torre dell\u2019orologio, il medievale quartiere ebraico con la sinagoga e la chiesa collegiata romanica intitolata allaTrinit\u00e0. Ogni manduriano guarda a questo edificio come al pi\u00f9 insegne tra quelli della citt\u00e0. Si tratta di un pregevole esempio di architettura religiosa pugliese che, all\u2019evidente impianto romanico, fonde influssi ed elementi tardo-gotici e catalaneggianti.<br \/>\n<!--more--><img loading=\"lazy\" class=\"alignnone size-medium wp-image-3328 alignright\" src=\"https:\/\/arteeluoghi.it\/wp-content\/uploads\/2017\/08\/IMG_20170530_201820-225x300.jpg\" alt=\"\" width=\"225\" height=\"300\" srcset=\"https:\/\/arteeluoghi.it\/wp-content\/uploads\/2017\/08\/IMG_20170530_201820-225x300.jpg 225w, https:\/\/arteeluoghi.it\/wp-content\/uploads\/2017\/08\/IMG_20170530_201820-768x1024.jpg 768w\" sizes=\"(max-width: 225px) 100vw, 225px\" \/>Dopo la conquista romana e secoli di invasioni, che portarono alla distruzione del paese nel 977, Manduria rinasce nell\u2019XI secolo con il nome di Casalnuovo per volont\u00e0 di Ruggero il Normanno. Nell\u2019antico centro della citt\u00e0 messapica di Manduria viene edificata la chiesa normanna, cuore della vita religiosa e cittadina. Come in altri casi, sul territorio nazionale, anche la struttura urbanistica della citt\u00e0 medievale di Casalnuovo prevedeva la collocazione della chiesa al centro, con strette vie e vicoli che la collegavano, e la collegano tutt\u2019ora, all\u2019esterno. Intorno c\u2019erano i \u201cservizi\u201d come il mercato, tanto che questa area conserva ancora il nome originario ossia Piazza Commestibili.<br \/>\nIl rapporto tra la chiesa attuale e quella medievale non \u00e8 ancora ben definito, ma \u00e8 certa la presenza di alcuni elementi che ci riportano indietro nel tempo, come i leoni stilofori collocati ai lati del portale d\u2019ingresso. L\u2019edificio fu realizzato nello stesso luogo dell\u2019antica chiesa normanna: di dimensione pi\u00f9 modesta rispetto a quella cinquecentesca, doveva limitarsi quasi soltanto allo spazio dell\u2019attuale presbiterio, e si pensa fosse composta da tre navate e dalla sacrestia, mentre il campanile, chiamato \u201cla gran torre della chiesa\u201d, potrebbe essere stato costruito precedentemente con scopi militari o civili. Altro dettaglio che porta a dedurre l\u2019esistenza di un\u2019antica chiesa \u00e8 l\u2019esposizione del prospetto a ponente, in uso nel periodo medievale. Questo affinch\u00e9 il sole nascente, penetrando nell\u2019edificio attraverso le finestre dall\u2019abside, illuminasse subito l\u2019altare maggiore.<br \/>\nAnche l\u2019inserimento del rosone sulla parte centrale della facciata, sebbene costruito durante il rifacimento cinquecentesco, rientra nello stile di una precedente tipologia architettonica che richiama il romanico-gotico.<br \/>\nLa costruzione della chiesa attuale fu iniziata invece sul finire del XV secolo e i lavori si dovettero concludere entro la seconda met\u00e0 di quello successivo, forse nel 1562. Ignoto \u00e8 il nome dell\u2019architetto, seppure il portale col soprastante rosone della facciata e il fonte battesimale (datato 1534), risultano opera del maestro Raimondo da Francavilla.<br \/>\nAltri interventi e ampliamenti furono eseguiti nel Settecento e nell\u2019Ottocento, la chiesa oggi visibile \u00e8 il risultato del restauro dell\u2019architetto anconetano Lorenzo Corrado Cesanelli che negli anni 1937-1939 la liber\u00f2 dalle sovrastrutture dei secoli XVIII e XIX, restituendole l\u2019antico aspetto.<br \/>\nSi evidenza inoltre che nel periodo rinascimentale ai lati dell\u2019antica chiesa furono costruite cappelle indipendenti e nel Settecento, abbattuti i muri di separazione, le navate da tre divennero cinque. Un altro importante intervento fu la costruzione del Cappellone dedicato al Santo Patrono San Gregorio Magno, edificato negli anni 1788-1792 a spese di tutta la cittadinanza di Manduria. Nel Cappellone sono custodite due bellissime statue del Santo. Nella nicchia a destra \u00e8 custodita la sta\u00adtua lignea policroma di San Gregorio Magno nelle vesti papali eseguita nel 1786 dai fratelli Trilocco, scultori napoletani; nelle nicchia a sinistra \u00e8 posta una seconda statua del Patrono, in cartapesta policroma, eseguita a Lecce nel 1902 da Raffaele Carretta.<br \/>\n<img loading=\"lazy\" class=\"size-medium wp-image-3329 alignleft\" src=\"https:\/\/arteeluoghi.it\/wp-content\/uploads\/2017\/08\/IMG_20170530_201810-225x300.jpg\" alt=\"\" width=\"225\" height=\"300\" srcset=\"https:\/\/arteeluoghi.it\/wp-content\/uploads\/2017\/08\/IMG_20170530_201810-225x300.jpg 225w, https:\/\/arteeluoghi.it\/wp-content\/uploads\/2017\/08\/IMG_20170530_201810-768x1024.jpg 768w\" sizes=\"(max-width: 225px) 100vw, 225px\" \/>Un elemento affascinate di questa costruzione \u00e8 di certo l\u2019interpretazione iconografica e la funzione comunicativa delle raffigurazioni sulla facciata: queste, come \u00e8 consuetudine nelle chiese e cattedrali romaniche e gotiche, hanno lo scopo di insegnare la fede religiosa alla gente del popolo che non sapeva leggere. La facciata della Chiesa \u00e8 cos\u00ec simile una bibbia \u201cscolpita\u201d, che insegna e ammonisce.<br \/>\nSe ci sofferma sul portale centrale non si potranno non notare due bassorilievi sulle due paraste, all\u2019altezza dei nostri occhi: su quella sinistra \u00e8 rappresentato un puttino con cartiglio su cui \u00e8 incisa una scritta riferita alla transitoriet\u00e0 della vita umana, lo stesso puttino poi poggia i piedi su un contenitore a forma di calice e ci d\u00e0 l\u2019impressione di rappresentare la vita; sull\u2019altra parasta, troviamo un bassorilievo che rappresenta, invece, un teschio dalla cui bocca esce un cartiglio a forma di falce con incisa una scritta di monito che invita l\u2019osservatore a vedere come diventer\u00e0 dopo la morte. Vita e morte, inizio e fine, purezza e peccato, e quindi il concetto che la vita \u00e8 il passaggio all\u2019aldil\u00e0. Questo probabilmente il messaggio da trasmettere a chi entrava nella chiesa.<br \/>\nSe si volge poi lo sguardo verso si pu\u00f2 osservare, in cima la portale, la lunetta ad arco ribassato con la SS. Trinit\u00e0, alla quale \u00e8 dedicata la Chiesa Matrice: al centro si pu\u00f2 ammirare l\u2019Eterno Padre che regge sul grembo il Cristo, ancora sulla Croce, contrariamente alla tradizionale iconografia delle \u201cDeposizioni\u201d dove il corpo del Cristo Morto, deposto dalla croce, \u00e8 adagiato sul grembo della Madonna; nei pennacchi ai lati della lunetta \u00e8 rappresentata l\u2019Annunciazione con L\u2019Angelo Annunciante e la Madonna con lo Spirito Santo. Qui \u00e8 possibile leggere la storia di Ges\u00f9 raccontata ancor prima della sua nascita, con l\u2019Angelo Annunciante e la Madonna, prima dell\u2019inizio e senza una vera e propria fine, poich\u00e9 il Cristo sul grembo dell\u2019Eterno Padre \u00e8 ancora sulla Croce, non \u00e8 morto. Il messaggio probabilmente vuole dirci che \u00e8 destino dell\u2019uomo portare la croce della sofferenza e lasciare le cose terrene, ma che Cristo non muore poich\u00e9 Padre, Figlio e Spirito Santo sono un\u2019unica persona e se l\u2019uomo si affida alla SS. Trinit\u00e0 avr\u00e0 il dono della Resurrezione. Ai piedi della SS. Trinit\u00e0 si legge in latino (Hii tres unum sunt).<br \/>\nNonostante sia stata costruita in tempi diversi, la struttura architettonica risulta organica, maestosa ed elegante. Visitando il centro storico di Manduria, la Chiesa Matrice merita do sicuro una visita attenta.<\/p>\n<p>La Collegiata della Santissima Trinit\u00e0 di Manduria, foto di Sara Foti Sciavaliere<\/p>\n","protected":false},"excerpt":{"rendered":"<p>di Sara Foti Sciavaliere MANDURIA. Manduria \u00e8 il cuore del Salento, in quanto \u00e8 equidistante da Taranto, Lecce e Brindisi.<\/p>\n","protected":false},"author":1,"featured_media":3328,"comment_status":"open","ping_status":"open","sticky":true,"template":"","format":"standard","meta":[],"categories":[43],"tags":[114,113,115],"yoast_head":"<!-- This site is optimized with the Yoast SEO plugin v18.0 - https:\/\/yoast.com\/wordpress\/plugins\/seo\/ -->\n<title>La Collegiata della Santissima Trinit\u00e0 di Manduria | Arte e Luoghi<\/title>\n<meta name=\"robots\" content=\"index, follow, max-snippet:-1, max-image-preview:large, max-video-preview:-1\" \/>\n<link rel=\"canonical\" href=\"https:\/\/arteeluoghi.it\/index.php\/2017\/07\/08\/la-collegiata-della-santissima-trinita-di-manduria\/\" \/>\n<meta property=\"og:locale\" content=\"it_IT\" \/>\n<meta property=\"og:type\" content=\"article\" \/>\n<meta property=\"og:title\" content=\"La Collegiata della Santissima Trinit\u00e0 di Manduria | Arte e Luoghi\" \/>\n<meta property=\"og:description\" content=\"di Sara Foti Sciavaliere MANDURIA. Manduria \u00e8 il cuore del Salento, in quanto \u00e8 equidistante da Taranto, Lecce e Brindisi.\" \/>\n<meta property=\"og:url\" content=\"https:\/\/arteeluoghi.it\/index.php\/2017\/07\/08\/la-collegiata-della-santissima-trinita-di-manduria\/\" \/>\n<meta property=\"og:site_name\" content=\"Arte e Luoghi\" \/>\n<meta property=\"article:publisher\" content=\"https:\/\/www.facebook.com\/ArteELuoghi\/\" \/>\n<meta property=\"article:published_time\" content=\"2017-07-07T22:57:28+00:00\" \/>\n<meta property=\"article:modified_time\" content=\"2026-01-25T12:53:13+00:00\" \/>\n<meta property=\"og:image\" content=\"https:\/\/arteeluoghi.it\/wp-content\/uploads\/2017\/08\/IMG_20170530_201820.jpg\" \/>\n\t<meta property=\"og:image:width\" content=\"2448\" \/>\n\t<meta property=\"og:image:height\" content=\"3264\" \/>\n\t<meta property=\"og:image:type\" content=\"image\/jpeg\" \/>\n<meta name=\"twitter:card\" content=\"summary\" \/>\n<meta name=\"twitter:creator\" content=\"@arteeluoghi\" \/>\n<meta name=\"twitter:site\" content=\"@arteeluoghi\" \/>\n<meta name=\"twitter:label1\" content=\"Scritto da\" \/>\n\t<meta name=\"twitter:data1\" content=\"Staff\" \/>\n\t<meta name=\"twitter:label2\" content=\"Tempo di lettura stimato\" \/>\n\t<meta name=\"twitter:data2\" content=\"7 minuti\" \/>\n<script type=\"application\/ld+json\" class=\"yoast-schema-graph\">{\"@context\":\"https:\/\/schema.org\",\"@graph\":[{\"@type\":\"Organization\",\"@id\":\"https:\/\/arteeluoghi.it\/#organization\",\"name\":\"Arte e Luoghi\",\"url\":\"https:\/\/arteeluoghi.it\/\",\"sameAs\":[\"https:\/\/www.facebook.com\/ArteELuoghi\/\",\"https:\/\/www.instagram.com\/arteeluoghi\/?hl=it\",\"https:\/\/www.youtube.com\/channel\/UCuRVc4JW4-C5sg9rQB-srkw?view_as=subscriber\",\"https:\/\/twitter.com\/arteeluoghi\"],\"logo\":{\"@type\":\"ImageObject\",\"@id\":\"https:\/\/arteeluoghi.it\/#logo\",\"inLanguage\":\"it-IT\",\"url\":\"https:\/\/arteeluoghi.it\/wp-content\/uploads\/2018\/08\/logoinstagramarte.jpg\",\"contentUrl\":\"https:\/\/arteeluoghi.it\/wp-content\/uploads\/2018\/08\/logoinstagramarte.jpg\",\"width\":150,\"height\":150,\"caption\":\"Arte e Luoghi\"},\"image\":{\"@id\":\"https:\/\/arteeluoghi.it\/#logo\"}},{\"@type\":\"WebSite\",\"@id\":\"https:\/\/arteeluoghi.it\/#website\",\"url\":\"https:\/\/arteeluoghi.it\/\",\"name\":\"Arte e Luoghi\",\"description\":\"Mensile di arte, cultura, turismo e curiosit\u00e0\",\"publisher\":{\"@id\":\"https:\/\/arteeluoghi.it\/#organization\"},\"potentialAction\":[{\"@type\":\"SearchAction\",\"target\":{\"@type\":\"EntryPoint\",\"urlTemplate\":\"https:\/\/arteeluoghi.it\/?s={search_term_string}\"},\"query-input\":\"required name=search_term_string\"}],\"inLanguage\":\"it-IT\"},{\"@type\":\"ImageObject\",\"@id\":\"https:\/\/arteeluoghi.it\/index.php\/2017\/07\/08\/la-collegiata-della-santissima-trinita-di-manduria\/#primaryimage\",\"inLanguage\":\"it-IT\",\"url\":\"https:\/\/arteeluoghi.it\/wp-content\/uploads\/2017\/08\/IMG_20170530_201820.jpg\",\"contentUrl\":\"https:\/\/arteeluoghi.it\/wp-content\/uploads\/2017\/08\/IMG_20170530_201820.jpg\",\"width\":2448,\"height\":3264,\"caption\":\"La Collegiata della Santissima Trinit\u00e0 di Manduria, foto di Sara Foti Sciavaliere\"},{\"@type\":\"WebPage\",\"@id\":\"https:\/\/arteeluoghi.it\/index.php\/2017\/07\/08\/la-collegiata-della-santissima-trinita-di-manduria\/#webpage\",\"url\":\"https:\/\/arteeluoghi.it\/index.php\/2017\/07\/08\/la-collegiata-della-santissima-trinita-di-manduria\/\",\"name\":\"La Collegiata della Santissima Trinit\u00e0 di Manduria | Arte e Luoghi\",\"isPartOf\":{\"@id\":\"https:\/\/arteeluoghi.it\/#website\"},\"primaryImageOfPage\":{\"@id\":\"https:\/\/arteeluoghi.it\/index.php\/2017\/07\/08\/la-collegiata-della-santissima-trinita-di-manduria\/#primaryimage\"},\"datePublished\":\"2017-07-07T22:57:28+00:00\",\"dateModified\":\"2026-01-25T12:53:13+00:00\",\"breadcrumb\":{\"@id\":\"https:\/\/arteeluoghi.it\/index.php\/2017\/07\/08\/la-collegiata-della-santissima-trinita-di-manduria\/#breadcrumb\"},\"inLanguage\":\"it-IT\",\"potentialAction\":[{\"@type\":\"ReadAction\",\"target\":[\"https:\/\/arteeluoghi.it\/index.php\/2017\/07\/08\/la-collegiata-della-santissima-trinita-di-manduria\/\"]}]},{\"@type\":\"BreadcrumbList\",\"@id\":\"https:\/\/arteeluoghi.it\/index.php\/2017\/07\/08\/la-collegiata-della-santissima-trinita-di-manduria\/#breadcrumb\",\"itemListElement\":[{\"@type\":\"ListItem\",\"position\":1,\"name\":\"Home\",\"item\":\"https:\/\/arteeluoghi.it\/\"},{\"@type\":\"ListItem\",\"position\":2,\"name\":\"La Collegiata della Santissima Trinit\u00e0 di Manduria\"}]},{\"@type\":\"Article\",\"@id\":\"https:\/\/arteeluoghi.it\/index.php\/2017\/07\/08\/la-collegiata-della-santissima-trinita-di-manduria\/#article\",\"isPartOf\":{\"@id\":\"https:\/\/arteeluoghi.it\/index.php\/2017\/07\/08\/la-collegiata-della-santissima-trinita-di-manduria\/#webpage\"},\"author\":{\"@id\":\"https:\/\/arteeluoghi.it\/#\/schema\/person\/f84e814e36e91e01448ee07eaadd41d4\"},\"headline\":\"La Collegiata della Santissima Trinit\u00e0 di Manduria\",\"datePublished\":\"2017-07-07T22:57:28+00:00\",\"dateModified\":\"2026-01-25T12:53:13+00:00\",\"mainEntityOfPage\":{\"@id\":\"https:\/\/arteeluoghi.it\/index.php\/2017\/07\/08\/la-collegiata-della-santissima-trinita-di-manduria\/#webpage\"},\"wordCount\":1058,\"commentCount\":0,\"publisher\":{\"@id\":\"https:\/\/arteeluoghi.it\/#organization\"},\"image\":{\"@id\":\"https:\/\/arteeluoghi.it\/index.php\/2017\/07\/08\/la-collegiata-della-santissima-trinita-di-manduria\/#primaryimage\"},\"thumbnailUrl\":\"https:\/\/arteeluoghi.it\/wp-content\/uploads\/2017\/08\/IMG_20170530_201820.jpg\",\"keywords\":[\"Collegiata Santissima Trinit\u00e0\",\"Manduria\",\"Sara Foti Sciavaliere\"],\"articleSection\":[\"Storie. L'uomo e il territorio\"],\"inLanguage\":\"it-IT\",\"potentialAction\":[{\"@type\":\"CommentAction\",\"name\":\"Comment\",\"target\":[\"https:\/\/arteeluoghi.it\/index.php\/2017\/07\/08\/la-collegiata-della-santissima-trinita-di-manduria\/#respond\"]}]},{\"@type\":\"Person\",\"@id\":\"https:\/\/arteeluoghi.it\/#\/schema\/person\/f84e814e36e91e01448ee07eaadd41d4\",\"name\":\"Staff\",\"image\":{\"@type\":\"ImageObject\",\"@id\":\"https:\/\/arteeluoghi.it\/#personlogo\",\"inLanguage\":\"it-IT\",\"url\":\"https:\/\/secure.gravatar.com\/avatar\/49d2f9e46271bb04e19cebfaf141313a?s=96&d=blank&r=g\",\"contentUrl\":\"https:\/\/secure.gravatar.com\/avatar\/49d2f9e46271bb04e19cebfaf141313a?s=96&d=blank&r=g\",\"caption\":\"Staff\"}}]}<\/script>\n<!-- \/ Yoast SEO plugin. -->","yoast_head_json":{"title":"La Collegiata della Santissima Trinit\u00e0 di Manduria | Arte e Luoghi","robots":{"index":"index","follow":"follow","max-snippet":"max-snippet:-1","max-image-preview":"max-image-preview:large","max-video-preview":"max-video-preview:-1"},"canonical":"https:\/\/arteeluoghi.it\/index.php\/2017\/07\/08\/la-collegiata-della-santissima-trinita-di-manduria\/","og_locale":"it_IT","og_type":"article","og_title":"La Collegiata della Santissima Trinit\u00e0 di Manduria | Arte e Luoghi","og_description":"di Sara Foti Sciavaliere MANDURIA. Manduria \u00e8 il cuore del Salento, in quanto \u00e8 equidistante da Taranto, Lecce e Brindisi.","og_url":"https:\/\/arteeluoghi.it\/index.php\/2017\/07\/08\/la-collegiata-della-santissima-trinita-di-manduria\/","og_site_name":"Arte e Luoghi","article_publisher":"https:\/\/www.facebook.com\/ArteELuoghi\/","article_published_time":"2017-07-07T22:57:28+00:00","article_modified_time":"2026-01-25T12:53:13+00:00","og_image":[{"width":2448,"height":3264,"url":"https:\/\/arteeluoghi.it\/wp-content\/uploads\/2017\/08\/IMG_20170530_201820.jpg","type":"image\/jpeg"}],"twitter_card":"summary","twitter_creator":"@arteeluoghi","twitter_site":"@arteeluoghi","twitter_misc":{"Scritto da":"Staff","Tempo di lettura stimato":"7 minuti"},"schema":{"@context":"https:\/\/schema.org","@graph":[{"@type":"Organization","@id":"https:\/\/arteeluoghi.it\/#organization","name":"Arte e Luoghi","url":"https:\/\/arteeluoghi.it\/","sameAs":["https:\/\/www.facebook.com\/ArteELuoghi\/","https:\/\/www.instagram.com\/arteeluoghi\/?hl=it","https:\/\/www.youtube.com\/channel\/UCuRVc4JW4-C5sg9rQB-srkw?view_as=subscriber","https:\/\/twitter.com\/arteeluoghi"],"logo":{"@type":"ImageObject","@id":"https:\/\/arteeluoghi.it\/#logo","inLanguage":"it-IT","url":"https:\/\/arteeluoghi.it\/wp-content\/uploads\/2018\/08\/logoinstagramarte.jpg","contentUrl":"https:\/\/arteeluoghi.it\/wp-content\/uploads\/2018\/08\/logoinstagramarte.jpg","width":150,"height":150,"caption":"Arte e Luoghi"},"image":{"@id":"https:\/\/arteeluoghi.it\/#logo"}},{"@type":"WebSite","@id":"https:\/\/arteeluoghi.it\/#website","url":"https:\/\/arteeluoghi.it\/","name":"Arte e Luoghi","description":"Mensile di arte, cultura, turismo e curiosit\u00e0","publisher":{"@id":"https:\/\/arteeluoghi.it\/#organization"},"potentialAction":[{"@type":"SearchAction","target":{"@type":"EntryPoint","urlTemplate":"https:\/\/arteeluoghi.it\/?s={search_term_string}"},"query-input":"required name=search_term_string"}],"inLanguage":"it-IT"},{"@type":"ImageObject","@id":"https:\/\/arteeluoghi.it\/index.php\/2017\/07\/08\/la-collegiata-della-santissima-trinita-di-manduria\/#primaryimage","inLanguage":"it-IT","url":"https:\/\/arteeluoghi.it\/wp-content\/uploads\/2017\/08\/IMG_20170530_201820.jpg","contentUrl":"https:\/\/arteeluoghi.it\/wp-content\/uploads\/2017\/08\/IMG_20170530_201820.jpg","width":2448,"height":3264,"caption":"La Collegiata della Santissima Trinit\u00e0 di Manduria, foto di Sara Foti Sciavaliere"},{"@type":"WebPage","@id":"https:\/\/arteeluoghi.it\/index.php\/2017\/07\/08\/la-collegiata-della-santissima-trinita-di-manduria\/#webpage","url":"https:\/\/arteeluoghi.it\/index.php\/2017\/07\/08\/la-collegiata-della-santissima-trinita-di-manduria\/","name":"La Collegiata della Santissima Trinit\u00e0 di Manduria | Arte e Luoghi","isPartOf":{"@id":"https:\/\/arteeluoghi.it\/#website"},"primaryImageOfPage":{"@id":"https:\/\/arteeluoghi.it\/index.php\/2017\/07\/08\/la-collegiata-della-santissima-trinita-di-manduria\/#primaryimage"},"datePublished":"2017-07-07T22:57:28+00:00","dateModified":"2026-01-25T12:53:13+00:00","breadcrumb":{"@id":"https:\/\/arteeluoghi.it\/index.php\/2017\/07\/08\/la-collegiata-della-santissima-trinita-di-manduria\/#breadcrumb"},"inLanguage":"it-IT","potentialAction":[{"@type":"ReadAction","target":["https:\/\/arteeluoghi.it\/index.php\/2017\/07\/08\/la-collegiata-della-santissima-trinita-di-manduria\/"]}]},{"@type":"BreadcrumbList","@id":"https:\/\/arteeluoghi.it\/index.php\/2017\/07\/08\/la-collegiata-della-santissima-trinita-di-manduria\/#breadcrumb","itemListElement":[{"@type":"ListItem","position":1,"name":"Home","item":"https:\/\/arteeluoghi.it\/"},{"@type":"ListItem","position":2,"name":"La Collegiata della Santissima Trinit\u00e0 di Manduria"}]},{"@type":"Article","@id":"https:\/\/arteeluoghi.it\/index.php\/2017\/07\/08\/la-collegiata-della-santissima-trinita-di-manduria\/#article","isPartOf":{"@id":"https:\/\/arteeluoghi.it\/index.php\/2017\/07\/08\/la-collegiata-della-santissima-trinita-di-manduria\/#webpage"},"author":{"@id":"https:\/\/arteeluoghi.it\/#\/schema\/person\/f84e814e36e91e01448ee07eaadd41d4"},"headline":"La Collegiata della Santissima Trinit\u00e0 di Manduria","datePublished":"2017-07-07T22:57:28+00:00","dateModified":"2026-01-25T12:53:13+00:00","mainEntityOfPage":{"@id":"https:\/\/arteeluoghi.it\/index.php\/2017\/07\/08\/la-collegiata-della-santissima-trinita-di-manduria\/#webpage"},"wordCount":1058,"commentCount":0,"publisher":{"@id":"https:\/\/arteeluoghi.it\/#organization"},"image":{"@id":"https:\/\/arteeluoghi.it\/index.php\/2017\/07\/08\/la-collegiata-della-santissima-trinita-di-manduria\/#primaryimage"},"thumbnailUrl":"https:\/\/arteeluoghi.it\/wp-content\/uploads\/2017\/08\/IMG_20170530_201820.jpg","keywords":["Collegiata Santissima Trinit\u00e0","Manduria","Sara Foti Sciavaliere"],"articleSection":["Storie. L'uomo e il territorio"],"inLanguage":"it-IT","potentialAction":[{"@type":"CommentAction","name":"Comment","target":["https:\/\/arteeluoghi.it\/index.php\/2017\/07\/08\/la-collegiata-della-santissima-trinita-di-manduria\/#respond"]}]},{"@type":"Person","@id":"https:\/\/arteeluoghi.it\/#\/schema\/person\/f84e814e36e91e01448ee07eaadd41d4","name":"Staff","image":{"@type":"ImageObject","@id":"https:\/\/arteeluoghi.it\/#personlogo","inLanguage":"it-IT","url":"https:\/\/secure.gravatar.com\/avatar\/49d2f9e46271bb04e19cebfaf141313a?s=96&d=blank&r=g","contentUrl":"https:\/\/secure.gravatar.com\/avatar\/49d2f9e46271bb04e19cebfaf141313a?s=96&d=blank&r=g","caption":"Staff"}}]}},"_links":{"self":[{"href":"https:\/\/arteeluoghi.it\/index.php\/wp-json\/wp\/v2\/posts\/3326"}],"collection":[{"href":"https:\/\/arteeluoghi.it\/index.php\/wp-json\/wp\/v2\/posts"}],"about":[{"href":"https:\/\/arteeluoghi.it\/index.php\/wp-json\/wp\/v2\/types\/post"}],"author":[{"embeddable":true,"href":"https:\/\/arteeluoghi.it\/index.php\/wp-json\/wp\/v2\/users\/1"}],"replies":[{"embeddable":true,"href":"https:\/\/arteeluoghi.it\/index.php\/wp-json\/wp\/v2\/comments?post=3326"}],"version-history":[{"count":2,"href":"https:\/\/arteeluoghi.it\/index.php\/wp-json\/wp\/v2\/posts\/3326\/revisions"}],"predecessor-version":[{"id":16681,"href":"https:\/\/arteeluoghi.it\/index.php\/wp-json\/wp\/v2\/posts\/3326\/revisions\/16681"}],"wp:featuredmedia":[{"embeddable":true,"href":"https:\/\/arteeluoghi.it\/index.php\/wp-json\/wp\/v2\/media\/3328"}],"wp:attachment":[{"href":"https:\/\/arteeluoghi.it\/index.php\/wp-json\/wp\/v2\/media?parent=3326"}],"wp:term":[{"taxonomy":"category","embeddable":true,"href":"https:\/\/arteeluoghi.it\/index.php\/wp-json\/wp\/v2\/categories?post=3326"},{"taxonomy":"post_tag","embeddable":true,"href":"https:\/\/arteeluoghi.it\/index.php\/wp-json\/wp\/v2\/tags?post=3326"}],"curies":[{"name":"wp","href":"https:\/\/api.w.org\/{rel}","templated":true}]}}