{"id":3343,"date":"2017-08-13T13:00:02","date_gmt":"2017-08-13T11:00:02","guid":{"rendered":"http:\/\/arteeluoghi.it\/?p=3343"},"modified":"2017-08-13T13:00:02","modified_gmt":"2017-08-13T11:00:02","slug":"ti-racconto-il-mare-nel-castello-di-castro-il-nuovo-progetto-di-claudio-prima","status":"publish","type":"post","link":"https:\/\/arteeluoghi.it\/index.php\/2017\/08\/13\/ti-racconto-il-mare-nel-castello-di-castro-il-nuovo-progetto-di-claudio-prima\/","title":{"rendered":"Ti racconto il mare. Nel Castello di Castro il nuovo progetto di Claudio Prima"},"content":{"rendered":"<p><span style=\"font-family: verdana,sans-serif;\"><img loading=\"lazy\" class=\"size-medium wp-image-3344 alignleft\" src=\"https:\/\/arteeluoghi.it\/wp-content\/uploads\/2017\/08\/Claudio-Prima-300x200.jpg\" alt=\"\" width=\"300\" height=\"200\" srcset=\"https:\/\/arteeluoghi.it\/wp-content\/uploads\/2017\/08\/Claudio-Prima-300x200.jpg 300w, https:\/\/arteeluoghi.it\/wp-content\/uploads\/2017\/08\/Claudio-Prima-768x511.jpg 768w, https:\/\/arteeluoghi.it\/wp-content\/uploads\/2017\/08\/Claudio-Prima-1024x682.jpg 1024w, https:\/\/arteeluoghi.it\/wp-content\/uploads\/2017\/08\/Claudio-Prima.jpg 1181w\" sizes=\"(max-width: 300px) 100vw, 300px\" \/><br \/>\nLa musica come strumento di indagine, di dialogo e di contatto: <b>d<\/b><b>omenica 13 agosto<\/b> (<i>ore 21 &#8211; ingres<\/i><i>so libero<\/i>) sulle terrazze del <b>Castello Aragonese<\/b> di <b>Castro<\/b>, in provincia di Lecce, nell&#8217;ambito di <b>Ti racconto il mare<\/b>, l&#8217;organettista e cantante <b>Claudio Prima<\/b> presenter\u00e0 in anteprima assoluta il suo nuovo <b>Progetto <\/b><b>Se.Me.<\/b> Ad affiancarlo un inedito quartetto d&#8217;archi di provenienza italo-albanese composto da <b>Nevila Cobo<\/b> (violino), <b>Vera Andrea Longo<\/b> (violino, voce), <b>Shpetime Xhelilaj Balla<\/b> (violino) e <b>Merita Alimhillaj <\/b>(violoncello).<br \/>\n<\/span><br \/>\n<!--more--><span style=\"font-family: verdana,sans-serif;\"> In questo nuovo progetto <b>Claudio Prima<\/b> muove le sue composizioni con l&#8217;istinto del ricercatore, curioso e attento. Con lo sguardo rivolto, allo stesso tempo, fuori e dentro, per cogliere insieme le consonanze e le dissonanze del rapporto con il mondo. L&#8217;organetto e la voce respirano questa continua alternan<\/span><span style=\"font-family: verdana,sans-serif;\">za, aprendosi e chiudendosi all&#8217;aria che li sostiene. Musicisti salentini e albanesi rappresentano due terre che si guardano dalle proprie sponde affacciandosi sull&#8217;Adriatico con l&#8217;organetto al centro. Mantice che avvicina e allontana continuamente, col ritmo delle onde, queste due culture cos\u00ec simili tra loro, eppure apparentemente cos\u00ec diverse.<b> Claudio Prima<\/b> \u00e8 leader e ideatore di numerosi progetti di indagine sulle &#8216;musiche di confine&#8217; (BandAdriatica, Adria, Tabul\u00e8, Tukr\u00e8, Manigold). Si esibisce in festival e rassegne internazionali in Francia, Olanda, Brasile, Inghilterra, Romania, Albania, Croazia, Grecia, Belgio, Austria, Germania, Svizzera, Spagna, Tunisia, Libano, Giordania, Kuwait, Stati Uniti. Organettista, cantante, compositore e autore di colonne sonore, dal 2010 \u00e8 solista dell\u2019opera contemporanea Oceanic Verses di Paola Prestini. Dirige la \u201cGiovane Orchestra del Salento\u201d un ensemble di 45 giovani musicisti salentini con cui pubblica un film documentario intitolato \u201cIl volo\u201d e un cd dal titolo &#8220;Essere terra&#8221;. Assistente di Goran Bregovic e Giovanni Sollima per la Notte della Taranta. Ha un&#8217;intensa attivit\u00e0 discografica e ad oggi conta pi\u00f9 di 80 presenze in pubblicazioni discografiche italiane ed internazionali. Scrive musiche per teatro (Verso Terra di Mario Perrotta &#8211; 2016, Oltremundo di Marcelo Bulgarelli &#8211; 2014, La grande cena di Camilla Cuparo &#8211; 2009).<br \/>\n<\/span><br \/>\n<span style=\"font-family: verdana,sans-serif;\">\u00a0<b>Ti racconto il mare<\/b> \u00e8 realizzato dal Raggruppamento Temporaneo di Imprese Pro\u00e0go \u2013 Links Management and Technology, nell\u2019ambito del bando di gara gestito dalla Sezione Turismo della Regione Puglia ed \u00e8 inserito nel Progetto interregionale \u201cItinerari nella cultura, storia, tradizioni, paesaggi del mare e delle miniere del mare\u201d. Dalle 20 la serata ospiter\u00e0, inoltre, l&#8217;inaugurazione della mostra fotografica &#8220;Ti racconto il mare &#8211; Il mare di Puglia fra storia, leggende e magia&#8221; (aperta sino al 27 agosto), la presentazione di alcuni risultati del progetto e la proiezione del cortometraggio &#8220;Ti racconto il mare&#8221; del regista Gianni De Blasi, con la colonna sonora di Claudio Prima &amp; Progetto Se.Me. All\u2019inaugurazione parteciperanno <b>Loredana Capone<\/b> (assessore all\u2019Industria Turistica e Culturale della Regione Puglia), <b>Patrizio Giannone<\/b> (dirigente della Sezione Turismo della Regione Puglia), <b>Luigi Fersini<\/b> (sindaco di Castro) e i sindaci dei Comuni del circuito, <b>Vincenzo Santoro<\/b> (responsabile Anci per la Cultura ed il Turismo), <b>Claudio Bocc<\/b><b>i<\/b> (direttore di Federculture), <b>Fabio Pollice <\/b>(direttore del Dipartimento di Storia, Societ\u00e0 e Studi sull\u2019Uomo dell\u2019Universit\u00e0 del Salento e Presidente del Comitato Scientifico del progetto Ti racconto il Mare), <b>Carmelo Grassi<\/b> (presidente del Teatro Pubblico Pugliese), <b>Vincenzo Bellini<\/b><b> <\/b>(presidente del Distretto Puglia Creativa), <b>Maria Piccarreta<\/b> (direttrice della Soprintendenza Archeologica, Belle Arti e Paesaggio per le province di Lecce, Brindisi e Taranto) e il regista <b>Edoardo Winspeare<\/b>.\u00a0<\/span><\/p>\n","protected":false},"excerpt":{"rendered":"<p>La musica come strumento di indagine, di dialogo e di contatto: domenica 13 agosto (ore 21 &#8211; ingresso libero) sulle<\/p>\n","protected":false},"author":1,"featured_media":3344,"comment_status":"open","ping_status":"open","sticky":false,"template":"","format":"standard","meta":[],"categories":[12],"tags":[123,122,124],"yoast_head":"<!-- This site is optimized with the Yoast SEO plugin v18.0 - https:\/\/yoast.com\/wordpress\/plugins\/seo\/ -->\n<title>Ti racconto il mare. Nel Castello di Castro il nuovo progetto di Claudio Prima | Arte e Luoghi<\/title>\n<meta name=\"robots\" content=\"index, follow, max-snippet:-1, max-image-preview:large, max-video-preview:-1\" \/>\n<link rel=\"canonical\" href=\"https:\/\/arteeluoghi.it\/index.php\/2017\/08\/13\/ti-racconto-il-mare-nel-castello-di-castro-il-nuovo-progetto-di-claudio-prima\/\" \/>\n<meta property=\"og:locale\" content=\"it_IT\" \/>\n<meta property=\"og:type\" content=\"article\" \/>\n<meta property=\"og:title\" content=\"Ti racconto il mare. Nel Castello di Castro il nuovo progetto di Claudio Prima | Arte e Luoghi\" \/>\n<meta property=\"og:description\" content=\"La musica come strumento di indagine, di dialogo e di contatto: domenica 13 agosto (ore 21 &#8211; ingresso libero) sulle\" \/>\n<meta property=\"og:url\" content=\"https:\/\/arteeluoghi.it\/index.php\/2017\/08\/13\/ti-racconto-il-mare-nel-castello-di-castro-il-nuovo-progetto-di-claudio-prima\/\" \/>\n<meta property=\"og:site_name\" content=\"Arte e Luoghi\" \/>\n<meta property=\"article:publisher\" content=\"https:\/\/www.facebook.com\/ArteELuoghi\/\" \/>\n<meta property=\"article:published_time\" content=\"2017-08-13T11:00:02+00:00\" \/>\n<meta property=\"og:image\" content=\"https:\/\/arteeluoghi.it\/wp-content\/uploads\/2017\/08\/Claudio-Prima.jpg\" \/>\n\t<meta property=\"og:image:width\" content=\"1181\" \/>\n\t<meta property=\"og:image:height\" content=\"786\" \/>\n\t<meta property=\"og:image:type\" content=\"image\/jpeg\" \/>\n<meta name=\"twitter:card\" content=\"summary\" \/>\n<meta name=\"twitter:creator\" content=\"@arteeluoghi\" \/>\n<meta name=\"twitter:site\" content=\"@arteeluoghi\" \/>\n<meta name=\"twitter:label1\" content=\"Scritto da\" \/>\n\t<meta name=\"twitter:data1\" content=\"Staff\" \/>\n\t<meta name=\"twitter:label2\" content=\"Tempo di lettura stimato\" \/>\n\t<meta name=\"twitter:data2\" content=\"3 minuti\" \/>\n<script type=\"application\/ld+json\" class=\"yoast-schema-graph\">{\"@context\":\"https:\/\/schema.org\",\"@graph\":[{\"@type\":\"Organization\",\"@id\":\"https:\/\/arteeluoghi.it\/#organization\",\"name\":\"Arte e Luoghi\",\"url\":\"https:\/\/arteeluoghi.it\/\",\"sameAs\":[\"https:\/\/www.facebook.com\/ArteELuoghi\/\",\"https:\/\/www.instagram.com\/arteeluoghi\/?hl=it\",\"https:\/\/www.youtube.com\/channel\/UCuRVc4JW4-C5sg9rQB-srkw?view_as=subscriber\",\"https:\/\/twitter.com\/arteeluoghi\"],\"logo\":{\"@type\":\"ImageObject\",\"@id\":\"https:\/\/arteeluoghi.it\/#logo\",\"inLanguage\":\"it-IT\",\"url\":\"https:\/\/arteeluoghi.it\/wp-content\/uploads\/2018\/08\/logoinstagramarte.jpg\",\"contentUrl\":\"https:\/\/arteeluoghi.it\/wp-content\/uploads\/2018\/08\/logoinstagramarte.jpg\",\"width\":150,\"height\":150,\"caption\":\"Arte e Luoghi\"},\"image\":{\"@id\":\"https:\/\/arteeluoghi.it\/#logo\"}},{\"@type\":\"WebSite\",\"@id\":\"https:\/\/arteeluoghi.it\/#website\",\"url\":\"https:\/\/arteeluoghi.it\/\",\"name\":\"Arte e Luoghi\",\"description\":\"Mensile di arte, cultura, turismo e curiosit\u00e0\",\"publisher\":{\"@id\":\"https:\/\/arteeluoghi.it\/#organization\"},\"potentialAction\":[{\"@type\":\"SearchAction\",\"target\":{\"@type\":\"EntryPoint\",\"urlTemplate\":\"https:\/\/arteeluoghi.it\/?s={search_term_string}\"},\"query-input\":\"required name=search_term_string\"}],\"inLanguage\":\"it-IT\"},{\"@type\":\"ImageObject\",\"@id\":\"https:\/\/arteeluoghi.it\/index.php\/2017\/08\/13\/ti-racconto-il-mare-nel-castello-di-castro-il-nuovo-progetto-di-claudio-prima\/#primaryimage\",\"inLanguage\":\"it-IT\",\"url\":\"https:\/\/arteeluoghi.it\/wp-content\/uploads\/2017\/08\/Claudio-Prima.jpg\",\"contentUrl\":\"https:\/\/arteeluoghi.it\/wp-content\/uploads\/2017\/08\/Claudio-Prima.jpg\",\"width\":1181,\"height\":786},{\"@type\":\"WebPage\",\"@id\":\"https:\/\/arteeluoghi.it\/index.php\/2017\/08\/13\/ti-racconto-il-mare-nel-castello-di-castro-il-nuovo-progetto-di-claudio-prima\/#webpage\",\"url\":\"https:\/\/arteeluoghi.it\/index.php\/2017\/08\/13\/ti-racconto-il-mare-nel-castello-di-castro-il-nuovo-progetto-di-claudio-prima\/\",\"name\":\"Ti racconto il mare. Nel Castello di Castro il nuovo progetto di Claudio Prima | Arte e Luoghi\",\"isPartOf\":{\"@id\":\"https:\/\/arteeluoghi.it\/#website\"},\"primaryImageOfPage\":{\"@id\":\"https:\/\/arteeluoghi.it\/index.php\/2017\/08\/13\/ti-racconto-il-mare-nel-castello-di-castro-il-nuovo-progetto-di-claudio-prima\/#primaryimage\"},\"datePublished\":\"2017-08-13T11:00:02+00:00\",\"dateModified\":\"2017-08-13T11:00:02+00:00\",\"breadcrumb\":{\"@id\":\"https:\/\/arteeluoghi.it\/index.php\/2017\/08\/13\/ti-racconto-il-mare-nel-castello-di-castro-il-nuovo-progetto-di-claudio-prima\/#breadcrumb\"},\"inLanguage\":\"it-IT\",\"potentialAction\":[{\"@type\":\"ReadAction\",\"target\":[\"https:\/\/arteeluoghi.it\/index.php\/2017\/08\/13\/ti-racconto-il-mare-nel-castello-di-castro-il-nuovo-progetto-di-claudio-prima\/\"]}]},{\"@type\":\"BreadcrumbList\",\"@id\":\"https:\/\/arteeluoghi.it\/index.php\/2017\/08\/13\/ti-racconto-il-mare-nel-castello-di-castro-il-nuovo-progetto-di-claudio-prima\/#breadcrumb\",\"itemListElement\":[{\"@type\":\"ListItem\",\"position\":1,\"name\":\"Home\",\"item\":\"https:\/\/arteeluoghi.it\/\"},{\"@type\":\"ListItem\",\"position\":2,\"name\":\"Ti racconto il mare. Nel Castello di Castro il nuovo progetto di Claudio Prima\"}]},{\"@type\":\"Article\",\"@id\":\"https:\/\/arteeluoghi.it\/index.php\/2017\/08\/13\/ti-racconto-il-mare-nel-castello-di-castro-il-nuovo-progetto-di-claudio-prima\/#article\",\"isPartOf\":{\"@id\":\"https:\/\/arteeluoghi.it\/index.php\/2017\/08\/13\/ti-racconto-il-mare-nel-castello-di-castro-il-nuovo-progetto-di-claudio-prima\/#webpage\"},\"author\":{\"@id\":\"https:\/\/arteeluoghi.it\/#\/schema\/person\/f84e814e36e91e01448ee07eaadd41d4\"},\"headline\":\"Ti racconto il mare. Nel Castello di Castro il nuovo progetto di Claudio Prima\",\"datePublished\":\"2017-08-13T11:00:02+00:00\",\"dateModified\":\"2017-08-13T11:00:02+00:00\",\"mainEntityOfPage\":{\"@id\":\"https:\/\/arteeluoghi.it\/index.php\/2017\/08\/13\/ti-racconto-il-mare-nel-castello-di-castro-il-nuovo-progetto-di-claudio-prima\/#webpage\"},\"wordCount\":548,\"commentCount\":0,\"publisher\":{\"@id\":\"https:\/\/arteeluoghi.it\/#organization\"},\"image\":{\"@id\":\"https:\/\/arteeluoghi.it\/index.php\/2017\/08\/13\/ti-racconto-il-mare-nel-castello-di-castro-il-nuovo-progetto-di-claudio-prima\/#primaryimage\"},\"thumbnailUrl\":\"https:\/\/arteeluoghi.it\/wp-content\/uploads\/2017\/08\/Claudio-Prima.jpg\",\"keywords\":[\"Castello di Castro\",\"Claudio Prima\",\"Se.Me.\"],\"articleSection\":[\"MUSICA\"],\"inLanguage\":\"it-IT\",\"potentialAction\":[{\"@type\":\"CommentAction\",\"name\":\"Comment\",\"target\":[\"https:\/\/arteeluoghi.it\/index.php\/2017\/08\/13\/ti-racconto-il-mare-nel-castello-di-castro-il-nuovo-progetto-di-claudio-prima\/#respond\"]}]},{\"@type\":\"Person\",\"@id\":\"https:\/\/arteeluoghi.it\/#\/schema\/person\/f84e814e36e91e01448ee07eaadd41d4\",\"name\":\"Staff\",\"image\":{\"@type\":\"ImageObject\",\"@id\":\"https:\/\/arteeluoghi.it\/#personlogo\",\"inLanguage\":\"it-IT\",\"url\":\"https:\/\/secure.gravatar.com\/avatar\/49d2f9e46271bb04e19cebfaf141313a?s=96&d=blank&r=g\",\"contentUrl\":\"https:\/\/secure.gravatar.com\/avatar\/49d2f9e46271bb04e19cebfaf141313a?s=96&d=blank&r=g\",\"caption\":\"Staff\"}}]}<\/script>\n<!-- \/ Yoast SEO plugin. -->","yoast_head_json":{"title":"Ti racconto il mare. Nel Castello di Castro il nuovo progetto di Claudio Prima | Arte e Luoghi","robots":{"index":"index","follow":"follow","max-snippet":"max-snippet:-1","max-image-preview":"max-image-preview:large","max-video-preview":"max-video-preview:-1"},"canonical":"https:\/\/arteeluoghi.it\/index.php\/2017\/08\/13\/ti-racconto-il-mare-nel-castello-di-castro-il-nuovo-progetto-di-claudio-prima\/","og_locale":"it_IT","og_type":"article","og_title":"Ti racconto il mare. Nel Castello di Castro il nuovo progetto di Claudio Prima | Arte e Luoghi","og_description":"La musica come strumento di indagine, di dialogo e di contatto: domenica 13 agosto (ore 21 &#8211; ingresso libero) sulle","og_url":"https:\/\/arteeluoghi.it\/index.php\/2017\/08\/13\/ti-racconto-il-mare-nel-castello-di-castro-il-nuovo-progetto-di-claudio-prima\/","og_site_name":"Arte e Luoghi","article_publisher":"https:\/\/www.facebook.com\/ArteELuoghi\/","article_published_time":"2017-08-13T11:00:02+00:00","og_image":[{"width":1181,"height":786,"url":"https:\/\/arteeluoghi.it\/wp-content\/uploads\/2017\/08\/Claudio-Prima.jpg","type":"image\/jpeg"}],"twitter_card":"summary","twitter_creator":"@arteeluoghi","twitter_site":"@arteeluoghi","twitter_misc":{"Scritto da":"Staff","Tempo di lettura stimato":"3 minuti"},"schema":{"@context":"https:\/\/schema.org","@graph":[{"@type":"Organization","@id":"https:\/\/arteeluoghi.it\/#organization","name":"Arte e Luoghi","url":"https:\/\/arteeluoghi.it\/","sameAs":["https:\/\/www.facebook.com\/ArteELuoghi\/","https:\/\/www.instagram.com\/arteeluoghi\/?hl=it","https:\/\/www.youtube.com\/channel\/UCuRVc4JW4-C5sg9rQB-srkw?view_as=subscriber","https:\/\/twitter.com\/arteeluoghi"],"logo":{"@type":"ImageObject","@id":"https:\/\/arteeluoghi.it\/#logo","inLanguage":"it-IT","url":"https:\/\/arteeluoghi.it\/wp-content\/uploads\/2018\/08\/logoinstagramarte.jpg","contentUrl":"https:\/\/arteeluoghi.it\/wp-content\/uploads\/2018\/08\/logoinstagramarte.jpg","width":150,"height":150,"caption":"Arte e Luoghi"},"image":{"@id":"https:\/\/arteeluoghi.it\/#logo"}},{"@type":"WebSite","@id":"https:\/\/arteeluoghi.it\/#website","url":"https:\/\/arteeluoghi.it\/","name":"Arte e Luoghi","description":"Mensile di arte, cultura, turismo e curiosit\u00e0","publisher":{"@id":"https:\/\/arteeluoghi.it\/#organization"},"potentialAction":[{"@type":"SearchAction","target":{"@type":"EntryPoint","urlTemplate":"https:\/\/arteeluoghi.it\/?s={search_term_string}"},"query-input":"required name=search_term_string"}],"inLanguage":"it-IT"},{"@type":"ImageObject","@id":"https:\/\/arteeluoghi.it\/index.php\/2017\/08\/13\/ti-racconto-il-mare-nel-castello-di-castro-il-nuovo-progetto-di-claudio-prima\/#primaryimage","inLanguage":"it-IT","url":"https:\/\/arteeluoghi.it\/wp-content\/uploads\/2017\/08\/Claudio-Prima.jpg","contentUrl":"https:\/\/arteeluoghi.it\/wp-content\/uploads\/2017\/08\/Claudio-Prima.jpg","width":1181,"height":786},{"@type":"WebPage","@id":"https:\/\/arteeluoghi.it\/index.php\/2017\/08\/13\/ti-racconto-il-mare-nel-castello-di-castro-il-nuovo-progetto-di-claudio-prima\/#webpage","url":"https:\/\/arteeluoghi.it\/index.php\/2017\/08\/13\/ti-racconto-il-mare-nel-castello-di-castro-il-nuovo-progetto-di-claudio-prima\/","name":"Ti racconto il mare. Nel Castello di Castro il nuovo progetto di Claudio Prima | Arte e Luoghi","isPartOf":{"@id":"https:\/\/arteeluoghi.it\/#website"},"primaryImageOfPage":{"@id":"https:\/\/arteeluoghi.it\/index.php\/2017\/08\/13\/ti-racconto-il-mare-nel-castello-di-castro-il-nuovo-progetto-di-claudio-prima\/#primaryimage"},"datePublished":"2017-08-13T11:00:02+00:00","dateModified":"2017-08-13T11:00:02+00:00","breadcrumb":{"@id":"https:\/\/arteeluoghi.it\/index.php\/2017\/08\/13\/ti-racconto-il-mare-nel-castello-di-castro-il-nuovo-progetto-di-claudio-prima\/#breadcrumb"},"inLanguage":"it-IT","potentialAction":[{"@type":"ReadAction","target":["https:\/\/arteeluoghi.it\/index.php\/2017\/08\/13\/ti-racconto-il-mare-nel-castello-di-castro-il-nuovo-progetto-di-claudio-prima\/"]}]},{"@type":"BreadcrumbList","@id":"https:\/\/arteeluoghi.it\/index.php\/2017\/08\/13\/ti-racconto-il-mare-nel-castello-di-castro-il-nuovo-progetto-di-claudio-prima\/#breadcrumb","itemListElement":[{"@type":"ListItem","position":1,"name":"Home","item":"https:\/\/arteeluoghi.it\/"},{"@type":"ListItem","position":2,"name":"Ti racconto il mare. Nel Castello di Castro il nuovo progetto di Claudio Prima"}]},{"@type":"Article","@id":"https:\/\/arteeluoghi.it\/index.php\/2017\/08\/13\/ti-racconto-il-mare-nel-castello-di-castro-il-nuovo-progetto-di-claudio-prima\/#article","isPartOf":{"@id":"https:\/\/arteeluoghi.it\/index.php\/2017\/08\/13\/ti-racconto-il-mare-nel-castello-di-castro-il-nuovo-progetto-di-claudio-prima\/#webpage"},"author":{"@id":"https:\/\/arteeluoghi.it\/#\/schema\/person\/f84e814e36e91e01448ee07eaadd41d4"},"headline":"Ti racconto il mare. Nel Castello di Castro il nuovo progetto di Claudio Prima","datePublished":"2017-08-13T11:00:02+00:00","dateModified":"2017-08-13T11:00:02+00:00","mainEntityOfPage":{"@id":"https:\/\/arteeluoghi.it\/index.php\/2017\/08\/13\/ti-racconto-il-mare-nel-castello-di-castro-il-nuovo-progetto-di-claudio-prima\/#webpage"},"wordCount":548,"commentCount":0,"publisher":{"@id":"https:\/\/arteeluoghi.it\/#organization"},"image":{"@id":"https:\/\/arteeluoghi.it\/index.php\/2017\/08\/13\/ti-racconto-il-mare-nel-castello-di-castro-il-nuovo-progetto-di-claudio-prima\/#primaryimage"},"thumbnailUrl":"https:\/\/arteeluoghi.it\/wp-content\/uploads\/2017\/08\/Claudio-Prima.jpg","keywords":["Castello di Castro","Claudio Prima","Se.Me."],"articleSection":["MUSICA"],"inLanguage":"it-IT","potentialAction":[{"@type":"CommentAction","name":"Comment","target":["https:\/\/arteeluoghi.it\/index.php\/2017\/08\/13\/ti-racconto-il-mare-nel-castello-di-castro-il-nuovo-progetto-di-claudio-prima\/#respond"]}]},{"@type":"Person","@id":"https:\/\/arteeluoghi.it\/#\/schema\/person\/f84e814e36e91e01448ee07eaadd41d4","name":"Staff","image":{"@type":"ImageObject","@id":"https:\/\/arteeluoghi.it\/#personlogo","inLanguage":"it-IT","url":"https:\/\/secure.gravatar.com\/avatar\/49d2f9e46271bb04e19cebfaf141313a?s=96&d=blank&r=g","contentUrl":"https:\/\/secure.gravatar.com\/avatar\/49d2f9e46271bb04e19cebfaf141313a?s=96&d=blank&r=g","caption":"Staff"}}]}},"_links":{"self":[{"href":"https:\/\/arteeluoghi.it\/index.php\/wp-json\/wp\/v2\/posts\/3343"}],"collection":[{"href":"https:\/\/arteeluoghi.it\/index.php\/wp-json\/wp\/v2\/posts"}],"about":[{"href":"https:\/\/arteeluoghi.it\/index.php\/wp-json\/wp\/v2\/types\/post"}],"author":[{"embeddable":true,"href":"https:\/\/arteeluoghi.it\/index.php\/wp-json\/wp\/v2\/users\/1"}],"replies":[{"embeddable":true,"href":"https:\/\/arteeluoghi.it\/index.php\/wp-json\/wp\/v2\/comments?post=3343"}],"version-history":[{"count":1,"href":"https:\/\/arteeluoghi.it\/index.php\/wp-json\/wp\/v2\/posts\/3343\/revisions"}],"predecessor-version":[{"id":3345,"href":"https:\/\/arteeluoghi.it\/index.php\/wp-json\/wp\/v2\/posts\/3343\/revisions\/3345"}],"wp:featuredmedia":[{"embeddable":true,"href":"https:\/\/arteeluoghi.it\/index.php\/wp-json\/wp\/v2\/media\/3344"}],"wp:attachment":[{"href":"https:\/\/arteeluoghi.it\/index.php\/wp-json\/wp\/v2\/media?parent=3343"}],"wp:term":[{"taxonomy":"category","embeddable":true,"href":"https:\/\/arteeluoghi.it\/index.php\/wp-json\/wp\/v2\/categories?post=3343"},{"taxonomy":"post_tag","embeddable":true,"href":"https:\/\/arteeluoghi.it\/index.php\/wp-json\/wp\/v2\/tags?post=3343"}],"curies":[{"name":"wp","href":"https:\/\/api.w.org\/{rel}","templated":true}]}}