{"id":3361,"date":"2017-08-04T13:18:32","date_gmt":"2017-08-04T11:18:32","guid":{"rendered":"http:\/\/arteeluoghi.it\/?p=3361"},"modified":"2017-08-13T23:13:37","modified_gmt":"2017-08-13T21:13:37","slug":"le-luci-della-centrale-elettrica-a-lecce-il-cantante-ferrarese-vasco-brondi","status":"publish","type":"post","link":"https:\/\/arteeluoghi.it\/index.php\/2017\/08\/04\/le-luci-della-centrale-elettrica-a-lecce-il-cantante-ferrarese-vasco-brondi\/","title":{"rendered":"Le Luci della Centrale Elettrica.A Lecce il cantante ferrarese Vasco Brondi"},"content":{"rendered":"<p><span style=\"font-family: verdana,sans-serif;\"><b><img loading=\"lazy\" class=\"size-medium wp-image-3362 alignleft\" src=\"https:\/\/arteeluoghi.it\/wp-content\/uploads\/2017\/08\/lldce_PHmagliocchetti_16-300x200.jpg\" alt=\"\" width=\"300\" height=\"200\" srcset=\"https:\/\/arteeluoghi.it\/wp-content\/uploads\/2017\/08\/lldce_PHmagliocchetti_16-300x200.jpg 300w, https:\/\/arteeluoghi.it\/wp-content\/uploads\/2017\/08\/lldce_PHmagliocchetti_16-768x513.jpg 768w, https:\/\/arteeluoghi.it\/wp-content\/uploads\/2017\/08\/lldce_PHmagliocchetti_16-1024x684.jpg 1024w, https:\/\/arteeluoghi.it\/wp-content\/uploads\/2017\/08\/lldce_PHmagliocchetti_16.jpg 1181w\" sizes=\"(max-width: 300px) 100vw, 300px\" \/>Sabato 19 agosto<\/b> (<i>ore 22 &#8211; ingresso 15 euro + 3 dp nel circuito <\/i><i><a href=\"https:\/\/goo.gl\/vKLWVp\" target=\"_blank\" rel=\"noopener\" data-saferedirecturl=\"https:\/\/www.google.com\/url?hl=it&amp;q=https:\/\/goo.gl\/vKLWVp&amp;source=gmail&amp;ust=1502709872314000&amp;usg=AFQjCNGpT3N_BfyPa0aZWAWIra9JZYCRfw\">BookingShow<\/a><\/i><i> e su <\/i><i><a href=\"http:\/\/bit.ly\/2rKduSR\" target=\"_blank\" rel=\"noopener\" data-saferedirecturl=\"https:\/\/www.google.com\/url?hl=it&amp;q=http:\/\/bit.ly\/2rKduSR&amp;source=gmail&amp;ust=1502709872314000&amp;usg=AFQjCNGKnWcDJDBMSQ0ddN-kSr5pilWN9w\">Do It Yourself<\/a><\/i>) nell&#8217;<b>Anfi<\/b><b>teatro Romano di<\/b><b> Lecce <\/b>appuntamento con <b>Le Luci della Centrale Elettric<\/b><b>a<\/b>. Il progetto del cantante ferrarese <b>Vasco Brond<\/b><b>i<\/b> (foto Magliocchetti) approda nel Salento per una tappa del tour estivo di presentazione del suo quarto album &#8220;<b>Terra<\/b>&#8220;. Il concerto &#8211; organizzato da <b>Coolclub<\/b> e <b>Molly Arts<\/b> con il patrocinio del <b>Comune di Lecce<\/b> e con il sostegno di <b>Dreher<\/b> &#8211; \u00e8 una data speciale del <b>Sud Est Indipendente<\/b>. Dopo la tre giorni di San Cataldo di Lecce &#8211; che dal 28 al 30 luglio ha ospitato, tra gli altri, <b>Canova<\/b>, <b>Colombre<\/b>, <b>Giorgio Poi<\/b>, <b>Handlogic<\/b>, <b> Inude<\/b>, <b>Dj Vadim<\/b> e l&#8217;inedito incontro tra <b>La Municip\u00e0l<\/b> e <b>La Giovane Orchestra del Salento <\/b>diretta da Claudio Prima &#8211; il festival, diretto da Cesare Liaci, propone alcuni &#8220;fuori programma&#8221;: <b>Lo Stato Sociale <\/b>e <b>Baustelle<\/b> (sabato 12 e domenica 13 agosto a Melpignano nell&#8217;ambito della collaborazione con il<b> So What Festival<\/b>), <b> Mannarino<\/b> (mercoled\u00ec 16 agosto al Parco Gondar di Gallipoli) e per chiudure <b>Vasco Brondi <\/b>che sul palco sar\u00e0 affiancato da <b>Marco Ulcigrai <\/b>(chitarra), <b>Matteo Bennici <\/b>(basso), <b>Giusto Correnti <\/b>(batteria) e <b>Angelo Trabace <\/b>(tastiere).<br \/>\n<\/span><br \/>\n<!--more--><span style=\"font-family: verdana,sans-serif;\"> Dopo Canzoni da spiaggia deturpata (2008), Per ora noi la chiameremo felicit\u00e0 (2010) e Costellazioni (2013),\u00a0 <b>Terra<\/b> &#8211; prodotto artisticamente da <b>Vasco Brondi<\/b> e <b>Federico Dragogna<\/b> e uscito nel marzo 2017 &#8211;\u00a0 contiene dieci brani inediti: A forma di fulmine, Qui, Coprifuoco, Nel profondo Veneto, Waltz degli scafisti, Iperconnessi, Chakra, Stelle Marine, Moscerini e Viaggi disorganizzati. Dieci canzoni, dieci storie narrate per immagini che fotografano il tempo in cui viviamo. Dieci trame per unico filo colorato, tessuto nel modo visionario e lucido che ha reso Vasco Brondi uno degli artisti italiani pi\u00f9 riconosciuti e riconoscibili degli ultimi dieci anni, e che in Terra si dimostra capace di raccontare i cambiamenti culturali e sociali che hanno contraddistinto gli ultimi decenni attraverso una musica che sempre di pi\u00f9 sposa l\u2019attitudine cantautorale con i suoni e i ritmi del mondo.\u00a0\u00abTerra \u00e8 un disco etnico \u2013 ha scritto Vasco Brondi &#8211; ma di un\u2019etnia immaginaria o per meglio dire \u201cnuova\u201d che \u00e8 quella italiana di adesso. Dove stanno assieme la musica balcanica e i tamburi africani, le melodie arabe e quelle popolari italiane, le distorsioni e i canti religiosi, storie di fughe e di rito<\/span><span style=\"font-family: verdana,sans-serif;\">rni\u00bb. Il disco \u00e8 uscito \u00aba forma di libro. Dentro, oltre al disco, c\u2019\u00e8 il suo diario di lavorazione, si chiama \u201cLa grandiosa autostrada dei ripensamenti\u201d, ed \u00e8 un diario di viaggio e di divagazioni dell\u2019anno e mezzo di scrittura e degli ultimi tre mesi di registrazioni in studio. \u00c8 ambientato tra l&#8217;Adriatica e un&#8217;isola vulcanica, tra studi di registrazione seminterrati e paesi disabitati in alta montagna, tra la Pianura Padana, il Nord Africa e l&#8217;America\u00bb. La copertina, che per i precedenti album era sempre stata affidata a dei grandi illustratori (Gipi, Andrea Bruno, Marco Cazzato e Gianluigi Toccafondo), questa volta \u00e8 stata realizzata utilizzando una foto dell\u2019opera di land art \u201cSeven Magic Mountains\u201d dell\u2019artista svizzero Ugo Rondinone. \u00abDalla prima volta che ho visto quest\u2019opera su internet, qualche mese fa ho capito che aveva a che fare con quello che stavo scrivendo. Si chiamano Seven Magic Mountains, sorgono nel deserto del Nevada, sono enormi e fosforescenti ma sono solo pietre accatastate l\u2019una sull\u2019altra. Fanno capire come gli esseri umani riescono a rendere spettacolare anche un deserto e contemporaneamente sono una metafora di Las Vegas, a mezz\u2019ora di distanza, ovvero del niente luccicante. O della nostra terra, lo splendido deserto italiano visto con gli occhi di chi cerca di sbarcarci. \u00c8 un\u2019opera di Ugo Rondinone, un artista svizzero che vive a New York. La fotografia invece \u00e8 di Gianfranco Gorgoni; originario di un paese che si chiama Bomba, in Abruzzo, si \u00e8 poi trasferito a New York negli anni Sessanta ed \u00e8 diventato tra le altre cose un\u2019importante fotografo di Land Art, quando questa forma d\u2019arte non aveva ancora un nome. Ho scoperto anche che era sul palco a Woodstock e sono sue le foto di Jimi Hendrix durante quel concerto e anche molti dei ritratti leggendari di Basquiat o di Keith Haring. Io avevo in casa una sua foto in cui c\u2019erano uno accanto all\u2019altro De Chirico ed Andy Wharol, due mondi distanti vicinissimi\u00bb.\u00a0<\/span><\/p>\n<p>(fonte: comunicato stampa)<\/p>\n","protected":false},"excerpt":{"rendered":"<p>Sabato 19 agosto (ore 22 &#8211; ingresso 15 euro + 3 dp nel circuito BookingShow e su Do It Yourself)<\/p>\n","protected":false},"author":1,"featured_media":3362,"comment_status":"open","ping_status":"open","sticky":false,"template":"","format":"standard","meta":[],"categories":[12],"tags":[],"yoast_head":"<!-- This site is optimized with the Yoast SEO plugin v18.0 - https:\/\/yoast.com\/wordpress\/plugins\/seo\/ -->\n<title>Le Luci della Centrale Elettrica.A Lecce il cantante ferrarese Vasco Brondi | Arte e Luoghi<\/title>\n<meta name=\"robots\" content=\"index, follow, max-snippet:-1, max-image-preview:large, max-video-preview:-1\" \/>\n<link rel=\"canonical\" href=\"https:\/\/arteeluoghi.it\/index.php\/2017\/08\/04\/le-luci-della-centrale-elettrica-a-lecce-il-cantante-ferrarese-vasco-brondi\/\" \/>\n<meta property=\"og:locale\" content=\"it_IT\" \/>\n<meta property=\"og:type\" content=\"article\" \/>\n<meta property=\"og:title\" content=\"Le Luci della Centrale Elettrica.A Lecce il cantante ferrarese Vasco Brondi | Arte e Luoghi\" \/>\n<meta property=\"og:description\" content=\"Sabato 19 agosto (ore 22 &#8211; ingresso 15 euro + 3 dp nel circuito BookingShow e su Do It Yourself)\" \/>\n<meta property=\"og:url\" content=\"https:\/\/arteeluoghi.it\/index.php\/2017\/08\/04\/le-luci-della-centrale-elettrica-a-lecce-il-cantante-ferrarese-vasco-brondi\/\" \/>\n<meta property=\"og:site_name\" content=\"Arte e Luoghi\" \/>\n<meta property=\"article:publisher\" content=\"https:\/\/www.facebook.com\/ArteELuoghi\/\" \/>\n<meta property=\"article:published_time\" content=\"2017-08-04T11:18:32+00:00\" \/>\n<meta property=\"article:modified_time\" content=\"2017-08-13T21:13:37+00:00\" \/>\n<meta property=\"og:image\" content=\"https:\/\/arteeluoghi.it\/wp-content\/uploads\/2017\/08\/lldce_PHmagliocchetti_16.jpg\" \/>\n\t<meta property=\"og:image:width\" content=\"1181\" \/>\n\t<meta property=\"og:image:height\" content=\"789\" \/>\n\t<meta property=\"og:image:type\" content=\"image\/jpeg\" \/>\n<meta name=\"twitter:card\" content=\"summary\" \/>\n<meta name=\"twitter:creator\" content=\"@arteeluoghi\" \/>\n<meta name=\"twitter:site\" content=\"@arteeluoghi\" \/>\n<meta name=\"twitter:label1\" content=\"Scritto da\" \/>\n\t<meta name=\"twitter:data1\" content=\"Staff\" \/>\n\t<meta name=\"twitter:label2\" content=\"Tempo di lettura stimato\" \/>\n\t<meta name=\"twitter:data2\" content=\"4 minuti\" \/>\n<script type=\"application\/ld+json\" class=\"yoast-schema-graph\">{\"@context\":\"https:\/\/schema.org\",\"@graph\":[{\"@type\":\"Organization\",\"@id\":\"https:\/\/arteeluoghi.it\/#organization\",\"name\":\"Arte e Luoghi\",\"url\":\"https:\/\/arteeluoghi.it\/\",\"sameAs\":[\"https:\/\/www.facebook.com\/ArteELuoghi\/\",\"https:\/\/www.instagram.com\/arteeluoghi\/?hl=it\",\"https:\/\/www.youtube.com\/channel\/UCuRVc4JW4-C5sg9rQB-srkw?view_as=subscriber\",\"https:\/\/twitter.com\/arteeluoghi\"],\"logo\":{\"@type\":\"ImageObject\",\"@id\":\"https:\/\/arteeluoghi.it\/#logo\",\"inLanguage\":\"it-IT\",\"url\":\"https:\/\/arteeluoghi.it\/wp-content\/uploads\/2018\/08\/logoinstagramarte.jpg\",\"contentUrl\":\"https:\/\/arteeluoghi.it\/wp-content\/uploads\/2018\/08\/logoinstagramarte.jpg\",\"width\":150,\"height\":150,\"caption\":\"Arte e Luoghi\"},\"image\":{\"@id\":\"https:\/\/arteeluoghi.it\/#logo\"}},{\"@type\":\"WebSite\",\"@id\":\"https:\/\/arteeluoghi.it\/#website\",\"url\":\"https:\/\/arteeluoghi.it\/\",\"name\":\"Arte e Luoghi\",\"description\":\"Mensile di arte, cultura, turismo e curiosit\u00e0\",\"publisher\":{\"@id\":\"https:\/\/arteeluoghi.it\/#organization\"},\"potentialAction\":[{\"@type\":\"SearchAction\",\"target\":{\"@type\":\"EntryPoint\",\"urlTemplate\":\"https:\/\/arteeluoghi.it\/?s={search_term_string}\"},\"query-input\":\"required name=search_term_string\"}],\"inLanguage\":\"it-IT\"},{\"@type\":\"ImageObject\",\"@id\":\"https:\/\/arteeluoghi.it\/index.php\/2017\/08\/04\/le-luci-della-centrale-elettrica-a-lecce-il-cantante-ferrarese-vasco-brondi\/#primaryimage\",\"inLanguage\":\"it-IT\",\"url\":\"https:\/\/arteeluoghi.it\/wp-content\/uploads\/2017\/08\/lldce_PHmagliocchetti_16.jpg\",\"contentUrl\":\"https:\/\/arteeluoghi.it\/wp-content\/uploads\/2017\/08\/lldce_PHmagliocchetti_16.jpg\",\"width\":1181,\"height\":789},{\"@type\":\"WebPage\",\"@id\":\"https:\/\/arteeluoghi.it\/index.php\/2017\/08\/04\/le-luci-della-centrale-elettrica-a-lecce-il-cantante-ferrarese-vasco-brondi\/#webpage\",\"url\":\"https:\/\/arteeluoghi.it\/index.php\/2017\/08\/04\/le-luci-della-centrale-elettrica-a-lecce-il-cantante-ferrarese-vasco-brondi\/\",\"name\":\"Le Luci della Centrale Elettrica.A Lecce il cantante ferrarese Vasco Brondi | Arte e Luoghi\",\"isPartOf\":{\"@id\":\"https:\/\/arteeluoghi.it\/#website\"},\"primaryImageOfPage\":{\"@id\":\"https:\/\/arteeluoghi.it\/index.php\/2017\/08\/04\/le-luci-della-centrale-elettrica-a-lecce-il-cantante-ferrarese-vasco-brondi\/#primaryimage\"},\"datePublished\":\"2017-08-04T11:18:32+00:00\",\"dateModified\":\"2017-08-13T21:13:37+00:00\",\"breadcrumb\":{\"@id\":\"https:\/\/arteeluoghi.it\/index.php\/2017\/08\/04\/le-luci-della-centrale-elettrica-a-lecce-il-cantante-ferrarese-vasco-brondi\/#breadcrumb\"},\"inLanguage\":\"it-IT\",\"potentialAction\":[{\"@type\":\"ReadAction\",\"target\":[\"https:\/\/arteeluoghi.it\/index.php\/2017\/08\/04\/le-luci-della-centrale-elettrica-a-lecce-il-cantante-ferrarese-vasco-brondi\/\"]}]},{\"@type\":\"BreadcrumbList\",\"@id\":\"https:\/\/arteeluoghi.it\/index.php\/2017\/08\/04\/le-luci-della-centrale-elettrica-a-lecce-il-cantante-ferrarese-vasco-brondi\/#breadcrumb\",\"itemListElement\":[{\"@type\":\"ListItem\",\"position\":1,\"name\":\"Home\",\"item\":\"https:\/\/arteeluoghi.it\/\"},{\"@type\":\"ListItem\",\"position\":2,\"name\":\"Le Luci della Centrale Elettrica.A Lecce il cantante ferrarese Vasco Brondi\"}]},{\"@type\":\"Article\",\"@id\":\"https:\/\/arteeluoghi.it\/index.php\/2017\/08\/04\/le-luci-della-centrale-elettrica-a-lecce-il-cantante-ferrarese-vasco-brondi\/#article\",\"isPartOf\":{\"@id\":\"https:\/\/arteeluoghi.it\/index.php\/2017\/08\/04\/le-luci-della-centrale-elettrica-a-lecce-il-cantante-ferrarese-vasco-brondi\/#webpage\"},\"author\":{\"@id\":\"https:\/\/arteeluoghi.it\/#\/schema\/person\/f84e814e36e91e01448ee07eaadd41d4\"},\"headline\":\"Le Luci della Centrale Elettrica.A Lecce il cantante ferrarese Vasco Brondi\",\"datePublished\":\"2017-08-04T11:18:32+00:00\",\"dateModified\":\"2017-08-13T21:13:37+00:00\",\"mainEntityOfPage\":{\"@id\":\"https:\/\/arteeluoghi.it\/index.php\/2017\/08\/04\/le-luci-della-centrale-elettrica-a-lecce-il-cantante-ferrarese-vasco-brondi\/#webpage\"},\"wordCount\":716,\"commentCount\":0,\"publisher\":{\"@id\":\"https:\/\/arteeluoghi.it\/#organization\"},\"image\":{\"@id\":\"https:\/\/arteeluoghi.it\/index.php\/2017\/08\/04\/le-luci-della-centrale-elettrica-a-lecce-il-cantante-ferrarese-vasco-brondi\/#primaryimage\"},\"thumbnailUrl\":\"https:\/\/arteeluoghi.it\/wp-content\/uploads\/2017\/08\/lldce_PHmagliocchetti_16.jpg\",\"articleSection\":[\"MUSICA\"],\"inLanguage\":\"it-IT\",\"potentialAction\":[{\"@type\":\"CommentAction\",\"name\":\"Comment\",\"target\":[\"https:\/\/arteeluoghi.it\/index.php\/2017\/08\/04\/le-luci-della-centrale-elettrica-a-lecce-il-cantante-ferrarese-vasco-brondi\/#respond\"]}]},{\"@type\":\"Person\",\"@id\":\"https:\/\/arteeluoghi.it\/#\/schema\/person\/f84e814e36e91e01448ee07eaadd41d4\",\"name\":\"Staff\",\"image\":{\"@type\":\"ImageObject\",\"@id\":\"https:\/\/arteeluoghi.it\/#personlogo\",\"inLanguage\":\"it-IT\",\"url\":\"https:\/\/secure.gravatar.com\/avatar\/49d2f9e46271bb04e19cebfaf141313a?s=96&d=blank&r=g\",\"contentUrl\":\"https:\/\/secure.gravatar.com\/avatar\/49d2f9e46271bb04e19cebfaf141313a?s=96&d=blank&r=g\",\"caption\":\"Staff\"}}]}<\/script>\n<!-- \/ Yoast SEO plugin. -->","yoast_head_json":{"title":"Le Luci della Centrale Elettrica.A Lecce il cantante ferrarese Vasco Brondi | Arte e Luoghi","robots":{"index":"index","follow":"follow","max-snippet":"max-snippet:-1","max-image-preview":"max-image-preview:large","max-video-preview":"max-video-preview:-1"},"canonical":"https:\/\/arteeluoghi.it\/index.php\/2017\/08\/04\/le-luci-della-centrale-elettrica-a-lecce-il-cantante-ferrarese-vasco-brondi\/","og_locale":"it_IT","og_type":"article","og_title":"Le Luci della Centrale Elettrica.A Lecce il cantante ferrarese Vasco Brondi | Arte e Luoghi","og_description":"Sabato 19 agosto (ore 22 &#8211; ingresso 15 euro + 3 dp nel circuito BookingShow e su Do It Yourself)","og_url":"https:\/\/arteeluoghi.it\/index.php\/2017\/08\/04\/le-luci-della-centrale-elettrica-a-lecce-il-cantante-ferrarese-vasco-brondi\/","og_site_name":"Arte e Luoghi","article_publisher":"https:\/\/www.facebook.com\/ArteELuoghi\/","article_published_time":"2017-08-04T11:18:32+00:00","article_modified_time":"2017-08-13T21:13:37+00:00","og_image":[{"width":1181,"height":789,"url":"https:\/\/arteeluoghi.it\/wp-content\/uploads\/2017\/08\/lldce_PHmagliocchetti_16.jpg","type":"image\/jpeg"}],"twitter_card":"summary","twitter_creator":"@arteeluoghi","twitter_site":"@arteeluoghi","twitter_misc":{"Scritto da":"Staff","Tempo di lettura stimato":"4 minuti"},"schema":{"@context":"https:\/\/schema.org","@graph":[{"@type":"Organization","@id":"https:\/\/arteeluoghi.it\/#organization","name":"Arte e Luoghi","url":"https:\/\/arteeluoghi.it\/","sameAs":["https:\/\/www.facebook.com\/ArteELuoghi\/","https:\/\/www.instagram.com\/arteeluoghi\/?hl=it","https:\/\/www.youtube.com\/channel\/UCuRVc4JW4-C5sg9rQB-srkw?view_as=subscriber","https:\/\/twitter.com\/arteeluoghi"],"logo":{"@type":"ImageObject","@id":"https:\/\/arteeluoghi.it\/#logo","inLanguage":"it-IT","url":"https:\/\/arteeluoghi.it\/wp-content\/uploads\/2018\/08\/logoinstagramarte.jpg","contentUrl":"https:\/\/arteeluoghi.it\/wp-content\/uploads\/2018\/08\/logoinstagramarte.jpg","width":150,"height":150,"caption":"Arte e Luoghi"},"image":{"@id":"https:\/\/arteeluoghi.it\/#logo"}},{"@type":"WebSite","@id":"https:\/\/arteeluoghi.it\/#website","url":"https:\/\/arteeluoghi.it\/","name":"Arte e Luoghi","description":"Mensile di arte, cultura, turismo e curiosit\u00e0","publisher":{"@id":"https:\/\/arteeluoghi.it\/#organization"},"potentialAction":[{"@type":"SearchAction","target":{"@type":"EntryPoint","urlTemplate":"https:\/\/arteeluoghi.it\/?s={search_term_string}"},"query-input":"required name=search_term_string"}],"inLanguage":"it-IT"},{"@type":"ImageObject","@id":"https:\/\/arteeluoghi.it\/index.php\/2017\/08\/04\/le-luci-della-centrale-elettrica-a-lecce-il-cantante-ferrarese-vasco-brondi\/#primaryimage","inLanguage":"it-IT","url":"https:\/\/arteeluoghi.it\/wp-content\/uploads\/2017\/08\/lldce_PHmagliocchetti_16.jpg","contentUrl":"https:\/\/arteeluoghi.it\/wp-content\/uploads\/2017\/08\/lldce_PHmagliocchetti_16.jpg","width":1181,"height":789},{"@type":"WebPage","@id":"https:\/\/arteeluoghi.it\/index.php\/2017\/08\/04\/le-luci-della-centrale-elettrica-a-lecce-il-cantante-ferrarese-vasco-brondi\/#webpage","url":"https:\/\/arteeluoghi.it\/index.php\/2017\/08\/04\/le-luci-della-centrale-elettrica-a-lecce-il-cantante-ferrarese-vasco-brondi\/","name":"Le Luci della Centrale Elettrica.A Lecce il cantante ferrarese Vasco Brondi | Arte e Luoghi","isPartOf":{"@id":"https:\/\/arteeluoghi.it\/#website"},"primaryImageOfPage":{"@id":"https:\/\/arteeluoghi.it\/index.php\/2017\/08\/04\/le-luci-della-centrale-elettrica-a-lecce-il-cantante-ferrarese-vasco-brondi\/#primaryimage"},"datePublished":"2017-08-04T11:18:32+00:00","dateModified":"2017-08-13T21:13:37+00:00","breadcrumb":{"@id":"https:\/\/arteeluoghi.it\/index.php\/2017\/08\/04\/le-luci-della-centrale-elettrica-a-lecce-il-cantante-ferrarese-vasco-brondi\/#breadcrumb"},"inLanguage":"it-IT","potentialAction":[{"@type":"ReadAction","target":["https:\/\/arteeluoghi.it\/index.php\/2017\/08\/04\/le-luci-della-centrale-elettrica-a-lecce-il-cantante-ferrarese-vasco-brondi\/"]}]},{"@type":"BreadcrumbList","@id":"https:\/\/arteeluoghi.it\/index.php\/2017\/08\/04\/le-luci-della-centrale-elettrica-a-lecce-il-cantante-ferrarese-vasco-brondi\/#breadcrumb","itemListElement":[{"@type":"ListItem","position":1,"name":"Home","item":"https:\/\/arteeluoghi.it\/"},{"@type":"ListItem","position":2,"name":"Le Luci della Centrale Elettrica.A Lecce il cantante ferrarese Vasco Brondi"}]},{"@type":"Article","@id":"https:\/\/arteeluoghi.it\/index.php\/2017\/08\/04\/le-luci-della-centrale-elettrica-a-lecce-il-cantante-ferrarese-vasco-brondi\/#article","isPartOf":{"@id":"https:\/\/arteeluoghi.it\/index.php\/2017\/08\/04\/le-luci-della-centrale-elettrica-a-lecce-il-cantante-ferrarese-vasco-brondi\/#webpage"},"author":{"@id":"https:\/\/arteeluoghi.it\/#\/schema\/person\/f84e814e36e91e01448ee07eaadd41d4"},"headline":"Le Luci della Centrale Elettrica.A Lecce il cantante ferrarese Vasco Brondi","datePublished":"2017-08-04T11:18:32+00:00","dateModified":"2017-08-13T21:13:37+00:00","mainEntityOfPage":{"@id":"https:\/\/arteeluoghi.it\/index.php\/2017\/08\/04\/le-luci-della-centrale-elettrica-a-lecce-il-cantante-ferrarese-vasco-brondi\/#webpage"},"wordCount":716,"commentCount":0,"publisher":{"@id":"https:\/\/arteeluoghi.it\/#organization"},"image":{"@id":"https:\/\/arteeluoghi.it\/index.php\/2017\/08\/04\/le-luci-della-centrale-elettrica-a-lecce-il-cantante-ferrarese-vasco-brondi\/#primaryimage"},"thumbnailUrl":"https:\/\/arteeluoghi.it\/wp-content\/uploads\/2017\/08\/lldce_PHmagliocchetti_16.jpg","articleSection":["MUSICA"],"inLanguage":"it-IT","potentialAction":[{"@type":"CommentAction","name":"Comment","target":["https:\/\/arteeluoghi.it\/index.php\/2017\/08\/04\/le-luci-della-centrale-elettrica-a-lecce-il-cantante-ferrarese-vasco-brondi\/#respond"]}]},{"@type":"Person","@id":"https:\/\/arteeluoghi.it\/#\/schema\/person\/f84e814e36e91e01448ee07eaadd41d4","name":"Staff","image":{"@type":"ImageObject","@id":"https:\/\/arteeluoghi.it\/#personlogo","inLanguage":"it-IT","url":"https:\/\/secure.gravatar.com\/avatar\/49d2f9e46271bb04e19cebfaf141313a?s=96&d=blank&r=g","contentUrl":"https:\/\/secure.gravatar.com\/avatar\/49d2f9e46271bb04e19cebfaf141313a?s=96&d=blank&r=g","caption":"Staff"}}]}},"_links":{"self":[{"href":"https:\/\/arteeluoghi.it\/index.php\/wp-json\/wp\/v2\/posts\/3361"}],"collection":[{"href":"https:\/\/arteeluoghi.it\/index.php\/wp-json\/wp\/v2\/posts"}],"about":[{"href":"https:\/\/arteeluoghi.it\/index.php\/wp-json\/wp\/v2\/types\/post"}],"author":[{"embeddable":true,"href":"https:\/\/arteeluoghi.it\/index.php\/wp-json\/wp\/v2\/users\/1"}],"replies":[{"embeddable":true,"href":"https:\/\/arteeluoghi.it\/index.php\/wp-json\/wp\/v2\/comments?post=3361"}],"version-history":[{"count":2,"href":"https:\/\/arteeluoghi.it\/index.php\/wp-json\/wp\/v2\/posts\/3361\/revisions"}],"predecessor-version":[{"id":3364,"href":"https:\/\/arteeluoghi.it\/index.php\/wp-json\/wp\/v2\/posts\/3361\/revisions\/3364"}],"wp:featuredmedia":[{"embeddable":true,"href":"https:\/\/arteeluoghi.it\/index.php\/wp-json\/wp\/v2\/media\/3362"}],"wp:attachment":[{"href":"https:\/\/arteeluoghi.it\/index.php\/wp-json\/wp\/v2\/media?parent=3361"}],"wp:term":[{"taxonomy":"category","embeddable":true,"href":"https:\/\/arteeluoghi.it\/index.php\/wp-json\/wp\/v2\/categories?post=3361"},{"taxonomy":"post_tag","embeddable":true,"href":"https:\/\/arteeluoghi.it\/index.php\/wp-json\/wp\/v2\/tags?post=3361"}],"curies":[{"name":"wp","href":"https:\/\/api.w.org\/{rel}","templated":true}]}}