{"id":3365,"date":"2017-08-13T23:21:17","date_gmt":"2017-08-13T21:21:17","guid":{"rendered":"http:\/\/arteeluoghi.it\/?p=3365"},"modified":"2017-08-13T23:27:41","modified_gmt":"2017-08-13T21:27:41","slug":"arte-e-musica-nel-castello-di-gallipoli","status":"publish","type":"post","link":"https:\/\/arteeluoghi.it\/index.php\/2017\/08\/13\/arte-e-musica-nel-castello-di-gallipoli\/","title":{"rendered":"Arte e musica nel Castello di Gallipoli"},"content":{"rendered":"<p><span style=\"font-family: verdana,sans-serif;\"><img loading=\"lazy\" class=\"size-medium wp-image-3367 alignleft\" src=\"https:\/\/arteeluoghi.it\/wp-content\/uploads\/2017\/08\/gallipoli-sito-prima-parte-300x199.jpg\" alt=\"\" width=\"300\" height=\"199\" srcset=\"https:\/\/arteeluoghi.it\/wp-content\/uploads\/2017\/08\/gallipoli-sito-prima-parte-300x199.jpg 300w, https:\/\/arteeluoghi.it\/wp-content\/uploads\/2017\/08\/gallipoli-sito-prima-parte-768x509.jpg 768w, https:\/\/arteeluoghi.it\/wp-content\/uploads\/2017\/08\/gallipoli-sito-prima-parte-1024x679.jpg 1024w, https:\/\/arteeluoghi.it\/wp-content\/uploads\/2017\/08\/gallipoli-sito-prima-parte.jpg 1520w\" sizes=\"(max-width: 300px) 100vw, 300px\" \/>Nel <b>Castello di Gallipoli<\/b>, gestito dal 2014 dall\u2019<b>Agenzia di Comunicazione Orione<\/b>, prosegue la mostra &#8220;<b>I porti del Re<\/b>&#8221; dell&#8217;artista tedesco <b>Jacob Philipp Hackert<\/b> (1737-1807). La <b>Sala ennagonale<\/b> dell&#8217;antico maniero ospita, infatti, <b>nove grandi opere<\/b> dell&#8217;artista tedesco, raffiguranti altrettanti porti pugliesi del Regno di Napoli. Le opere furono realizzate su commissione di <b>Re Ferdinando IV <\/b>di <b>Borbone<\/b> che, nella primavera del 1788, incaric\u00f2 il pittore ufficiale di corte di ritrarre in dipinti e disegni tutti i porti del Regno borbonico. La mostra, a cura di Luigi Orione Amato e Raffaela Zizzari, \u00e8 prodotta dal Castello in collaborazione con la Reggia di Caserta e il Comune di Gallipoli. I visitatori, inoltre, approderanno nel &#8220;Porto animato&#8221; a cura di Openlabcompany e potranno apprezzare la mostra fotografica \u201cAlle porte del mare\u201d a cura dell\u2019associazione Obiettivi. Il <b>Castello<\/b> (aperto nel mese di agosto tutti i giorni dalle 10 alle 24) propone anche una serie di appuntamenti fissi ogni domenica, marted\u00ec e mercoled\u00ec.<br \/>\n<\/span><br \/>\n<!--more--><span style=\"font-family: verdana,sans-serif;\"><b> <\/b><b>Ogni domenica <\/b>mattina un percorso che unisce la tradizione dello yoga con le riflessioni della filosofia della Magna Grecia. Una sessione di esercizi, respirazione, meditazione che diventa il miglior viatico per tonificare\u00a0 corpo e spirito e focalizzare gli obiettivi. &#8220;Si tratta di un percorso semplice, adatto a tutti&#8221;,\u00a0 sottolinea Ilaria Mancino &#8220;durante il quale approfondiremo respirazione, equilibrio e voce&#8221;. Per info e prenotazioni 3492116942 &#8211; 083326277.<\/span><\/p>\n<p><img loading=\"lazy\" class=\"size-medium wp-image-3369 alignright\" src=\"https:\/\/arteeluoghi.it\/wp-content\/uploads\/2017\/08\/Mae\u0300-225x300.jpg\" alt=\"\" width=\"225\" height=\"300\" srcset=\"https:\/\/arteeluoghi.it\/wp-content\/uploads\/2017\/08\/Mae\u0300-225x300.jpg 225w, https:\/\/arteeluoghi.it\/wp-content\/uploads\/2017\/08\/Mae\u0300.jpg 360w\" sizes=\"(max-width: 225px) 100vw, 225px\" \/>Ogni marted\u00ec dalle 21 <b>Canti e pizziche <\/b><b>salentine <\/b>riservate ai visitatori del Castello per ballare e ascoltare la musica popolare sulla terrazza sorseggiando un cocktail o degustando un buon aperitivo del bar 51Nodi. A Ferragosto la serata ospiter\u00e0 <b>I Ma\u00e8<\/b>, un gruppo fondato da Gigi Pepe, suonatore di organetto diatonco e cantante, e da Maria Cristina Gallo, cantante e tamburellista (foto a lato).<\/p>\n<p><b>Ogni mercoled\u00ec<\/b> un appuntamento speciale per gli amanti della storia e dell&#8217;arte. Gli spettatori (ingresso 7 euro) potranno infatti partecipare a una <b>visita teatralizzata<\/b> in <b>costume<\/b>, a cura del <b>Teatro Le Giravolte<\/b>, (doppio turno ore 19 e 20) accompagnati da guide che indosseranno gli abiti dei marinai e dei popolani ritratti nel Porto di Gallipoli firmato da Hackert. Un appuntamento per immergersi nel regno borbonico di fine &#8216;700 e per degustare un aperitivo a tema al bar 51Nodi sulle terrazze del Castello.<\/p>\n<p><span style=\"font-family: verdana,sans-serif;\">\u00a0<img loading=\"lazy\" class=\"size-medium wp-image-3366 alignleft\" src=\"https:\/\/arteeluoghi.it\/wp-content\/uploads\/2017\/08\/GALLIPOLI_1790-web-300x194.png\" alt=\"\" width=\"300\" height=\"194\" srcset=\"https:\/\/arteeluoghi.it\/wp-content\/uploads\/2017\/08\/GALLIPOLI_1790-web-300x194.png 300w, https:\/\/arteeluoghi.it\/wp-content\/uploads\/2017\/08\/GALLIPOLI_1790-web.png 709w\" sizes=\"(max-width: 300px) 100vw, 300px\" \/>Il viaggio di <b>Jakob Philipp Hackert<\/b>, da Manfredonia a Taranto, dura pi\u00f9 di tre mesi. L&#8217;artista appronta il materiale occorrente per poter poi ritrarre, una volta rientrato a Napoli, tutti i porti delle tre estreme province orientali del Regno di Napoli: Capitanata, Terra di Bari e Terra d\u2019Otranto. Al rientro dai sopralluoghi, il pittore inizia a riprodurre su tele di grande dimensione i porti di Taranto e di Brindisi nel 1789, prosegue con i porti di Gallipoli, Manfredonia, Barletta, Bisceglie e Santo Stefano di Monopoli nel 1790, esegue nel 1791 il porto di Trani e infine chiude la serie nel 1792 con il porto di Otranto. Jakob Phillip Hackert (1737-1807) nacque in Germania a Prenzlau. Viaggi\u00f2 molto in Europa e raggiunse la fama con le sue tele di scorci pittoreschi. Lavor\u00f2 per Caterina di Russia e in Italia soggiorn\u00f2 a lungo a Roma, Firenze e Napoli. Qui, Ferdinando IV gli commission\u00f2 dodici quadri raffiguranti i porti del Regno delle Due Sicilie. L&#8217;intera commissione delle Vedute dei Porti del Regno \u00e8 riconducibile alla volont\u00e0 del Re di Napoli di emulare quanto il Re di Francia Luigi XV aveva realizzato, affidandone l&#8217;esecuzione al pittore Claude-Joseph Vernet nel 1753, con la serie di Vedute dei Porti di Francia. Le opere furono create sulla scorta di schizzi disegnati da lui stesso, come suggeriscono le repliche di figure ricorrenti in pi\u00f9 tele: una raccolta di 136 cartelle di disegni preparatori conservata presso lo Staatliche Museeum di Berlino.<\/span><\/p>\n<p><img loading=\"lazy\" class=\"size-medium wp-image-3368 alignleft\" src=\"https:\/\/arteeluoghi.it\/wp-content\/uploads\/2017\/08\/Sala-Ennagonale-Castello-di-Gallipoli-300x200.jpg\" alt=\"\" width=\"300\" height=\"200\" srcset=\"https:\/\/arteeluoghi.it\/wp-content\/uploads\/2017\/08\/Sala-Ennagonale-Castello-di-Gallipoli-300x200.jpg 300w, https:\/\/arteeluoghi.it\/wp-content\/uploads\/2017\/08\/Sala-Ennagonale-Castello-di-Gallipoli-768x512.jpg 768w, https:\/\/arteeluoghi.it\/wp-content\/uploads\/2017\/08\/Sala-Ennagonale-Castello-di-Gallipoli-1024x682.jpg 1024w, https:\/\/arteeluoghi.it\/wp-content\/uploads\/2017\/08\/Sala-Ennagonale-Castello-di-Gallipoli.jpg 1600w\" sizes=\"(max-width: 300px) 100vw, 300px\" \/>Le nove tele sono esposte nella <b>Sala ennagonale<\/b>, gioiello rari<span style=\"font-family: verdana,sans-serif;\">ssimo e unico esempio di architettura militare di tale forma e dimensione. La sala ha, infatti, un diametro di 20 e un\u2019altezza di 10 metri, con copertura a padiglione, inglobata nella torre grande posta nello spigolo sud-est della fortezza, interamente circondata dal mare. Sulle pareti, spesse 9 metri, si aprono le maestose bocche di fuoco. La torre grande \u00e8 frutto di vari rimaneggiamenti dell\u2019ingegno di Francesco di Giorgio Martini da Siena che cerc\u00f2 di adeguare la fortezza ai nuovi criteri imposti dal perfezionamento delle artiglierie senza demolire le preesistenze. \u00c8 proprio in questa torre che giacciono le origini dell\u2019arcaico sistema difensivo gallipolino, un mastio antichissimo di dimensioni minori e forma differente rispetto alle attuali.<\/span><\/p>\n<p>Le sale del Castello accolgono anche il &#8220;<b>Porto animato<\/b>&#8221; a cura di Openlabcompany, un laboratorio di progettazione fondato nel 1991 da Laura Colombo e Luca Ruzza dove con un\u00a0 team di progettisti, ingegneri e artisti si sviluppano idee di paesaggi futuri trasformandoli in realt\u00e0. Il Porto di Gallipoli dipinto da Hackert rivivr\u00e0 grazie alle animazioni di Gioele Stella e al sound design di Laura Colombo e Bernardo Vercelli. C\u2019\u00e8 una pratica che mette in relazione la storia dell\u2019arte con la motion graphic. Consiste nella realizzazione di prodotti video che hanno come tema la rivisitazione animata di quadri famosi di varie epoche, in chiave interpretativa, poetica, ironica, dissacrante. Le opere vengono riproposte con oggetti o personaggi della scena rappresentata in movimento, con elementi aggiunti che compiono azioni o interagiscono con le parti dei dipinti oppure con variazioni di punti di vista che esplorano lo spazio virtuale dell\u2019opera, mettendo in evidenza particolari, espressioni o atteggiamenti presenti. Il filmato ci porta a considerare la \u201cmessa in scena\u201d \u2013 intesa come elemento compositivo \u2013 nella sua funzione primaria, all\u2019interno di un quadro. Scegliere un istante piuttosto che il successivo muta il senso del dipinto e gli equilibri.<\/p>\n<p><b>Alle porte del mare <\/b>\u00e8 una mostra fotografica a cura dell\u2019assoc<span style=\"font-family: verdana,sans-serif;\">iazione <b>Obiettivi<\/b> che propone gli scatti di Chiara Papa, Marco Morelli, Fabio Ingrosso, Giovanni Raganato, Loredana Cocola De Matteis, Mino D\u2019agostino, Paolo Laku, Pierluigi Luceri, Carmelo Roberto, Samuele Vincenti, Valentina Morello e Tiziana Miccoli. La Puglia, con i suoi 800 chilometri di coste \u00e8 sempre stata, sin dall\u2019antichit\u00e0, al centro di importanti comunicazioni con l\u2019est europeo e l\u2019area dei Balcani, nonch\u00e9 della Grecia e dell\u2019Asia Minore. Dai porti della Puglia partivano e approdavano navi cariche di olio e di vino, di marmi e di merci pregiate provenienti dall\u2019oriente. E dalla Puglia partivano in direzione della Terrasanta anche le armate dei crociati per la riconquista del Santo Sepolcro. Vuole la leggenda che Enea, nella sua fuga verso l\u2019Italia sia approdato proprio in Puglia, in una spiaggia vicino a Porto Badisco, e che San Pietro sia sbarcato, nel suo viaggio per evangelizzare l\u2019Italia a Santa Maria di Leuca, dove avrebbe tenuto il primo dei suoi discorsi sul territorio italiano. Oltre ai grandi porti commerciali la Puglia \u00e8 ricca di ampie capacit\u00e0 ricettive anche per quanto riguarda i porti turistici, oltre ai piccoli porti sparsi su tutto il territorio ricchi di storia e di fascino, perle tra mare e terra.<br \/>\n<\/span><\/p>\n<p>(fonte: comunicato stampa)<\/p>\n","protected":false},"excerpt":{"rendered":"<p>Nel Castello di Gallipoli, gestito dal 2014 dall\u2019Agenzia di Comunicazione Orione, prosegue la mostra &#8220;I porti del Re&#8221; dell&#8217;artista tedesco<\/p>\n","protected":false},"author":1,"featured_media":3367,"comment_status":"open","ping_status":"open","sticky":false,"template":"","format":"standard","meta":[],"categories":[28],"tags":[137,139,136,135,138],"yoast_head":"<!-- This site is optimized with the Yoast SEO plugin v18.0 - https:\/\/yoast.com\/wordpress\/plugins\/seo\/ -->\n<title>Arte e musica nel Castello di Gallipoli | Arte e Luoghi<\/title>\n<meta name=\"robots\" content=\"index, follow, max-snippet:-1, max-image-preview:large, max-video-preview:-1\" \/>\n<link rel=\"canonical\" href=\"https:\/\/arteeluoghi.it\/index.php\/2017\/08\/13\/arte-e-musica-nel-castello-di-gallipoli\/\" \/>\n<meta property=\"og:locale\" content=\"it_IT\" \/>\n<meta property=\"og:type\" content=\"article\" \/>\n<meta property=\"og:title\" content=\"Arte e musica nel Castello di Gallipoli | Arte e Luoghi\" \/>\n<meta property=\"og:description\" content=\"Nel Castello di Gallipoli, gestito dal 2014 dall\u2019Agenzia di Comunicazione Orione, prosegue la mostra &#8220;I porti del Re&#8221; dell&#8217;artista tedesco\" \/>\n<meta property=\"og:url\" content=\"https:\/\/arteeluoghi.it\/index.php\/2017\/08\/13\/arte-e-musica-nel-castello-di-gallipoli\/\" \/>\n<meta property=\"og:site_name\" content=\"Arte e Luoghi\" \/>\n<meta property=\"article:publisher\" content=\"https:\/\/www.facebook.com\/ArteELuoghi\/\" \/>\n<meta property=\"article:published_time\" content=\"2017-08-13T21:21:17+00:00\" \/>\n<meta property=\"article:modified_time\" content=\"2017-08-13T21:27:41+00:00\" \/>\n<meta property=\"og:image\" content=\"https:\/\/arteeluoghi.it\/wp-content\/uploads\/2017\/08\/gallipoli-sito-prima-parte.jpg\" \/>\n\t<meta property=\"og:image:width\" content=\"1520\" \/>\n\t<meta property=\"og:image:height\" content=\"1008\" \/>\n\t<meta property=\"og:image:type\" content=\"image\/jpeg\" \/>\n<meta name=\"twitter:card\" content=\"summary\" \/>\n<meta name=\"twitter:creator\" content=\"@arteeluoghi\" \/>\n<meta name=\"twitter:site\" content=\"@arteeluoghi\" \/>\n<meta name=\"twitter:label1\" content=\"Scritto da\" \/>\n\t<meta name=\"twitter:data1\" content=\"Staff\" \/>\n\t<meta name=\"twitter:label2\" content=\"Tempo di lettura stimato\" \/>\n\t<meta name=\"twitter:data2\" content=\"6 minuti\" \/>\n<script type=\"application\/ld+json\" class=\"yoast-schema-graph\">{\"@context\":\"https:\/\/schema.org\",\"@graph\":[{\"@type\":\"Organization\",\"@id\":\"https:\/\/arteeluoghi.it\/#organization\",\"name\":\"Arte e Luoghi\",\"url\":\"https:\/\/arteeluoghi.it\/\",\"sameAs\":[\"https:\/\/www.facebook.com\/ArteELuoghi\/\",\"https:\/\/www.instagram.com\/arteeluoghi\/?hl=it\",\"https:\/\/www.youtube.com\/channel\/UCuRVc4JW4-C5sg9rQB-srkw?view_as=subscriber\",\"https:\/\/twitter.com\/arteeluoghi\"],\"logo\":{\"@type\":\"ImageObject\",\"@id\":\"https:\/\/arteeluoghi.it\/#logo\",\"inLanguage\":\"it-IT\",\"url\":\"https:\/\/arteeluoghi.it\/wp-content\/uploads\/2018\/08\/logoinstagramarte.jpg\",\"contentUrl\":\"https:\/\/arteeluoghi.it\/wp-content\/uploads\/2018\/08\/logoinstagramarte.jpg\",\"width\":150,\"height\":150,\"caption\":\"Arte e Luoghi\"},\"image\":{\"@id\":\"https:\/\/arteeluoghi.it\/#logo\"}},{\"@type\":\"WebSite\",\"@id\":\"https:\/\/arteeluoghi.it\/#website\",\"url\":\"https:\/\/arteeluoghi.it\/\",\"name\":\"Arte e Luoghi\",\"description\":\"Mensile di arte, cultura, turismo e curiosit\u00e0\",\"publisher\":{\"@id\":\"https:\/\/arteeluoghi.it\/#organization\"},\"potentialAction\":[{\"@type\":\"SearchAction\",\"target\":{\"@type\":\"EntryPoint\",\"urlTemplate\":\"https:\/\/arteeluoghi.it\/?s={search_term_string}\"},\"query-input\":\"required name=search_term_string\"}],\"inLanguage\":\"it-IT\"},{\"@type\":\"ImageObject\",\"@id\":\"https:\/\/arteeluoghi.it\/index.php\/2017\/08\/13\/arte-e-musica-nel-castello-di-gallipoli\/#primaryimage\",\"inLanguage\":\"it-IT\",\"url\":\"https:\/\/arteeluoghi.it\/wp-content\/uploads\/2017\/08\/gallipoli-sito-prima-parte.jpg\",\"contentUrl\":\"https:\/\/arteeluoghi.it\/wp-content\/uploads\/2017\/08\/gallipoli-sito-prima-parte.jpg\",\"width\":1520,\"height\":1008},{\"@type\":\"WebPage\",\"@id\":\"https:\/\/arteeluoghi.it\/index.php\/2017\/08\/13\/arte-e-musica-nel-castello-di-gallipoli\/#webpage\",\"url\":\"https:\/\/arteeluoghi.it\/index.php\/2017\/08\/13\/arte-e-musica-nel-castello-di-gallipoli\/\",\"name\":\"Arte e musica nel Castello di Gallipoli | Arte e Luoghi\",\"isPartOf\":{\"@id\":\"https:\/\/arteeluoghi.it\/#website\"},\"primaryImageOfPage\":{\"@id\":\"https:\/\/arteeluoghi.it\/index.php\/2017\/08\/13\/arte-e-musica-nel-castello-di-gallipoli\/#primaryimage\"},\"datePublished\":\"2017-08-13T21:21:17+00:00\",\"dateModified\":\"2017-08-13T21:27:41+00:00\",\"breadcrumb\":{\"@id\":\"https:\/\/arteeluoghi.it\/index.php\/2017\/08\/13\/arte-e-musica-nel-castello-di-gallipoli\/#breadcrumb\"},\"inLanguage\":\"it-IT\",\"potentialAction\":[{\"@type\":\"ReadAction\",\"target\":[\"https:\/\/arteeluoghi.it\/index.php\/2017\/08\/13\/arte-e-musica-nel-castello-di-gallipoli\/\"]}]},{\"@type\":\"BreadcrumbList\",\"@id\":\"https:\/\/arteeluoghi.it\/index.php\/2017\/08\/13\/arte-e-musica-nel-castello-di-gallipoli\/#breadcrumb\",\"itemListElement\":[{\"@type\":\"ListItem\",\"position\":1,\"name\":\"Home\",\"item\":\"https:\/\/arteeluoghi.it\/\"},{\"@type\":\"ListItem\",\"position\":2,\"name\":\"Arte e musica nel Castello di Gallipoli\"}]},{\"@type\":\"Article\",\"@id\":\"https:\/\/arteeluoghi.it\/index.php\/2017\/08\/13\/arte-e-musica-nel-castello-di-gallipoli\/#article\",\"isPartOf\":{\"@id\":\"https:\/\/arteeluoghi.it\/index.php\/2017\/08\/13\/arte-e-musica-nel-castello-di-gallipoli\/#webpage\"},\"author\":{\"@id\":\"https:\/\/arteeluoghi.it\/#\/schema\/person\/f84e814e36e91e01448ee07eaadd41d4\"},\"headline\":\"Arte e musica nel Castello di Gallipoli\",\"datePublished\":\"2017-08-13T21:21:17+00:00\",\"dateModified\":\"2017-08-13T21:27:41+00:00\",\"mainEntityOfPage\":{\"@id\":\"https:\/\/arteeluoghi.it\/index.php\/2017\/08\/13\/arte-e-musica-nel-castello-di-gallipoli\/#webpage\"},\"wordCount\":1131,\"commentCount\":0,\"publisher\":{\"@id\":\"https:\/\/arteeluoghi.it\/#organization\"},\"image\":{\"@id\":\"https:\/\/arteeluoghi.it\/index.php\/2017\/08\/13\/arte-e-musica-nel-castello-di-gallipoli\/#primaryimage\"},\"thumbnailUrl\":\"https:\/\/arteeluoghi.it\/wp-content\/uploads\/2017\/08\/gallipoli-sito-prima-parte.jpg\",\"keywords\":[\"Alle porte del mare\",\"canti e pizziche salentine\",\"Gallipoli\",\"Jakob Philipp Hackert\",\"Ma\u00e8\"],\"articleSection\":[\"Notizie\"],\"inLanguage\":\"it-IT\",\"potentialAction\":[{\"@type\":\"CommentAction\",\"name\":\"Comment\",\"target\":[\"https:\/\/arteeluoghi.it\/index.php\/2017\/08\/13\/arte-e-musica-nel-castello-di-gallipoli\/#respond\"]}]},{\"@type\":\"Person\",\"@id\":\"https:\/\/arteeluoghi.it\/#\/schema\/person\/f84e814e36e91e01448ee07eaadd41d4\",\"name\":\"Staff\",\"image\":{\"@type\":\"ImageObject\",\"@id\":\"https:\/\/arteeluoghi.it\/#personlogo\",\"inLanguage\":\"it-IT\",\"url\":\"https:\/\/secure.gravatar.com\/avatar\/49d2f9e46271bb04e19cebfaf141313a?s=96&d=blank&r=g\",\"contentUrl\":\"https:\/\/secure.gravatar.com\/avatar\/49d2f9e46271bb04e19cebfaf141313a?s=96&d=blank&r=g\",\"caption\":\"Staff\"}}]}<\/script>\n<!-- \/ Yoast SEO plugin. -->","yoast_head_json":{"title":"Arte e musica nel Castello di Gallipoli | Arte e Luoghi","robots":{"index":"index","follow":"follow","max-snippet":"max-snippet:-1","max-image-preview":"max-image-preview:large","max-video-preview":"max-video-preview:-1"},"canonical":"https:\/\/arteeluoghi.it\/index.php\/2017\/08\/13\/arte-e-musica-nel-castello-di-gallipoli\/","og_locale":"it_IT","og_type":"article","og_title":"Arte e musica nel Castello di Gallipoli | Arte e Luoghi","og_description":"Nel Castello di Gallipoli, gestito dal 2014 dall\u2019Agenzia di Comunicazione Orione, prosegue la mostra &#8220;I porti del Re&#8221; dell&#8217;artista tedesco","og_url":"https:\/\/arteeluoghi.it\/index.php\/2017\/08\/13\/arte-e-musica-nel-castello-di-gallipoli\/","og_site_name":"Arte e Luoghi","article_publisher":"https:\/\/www.facebook.com\/ArteELuoghi\/","article_published_time":"2017-08-13T21:21:17+00:00","article_modified_time":"2017-08-13T21:27:41+00:00","og_image":[{"width":1520,"height":1008,"url":"https:\/\/arteeluoghi.it\/wp-content\/uploads\/2017\/08\/gallipoli-sito-prima-parte.jpg","type":"image\/jpeg"}],"twitter_card":"summary","twitter_creator":"@arteeluoghi","twitter_site":"@arteeluoghi","twitter_misc":{"Scritto da":"Staff","Tempo di lettura stimato":"6 minuti"},"schema":{"@context":"https:\/\/schema.org","@graph":[{"@type":"Organization","@id":"https:\/\/arteeluoghi.it\/#organization","name":"Arte e Luoghi","url":"https:\/\/arteeluoghi.it\/","sameAs":["https:\/\/www.facebook.com\/ArteELuoghi\/","https:\/\/www.instagram.com\/arteeluoghi\/?hl=it","https:\/\/www.youtube.com\/channel\/UCuRVc4JW4-C5sg9rQB-srkw?view_as=subscriber","https:\/\/twitter.com\/arteeluoghi"],"logo":{"@type":"ImageObject","@id":"https:\/\/arteeluoghi.it\/#logo","inLanguage":"it-IT","url":"https:\/\/arteeluoghi.it\/wp-content\/uploads\/2018\/08\/logoinstagramarte.jpg","contentUrl":"https:\/\/arteeluoghi.it\/wp-content\/uploads\/2018\/08\/logoinstagramarte.jpg","width":150,"height":150,"caption":"Arte e Luoghi"},"image":{"@id":"https:\/\/arteeluoghi.it\/#logo"}},{"@type":"WebSite","@id":"https:\/\/arteeluoghi.it\/#website","url":"https:\/\/arteeluoghi.it\/","name":"Arte e Luoghi","description":"Mensile di arte, cultura, turismo e curiosit\u00e0","publisher":{"@id":"https:\/\/arteeluoghi.it\/#organization"},"potentialAction":[{"@type":"SearchAction","target":{"@type":"EntryPoint","urlTemplate":"https:\/\/arteeluoghi.it\/?s={search_term_string}"},"query-input":"required name=search_term_string"}],"inLanguage":"it-IT"},{"@type":"ImageObject","@id":"https:\/\/arteeluoghi.it\/index.php\/2017\/08\/13\/arte-e-musica-nel-castello-di-gallipoli\/#primaryimage","inLanguage":"it-IT","url":"https:\/\/arteeluoghi.it\/wp-content\/uploads\/2017\/08\/gallipoli-sito-prima-parte.jpg","contentUrl":"https:\/\/arteeluoghi.it\/wp-content\/uploads\/2017\/08\/gallipoli-sito-prima-parte.jpg","width":1520,"height":1008},{"@type":"WebPage","@id":"https:\/\/arteeluoghi.it\/index.php\/2017\/08\/13\/arte-e-musica-nel-castello-di-gallipoli\/#webpage","url":"https:\/\/arteeluoghi.it\/index.php\/2017\/08\/13\/arte-e-musica-nel-castello-di-gallipoli\/","name":"Arte e musica nel Castello di Gallipoli | Arte e Luoghi","isPartOf":{"@id":"https:\/\/arteeluoghi.it\/#website"},"primaryImageOfPage":{"@id":"https:\/\/arteeluoghi.it\/index.php\/2017\/08\/13\/arte-e-musica-nel-castello-di-gallipoli\/#primaryimage"},"datePublished":"2017-08-13T21:21:17+00:00","dateModified":"2017-08-13T21:27:41+00:00","breadcrumb":{"@id":"https:\/\/arteeluoghi.it\/index.php\/2017\/08\/13\/arte-e-musica-nel-castello-di-gallipoli\/#breadcrumb"},"inLanguage":"it-IT","potentialAction":[{"@type":"ReadAction","target":["https:\/\/arteeluoghi.it\/index.php\/2017\/08\/13\/arte-e-musica-nel-castello-di-gallipoli\/"]}]},{"@type":"BreadcrumbList","@id":"https:\/\/arteeluoghi.it\/index.php\/2017\/08\/13\/arte-e-musica-nel-castello-di-gallipoli\/#breadcrumb","itemListElement":[{"@type":"ListItem","position":1,"name":"Home","item":"https:\/\/arteeluoghi.it\/"},{"@type":"ListItem","position":2,"name":"Arte e musica nel Castello di Gallipoli"}]},{"@type":"Article","@id":"https:\/\/arteeluoghi.it\/index.php\/2017\/08\/13\/arte-e-musica-nel-castello-di-gallipoli\/#article","isPartOf":{"@id":"https:\/\/arteeluoghi.it\/index.php\/2017\/08\/13\/arte-e-musica-nel-castello-di-gallipoli\/#webpage"},"author":{"@id":"https:\/\/arteeluoghi.it\/#\/schema\/person\/f84e814e36e91e01448ee07eaadd41d4"},"headline":"Arte e musica nel Castello di Gallipoli","datePublished":"2017-08-13T21:21:17+00:00","dateModified":"2017-08-13T21:27:41+00:00","mainEntityOfPage":{"@id":"https:\/\/arteeluoghi.it\/index.php\/2017\/08\/13\/arte-e-musica-nel-castello-di-gallipoli\/#webpage"},"wordCount":1131,"commentCount":0,"publisher":{"@id":"https:\/\/arteeluoghi.it\/#organization"},"image":{"@id":"https:\/\/arteeluoghi.it\/index.php\/2017\/08\/13\/arte-e-musica-nel-castello-di-gallipoli\/#primaryimage"},"thumbnailUrl":"https:\/\/arteeluoghi.it\/wp-content\/uploads\/2017\/08\/gallipoli-sito-prima-parte.jpg","keywords":["Alle porte del mare","canti e pizziche salentine","Gallipoli","Jakob Philipp Hackert","Ma\u00e8"],"articleSection":["Notizie"],"inLanguage":"it-IT","potentialAction":[{"@type":"CommentAction","name":"Comment","target":["https:\/\/arteeluoghi.it\/index.php\/2017\/08\/13\/arte-e-musica-nel-castello-di-gallipoli\/#respond"]}]},{"@type":"Person","@id":"https:\/\/arteeluoghi.it\/#\/schema\/person\/f84e814e36e91e01448ee07eaadd41d4","name":"Staff","image":{"@type":"ImageObject","@id":"https:\/\/arteeluoghi.it\/#personlogo","inLanguage":"it-IT","url":"https:\/\/secure.gravatar.com\/avatar\/49d2f9e46271bb04e19cebfaf141313a?s=96&d=blank&r=g","contentUrl":"https:\/\/secure.gravatar.com\/avatar\/49d2f9e46271bb04e19cebfaf141313a?s=96&d=blank&r=g","caption":"Staff"}}]}},"_links":{"self":[{"href":"https:\/\/arteeluoghi.it\/index.php\/wp-json\/wp\/v2\/posts\/3365"}],"collection":[{"href":"https:\/\/arteeluoghi.it\/index.php\/wp-json\/wp\/v2\/posts"}],"about":[{"href":"https:\/\/arteeluoghi.it\/index.php\/wp-json\/wp\/v2\/types\/post"}],"author":[{"embeddable":true,"href":"https:\/\/arteeluoghi.it\/index.php\/wp-json\/wp\/v2\/users\/1"}],"replies":[{"embeddable":true,"href":"https:\/\/arteeluoghi.it\/index.php\/wp-json\/wp\/v2\/comments?post=3365"}],"version-history":[{"count":2,"href":"https:\/\/arteeluoghi.it\/index.php\/wp-json\/wp\/v2\/posts\/3365\/revisions"}],"predecessor-version":[{"id":3371,"href":"https:\/\/arteeluoghi.it\/index.php\/wp-json\/wp\/v2\/posts\/3365\/revisions\/3371"}],"wp:featuredmedia":[{"embeddable":true,"href":"https:\/\/arteeluoghi.it\/index.php\/wp-json\/wp\/v2\/media\/3367"}],"wp:attachment":[{"href":"https:\/\/arteeluoghi.it\/index.php\/wp-json\/wp\/v2\/media?parent=3365"}],"wp:term":[{"taxonomy":"category","embeddable":true,"href":"https:\/\/arteeluoghi.it\/index.php\/wp-json\/wp\/v2\/categories?post=3365"},{"taxonomy":"post_tag","embeddable":true,"href":"https:\/\/arteeluoghi.it\/index.php\/wp-json\/wp\/v2\/tags?post=3365"}],"curies":[{"name":"wp","href":"https:\/\/api.w.org\/{rel}","templated":true}]}}