{"id":337,"date":"2011-10-08T12:25:57","date_gmt":"2011-10-08T10:25:57","guid":{"rendered":"http:\/\/arteeluoghi.it\/index.php\/2011\/10\/08\/sul-bilico-dellastrazione\/"},"modified":"2011-10-08T12:25:57","modified_gmt":"2011-10-08T10:25:57","slug":"sul-bilico-dellastrazione","status":"publish","type":"post","link":"https:\/\/arteeluoghi.it\/index.php\/2011\/10\/08\/sul-bilico-dellastrazione\/","title":{"rendered":"SUL BILICO DELL&#8217;ASTRAZIONE"},"content":{"rendered":"<p style=\"text-align: left;\"><span style=\"color: #800000;\">PITTURA\/LUIGI DE GIOVANNI<\/span><\/p>\n<p style=\"text-align: left;\"><span style=\"color: #808080;\">Doppio evento espositivo a Specchia e a Firenze in occasione della Giornata del Contemporaneo<\/span><\/p>\n<p>\u00a0<\/p>\n<p><img src=\"\/images\/stories\/opera 25 moduli.jpg\" border=\"0\" width=\"400\" style=\"margin: 12px; float: left;\" \/><\/p>\n<p>\u00a0<\/p>\n<p>Oggetti, tracce che invadono la tela, riproponendo suggestive e ancor pi\u00f9 intriganti visioni.<\/p>\n<p>Luigi de Giovanni continua la spasmodica ricerca pittorica sul paesaggio passando con questa ultima produzione dagli scorci vedutistici di una campagna \u2013 quella salentina d\u2019origine e quella sarda d\u2019adozione \u2013 a figurazioni al limite dell\u2019astrazione dove il segno pittorico sempre pi\u00f9 materico e incisivo si confonde tra cifre e lettere di una grafia appena percettibile.<\/p>\n<p>Negli ultimi lavori si nota un\u2019evoluzione stilistica e concettuale strettamente connessa all\u2019elaborazione e alle osservazioni sul tema del paesaggio da sempre oggetto di indagine e di continui \u201cripensamenti\u201d.<\/p>\n<p>Negli scorci di terre assolate, tra mare, terra e cielo l\u2019artista ha sempre ricercato il rapporto dell\u2019uomo con la natura e lo spazio riuscendo a trasferire nelle sue visioni pittoriche le immagini del proprio mondo interiore. Attraverso l\u2019uso di una tavolozza dai forti abbinamenti cromatici riusciva a materializzare l\u2019angoscia, la solitudine, l\u2019inarrestabile fluire del tempo come delle emozioni che caratterizzano la condizione umana.<\/p>\n<p>\u00a0<\/p>\n<p>  <!--more-->  <\/p>\n<p>\u00a0<\/p>\n<p>Con le sue due ultime mostre, per\u00f2, l\u2019artista specchiese insiste nel focalizzare lo sguardo non pi\u00f9 all\u2019esterno, in immagini di pi\u00f9 facile intuizione ma cerca di penetrare l\u2019interiorit\u00e0 del pensiero. Gi\u00e0 nella precedente mostra \u201cObjects oggetti per raccontare il tempo\u201d \u00a0&#8211; come del resto suggeriva lo stesso titolo &#8211; il tempo inarrestabile veniva raccontato da figurazioni di oggetti che, in realt\u00e0, erano il punto di partenza per riflettere sulla societ\u00e0 di ieri e di oggi. La pittura come linguaggio privilegiato, dunque, per narrare l\u2019evoluzione di oggetti che il progresso tecnologico ha sostanzialmente e progressivamente cambiato nella forma, nelle modalit\u00e0 di utilizzo segnando accanto all\u2019inevitabile scorrere del tempo anche le trasformazioni di usi e costumi in un mondo in continua evoluzione.<\/p>\n<p>Riguardando, pi\u00f9 che con sguardo nostalgico, con occhio critico a quel mondo rurale che \u00e8 ormai scomparso: nei ricordi di una civilt\u00e0 contadina, che ha rappresentato il punto di riferimento per intere generazioni, ha ripescato pinze, tenaglie, forbici strumenti di lavoro sostituiti negli ultimi decenni, in maniera sempre pi\u00f9 vertiginosa, da circuiti elettrici e integrati, transistor e microchip. I-pad e schermi a plasma se da un lato segnano il trionfo della tecnologia, dall\u2019altra rappresentano la naturale evoluzione dei pi\u00f9 datati strumenti che hanno scandito il tempo, la vita. Un pensiero che deve far riflettere non sulla inarrestabile corsa al progresso ma sul pericolo che viene dalla negazione del passato.<\/p>\n<p><img src=\"\/images\/stories\/degiovanni1.jpg\" border=\"0\" width=\"350\" style=\"margin: 12px; float: right;\" \/><\/p>\n<p>E ancora il tempo \u00e8 al centro ed \u00e8 naturale prosecuzione della ricerca su cui sono incentrati i lavori di \u201cTracks- tracce\u201d con i quali l\u2019artista partecipa con il doppio evento espositivo a Specchia e a Firenze, alla Giornata del contemporaneo (dal 7 al 20 ottobre 2011). Negli spazi fiorentini della Galleria Mentana sar\u00e0 tra gli artisti della collettiva organizzata dal Centro Culturale, nella citt\u00e0 natale e, precisamente, nel suo atelier \u201cSutta le capanne de lu ripa\u201d presenta in mostra un\u2019opera singolare composta dall\u2019assemblaggio di 25 moduli. Riprendendo la magica forma del quadrato in un numero che \u00e8 il quadrato del numero cinque, altra cifra simbolica, egli d\u00e0 forma alle proprie tracce per dar vita ad un nuovo racconto. Il gesto pittorico \u00e8 il protagonista assoluto insieme al colore che \u00e8 traccia ma anche pensiero che si concretizza sulla tela. Lo spazio pittorico diventa espressione molteplice del suo percorso personale di uomo e di artista. Sogni e speranze, fede e istinto creativo, passioni e paure tutta la gamma dei sentimenti\u2026 l\u2019artista prova a raccontarli con i suoi gesti unici, come unico \u00e8 ogni modulo, con il suo linguaggio e i colori che appartengono all\u2019immaginario collettivo. Egli prova a dar loro un\u2019unit\u00e0 che in natura non hanno perch\u00e9 le storie sono sempre singole ma possono unirsi e formare un unico macrocosmo dove possono ritrovarsi, contaminarsi, intersecarsi come punti e linee su piani nello spazio\u2026 l\u00ec insieme nei quadrati che si incastrano come tasselli di un puzzle diventando metafora di vita, di un tempo che nel momento in cui \u00e8 vissuto \u00e8 gi\u00e0 passato, evocando il panta rei di eraclitea memoria.<\/p>\n<p>Per\u00f2 qualche traccia resta. Ecco il credo dell\u2019artista. Qualcosa di noi contamina il mondo, nel bene e nel male, ecco perch\u00e9 nella giornata del Contemporaneo Luigi de Giovanni ha ideato una singolare performance. Il visitatore che entrer\u00e0 nell\u2019atelier, aperto tutto il giorno, calpester\u00e0 involontariamente il pavimento ricoperto di gesso bianco. Lascer\u00e0 la sua traccia ma altre, andando via, ne lascer\u00e0 sulle vie di Specchia: la fruizione dell\u2019opera non \u00e8 mai un evento finito ma si rinnova\u00a0 senza soluzione di continuit\u00e0 cos\u00ec come il nostro agire privato e quotidiano influenza la societ\u00e0 e il tempo in cui viviamo.<\/p>\n<p>(Pubblicato sul quotidiano &#8220;Il Paese Nuovo&#8221;, 8 ottobre 2011)<\/p>\n","protected":false},"excerpt":{"rendered":"<p>PITTURA\/LUIGI DE GIOVANNI Doppio evento espositivo a Specchia e a Firenze in occasione della Giornata del Contemporaneo \u00a0 \u00a0 Oggetti,<\/p>\n","protected":false},"author":1,"featured_media":0,"comment_status":"open","ping_status":"open","sticky":false,"template":"","format":"standard","meta":[],"categories":[3],"tags":[],"yoast_head":"<!-- This site is optimized with the Yoast SEO plugin v18.0 - https:\/\/yoast.com\/wordpress\/plugins\/seo\/ -->\n<title>SUL BILICO DELL&#039;ASTRAZIONE | Arte e Luoghi<\/title>\n<meta name=\"robots\" content=\"index, follow, max-snippet:-1, max-image-preview:large, max-video-preview:-1\" \/>\n<link rel=\"canonical\" href=\"https:\/\/arteeluoghi.it\/index.php\/2011\/10\/08\/sul-bilico-dellastrazione\/\" \/>\n<meta property=\"og:locale\" content=\"it_IT\" \/>\n<meta property=\"og:type\" content=\"article\" \/>\n<meta property=\"og:title\" content=\"SUL BILICO DELL&#039;ASTRAZIONE | Arte e Luoghi\" \/>\n<meta property=\"og:description\" content=\"PITTURA\/LUIGI DE GIOVANNI Doppio evento espositivo a Specchia e a Firenze in occasione della Giornata del Contemporaneo \u00a0 \u00a0 Oggetti,\" \/>\n<meta property=\"og:url\" content=\"https:\/\/arteeluoghi.it\/index.php\/2011\/10\/08\/sul-bilico-dellastrazione\/\" \/>\n<meta property=\"og:site_name\" content=\"Arte e Luoghi\" \/>\n<meta property=\"article:publisher\" content=\"https:\/\/www.facebook.com\/ArteELuoghi\/\" \/>\n<meta property=\"article:published_time\" content=\"2011-10-08T10:25:57+00:00\" \/>\n<meta property=\"og:image\" content=\"https:\/\/arteeluoghi.it\/images\/stories\/opera%2025%20moduli.jpg\" \/>\n<meta name=\"twitter:card\" content=\"summary\" \/>\n<meta name=\"twitter:creator\" content=\"@arteeluoghi\" \/>\n<meta name=\"twitter:site\" content=\"@arteeluoghi\" \/>\n<meta name=\"twitter:label1\" content=\"Scritto da\" \/>\n\t<meta name=\"twitter:data1\" content=\"Staff\" \/>\n\t<meta name=\"twitter:label2\" content=\"Tempo di lettura stimato\" \/>\n\t<meta name=\"twitter:data2\" content=\"4 minuti\" \/>\n<script type=\"application\/ld+json\" class=\"yoast-schema-graph\">{\"@context\":\"https:\/\/schema.org\",\"@graph\":[{\"@type\":\"Organization\",\"@id\":\"https:\/\/arteeluoghi.it\/#organization\",\"name\":\"Arte e Luoghi\",\"url\":\"https:\/\/arteeluoghi.it\/\",\"sameAs\":[\"https:\/\/www.facebook.com\/ArteELuoghi\/\",\"https:\/\/www.instagram.com\/arteeluoghi\/?hl=it\",\"https:\/\/www.youtube.com\/channel\/UCuRVc4JW4-C5sg9rQB-srkw?view_as=subscriber\",\"https:\/\/twitter.com\/arteeluoghi\"],\"logo\":{\"@type\":\"ImageObject\",\"@id\":\"https:\/\/arteeluoghi.it\/#logo\",\"inLanguage\":\"it-IT\",\"url\":\"https:\/\/arteeluoghi.it\/wp-content\/uploads\/2018\/08\/logoinstagramarte.jpg\",\"contentUrl\":\"https:\/\/arteeluoghi.it\/wp-content\/uploads\/2018\/08\/logoinstagramarte.jpg\",\"width\":150,\"height\":150,\"caption\":\"Arte e Luoghi\"},\"image\":{\"@id\":\"https:\/\/arteeluoghi.it\/#logo\"}},{\"@type\":\"WebSite\",\"@id\":\"https:\/\/arteeluoghi.it\/#website\",\"url\":\"https:\/\/arteeluoghi.it\/\",\"name\":\"Arte e Luoghi\",\"description\":\"Mensile di arte, cultura, turismo e curiosit\u00e0\",\"publisher\":{\"@id\":\"https:\/\/arteeluoghi.it\/#organization\"},\"potentialAction\":[{\"@type\":\"SearchAction\",\"target\":{\"@type\":\"EntryPoint\",\"urlTemplate\":\"https:\/\/arteeluoghi.it\/?s={search_term_string}\"},\"query-input\":\"required name=search_term_string\"}],\"inLanguage\":\"it-IT\"},{\"@type\":\"ImageObject\",\"@id\":\"https:\/\/arteeluoghi.it\/index.php\/2011\/10\/08\/sul-bilico-dellastrazione\/#primaryimage\",\"inLanguage\":\"it-IT\",\"url\":\"\/images\/stories\/opera 25 moduli.jpg\",\"contentUrl\":\"\/images\/stories\/opera 25 moduli.jpg\"},{\"@type\":\"WebPage\",\"@id\":\"https:\/\/arteeluoghi.it\/index.php\/2011\/10\/08\/sul-bilico-dellastrazione\/#webpage\",\"url\":\"https:\/\/arteeluoghi.it\/index.php\/2011\/10\/08\/sul-bilico-dellastrazione\/\",\"name\":\"SUL BILICO DELL'ASTRAZIONE | Arte e Luoghi\",\"isPartOf\":{\"@id\":\"https:\/\/arteeluoghi.it\/#website\"},\"primaryImageOfPage\":{\"@id\":\"https:\/\/arteeluoghi.it\/index.php\/2011\/10\/08\/sul-bilico-dellastrazione\/#primaryimage\"},\"datePublished\":\"2011-10-08T10:25:57+00:00\",\"dateModified\":\"2011-10-08T10:25:57+00:00\",\"breadcrumb\":{\"@id\":\"https:\/\/arteeluoghi.it\/index.php\/2011\/10\/08\/sul-bilico-dellastrazione\/#breadcrumb\"},\"inLanguage\":\"it-IT\",\"potentialAction\":[{\"@type\":\"ReadAction\",\"target\":[\"https:\/\/arteeluoghi.it\/index.php\/2011\/10\/08\/sul-bilico-dellastrazione\/\"]}]},{\"@type\":\"BreadcrumbList\",\"@id\":\"https:\/\/arteeluoghi.it\/index.php\/2011\/10\/08\/sul-bilico-dellastrazione\/#breadcrumb\",\"itemListElement\":[{\"@type\":\"ListItem\",\"position\":1,\"name\":\"Home\",\"item\":\"https:\/\/arteeluoghi.it\/\"},{\"@type\":\"ListItem\",\"position\":2,\"name\":\"SUL BILICO DELL&#8217;ASTRAZIONE\"}]},{\"@type\":\"Article\",\"@id\":\"https:\/\/arteeluoghi.it\/index.php\/2011\/10\/08\/sul-bilico-dellastrazione\/#article\",\"isPartOf\":{\"@id\":\"https:\/\/arteeluoghi.it\/index.php\/2011\/10\/08\/sul-bilico-dellastrazione\/#webpage\"},\"author\":{\"@id\":\"https:\/\/arteeluoghi.it\/#\/schema\/person\/f84e814e36e91e01448ee07eaadd41d4\"},\"headline\":\"SUL BILICO DELL&#8217;ASTRAZIONE\",\"datePublished\":\"2011-10-08T10:25:57+00:00\",\"dateModified\":\"2011-10-08T10:25:57+00:00\",\"mainEntityOfPage\":{\"@id\":\"https:\/\/arteeluoghi.it\/index.php\/2011\/10\/08\/sul-bilico-dellastrazione\/#webpage\"},\"wordCount\":791,\"commentCount\":0,\"publisher\":{\"@id\":\"https:\/\/arteeluoghi.it\/#organization\"},\"image\":{\"@id\":\"https:\/\/arteeluoghi.it\/index.php\/2011\/10\/08\/sul-bilico-dellastrazione\/#primaryimage\"},\"thumbnailUrl\":\"\/images\/stories\/opera 25 moduli.jpg\",\"articleSection\":[\"Arti visive\"],\"inLanguage\":\"it-IT\",\"potentialAction\":[{\"@type\":\"CommentAction\",\"name\":\"Comment\",\"target\":[\"https:\/\/arteeluoghi.it\/index.php\/2011\/10\/08\/sul-bilico-dellastrazione\/#respond\"]}]},{\"@type\":\"Person\",\"@id\":\"https:\/\/arteeluoghi.it\/#\/schema\/person\/f84e814e36e91e01448ee07eaadd41d4\",\"name\":\"Staff\",\"image\":{\"@type\":\"ImageObject\",\"@id\":\"https:\/\/arteeluoghi.it\/#personlogo\",\"inLanguage\":\"it-IT\",\"url\":\"https:\/\/secure.gravatar.com\/avatar\/49d2f9e46271bb04e19cebfaf141313a?s=96&d=blank&r=g\",\"contentUrl\":\"https:\/\/secure.gravatar.com\/avatar\/49d2f9e46271bb04e19cebfaf141313a?s=96&d=blank&r=g\",\"caption\":\"Staff\"}}]}<\/script>\n<!-- \/ Yoast SEO plugin. -->","yoast_head_json":{"title":"SUL BILICO DELL'ASTRAZIONE | Arte e Luoghi","robots":{"index":"index","follow":"follow","max-snippet":"max-snippet:-1","max-image-preview":"max-image-preview:large","max-video-preview":"max-video-preview:-1"},"canonical":"https:\/\/arteeluoghi.it\/index.php\/2011\/10\/08\/sul-bilico-dellastrazione\/","og_locale":"it_IT","og_type":"article","og_title":"SUL BILICO DELL'ASTRAZIONE | Arte e Luoghi","og_description":"PITTURA\/LUIGI DE GIOVANNI Doppio evento espositivo a Specchia e a Firenze in occasione della Giornata del Contemporaneo \u00a0 \u00a0 Oggetti,","og_url":"https:\/\/arteeluoghi.it\/index.php\/2011\/10\/08\/sul-bilico-dellastrazione\/","og_site_name":"Arte e Luoghi","article_publisher":"https:\/\/www.facebook.com\/ArteELuoghi\/","article_published_time":"2011-10-08T10:25:57+00:00","og_image":[{"url":"https:\/\/arteeluoghi.it\/images\/stories\/opera 25 moduli.jpg"}],"twitter_card":"summary","twitter_creator":"@arteeluoghi","twitter_site":"@arteeluoghi","twitter_misc":{"Scritto da":"Staff","Tempo di lettura stimato":"4 minuti"},"schema":{"@context":"https:\/\/schema.org","@graph":[{"@type":"Organization","@id":"https:\/\/arteeluoghi.it\/#organization","name":"Arte e Luoghi","url":"https:\/\/arteeluoghi.it\/","sameAs":["https:\/\/www.facebook.com\/ArteELuoghi\/","https:\/\/www.instagram.com\/arteeluoghi\/?hl=it","https:\/\/www.youtube.com\/channel\/UCuRVc4JW4-C5sg9rQB-srkw?view_as=subscriber","https:\/\/twitter.com\/arteeluoghi"],"logo":{"@type":"ImageObject","@id":"https:\/\/arteeluoghi.it\/#logo","inLanguage":"it-IT","url":"https:\/\/arteeluoghi.it\/wp-content\/uploads\/2018\/08\/logoinstagramarte.jpg","contentUrl":"https:\/\/arteeluoghi.it\/wp-content\/uploads\/2018\/08\/logoinstagramarte.jpg","width":150,"height":150,"caption":"Arte e Luoghi"},"image":{"@id":"https:\/\/arteeluoghi.it\/#logo"}},{"@type":"WebSite","@id":"https:\/\/arteeluoghi.it\/#website","url":"https:\/\/arteeluoghi.it\/","name":"Arte e Luoghi","description":"Mensile di arte, cultura, turismo e curiosit\u00e0","publisher":{"@id":"https:\/\/arteeluoghi.it\/#organization"},"potentialAction":[{"@type":"SearchAction","target":{"@type":"EntryPoint","urlTemplate":"https:\/\/arteeluoghi.it\/?s={search_term_string}"},"query-input":"required name=search_term_string"}],"inLanguage":"it-IT"},{"@type":"ImageObject","@id":"https:\/\/arteeluoghi.it\/index.php\/2011\/10\/08\/sul-bilico-dellastrazione\/#primaryimage","inLanguage":"it-IT","url":"\/images\/stories\/opera 25 moduli.jpg","contentUrl":"\/images\/stories\/opera 25 moduli.jpg"},{"@type":"WebPage","@id":"https:\/\/arteeluoghi.it\/index.php\/2011\/10\/08\/sul-bilico-dellastrazione\/#webpage","url":"https:\/\/arteeluoghi.it\/index.php\/2011\/10\/08\/sul-bilico-dellastrazione\/","name":"SUL BILICO DELL'ASTRAZIONE | Arte e Luoghi","isPartOf":{"@id":"https:\/\/arteeluoghi.it\/#website"},"primaryImageOfPage":{"@id":"https:\/\/arteeluoghi.it\/index.php\/2011\/10\/08\/sul-bilico-dellastrazione\/#primaryimage"},"datePublished":"2011-10-08T10:25:57+00:00","dateModified":"2011-10-08T10:25:57+00:00","breadcrumb":{"@id":"https:\/\/arteeluoghi.it\/index.php\/2011\/10\/08\/sul-bilico-dellastrazione\/#breadcrumb"},"inLanguage":"it-IT","potentialAction":[{"@type":"ReadAction","target":["https:\/\/arteeluoghi.it\/index.php\/2011\/10\/08\/sul-bilico-dellastrazione\/"]}]},{"@type":"BreadcrumbList","@id":"https:\/\/arteeluoghi.it\/index.php\/2011\/10\/08\/sul-bilico-dellastrazione\/#breadcrumb","itemListElement":[{"@type":"ListItem","position":1,"name":"Home","item":"https:\/\/arteeluoghi.it\/"},{"@type":"ListItem","position":2,"name":"SUL BILICO DELL&#8217;ASTRAZIONE"}]},{"@type":"Article","@id":"https:\/\/arteeluoghi.it\/index.php\/2011\/10\/08\/sul-bilico-dellastrazione\/#article","isPartOf":{"@id":"https:\/\/arteeluoghi.it\/index.php\/2011\/10\/08\/sul-bilico-dellastrazione\/#webpage"},"author":{"@id":"https:\/\/arteeluoghi.it\/#\/schema\/person\/f84e814e36e91e01448ee07eaadd41d4"},"headline":"SUL BILICO DELL&#8217;ASTRAZIONE","datePublished":"2011-10-08T10:25:57+00:00","dateModified":"2011-10-08T10:25:57+00:00","mainEntityOfPage":{"@id":"https:\/\/arteeluoghi.it\/index.php\/2011\/10\/08\/sul-bilico-dellastrazione\/#webpage"},"wordCount":791,"commentCount":0,"publisher":{"@id":"https:\/\/arteeluoghi.it\/#organization"},"image":{"@id":"https:\/\/arteeluoghi.it\/index.php\/2011\/10\/08\/sul-bilico-dellastrazione\/#primaryimage"},"thumbnailUrl":"\/images\/stories\/opera 25 moduli.jpg","articleSection":["Arti visive"],"inLanguage":"it-IT","potentialAction":[{"@type":"CommentAction","name":"Comment","target":["https:\/\/arteeluoghi.it\/index.php\/2011\/10\/08\/sul-bilico-dellastrazione\/#respond"]}]},{"@type":"Person","@id":"https:\/\/arteeluoghi.it\/#\/schema\/person\/f84e814e36e91e01448ee07eaadd41d4","name":"Staff","image":{"@type":"ImageObject","@id":"https:\/\/arteeluoghi.it\/#personlogo","inLanguage":"it-IT","url":"https:\/\/secure.gravatar.com\/avatar\/49d2f9e46271bb04e19cebfaf141313a?s=96&d=blank&r=g","contentUrl":"https:\/\/secure.gravatar.com\/avatar\/49d2f9e46271bb04e19cebfaf141313a?s=96&d=blank&r=g","caption":"Staff"}}]}},"_links":{"self":[{"href":"https:\/\/arteeluoghi.it\/index.php\/wp-json\/wp\/v2\/posts\/337"}],"collection":[{"href":"https:\/\/arteeluoghi.it\/index.php\/wp-json\/wp\/v2\/posts"}],"about":[{"href":"https:\/\/arteeluoghi.it\/index.php\/wp-json\/wp\/v2\/types\/post"}],"author":[{"embeddable":true,"href":"https:\/\/arteeluoghi.it\/index.php\/wp-json\/wp\/v2\/users\/1"}],"replies":[{"embeddable":true,"href":"https:\/\/arteeluoghi.it\/index.php\/wp-json\/wp\/v2\/comments?post=337"}],"version-history":[{"count":0,"href":"https:\/\/arteeluoghi.it\/index.php\/wp-json\/wp\/v2\/posts\/337\/revisions"}],"wp:attachment":[{"href":"https:\/\/arteeluoghi.it\/index.php\/wp-json\/wp\/v2\/media?parent=337"}],"wp:term":[{"taxonomy":"category","embeddable":true,"href":"https:\/\/arteeluoghi.it\/index.php\/wp-json\/wp\/v2\/categories?post=337"},{"taxonomy":"post_tag","embeddable":true,"href":"https:\/\/arteeluoghi.it\/index.php\/wp-json\/wp\/v2\/tags?post=337"}],"curies":[{"name":"wp","href":"https:\/\/api.w.org\/{rel}","templated":true}]}}