{"id":338,"date":"2011-10-11T19:28:57","date_gmt":"2011-10-11T17:28:57","guid":{"rendered":"http:\/\/arteeluoghi.it\/index.php\/2011\/10\/11\/tano-damico-disordini\/"},"modified":"2011-10-11T19:28:57","modified_gmt":"2011-10-11T17:28:57","slug":"tano-damico-disordini","status":"publish","type":"post","link":"https:\/\/arteeluoghi.it\/index.php\/2011\/10\/11\/tano-damico-disordini\/","title":{"rendered":"Tano D\u2019Amico Disordini"},"content":{"rendered":"<p><img src=\"\/images\/stories\/s.t.-tano-damico-disordini.jpg\" border=\"0\" width=\"350\" style=\"margin: 20px; float: left;\" \/><\/p>\n<p>\u00a0<\/p>\n<p>\u00a0<\/p>\n<p><strong><span style=\"font-size: medium;\">Tano D\u2019Amico<br \/> Disordini<\/span><br \/> <\/strong>a cura di Matteo Di Castro<\/p>\n<p> 17 ottobre-20 novembre 2011<\/p>\n<p> s.t. foto libreria galleria, via degli ombrellari, 25 Roma<br \/> dal luned\u00ec al sabato 10:30-19:30<\/p>\n<p><strong>17 ottobre, ore 18:00<\/strong> opening della mostra e presentazione del libro di Tano D\u2019Amico<\/p>\n<p><strong><em>Di cosa sono fatti i ricordi<\/em><\/strong> (Postcart, 2011). Interviene <strong>Marino Sinibaldi<\/strong>, direttore di Radio 3<\/p>\n<p> <em> <\/em><\/p>\n<p><em><br \/><\/em><\/p>\n<p>Nell\u2019ambito del circuito di Fotografia Festival Internazionale di  Roma, s.t. foto libreria galleria presenta una mostra antologica di Tano  D\u2019Amico intitolata <em>Disordini<\/em>. Nel corso dell\u2019inaugurazione,  luned\u00ec 17 ottobre alle 18:00, il direttore di Radio 3 Marino Sinibaldi  presenter\u00e0 inoltre il libro di riflessioni sulla fotografia di Tano  D\u2019amico recentemente pubblicato da Postcart:<em> Di cosa sono fatti i ricordi<\/em>. <em><\/p>\n<p> <\/em><\/p>\n<p>\u00a0<\/p>\n<p>\u00a0<\/p>\n<p>\u00a0<\/p>\n<p>\u00a0<\/p>\n<p>  <!--more-->  <\/p>\n<p>\u00a0<\/p>\n<p>\u00a0<\/p>\n<p><em><img src=\"\/images\/stories\/poteste nei vicoli. napoli 1972.jpg\" border=\"0\" style=\"margin: 20px; float: right;\" \/><\/em><em>Proteste nei vicoli. Napoli, 1972<\/em><em> <\/em><\/p>\n<p><em> <\/p>\n<p> <\/em>Nel linguaggio giornalistico, il termine <em>disordini <\/em>viene  spesso utilizzato per riassumere l\u2019esito pi\u00f9 o meno violento di una  manifestazione di protesta. Le immagini possono offrire, naturalmente,  diversi livelli di documentazione ed interpretazione della dinamica e  delle responsabilit\u00e0 di tali accadimenti. Tano D\u2019Amico \u00e8 stato ed \u00e8 il  testimone non occasionale e non neutrale di molte di queste  situazioni,\u00a0di cui ha saputo cogliere la drammaticit\u00e0 puntando  soprattutto sulle emozioni individuali, sull\u2019intensit\u00e0 della  partecipazione degli individui alle vicende della vita pubblica.\u00a0 <br \/> <em> <\/em><\/p>\n<p> Da questa prospettiva, si pu\u00f2 dire che per Tano D\u2019Amico il disordine \u00e8  solo la forma pi\u00f9 traumatica, esplosiva, di una precariet\u00e0 costitutiva  del nostro equilibrio sociale; un ordine contraddittorio e dunque  fragile, che per essere messo a fuoco richiede un approccio metodico  quanto partecipato, amoroso quanto rigoroso: non quello del reporter che  si trova casualmente a registrare gli eventi della cronaca; ma quello  dell\u2019artista che perlustra l\u2019intera trama del vissuto quotidiano per  metterne a fuoco i margini pi\u00f9 sfrangiati: quelli capaci di produrre una  sospensione, uno scarto e un rivolgimento del nostro sguardo e della  nostra coscienza.<br \/> <em><img src=\"\/images\/stories\/popolo e stato.jpg\" border=\"0\" style=\"margin: 12px; float: right;\" \/><\/em><\/p>\n<p><em> (foto: Popolo e stato)<\/em><\/p>\n<p>La mostra attraversa pi\u00f9 di quarant\u2019anni di storia italiana, combinando immagini di <em>disordini<\/em> veri e propri (cortei, occupazioni, scioperi, interventi della  polizia), con quelle che meglio testimoniano la vocazione del fotografo a  ritrarre le vibrazioni e gli urti del reale. <br \/> Alle foto pi\u00f9 note del passato, quelle che offrono un ritratto tutt\u2019ora  unico dell\u2019Italia degli anni settanta (nei suoi risvolti innovativi ma  anche tragici: dalle lotte del movimento femminista all\u2019omicidio di  Giorgiana Masi), si affiancano gli scatti pi\u00f9 recenti, che testimoniano  l\u2019inesauribile curiosit\u00e0 di Tano D\u2019Amico verso i sommovimenti anche pi\u00f9  impercettibili della storia.<\/p>\n<p>Oltre alle trenta immagini esposte a parete, selezionate dallo stesso  fotografo e stampate per l\u2019occasione, negli spazi di s.t. foto libreria  galleria saranno presentate altre opere e documenti riconducibili al suo  lavoro: stampe fotografiche vintage, giornali e riviste del passato,  libri rari e fuori commercio.\u00a0 <\/p>\n<p> <strong>Tano D&#8217;Amico<\/strong> nasce nel 1942 nell\u2019isola siciliana di Filicudi e vi  rimane fino all\u2019et\u00e0 di sette anni, quando si trasferisce con i genitori  in una Milano ancora piegata dalla guerra. Dopo gli studi classici al  liceo Beccaria e la frequentazione della facolt\u00e0 di scienze politiche  alla Cattolica -anni cruciali, nei quali prende forma una visione  critica dei meccanismi umani e di potere che regolano la nostra societ\u00e0,  nel 1966 parte alla volta del Friuli per la leva militare, da lui  stesso considerata una delle esperienze-chiave della sua vita. Nei  quindici mesi di caserma, infatti, Tano si lega a giovani etichettati  come \u201cdiversi\u201d e di conseguenza emarginati: analfabeti, carcerati,  isolani come lui. <em> <\/em><\/p>\n<p> Tornato a Milano, si rende conto di non poter tornare alla vita  precedente. Si trasferisce\u00a0quindi a Roma,\u00a0gi\u00e0 in pieno fermento sociale  nei mesi che precedono il fatidico \u201868. La partecipazione attiva ai  movimenti lo conduce, quasi suo malgrado, sul difficile sentiero della  fotografia: i compagni riconoscono l\u2019originalit\u00e0 del suo sguardo, in  grado di comunicare appieno i mutamenti in atto, e affidano al fotografo  siciliano la parte visiva del loro impegno in giornali e riviste come <em>Potere Operaio, Ombre Rosse <\/em>e soprattutto <em>Lotta Continua<\/em>,  con cui collaborer\u00e0 fino alla definitiva\u00a0chiusura del  quotidiano.\u00a0Successivamente, le sue immagini troveranno spazio anche  sull\u2019altra storica testata della nuova sinistra italiana, <em>il manifesto<\/em>.<\/p>\n<p> Dai suoi primi scatti fino ad oggi, Tano D\u2019Amico ha scelto di mettere a  fuoco gli attori pi\u00f9 marginalizzati della scena sociale -disoccupati e  senza-casa, bambini e malati mentali, detenuti e immigrati, e di  raccontare con continuit\u00e0 le battaglie dei diversi movimenti che  contestano l\u2019ordine su cui si regge il mondo in cui viviamo. Dopo i  primi reportage dedicati alla Sicilia e alla Sardegna,\u00a0ha viaggiato  anche fuori dall\u2019Italia: nell\u2019lrlanda della guerra civile, nella Grecia  dei colonnelli, nella Spagna franchista, in Portogallo durante la  Rivoluzione dei Garofani,\u00a0e pi\u00f9 volte in Palestina.\u00a0 Negli anni ottanta e  novanta andr\u00e0 poi in Somalia, Bosnia, Chiapas e Stati Uniti.<br \/> La sua peculiare sensibilit\u00e0, da giovane recepita come un difetto,  diviene un tratto distintivo del suo percorso creativo e professionale,  nel corso del quale riesce a incontrare anche mondi apparentemente  lontani: come quello di Joseph Beuys, il grande artista concettuale di  cui Tano documenta in esclusiva nel 1981 l\u2019happening \u201cTerremoto\u201d a  Palazzo Braschi di Roma; o come quello cattolico, che lo chiama a  illustrare con le sue immagini il nuovo catechismo per i giovani e a  collaborare con il settimanale <em>Il Sabato<\/em>.<em> <\/em><\/p>\n<p> Come gran parte dei foto-repoter italiani della sua generazione, Tano  D\u2019Amico non si \u00e8 presentato e non \u00e8 stato riconosciuto come un artista,  da studiare e proporre in quanto tale negli spazi museali e nelle  gallerie private. Nei progetti espositivi come in quelli editoriali sin  qui realizzati, il suo nome \u00e8 rimasto per lo pi\u00f9 legato ai  diversi\u00a0protagonisti delle sue immagini: i giovani del \u201977, i pacifisti,  le donne, gli zingari\u2026 <\/p>\n<p> Del tutto innovativa \u00e8 stata dunque la scelta di Francesco Bonami di inserire il lavoro di Tano D\u2019amico nella mostra <em>Italics. Arte italiana fra tradizione e rivoluzione 1968-2008<\/em> (Venezia, Palazzo Grassi, 2008).<br \/> Fra i suoi libri pi\u00f9 recenti e facilmente reperibili in commercio, ricordiamo:\u00a0<em>Il Giubileo nero degli zingari<\/em>, Editori Riuniti, 2000; <em>Una storia di donne. Il movimento al femminile dal &#8217;70 agli anni no global<\/em>, Intra Moenia, 2003; <em>La dolce ala del dissenso. Figure e volti oltre i clich\u00e9 della violenza,<\/em> Intra Moenia, 2004; <em>E\u2019 il 77,<\/em> Manifestolibri, 2007<strong>; <\/strong><em>Volevamo solo cambiare il mondo. Romanzo fotografico degli anni &#8217;70 di Tano D&#8217;Amico<\/em>, Intra Moenia, 2008; <em>Di cosa sono fatti i ricordi. Tempo e luce di un fotografo di strada<\/em>, Postcart, 2011.<br \/> Mai illuso e mai arreso, irriducibile e forse romantico, Tano prosegue  tuttora il suo lavoro di fotoreporter, la sua densa e appassionata  ricerca sull\u2019incanto e la speranza degli ultimi.<\/p>\n<p>(fonte: comunicato stampa)<\/p>\n<p><strong><br \/> <img src=\"\/images\/stories\/59-ricordi.jpg\" border=\"0\" width=\"300\" style=\"margin: 12px;\" \/>Tano D\u2019amico\u00a0<em>Di cosa sono fatti i ricordi<\/em><\/strong><em>. <strong>Tempo e luce di un fotografo di strada<\/strong><\/em><strong><br \/> <\/strong>Postcart, 2011; pagine 136; \u20ac 12,50<\/p>\n","protected":false},"excerpt":{"rendered":"<p>\u00a0 \u00a0 Tano D\u2019Amico Disordini a cura di Matteo Di Castro 17 ottobre-20 novembre 2011 s.t. foto libreria galleria, via<\/p>\n","protected":false},"author":1,"featured_media":0,"comment_status":"open","ping_status":"open","sticky":false,"template":"","format":"standard","meta":[],"categories":[3],"tags":[],"yoast_head":"<!-- This site is optimized with the Yoast SEO plugin v18.0 - https:\/\/yoast.com\/wordpress\/plugins\/seo\/ -->\n<title>Tano D\u2019Amico Disordini | Arte e Luoghi<\/title>\n<meta name=\"robots\" content=\"index, follow, max-snippet:-1, max-image-preview:large, max-video-preview:-1\" \/>\n<link rel=\"canonical\" href=\"https:\/\/arteeluoghi.it\/index.php\/2011\/10\/11\/tano-damico-disordini\/\" \/>\n<meta property=\"og:locale\" content=\"it_IT\" \/>\n<meta property=\"og:type\" content=\"article\" \/>\n<meta property=\"og:title\" content=\"Tano D\u2019Amico Disordini | Arte e Luoghi\" \/>\n<meta property=\"og:description\" content=\"\u00a0 \u00a0 Tano D\u2019Amico Disordini a cura di Matteo Di Castro 17 ottobre-20 novembre 2011 s.t. foto libreria galleria, via\" \/>\n<meta property=\"og:url\" content=\"https:\/\/arteeluoghi.it\/index.php\/2011\/10\/11\/tano-damico-disordini\/\" \/>\n<meta property=\"og:site_name\" content=\"Arte e Luoghi\" \/>\n<meta property=\"article:publisher\" content=\"https:\/\/www.facebook.com\/ArteELuoghi\/\" \/>\n<meta property=\"article:published_time\" content=\"2011-10-11T17:28:57+00:00\" \/>\n<meta property=\"og:image\" content=\"https:\/\/arteeluoghi.it\/images\/stories\/s.t.-tano-damico-disordini.jpg\" \/>\n<meta name=\"twitter:card\" content=\"summary\" \/>\n<meta name=\"twitter:creator\" content=\"@arteeluoghi\" \/>\n<meta name=\"twitter:site\" content=\"@arteeluoghi\" \/>\n<meta name=\"twitter:label1\" content=\"Scritto da\" \/>\n\t<meta name=\"twitter:data1\" content=\"Staff\" \/>\n\t<meta name=\"twitter:label2\" content=\"Tempo di lettura stimato\" \/>\n\t<meta name=\"twitter:data2\" content=\"5 minuti\" \/>\n<script type=\"application\/ld+json\" class=\"yoast-schema-graph\">{\"@context\":\"https:\/\/schema.org\",\"@graph\":[{\"@type\":\"Organization\",\"@id\":\"https:\/\/arteeluoghi.it\/#organization\",\"name\":\"Arte e Luoghi\",\"url\":\"https:\/\/arteeluoghi.it\/\",\"sameAs\":[\"https:\/\/www.facebook.com\/ArteELuoghi\/\",\"https:\/\/www.instagram.com\/arteeluoghi\/?hl=it\",\"https:\/\/www.youtube.com\/channel\/UCuRVc4JW4-C5sg9rQB-srkw?view_as=subscriber\",\"https:\/\/twitter.com\/arteeluoghi\"],\"logo\":{\"@type\":\"ImageObject\",\"@id\":\"https:\/\/arteeluoghi.it\/#logo\",\"inLanguage\":\"it-IT\",\"url\":\"https:\/\/arteeluoghi.it\/wp-content\/uploads\/2018\/08\/logoinstagramarte.jpg\",\"contentUrl\":\"https:\/\/arteeluoghi.it\/wp-content\/uploads\/2018\/08\/logoinstagramarte.jpg\",\"width\":150,\"height\":150,\"caption\":\"Arte e Luoghi\"},\"image\":{\"@id\":\"https:\/\/arteeluoghi.it\/#logo\"}},{\"@type\":\"WebSite\",\"@id\":\"https:\/\/arteeluoghi.it\/#website\",\"url\":\"https:\/\/arteeluoghi.it\/\",\"name\":\"Arte e Luoghi\",\"description\":\"Mensile di arte, cultura, turismo e curiosit\u00e0\",\"publisher\":{\"@id\":\"https:\/\/arteeluoghi.it\/#organization\"},\"potentialAction\":[{\"@type\":\"SearchAction\",\"target\":{\"@type\":\"EntryPoint\",\"urlTemplate\":\"https:\/\/arteeluoghi.it\/?s={search_term_string}\"},\"query-input\":\"required name=search_term_string\"}],\"inLanguage\":\"it-IT\"},{\"@type\":\"ImageObject\",\"@id\":\"https:\/\/arteeluoghi.it\/index.php\/2011\/10\/11\/tano-damico-disordini\/#primaryimage\",\"inLanguage\":\"it-IT\",\"url\":\"\/images\/stories\/s.t.-tano-damico-disordini.jpg\",\"contentUrl\":\"\/images\/stories\/s.t.-tano-damico-disordini.jpg\"},{\"@type\":\"WebPage\",\"@id\":\"https:\/\/arteeluoghi.it\/index.php\/2011\/10\/11\/tano-damico-disordini\/#webpage\",\"url\":\"https:\/\/arteeluoghi.it\/index.php\/2011\/10\/11\/tano-damico-disordini\/\",\"name\":\"Tano D\u2019Amico Disordini | Arte e Luoghi\",\"isPartOf\":{\"@id\":\"https:\/\/arteeluoghi.it\/#website\"},\"primaryImageOfPage\":{\"@id\":\"https:\/\/arteeluoghi.it\/index.php\/2011\/10\/11\/tano-damico-disordini\/#primaryimage\"},\"datePublished\":\"2011-10-11T17:28:57+00:00\",\"dateModified\":\"2011-10-11T17:28:57+00:00\",\"breadcrumb\":{\"@id\":\"https:\/\/arteeluoghi.it\/index.php\/2011\/10\/11\/tano-damico-disordini\/#breadcrumb\"},\"inLanguage\":\"it-IT\",\"potentialAction\":[{\"@type\":\"ReadAction\",\"target\":[\"https:\/\/arteeluoghi.it\/index.php\/2011\/10\/11\/tano-damico-disordini\/\"]}]},{\"@type\":\"BreadcrumbList\",\"@id\":\"https:\/\/arteeluoghi.it\/index.php\/2011\/10\/11\/tano-damico-disordini\/#breadcrumb\",\"itemListElement\":[{\"@type\":\"ListItem\",\"position\":1,\"name\":\"Home\",\"item\":\"https:\/\/arteeluoghi.it\/\"},{\"@type\":\"ListItem\",\"position\":2,\"name\":\"Tano D\u2019Amico Disordini\"}]},{\"@type\":\"Article\",\"@id\":\"https:\/\/arteeluoghi.it\/index.php\/2011\/10\/11\/tano-damico-disordini\/#article\",\"isPartOf\":{\"@id\":\"https:\/\/arteeluoghi.it\/index.php\/2011\/10\/11\/tano-damico-disordini\/#webpage\"},\"author\":{\"@id\":\"https:\/\/arteeluoghi.it\/#\/schema\/person\/f84e814e36e91e01448ee07eaadd41d4\"},\"headline\":\"Tano D\u2019Amico Disordini\",\"datePublished\":\"2011-10-11T17:28:57+00:00\",\"dateModified\":\"2011-10-11T17:28:57+00:00\",\"mainEntityOfPage\":{\"@id\":\"https:\/\/arteeluoghi.it\/index.php\/2011\/10\/11\/tano-damico-disordini\/#webpage\"},\"wordCount\":1101,\"commentCount\":0,\"publisher\":{\"@id\":\"https:\/\/arteeluoghi.it\/#organization\"},\"image\":{\"@id\":\"https:\/\/arteeluoghi.it\/index.php\/2011\/10\/11\/tano-damico-disordini\/#primaryimage\"},\"thumbnailUrl\":\"\/images\/stories\/s.t.-tano-damico-disordini.jpg\",\"articleSection\":[\"Arti visive\"],\"inLanguage\":\"it-IT\",\"potentialAction\":[{\"@type\":\"CommentAction\",\"name\":\"Comment\",\"target\":[\"https:\/\/arteeluoghi.it\/index.php\/2011\/10\/11\/tano-damico-disordini\/#respond\"]}]},{\"@type\":\"Person\",\"@id\":\"https:\/\/arteeluoghi.it\/#\/schema\/person\/f84e814e36e91e01448ee07eaadd41d4\",\"name\":\"Staff\",\"image\":{\"@type\":\"ImageObject\",\"@id\":\"https:\/\/arteeluoghi.it\/#personlogo\",\"inLanguage\":\"it-IT\",\"url\":\"https:\/\/secure.gravatar.com\/avatar\/49d2f9e46271bb04e19cebfaf141313a?s=96&d=blank&r=g\",\"contentUrl\":\"https:\/\/secure.gravatar.com\/avatar\/49d2f9e46271bb04e19cebfaf141313a?s=96&d=blank&r=g\",\"caption\":\"Staff\"}}]}<\/script>\n<!-- \/ Yoast SEO plugin. -->","yoast_head_json":{"title":"Tano D\u2019Amico Disordini | Arte e Luoghi","robots":{"index":"index","follow":"follow","max-snippet":"max-snippet:-1","max-image-preview":"max-image-preview:large","max-video-preview":"max-video-preview:-1"},"canonical":"https:\/\/arteeluoghi.it\/index.php\/2011\/10\/11\/tano-damico-disordini\/","og_locale":"it_IT","og_type":"article","og_title":"Tano D\u2019Amico Disordini | Arte e Luoghi","og_description":"\u00a0 \u00a0 Tano D\u2019Amico Disordini a cura di Matteo Di Castro 17 ottobre-20 novembre 2011 s.t. foto libreria galleria, via","og_url":"https:\/\/arteeluoghi.it\/index.php\/2011\/10\/11\/tano-damico-disordini\/","og_site_name":"Arte e Luoghi","article_publisher":"https:\/\/www.facebook.com\/ArteELuoghi\/","article_published_time":"2011-10-11T17:28:57+00:00","og_image":[{"url":"https:\/\/arteeluoghi.it\/images\/stories\/s.t.-tano-damico-disordini.jpg"}],"twitter_card":"summary","twitter_creator":"@arteeluoghi","twitter_site":"@arteeluoghi","twitter_misc":{"Scritto da":"Staff","Tempo di lettura stimato":"5 minuti"},"schema":{"@context":"https:\/\/schema.org","@graph":[{"@type":"Organization","@id":"https:\/\/arteeluoghi.it\/#organization","name":"Arte e Luoghi","url":"https:\/\/arteeluoghi.it\/","sameAs":["https:\/\/www.facebook.com\/ArteELuoghi\/","https:\/\/www.instagram.com\/arteeluoghi\/?hl=it","https:\/\/www.youtube.com\/channel\/UCuRVc4JW4-C5sg9rQB-srkw?view_as=subscriber","https:\/\/twitter.com\/arteeluoghi"],"logo":{"@type":"ImageObject","@id":"https:\/\/arteeluoghi.it\/#logo","inLanguage":"it-IT","url":"https:\/\/arteeluoghi.it\/wp-content\/uploads\/2018\/08\/logoinstagramarte.jpg","contentUrl":"https:\/\/arteeluoghi.it\/wp-content\/uploads\/2018\/08\/logoinstagramarte.jpg","width":150,"height":150,"caption":"Arte e Luoghi"},"image":{"@id":"https:\/\/arteeluoghi.it\/#logo"}},{"@type":"WebSite","@id":"https:\/\/arteeluoghi.it\/#website","url":"https:\/\/arteeluoghi.it\/","name":"Arte e Luoghi","description":"Mensile di arte, cultura, turismo e curiosit\u00e0","publisher":{"@id":"https:\/\/arteeluoghi.it\/#organization"},"potentialAction":[{"@type":"SearchAction","target":{"@type":"EntryPoint","urlTemplate":"https:\/\/arteeluoghi.it\/?s={search_term_string}"},"query-input":"required name=search_term_string"}],"inLanguage":"it-IT"},{"@type":"ImageObject","@id":"https:\/\/arteeluoghi.it\/index.php\/2011\/10\/11\/tano-damico-disordini\/#primaryimage","inLanguage":"it-IT","url":"\/images\/stories\/s.t.-tano-damico-disordini.jpg","contentUrl":"\/images\/stories\/s.t.-tano-damico-disordini.jpg"},{"@type":"WebPage","@id":"https:\/\/arteeluoghi.it\/index.php\/2011\/10\/11\/tano-damico-disordini\/#webpage","url":"https:\/\/arteeluoghi.it\/index.php\/2011\/10\/11\/tano-damico-disordini\/","name":"Tano D\u2019Amico Disordini | Arte e Luoghi","isPartOf":{"@id":"https:\/\/arteeluoghi.it\/#website"},"primaryImageOfPage":{"@id":"https:\/\/arteeluoghi.it\/index.php\/2011\/10\/11\/tano-damico-disordini\/#primaryimage"},"datePublished":"2011-10-11T17:28:57+00:00","dateModified":"2011-10-11T17:28:57+00:00","breadcrumb":{"@id":"https:\/\/arteeluoghi.it\/index.php\/2011\/10\/11\/tano-damico-disordini\/#breadcrumb"},"inLanguage":"it-IT","potentialAction":[{"@type":"ReadAction","target":["https:\/\/arteeluoghi.it\/index.php\/2011\/10\/11\/tano-damico-disordini\/"]}]},{"@type":"BreadcrumbList","@id":"https:\/\/arteeluoghi.it\/index.php\/2011\/10\/11\/tano-damico-disordini\/#breadcrumb","itemListElement":[{"@type":"ListItem","position":1,"name":"Home","item":"https:\/\/arteeluoghi.it\/"},{"@type":"ListItem","position":2,"name":"Tano D\u2019Amico Disordini"}]},{"@type":"Article","@id":"https:\/\/arteeluoghi.it\/index.php\/2011\/10\/11\/tano-damico-disordini\/#article","isPartOf":{"@id":"https:\/\/arteeluoghi.it\/index.php\/2011\/10\/11\/tano-damico-disordini\/#webpage"},"author":{"@id":"https:\/\/arteeluoghi.it\/#\/schema\/person\/f84e814e36e91e01448ee07eaadd41d4"},"headline":"Tano D\u2019Amico Disordini","datePublished":"2011-10-11T17:28:57+00:00","dateModified":"2011-10-11T17:28:57+00:00","mainEntityOfPage":{"@id":"https:\/\/arteeluoghi.it\/index.php\/2011\/10\/11\/tano-damico-disordini\/#webpage"},"wordCount":1101,"commentCount":0,"publisher":{"@id":"https:\/\/arteeluoghi.it\/#organization"},"image":{"@id":"https:\/\/arteeluoghi.it\/index.php\/2011\/10\/11\/tano-damico-disordini\/#primaryimage"},"thumbnailUrl":"\/images\/stories\/s.t.-tano-damico-disordini.jpg","articleSection":["Arti visive"],"inLanguage":"it-IT","potentialAction":[{"@type":"CommentAction","name":"Comment","target":["https:\/\/arteeluoghi.it\/index.php\/2011\/10\/11\/tano-damico-disordini\/#respond"]}]},{"@type":"Person","@id":"https:\/\/arteeluoghi.it\/#\/schema\/person\/f84e814e36e91e01448ee07eaadd41d4","name":"Staff","image":{"@type":"ImageObject","@id":"https:\/\/arteeluoghi.it\/#personlogo","inLanguage":"it-IT","url":"https:\/\/secure.gravatar.com\/avatar\/49d2f9e46271bb04e19cebfaf141313a?s=96&d=blank&r=g","contentUrl":"https:\/\/secure.gravatar.com\/avatar\/49d2f9e46271bb04e19cebfaf141313a?s=96&d=blank&r=g","caption":"Staff"}}]}},"_links":{"self":[{"href":"https:\/\/arteeluoghi.it\/index.php\/wp-json\/wp\/v2\/posts\/338"}],"collection":[{"href":"https:\/\/arteeluoghi.it\/index.php\/wp-json\/wp\/v2\/posts"}],"about":[{"href":"https:\/\/arteeluoghi.it\/index.php\/wp-json\/wp\/v2\/types\/post"}],"author":[{"embeddable":true,"href":"https:\/\/arteeluoghi.it\/index.php\/wp-json\/wp\/v2\/users\/1"}],"replies":[{"embeddable":true,"href":"https:\/\/arteeluoghi.it\/index.php\/wp-json\/wp\/v2\/comments?post=338"}],"version-history":[{"count":0,"href":"https:\/\/arteeluoghi.it\/index.php\/wp-json\/wp\/v2\/posts\/338\/revisions"}],"wp:attachment":[{"href":"https:\/\/arteeluoghi.it\/index.php\/wp-json\/wp\/v2\/media?parent=338"}],"wp:term":[{"taxonomy":"category","embeddable":true,"href":"https:\/\/arteeluoghi.it\/index.php\/wp-json\/wp\/v2\/categories?post=338"},{"taxonomy":"post_tag","embeddable":true,"href":"https:\/\/arteeluoghi.it\/index.php\/wp-json\/wp\/v2\/tags?post=338"}],"curies":[{"name":"wp","href":"https:\/\/api.w.org\/{rel}","templated":true}]}}