{"id":3387,"date":"2017-08-06T01:58:24","date_gmt":"2017-08-05T23:58:24","guid":{"rendered":"http:\/\/arteeluoghi.it\/?p=3387"},"modified":"2017-08-14T02:01:46","modified_gmt":"2017-08-14T00:01:46","slug":"chiacchieriamo-della-locride-antica-storia-archeologia-paesaggio","status":"publish","type":"post","link":"https:\/\/arteeluoghi.it\/index.php\/2017\/08\/06\/chiacchieriamo-della-locride-antica-storia-archeologia-paesaggio\/","title":{"rendered":"Chiacchieriamo della Locride antica. Storia, archeologia, paesaggio"},"content":{"rendered":"<figure id=\"attachment_3388\" aria-describedby=\"caption-attachment-3388\" style=\"width: 300px\" class=\"wp-caption alignleft\"><img loading=\"lazy\" class=\"wp-image-3388 size-medium\" src=\"https:\/\/arteeluoghi.it\/wp-content\/uploads\/2017\/08\/Locri-Tempio-Marasa\u0300-300x200.jpg\" alt=\"\" width=\"300\" height=\"200\" srcset=\"https:\/\/arteeluoghi.it\/wp-content\/uploads\/2017\/08\/Locri-Tempio-Marasa\u0300-300x200.jpg 300w, https:\/\/arteeluoghi.it\/wp-content\/uploads\/2017\/08\/Locri-Tempio-Marasa\u0300-768x512.jpg 768w, https:\/\/arteeluoghi.it\/wp-content\/uploads\/2017\/08\/Locri-Tempio-Marasa\u0300-1024x682.jpg 1024w, https:\/\/arteeluoghi.it\/wp-content\/uploads\/2017\/08\/Locri-Tempio-Marasa\u0300.jpg 1924w\" sizes=\"(max-width: 300px) 100vw, 300px\" \/><figcaption id=\"caption-attachment-3388\" class=\"wp-caption-text\">Locri, Tempi Maras\u00e0<\/figcaption><\/figure>\n<p>Marted\u00ec 8 agosto 2017, alle ore 20.00, nella straordinaria cornice del Parco Archeologico Nazionale di Locri, in localit\u00e0 Maras\u00e0, si terr\u00e0 un\u2019interessante conversazione sul tema <strong><em>Chiacchieriamo della Locride antica. Storia, archeologia, paesaggio<\/em><\/strong>.<\/p>\n<p>L\u2019iniziativa avr\u00e0 due relatori d\u2019eccellenza, profondi conoscitori del territorio locrese, ricchissimo di storia e di testimonianze del passato: <strong>Rossella Agostino<\/strong>, direttore del Parco Archeologico Nazionale di Locri e <strong>Daniele Castrizio<\/strong>, numismatico, docente presso l&#8217;Universit\u00e0 di Messina.<br \/>\nLa conversazione sar\u00e0 tenuta all&#8217;aperto, nell&#8217;area del Parco archeologico, e faranno da sfondo alcuni tra i resti archeologici della citt\u00e0 coloniale di Locri.<br \/>\nSeguir\u00e0 una degustazione di vino prodotto a Bianco, centro del litorale ionico meridionale calabrese, situato a pochi chilometri da Locri. Vini\u00a0lavorati da vitigni che, sulla base degli\u00a0 studi e le analisi fatte, si ricollegano a vitigni\u00a0che\u00a0hanno avuto\u00a0origine nell&#8217;antichit\u00e0: un assaggio che ricorda l&#8217;abitudine dei Greci di pasteggiare con vino che, a differenza di quanto accade oggi veniva solitamente miscelato a miele ed acqua nei crateri figurati di cui si ha testimonianza anche tra i rinvenimenti effettuati a Locri nei decenni passati.<!--more--><\/p>\n<figure id=\"attachment_3389\" aria-describedby=\"caption-attachment-3389\" style=\"width: 300px\" class=\"wp-caption alignright\"><img loading=\"lazy\" class=\"wp-image-3389 size-medium\" src=\"https:\/\/arteeluoghi.it\/wp-content\/uploads\/2017\/08\/Locri-Sarcofago-di-eta\u0300-romana-300x200.jpg\" alt=\"\" width=\"300\" height=\"200\" srcset=\"https:\/\/arteeluoghi.it\/wp-content\/uploads\/2017\/08\/Locri-Sarcofago-di-eta\u0300-romana-300x200.jpg 300w, https:\/\/arteeluoghi.it\/wp-content\/uploads\/2017\/08\/Locri-Sarcofago-di-eta\u0300-romana-768x512.jpg 768w, https:\/\/arteeluoghi.it\/wp-content\/uploads\/2017\/08\/Locri-Sarcofago-di-eta\u0300-romana-1024x683.jpg 1024w\" sizes=\"(max-width: 300px) 100vw, 300px\" \/><figcaption id=\"caption-attachment-3389\" class=\"wp-caption-text\">Locri, sarcofago di et\u00e0 romana<\/figcaption><\/figure>\n<p style=\"text-align: right;\">Una proposta, quindi, di grande suggestione e originalit\u00e0 che far\u00e0 rivivere i fasti di questo magnifico lembo di Calabria.<\/p>\n<p><strong>\u00a0<\/strong><\/p>\n<p>Il Museo e Parco Archeologico Nazionale di Locri, guidato da <strong>Rossella<\/strong> <strong>Agostino<\/strong>, afferisce al Polo Museale della Calabria diretto da <strong>Angela Acordon<\/strong>.<\/p>\n<p><strong><em>Chiacchieriamo della Locride antica. Storia, archeologia, paesaggio<\/em><\/strong><\/p>\n<p>Parco Archeologico Nazionale di Locri<\/p>\n<p>C\/da Maras\u00e0 (Locri)<\/p>\n<p>8 agosto 2017 \u2013 Ore 20.00<\/p>\n<p>(fonte: comunicato stampa)<\/p>\n","protected":false},"excerpt":{"rendered":"<p>Marted\u00ec 8 agosto 2017, alle ore 20.00, nella straordinaria cornice del Parco Archeologico Nazionale di Locri, in localit\u00e0 Maras\u00e0, si<\/p>\n","protected":false},"author":1,"featured_media":3388,"comment_status":"open","ping_status":"open","sticky":false,"template":"","format":"standard","meta":[],"categories":[52],"tags":[154,155],"yoast_head":"<!-- This site is optimized with the Yoast SEO plugin v18.0 - https:\/\/yoast.com\/wordpress\/plugins\/seo\/ -->\n<title>Chiacchieriamo della Locride antica. Storia, archeologia, paesaggio | Arte e Luoghi<\/title>\n<meta name=\"robots\" content=\"index, follow, max-snippet:-1, max-image-preview:large, max-video-preview:-1\" \/>\n<link rel=\"canonical\" href=\"https:\/\/arteeluoghi.it\/index.php\/2017\/08\/06\/chiacchieriamo-della-locride-antica-storia-archeologia-paesaggio\/\" \/>\n<meta property=\"og:locale\" content=\"it_IT\" \/>\n<meta property=\"og:type\" content=\"article\" \/>\n<meta property=\"og:title\" content=\"Chiacchieriamo della Locride antica. Storia, archeologia, paesaggio | Arte e Luoghi\" \/>\n<meta property=\"og:description\" content=\"Marted\u00ec 8 agosto 2017, alle ore 20.00, nella straordinaria cornice del Parco Archeologico Nazionale di Locri, in localit\u00e0 Maras\u00e0, si\" \/>\n<meta property=\"og:url\" content=\"https:\/\/arteeluoghi.it\/index.php\/2017\/08\/06\/chiacchieriamo-della-locride-antica-storia-archeologia-paesaggio\/\" \/>\n<meta property=\"og:site_name\" content=\"Arte e Luoghi\" \/>\n<meta property=\"article:publisher\" content=\"https:\/\/www.facebook.com\/ArteELuoghi\/\" \/>\n<meta property=\"article:published_time\" content=\"2017-08-05T23:58:24+00:00\" \/>\n<meta property=\"article:modified_time\" content=\"2017-08-14T00:01:46+00:00\" \/>\n<meta property=\"og:image\" content=\"https:\/\/arteeluoghi.it\/wp-content\/uploads\/2017\/08\/Locri-Tempio-Marasa\u0300.jpg\" \/>\n\t<meta property=\"og:image:width\" content=\"1924\" \/>\n\t<meta property=\"og:image:height\" content=\"1282\" \/>\n\t<meta property=\"og:image:type\" content=\"image\/jpeg\" \/>\n<meta name=\"twitter:card\" content=\"summary\" \/>\n<meta name=\"twitter:creator\" content=\"@arteeluoghi\" \/>\n<meta name=\"twitter:site\" content=\"@arteeluoghi\" \/>\n<meta name=\"twitter:label1\" content=\"Scritto da\" \/>\n\t<meta name=\"twitter:data1\" content=\"Staff\" \/>\n\t<meta name=\"twitter:label2\" content=\"Tempo di lettura stimato\" \/>\n\t<meta name=\"twitter:data2\" content=\"1 minuto\" \/>\n<script type=\"application\/ld+json\" class=\"yoast-schema-graph\">{\"@context\":\"https:\/\/schema.org\",\"@graph\":[{\"@type\":\"Organization\",\"@id\":\"https:\/\/arteeluoghi.it\/#organization\",\"name\":\"Arte e Luoghi\",\"url\":\"https:\/\/arteeluoghi.it\/\",\"sameAs\":[\"https:\/\/www.facebook.com\/ArteELuoghi\/\",\"https:\/\/www.instagram.com\/arteeluoghi\/?hl=it\",\"https:\/\/www.youtube.com\/channel\/UCuRVc4JW4-C5sg9rQB-srkw?view_as=subscriber\",\"https:\/\/twitter.com\/arteeluoghi\"],\"logo\":{\"@type\":\"ImageObject\",\"@id\":\"https:\/\/arteeluoghi.it\/#logo\",\"inLanguage\":\"it-IT\",\"url\":\"https:\/\/arteeluoghi.it\/wp-content\/uploads\/2018\/08\/logoinstagramarte.jpg\",\"contentUrl\":\"https:\/\/arteeluoghi.it\/wp-content\/uploads\/2018\/08\/logoinstagramarte.jpg\",\"width\":150,\"height\":150,\"caption\":\"Arte e Luoghi\"},\"image\":{\"@id\":\"https:\/\/arteeluoghi.it\/#logo\"}},{\"@type\":\"WebSite\",\"@id\":\"https:\/\/arteeluoghi.it\/#website\",\"url\":\"https:\/\/arteeluoghi.it\/\",\"name\":\"Arte e Luoghi\",\"description\":\"Mensile di arte, cultura, turismo e curiosit\u00e0\",\"publisher\":{\"@id\":\"https:\/\/arteeluoghi.it\/#organization\"},\"potentialAction\":[{\"@type\":\"SearchAction\",\"target\":{\"@type\":\"EntryPoint\",\"urlTemplate\":\"https:\/\/arteeluoghi.it\/?s={search_term_string}\"},\"query-input\":\"required name=search_term_string\"}],\"inLanguage\":\"it-IT\"},{\"@type\":\"ImageObject\",\"@id\":\"https:\/\/arteeluoghi.it\/index.php\/2017\/08\/06\/chiacchieriamo-della-locride-antica-storia-archeologia-paesaggio\/#primaryimage\",\"inLanguage\":\"it-IT\",\"url\":\"https:\/\/arteeluoghi.it\/wp-content\/uploads\/2017\/08\/Locri-Tempio-Marasa\u0300.jpg\",\"contentUrl\":\"https:\/\/arteeluoghi.it\/wp-content\/uploads\/2017\/08\/Locri-Tempio-Marasa\u0300.jpg\",\"width\":1924,\"height\":1282},{\"@type\":\"WebPage\",\"@id\":\"https:\/\/arteeluoghi.it\/index.php\/2017\/08\/06\/chiacchieriamo-della-locride-antica-storia-archeologia-paesaggio\/#webpage\",\"url\":\"https:\/\/arteeluoghi.it\/index.php\/2017\/08\/06\/chiacchieriamo-della-locride-antica-storia-archeologia-paesaggio\/\",\"name\":\"Chiacchieriamo della Locride antica. Storia, archeologia, paesaggio | Arte e Luoghi\",\"isPartOf\":{\"@id\":\"https:\/\/arteeluoghi.it\/#website\"},\"primaryImageOfPage\":{\"@id\":\"https:\/\/arteeluoghi.it\/index.php\/2017\/08\/06\/chiacchieriamo-della-locride-antica-storia-archeologia-paesaggio\/#primaryimage\"},\"datePublished\":\"2017-08-05T23:58:24+00:00\",\"dateModified\":\"2017-08-14T00:01:46+00:00\",\"breadcrumb\":{\"@id\":\"https:\/\/arteeluoghi.it\/index.php\/2017\/08\/06\/chiacchieriamo-della-locride-antica-storia-archeologia-paesaggio\/#breadcrumb\"},\"inLanguage\":\"it-IT\",\"potentialAction\":[{\"@type\":\"ReadAction\",\"target\":[\"https:\/\/arteeluoghi.it\/index.php\/2017\/08\/06\/chiacchieriamo-della-locride-antica-storia-archeologia-paesaggio\/\"]}]},{\"@type\":\"BreadcrumbList\",\"@id\":\"https:\/\/arteeluoghi.it\/index.php\/2017\/08\/06\/chiacchieriamo-della-locride-antica-storia-archeologia-paesaggio\/#breadcrumb\",\"itemListElement\":[{\"@type\":\"ListItem\",\"position\":1,\"name\":\"Home\",\"item\":\"https:\/\/arteeluoghi.it\/\"},{\"@type\":\"ListItem\",\"position\":2,\"name\":\"Chiacchieriamo della Locride antica. Storia, archeologia, paesaggio\"}]},{\"@type\":\"Article\",\"@id\":\"https:\/\/arteeluoghi.it\/index.php\/2017\/08\/06\/chiacchieriamo-della-locride-antica-storia-archeologia-paesaggio\/#article\",\"isPartOf\":{\"@id\":\"https:\/\/arteeluoghi.it\/index.php\/2017\/08\/06\/chiacchieriamo-della-locride-antica-storia-archeologia-paesaggio\/#webpage\"},\"author\":{\"@id\":\"https:\/\/arteeluoghi.it\/#\/schema\/person\/f84e814e36e91e01448ee07eaadd41d4\"},\"headline\":\"Chiacchieriamo della Locride antica. Storia, archeologia, paesaggio\",\"datePublished\":\"2017-08-05T23:58:24+00:00\",\"dateModified\":\"2017-08-14T00:01:46+00:00\",\"mainEntityOfPage\":{\"@id\":\"https:\/\/arteeluoghi.it\/index.php\/2017\/08\/06\/chiacchieriamo-della-locride-antica-storia-archeologia-paesaggio\/#webpage\"},\"wordCount\":267,\"commentCount\":0,\"publisher\":{\"@id\":\"https:\/\/arteeluoghi.it\/#organization\"},\"image\":{\"@id\":\"https:\/\/arteeluoghi.it\/index.php\/2017\/08\/06\/chiacchieriamo-della-locride-antica-storia-archeologia-paesaggio\/#primaryimage\"},\"thumbnailUrl\":\"https:\/\/arteeluoghi.it\/wp-content\/uploads\/2017\/08\/Locri-Tempio-Marasa\u0300.jpg\",\"keywords\":[\"Locri\",\"Parco Archeologico Nazionale\"],\"articleSection\":[\"I luoghi della parola\"],\"inLanguage\":\"it-IT\",\"potentialAction\":[{\"@type\":\"CommentAction\",\"name\":\"Comment\",\"target\":[\"https:\/\/arteeluoghi.it\/index.php\/2017\/08\/06\/chiacchieriamo-della-locride-antica-storia-archeologia-paesaggio\/#respond\"]}]},{\"@type\":\"Person\",\"@id\":\"https:\/\/arteeluoghi.it\/#\/schema\/person\/f84e814e36e91e01448ee07eaadd41d4\",\"name\":\"Staff\",\"image\":{\"@type\":\"ImageObject\",\"@id\":\"https:\/\/arteeluoghi.it\/#personlogo\",\"inLanguage\":\"it-IT\",\"url\":\"https:\/\/secure.gravatar.com\/avatar\/49d2f9e46271bb04e19cebfaf141313a?s=96&d=blank&r=g\",\"contentUrl\":\"https:\/\/secure.gravatar.com\/avatar\/49d2f9e46271bb04e19cebfaf141313a?s=96&d=blank&r=g\",\"caption\":\"Staff\"}}]}<\/script>\n<!-- \/ Yoast SEO plugin. -->","yoast_head_json":{"title":"Chiacchieriamo della Locride antica. Storia, archeologia, paesaggio | Arte e Luoghi","robots":{"index":"index","follow":"follow","max-snippet":"max-snippet:-1","max-image-preview":"max-image-preview:large","max-video-preview":"max-video-preview:-1"},"canonical":"https:\/\/arteeluoghi.it\/index.php\/2017\/08\/06\/chiacchieriamo-della-locride-antica-storia-archeologia-paesaggio\/","og_locale":"it_IT","og_type":"article","og_title":"Chiacchieriamo della Locride antica. Storia, archeologia, paesaggio | Arte e Luoghi","og_description":"Marted\u00ec 8 agosto 2017, alle ore 20.00, nella straordinaria cornice del Parco Archeologico Nazionale di Locri, in localit\u00e0 Maras\u00e0, si","og_url":"https:\/\/arteeluoghi.it\/index.php\/2017\/08\/06\/chiacchieriamo-della-locride-antica-storia-archeologia-paesaggio\/","og_site_name":"Arte e Luoghi","article_publisher":"https:\/\/www.facebook.com\/ArteELuoghi\/","article_published_time":"2017-08-05T23:58:24+00:00","article_modified_time":"2017-08-14T00:01:46+00:00","og_image":[{"width":1924,"height":1282,"url":"https:\/\/arteeluoghi.it\/wp-content\/uploads\/2017\/08\/Locri-Tempio-Marasa\u0300.jpg","type":"image\/jpeg"}],"twitter_card":"summary","twitter_creator":"@arteeluoghi","twitter_site":"@arteeluoghi","twitter_misc":{"Scritto da":"Staff","Tempo di lettura stimato":"1 minuto"},"schema":{"@context":"https:\/\/schema.org","@graph":[{"@type":"Organization","@id":"https:\/\/arteeluoghi.it\/#organization","name":"Arte e Luoghi","url":"https:\/\/arteeluoghi.it\/","sameAs":["https:\/\/www.facebook.com\/ArteELuoghi\/","https:\/\/www.instagram.com\/arteeluoghi\/?hl=it","https:\/\/www.youtube.com\/channel\/UCuRVc4JW4-C5sg9rQB-srkw?view_as=subscriber","https:\/\/twitter.com\/arteeluoghi"],"logo":{"@type":"ImageObject","@id":"https:\/\/arteeluoghi.it\/#logo","inLanguage":"it-IT","url":"https:\/\/arteeluoghi.it\/wp-content\/uploads\/2018\/08\/logoinstagramarte.jpg","contentUrl":"https:\/\/arteeluoghi.it\/wp-content\/uploads\/2018\/08\/logoinstagramarte.jpg","width":150,"height":150,"caption":"Arte e Luoghi"},"image":{"@id":"https:\/\/arteeluoghi.it\/#logo"}},{"@type":"WebSite","@id":"https:\/\/arteeluoghi.it\/#website","url":"https:\/\/arteeluoghi.it\/","name":"Arte e Luoghi","description":"Mensile di arte, cultura, turismo e curiosit\u00e0","publisher":{"@id":"https:\/\/arteeluoghi.it\/#organization"},"potentialAction":[{"@type":"SearchAction","target":{"@type":"EntryPoint","urlTemplate":"https:\/\/arteeluoghi.it\/?s={search_term_string}"},"query-input":"required name=search_term_string"}],"inLanguage":"it-IT"},{"@type":"ImageObject","@id":"https:\/\/arteeluoghi.it\/index.php\/2017\/08\/06\/chiacchieriamo-della-locride-antica-storia-archeologia-paesaggio\/#primaryimage","inLanguage":"it-IT","url":"https:\/\/arteeluoghi.it\/wp-content\/uploads\/2017\/08\/Locri-Tempio-Marasa\u0300.jpg","contentUrl":"https:\/\/arteeluoghi.it\/wp-content\/uploads\/2017\/08\/Locri-Tempio-Marasa\u0300.jpg","width":1924,"height":1282},{"@type":"WebPage","@id":"https:\/\/arteeluoghi.it\/index.php\/2017\/08\/06\/chiacchieriamo-della-locride-antica-storia-archeologia-paesaggio\/#webpage","url":"https:\/\/arteeluoghi.it\/index.php\/2017\/08\/06\/chiacchieriamo-della-locride-antica-storia-archeologia-paesaggio\/","name":"Chiacchieriamo della Locride antica. Storia, archeologia, paesaggio | Arte e Luoghi","isPartOf":{"@id":"https:\/\/arteeluoghi.it\/#website"},"primaryImageOfPage":{"@id":"https:\/\/arteeluoghi.it\/index.php\/2017\/08\/06\/chiacchieriamo-della-locride-antica-storia-archeologia-paesaggio\/#primaryimage"},"datePublished":"2017-08-05T23:58:24+00:00","dateModified":"2017-08-14T00:01:46+00:00","breadcrumb":{"@id":"https:\/\/arteeluoghi.it\/index.php\/2017\/08\/06\/chiacchieriamo-della-locride-antica-storia-archeologia-paesaggio\/#breadcrumb"},"inLanguage":"it-IT","potentialAction":[{"@type":"ReadAction","target":["https:\/\/arteeluoghi.it\/index.php\/2017\/08\/06\/chiacchieriamo-della-locride-antica-storia-archeologia-paesaggio\/"]}]},{"@type":"BreadcrumbList","@id":"https:\/\/arteeluoghi.it\/index.php\/2017\/08\/06\/chiacchieriamo-della-locride-antica-storia-archeologia-paesaggio\/#breadcrumb","itemListElement":[{"@type":"ListItem","position":1,"name":"Home","item":"https:\/\/arteeluoghi.it\/"},{"@type":"ListItem","position":2,"name":"Chiacchieriamo della Locride antica. Storia, archeologia, paesaggio"}]},{"@type":"Article","@id":"https:\/\/arteeluoghi.it\/index.php\/2017\/08\/06\/chiacchieriamo-della-locride-antica-storia-archeologia-paesaggio\/#article","isPartOf":{"@id":"https:\/\/arteeluoghi.it\/index.php\/2017\/08\/06\/chiacchieriamo-della-locride-antica-storia-archeologia-paesaggio\/#webpage"},"author":{"@id":"https:\/\/arteeluoghi.it\/#\/schema\/person\/f84e814e36e91e01448ee07eaadd41d4"},"headline":"Chiacchieriamo della Locride antica. Storia, archeologia, paesaggio","datePublished":"2017-08-05T23:58:24+00:00","dateModified":"2017-08-14T00:01:46+00:00","mainEntityOfPage":{"@id":"https:\/\/arteeluoghi.it\/index.php\/2017\/08\/06\/chiacchieriamo-della-locride-antica-storia-archeologia-paesaggio\/#webpage"},"wordCount":267,"commentCount":0,"publisher":{"@id":"https:\/\/arteeluoghi.it\/#organization"},"image":{"@id":"https:\/\/arteeluoghi.it\/index.php\/2017\/08\/06\/chiacchieriamo-della-locride-antica-storia-archeologia-paesaggio\/#primaryimage"},"thumbnailUrl":"https:\/\/arteeluoghi.it\/wp-content\/uploads\/2017\/08\/Locri-Tempio-Marasa\u0300.jpg","keywords":["Locri","Parco Archeologico Nazionale"],"articleSection":["I luoghi della parola"],"inLanguage":"it-IT","potentialAction":[{"@type":"CommentAction","name":"Comment","target":["https:\/\/arteeluoghi.it\/index.php\/2017\/08\/06\/chiacchieriamo-della-locride-antica-storia-archeologia-paesaggio\/#respond"]}]},{"@type":"Person","@id":"https:\/\/arteeluoghi.it\/#\/schema\/person\/f84e814e36e91e01448ee07eaadd41d4","name":"Staff","image":{"@type":"ImageObject","@id":"https:\/\/arteeluoghi.it\/#personlogo","inLanguage":"it-IT","url":"https:\/\/secure.gravatar.com\/avatar\/49d2f9e46271bb04e19cebfaf141313a?s=96&d=blank&r=g","contentUrl":"https:\/\/secure.gravatar.com\/avatar\/49d2f9e46271bb04e19cebfaf141313a?s=96&d=blank&r=g","caption":"Staff"}}]}},"_links":{"self":[{"href":"https:\/\/arteeluoghi.it\/index.php\/wp-json\/wp\/v2\/posts\/3387"}],"collection":[{"href":"https:\/\/arteeluoghi.it\/index.php\/wp-json\/wp\/v2\/posts"}],"about":[{"href":"https:\/\/arteeluoghi.it\/index.php\/wp-json\/wp\/v2\/types\/post"}],"author":[{"embeddable":true,"href":"https:\/\/arteeluoghi.it\/index.php\/wp-json\/wp\/v2\/users\/1"}],"replies":[{"embeddable":true,"href":"https:\/\/arteeluoghi.it\/index.php\/wp-json\/wp\/v2\/comments?post=3387"}],"version-history":[{"count":1,"href":"https:\/\/arteeluoghi.it\/index.php\/wp-json\/wp\/v2\/posts\/3387\/revisions"}],"predecessor-version":[{"id":3390,"href":"https:\/\/arteeluoghi.it\/index.php\/wp-json\/wp\/v2\/posts\/3387\/revisions\/3390"}],"wp:featuredmedia":[{"embeddable":true,"href":"https:\/\/arteeluoghi.it\/index.php\/wp-json\/wp\/v2\/media\/3388"}],"wp:attachment":[{"href":"https:\/\/arteeluoghi.it\/index.php\/wp-json\/wp\/v2\/media?parent=3387"}],"wp:term":[{"taxonomy":"category","embeddable":true,"href":"https:\/\/arteeluoghi.it\/index.php\/wp-json\/wp\/v2\/categories?post=3387"},{"taxonomy":"post_tag","embeddable":true,"href":"https:\/\/arteeluoghi.it\/index.php\/wp-json\/wp\/v2\/tags?post=3387"}],"curies":[{"name":"wp","href":"https:\/\/api.w.org\/{rel}","templated":true}]}}