{"id":339,"date":"2011-10-12T08:08:26","date_gmt":"2011-10-12T06:08:26","guid":{"rendered":"http:\/\/arteeluoghi.it\/index.php\/2011\/10\/12\/cartone\/"},"modified":"2017-08-06T03:04:59","modified_gmt":"2017-08-06T01:04:59","slug":"cartone","status":"publish","type":"post","link":"https:\/\/arteeluoghi.it\/index.php\/2011\/10\/12\/cartone\/","title":{"rendered":"di cartone"},"content":{"rendered":"<p><span style=\"font-size: xx-large;\"><span style=\"color: #ff6600;\">Se la Storia ci cambia<\/span> <em><span style=\"font-size: large;\">Cristo cala dal cielo di ogni cattedrale,<\/span> <span style=\"font-size: large;\"> <\/span><\/em><\/span><\/p>\n<p><span style=\"font-size: xx-large;\"><em><span style=\"font-size: large;\">\u00ab\u00c9\u00bb sconfitto.<\/span><\/em><\/span><strong> <br \/><\/strong><\/p>\n<p><span style=\"font-size: xx-large;\"> <\/span><\/p>\n<p><span style=\"font-size: medium;\"><span style=\"font-family: arial,helvetica,sans-serif;\"><em>E, laggi\u00f9 l\u2019Africa violentemen<\/em><\/span><\/span><span style=\"font-size: small;\"><img src=\"\/images\/stories\/dicartone1.jpg\" border=\"0\" style=\"border: 3px solid white; float: left;\" \/><\/span><span style=\"font-size: medium;\"><span style=\"font-family: arial,helvetica,sans-serif;\"><em>te vive, mentre in Europa, lentamente, si muore<\/em>.<\/span><\/span><\/p>\n<p>Articolo apparso su &#8220;Culture&#8221; di &#8220;IlPaeseNuovo&#8221; quotidiano del Salento 12\/ott.\/2011<\/p>\n<p style=\"text-align: right;\"><strong>(Francesco Pasca)<\/strong><\/p>\n<p style=\"text-align: justify;\"><span style=\"font-size: small;\">Chi racconta, \u00e8 risaputo, ha un rapporto molto personale ed intimo con le cose, con quanto si prefigge di portare a termine con un narrare; chi legger\u00e0 poi quel racconto rester\u00e0, sar\u00e0 accompagnato dall\u2019attesa di un significato da dare, percepir\u00e0 con lo scorrere del tempo dapprima le pause poi sar\u00e0 l\u2019idea che via via prender\u00e0 forma e, come per chi racconta anche da parte sua l\u2019approccio diverr\u00e0 altrettanto personale. Nella brevit\u00e0 di una lettura da locandina cinematografica, di un qualsiasi titolo, cos\u00ec come per l\u2019ultimo film di Ermanno Olmi, \u201cIl villaggio di cartone\u201d, cos\u00ec, quel testo troncato dal suo predicato ed il solo sottolineato dalla sua specificazione, sono stati la mia domanda. In quel normale avvicendarsi di un\u2019idea scritta, condensata nella simultaneit\u00e0, si \u00e8 affacciata la domanda, tante le risposte che sono andate a convergere. Un\u2019unica realt\u00e0 individuabile \u00e8 stata<\/span><span style=\"font-size: small;\"> <\/span><span style=\"font-size: small;\">: \u201cPrecariet\u00e0\u201d.<\/span><\/p>\n<p style=\"text-align: justify;\"><span style=\"font-size: small;\"> Mi \u00e8 rimasto per un brevissimo istante il \u201cCosa\u201d pu\u00f2 esservi di precario.<\/span><\/p>\n<p style=\"text-align: justify;\"><span style=\"font-size: small;\"> Tutto nell\u2019ovviet\u00e0 \u00e8 precario, tutto rasenta il confine dell\u2019esistere in una trasformazione. Ma, di quel tutto, si \u00e8 diversificato l\u2019essere temporaneo o l\u2019eternamente con-temporaneo, l\u2019azione che si trascina e il come si conduce. La mia temporanea significazione l\u2019ho voluta dapprima contrapporre alle sensazioni di tutti noi. Non mi hanno convinto ed ho dubitato. Ho metabolizzato ed h<\/span><span style=\"font-size: small;\"> <\/span><span style=\"font-size: small;\">o scritto, sto scrivendo. Quando accade lo faccio da laico rispettoso, non tolgo le luci da nessun altare, non rendo deserto alcun luogo, non chiudo n\u00e9 sinagoghe, ne minareti, ne luoghi di culto in genere. Non desertifico nessuna idea, nessuna immagine. Se lo dovessi fare, naturalmente, ci\u00f2 sarebbe con altra significazione, Ermanno Olmi mi direbbe, mi ha detto come. E, cos\u00ec \u00e8 stato. \u00c8 cos\u00ec che mi sono ritrovato, ieri sera, seduto da ascoltatore visivo. Sono entrato in un silenzio assoluto e gi\u00e0 buio. <\/span><\/p>\n<p>  <!--more-->  <\/p>\n<p style=\"text-align: justify;\"><span style=\"font-size: small;\">La sala di proiezione era nei primissimi secondi di ascolto, alle sue prime immagini di visione per me iniziata sghemba, al suo primo spettacolo.  Per un brevissimo ritardo, non vi \u00e8 stata nessuna presentazione, nessun titolo. Mi si \u00e8 presentato, incombente, un faccione barbuto spremuto da due mani in segno di sgomento. L\u2019ho individuato ed impresso con un ripetersi di parole, nella sua e mia paura di poter dimenticare, di non voler dimenticare. Ho veduto un volto chiuso a riccio e segnato in un ultimo rifugio rimastogli. Poi \u00e8 avvenuta l\u2019esecuzione di quanto altri avevano gi\u00e0 disposto. Via le luci, via la disposizione ordinata di un culto da officiare, via le immagini, via il luogo dal luogo, via l\u2019incertezza di una precariet\u00e0 e la sua stessa sottolineatura, via il simbolo. \u00c8 avvenuto in poco tutto il deserto possibile. Il desertificarsi dell\u2019idea era scandita dal lento sovrapporsi di due realt\u00e0, quella millenaria del Cristo e quella di una piccola porzione di secolo di un\u2019altra immagine, della chiesa dismessa impressa nel ricordo del suo sacerdote (da un intenso Michael Lonsdale), dalla presenza dell\u2019ambiguo sacrestano (Rutger Hauer) ed infine dal rappresentante della legge (Alessandro Haber) Come per ogni luogo svuotato dalla sua anima-memoria, anche per quest\u2019ultimo, si attenderanno nuove realt\u00e0 precarie, pronte ad inseguire il tempo e la storia. Ermanno Olmi ci ha da sempre abituato e piacevolmente sorpreso. Scena dopo scena, ancora una volta, dopo <strong>\u201c<\/strong><strong>Centochiodi\u201d ecco la nuova metafora<\/strong>. Questa volta sono le negativit\u00e0 politiche, questa volta sono queste che lo spingono. Sono le situazioni di un paese precario che lo convincono con ferrea determinazione ad imbracciare il suo fucile, la macchina da presa. Ermanno punta il suo obiettivo su quanto di precario c\u2019\u00e8 intorno a noi e, su di noi non tralascia niente, la mente \u00e8 ben disposta. Intorno e dentro ad una cristianit\u00e0 sempre pi\u00f9 disarmante costruisce la storia, e, si sente lontano un miglio che\u00a0 ha voglia di non sparare nel mucchio, sa puntare la sua cinepresa con un obiettivo dall\u2019inquadratura stretta tecnicamente<img src=\"\/images\/stories\/il-villaggio-di-cartone.jpg\" border=\"0\" style=\"border: 3px solid white; float: right;\" \/> e con l\u2019ampiezza di alta luminosit\u00e0 metaforica induce a sentire le immagini anche se rarefatte dai suoni, dai dialoghi scarnificati e silenziosi come il gruppo di cartapesta altamente evocativo della crocifissione con una Maddalena che stringe a s\u00e9 l\u2019impossibile. Il vuoto lentamente si riempie e diventa rifugio della nostra eterna clandestinit\u00e0.<\/span><\/p>\n<p><span style=\"font-size: small;\"> <\/span><\/p>\n<p style=\"text-align: justify;\"><span style=\"font-size: small;\"> <\/span><\/p>\n<p style=\"text-align: justify;\"><span style=\"font-size: small;\">L\u2019Africa \u00e8 il silenzio nascosto, il villaggio non \u00e8 pi\u00f9 globale ed assume i connotati di cartone, di un riparo che tormenta l\u2019idea precaria dell\u2019esistere. Tutto si espande e si contrae. L\u2019evento non \u00e8 inaspettato e diventa occasione. Ad Ermanno regista ed al personaggio attore immedesimato nel vecchio sacerdote non importa la causa di un presente che reclama un ordine, loro vogliono il rispetto della precariet\u00e0. Il regista spara i suoi fotogrammi e questi si mescolano con le speranze di tutti, con le indegnit\u00e0 dell\u2019uomo che non ha colore. Il disagio psicologico ma orgoglioso si alterna alla povert\u00e0 vera di chi \u201cnon possiede\u201d un Luogo, di chi ha lasciato un Luogo e dove ancora, in ogni esistere, altri, come gi\u00e0 loro sono stati, ora ne approfittano (Giuda \u00e8 sempre in agguato) e si vendono il loro ed altrui corpo e la loro stessa mente; il ci\u00f2 che \u00e8 precario non importa, non conta cosa andranno a fare una volta accontentati nel loro destino. I bimbi comunque cresceranno o moriranno, le madri partoriranno la nascita nera o di qualsiasi colore sotto la croce delle religioni, i padri andranno sempre alla ricerca dell\u2019identit\u00e0 dei loro figli. (la sacra famiglia scapper\u00e0 dall\u2019Erode di turno e riposer\u00e0 in una grotta di cartone). C\u2019\u00e8 anche chi ha deciso il sacrificio estremo, quello proprio e degli altri. C\u2019\u00e8 si immoler\u00e0 per una causa altrettanto precaria come mina umana. Il fuoco dilanier\u00e0 altro fuoco, altra speranza ed altra precariet\u00e0. Olmi insegna che il vuoto che si vuol creare, comunque, non distrugger\u00e0 la memoria che \u00e8 in noi, questa si auto alimenter\u00e0, \u00e8 auspicabile, probabilmente, sar\u00e0 la solidariet\u00e0 pi\u00f9 autentica per l\u2019umanesimo universale, superando le barriere delle chiese piene o vuote che siano. Personalmente ho ricevuto l\u2019attestato di una mia convinzione. Ho riconosciuto nel racconto le due figure complesse e la necessit\u00e0 di ritrovarle nell\u2019uomo, in quel valore aggiunto che si identifica con il laico. Nel film, il vecchio sacerdote riesce a dialogare con tutti e lo fa non confessando ma confessandosi al medico del corpo, all\u2019ateo. E, non vi \u00e8 alcuna necessit\u00e0 di ritrovarsi in una qualsivoglia religiosit\u00e0 per credere che: \u201c<strong><span style=\"color: #ff0000;\"><em>o noi cambiamo il corso della storia o sar\u00e0 la storia a cambiare noi<\/em><\/span>\u201d.<\/strong><\/span><\/p>\n<p style=\"text-align: justify;\"><span style=\"font-size: small;\">La pellicola \u00e8 passata dalla 68ma Mostra del Cinema di Venezia, \u00e8 ora nelle nostre sale cinematografiche, non perdetevela.<em> Pensate che ad un passo da noi c\u2019\u00e8 l\u2019Africa, che vive come Luogo e muore come necessit\u00e0.<\/em><\/span><\/p>\n<p style=\"text-align: justify;\"><strong><br \/><\/strong><\/p>\n","protected":false},"excerpt":{"rendered":"<p>Se la Storia ci cambia Cristo cala dal cielo di ogni cattedrale, \u00ab\u00c9\u00bb sconfitto. E, laggi\u00f9 l\u2019Africa violentemente vive, mentre<\/p>\n","protected":false},"author":1,"featured_media":0,"comment_status":"open","ping_status":"open","sticky":false,"template":"","format":"standard","meta":[],"categories":[29],"tags":[],"yoast_head":"<!-- This site is optimized with the Yoast SEO plugin v18.0 - https:\/\/yoast.com\/wordpress\/plugins\/seo\/ -->\n<title>di cartone | Arte e Luoghi<\/title>\n<meta name=\"robots\" content=\"index, follow, max-snippet:-1, max-image-preview:large, max-video-preview:-1\" \/>\n<link rel=\"canonical\" href=\"https:\/\/arteeluoghi.it\/index.php\/2011\/10\/12\/cartone\/\" \/>\n<meta property=\"og:locale\" content=\"it_IT\" \/>\n<meta property=\"og:type\" content=\"article\" \/>\n<meta property=\"og:title\" content=\"di cartone | Arte e Luoghi\" \/>\n<meta property=\"og:description\" content=\"Se la Storia ci cambia Cristo cala dal cielo di ogni cattedrale, \u00ab\u00c9\u00bb sconfitto. E, laggi\u00f9 l\u2019Africa violentemente vive, mentre\" \/>\n<meta property=\"og:url\" content=\"https:\/\/arteeluoghi.it\/index.php\/2011\/10\/12\/cartone\/\" \/>\n<meta property=\"og:site_name\" content=\"Arte e Luoghi\" \/>\n<meta property=\"article:publisher\" content=\"https:\/\/www.facebook.com\/ArteELuoghi\/\" \/>\n<meta property=\"article:published_time\" content=\"2011-10-12T06:08:26+00:00\" \/>\n<meta property=\"article:modified_time\" content=\"2017-08-06T01:04:59+00:00\" \/>\n<meta property=\"og:image\" content=\"https:\/\/arteeluoghi.it\/images\/stories\/dicartone1.jpg\" \/>\n<meta name=\"twitter:card\" content=\"summary\" \/>\n<meta name=\"twitter:creator\" content=\"@arteeluoghi\" \/>\n<meta name=\"twitter:site\" content=\"@arteeluoghi\" \/>\n<meta name=\"twitter:label1\" content=\"Scritto da\" \/>\n\t<meta name=\"twitter:data1\" content=\"Staff\" \/>\n\t<meta name=\"twitter:label2\" content=\"Tempo di lettura stimato\" \/>\n\t<meta name=\"twitter:data2\" content=\"6 minuti\" \/>\n<script type=\"application\/ld+json\" class=\"yoast-schema-graph\">{\"@context\":\"https:\/\/schema.org\",\"@graph\":[{\"@type\":\"Organization\",\"@id\":\"https:\/\/arteeluoghi.it\/#organization\",\"name\":\"Arte e Luoghi\",\"url\":\"https:\/\/arteeluoghi.it\/\",\"sameAs\":[\"https:\/\/www.facebook.com\/ArteELuoghi\/\",\"https:\/\/www.instagram.com\/arteeluoghi\/?hl=it\",\"https:\/\/www.youtube.com\/channel\/UCuRVc4JW4-C5sg9rQB-srkw?view_as=subscriber\",\"https:\/\/twitter.com\/arteeluoghi\"],\"logo\":{\"@type\":\"ImageObject\",\"@id\":\"https:\/\/arteeluoghi.it\/#logo\",\"inLanguage\":\"it-IT\",\"url\":\"https:\/\/arteeluoghi.it\/wp-content\/uploads\/2018\/08\/logoinstagramarte.jpg\",\"contentUrl\":\"https:\/\/arteeluoghi.it\/wp-content\/uploads\/2018\/08\/logoinstagramarte.jpg\",\"width\":150,\"height\":150,\"caption\":\"Arte e Luoghi\"},\"image\":{\"@id\":\"https:\/\/arteeluoghi.it\/#logo\"}},{\"@type\":\"WebSite\",\"@id\":\"https:\/\/arteeluoghi.it\/#website\",\"url\":\"https:\/\/arteeluoghi.it\/\",\"name\":\"Arte e Luoghi\",\"description\":\"Mensile di arte, cultura, turismo e curiosit\u00e0\",\"publisher\":{\"@id\":\"https:\/\/arteeluoghi.it\/#organization\"},\"potentialAction\":[{\"@type\":\"SearchAction\",\"target\":{\"@type\":\"EntryPoint\",\"urlTemplate\":\"https:\/\/arteeluoghi.it\/?s={search_term_string}\"},\"query-input\":\"required name=search_term_string\"}],\"inLanguage\":\"it-IT\"},{\"@type\":\"ImageObject\",\"@id\":\"https:\/\/arteeluoghi.it\/index.php\/2011\/10\/12\/cartone\/#primaryimage\",\"inLanguage\":\"it-IT\",\"url\":\"\/images\/stories\/dicartone1.jpg\",\"contentUrl\":\"\/images\/stories\/dicartone1.jpg\"},{\"@type\":\"WebPage\",\"@id\":\"https:\/\/arteeluoghi.it\/index.php\/2011\/10\/12\/cartone\/#webpage\",\"url\":\"https:\/\/arteeluoghi.it\/index.php\/2011\/10\/12\/cartone\/\",\"name\":\"di cartone | Arte e Luoghi\",\"isPartOf\":{\"@id\":\"https:\/\/arteeluoghi.it\/#website\"},\"primaryImageOfPage\":{\"@id\":\"https:\/\/arteeluoghi.it\/index.php\/2011\/10\/12\/cartone\/#primaryimage\"},\"datePublished\":\"2011-10-12T06:08:26+00:00\",\"dateModified\":\"2017-08-06T01:04:59+00:00\",\"breadcrumb\":{\"@id\":\"https:\/\/arteeluoghi.it\/index.php\/2011\/10\/12\/cartone\/#breadcrumb\"},\"inLanguage\":\"it-IT\",\"potentialAction\":[{\"@type\":\"ReadAction\",\"target\":[\"https:\/\/arteeluoghi.it\/index.php\/2011\/10\/12\/cartone\/\"]}]},{\"@type\":\"BreadcrumbList\",\"@id\":\"https:\/\/arteeluoghi.it\/index.php\/2011\/10\/12\/cartone\/#breadcrumb\",\"itemListElement\":[{\"@type\":\"ListItem\",\"position\":1,\"name\":\"Home\",\"item\":\"https:\/\/arteeluoghi.it\/\"},{\"@type\":\"ListItem\",\"position\":2,\"name\":\"di cartone\"}]},{\"@type\":\"Article\",\"@id\":\"https:\/\/arteeluoghi.it\/index.php\/2011\/10\/12\/cartone\/#article\",\"isPartOf\":{\"@id\":\"https:\/\/arteeluoghi.it\/index.php\/2011\/10\/12\/cartone\/#webpage\"},\"author\":{\"@id\":\"https:\/\/arteeluoghi.it\/#\/schema\/person\/f84e814e36e91e01448ee07eaadd41d4\"},\"headline\":\"di cartone\",\"datePublished\":\"2011-10-12T06:08:26+00:00\",\"dateModified\":\"2017-08-06T01:04:59+00:00\",\"mainEntityOfPage\":{\"@id\":\"https:\/\/arteeluoghi.it\/index.php\/2011\/10\/12\/cartone\/#webpage\"},\"wordCount\":1135,\"commentCount\":0,\"publisher\":{\"@id\":\"https:\/\/arteeluoghi.it\/#organization\"},\"image\":{\"@id\":\"https:\/\/arteeluoghi.it\/index.php\/2011\/10\/12\/cartone\/#primaryimage\"},\"thumbnailUrl\":\"\/images\/stories\/dicartone1.jpg\",\"articleSection\":[\"Cinema\"],\"inLanguage\":\"it-IT\",\"potentialAction\":[{\"@type\":\"CommentAction\",\"name\":\"Comment\",\"target\":[\"https:\/\/arteeluoghi.it\/index.php\/2011\/10\/12\/cartone\/#respond\"]}]},{\"@type\":\"Person\",\"@id\":\"https:\/\/arteeluoghi.it\/#\/schema\/person\/f84e814e36e91e01448ee07eaadd41d4\",\"name\":\"Staff\",\"image\":{\"@type\":\"ImageObject\",\"@id\":\"https:\/\/arteeluoghi.it\/#personlogo\",\"inLanguage\":\"it-IT\",\"url\":\"https:\/\/secure.gravatar.com\/avatar\/49d2f9e46271bb04e19cebfaf141313a?s=96&d=blank&r=g\",\"contentUrl\":\"https:\/\/secure.gravatar.com\/avatar\/49d2f9e46271bb04e19cebfaf141313a?s=96&d=blank&r=g\",\"caption\":\"Staff\"}}]}<\/script>\n<!-- \/ Yoast SEO plugin. -->","yoast_head_json":{"title":"di cartone | Arte e Luoghi","robots":{"index":"index","follow":"follow","max-snippet":"max-snippet:-1","max-image-preview":"max-image-preview:large","max-video-preview":"max-video-preview:-1"},"canonical":"https:\/\/arteeluoghi.it\/index.php\/2011\/10\/12\/cartone\/","og_locale":"it_IT","og_type":"article","og_title":"di cartone | Arte e Luoghi","og_description":"Se la Storia ci cambia Cristo cala dal cielo di ogni cattedrale, \u00ab\u00c9\u00bb sconfitto. E, laggi\u00f9 l\u2019Africa violentemente vive, mentre","og_url":"https:\/\/arteeluoghi.it\/index.php\/2011\/10\/12\/cartone\/","og_site_name":"Arte e Luoghi","article_publisher":"https:\/\/www.facebook.com\/ArteELuoghi\/","article_published_time":"2011-10-12T06:08:26+00:00","article_modified_time":"2017-08-06T01:04:59+00:00","og_image":[{"url":"https:\/\/arteeluoghi.it\/images\/stories\/dicartone1.jpg"}],"twitter_card":"summary","twitter_creator":"@arteeluoghi","twitter_site":"@arteeluoghi","twitter_misc":{"Scritto da":"Staff","Tempo di lettura stimato":"6 minuti"},"schema":{"@context":"https:\/\/schema.org","@graph":[{"@type":"Organization","@id":"https:\/\/arteeluoghi.it\/#organization","name":"Arte e Luoghi","url":"https:\/\/arteeluoghi.it\/","sameAs":["https:\/\/www.facebook.com\/ArteELuoghi\/","https:\/\/www.instagram.com\/arteeluoghi\/?hl=it","https:\/\/www.youtube.com\/channel\/UCuRVc4JW4-C5sg9rQB-srkw?view_as=subscriber","https:\/\/twitter.com\/arteeluoghi"],"logo":{"@type":"ImageObject","@id":"https:\/\/arteeluoghi.it\/#logo","inLanguage":"it-IT","url":"https:\/\/arteeluoghi.it\/wp-content\/uploads\/2018\/08\/logoinstagramarte.jpg","contentUrl":"https:\/\/arteeluoghi.it\/wp-content\/uploads\/2018\/08\/logoinstagramarte.jpg","width":150,"height":150,"caption":"Arte e Luoghi"},"image":{"@id":"https:\/\/arteeluoghi.it\/#logo"}},{"@type":"WebSite","@id":"https:\/\/arteeluoghi.it\/#website","url":"https:\/\/arteeluoghi.it\/","name":"Arte e Luoghi","description":"Mensile di arte, cultura, turismo e curiosit\u00e0","publisher":{"@id":"https:\/\/arteeluoghi.it\/#organization"},"potentialAction":[{"@type":"SearchAction","target":{"@type":"EntryPoint","urlTemplate":"https:\/\/arteeluoghi.it\/?s={search_term_string}"},"query-input":"required name=search_term_string"}],"inLanguage":"it-IT"},{"@type":"ImageObject","@id":"https:\/\/arteeluoghi.it\/index.php\/2011\/10\/12\/cartone\/#primaryimage","inLanguage":"it-IT","url":"\/images\/stories\/dicartone1.jpg","contentUrl":"\/images\/stories\/dicartone1.jpg"},{"@type":"WebPage","@id":"https:\/\/arteeluoghi.it\/index.php\/2011\/10\/12\/cartone\/#webpage","url":"https:\/\/arteeluoghi.it\/index.php\/2011\/10\/12\/cartone\/","name":"di cartone | Arte e Luoghi","isPartOf":{"@id":"https:\/\/arteeluoghi.it\/#website"},"primaryImageOfPage":{"@id":"https:\/\/arteeluoghi.it\/index.php\/2011\/10\/12\/cartone\/#primaryimage"},"datePublished":"2011-10-12T06:08:26+00:00","dateModified":"2017-08-06T01:04:59+00:00","breadcrumb":{"@id":"https:\/\/arteeluoghi.it\/index.php\/2011\/10\/12\/cartone\/#breadcrumb"},"inLanguage":"it-IT","potentialAction":[{"@type":"ReadAction","target":["https:\/\/arteeluoghi.it\/index.php\/2011\/10\/12\/cartone\/"]}]},{"@type":"BreadcrumbList","@id":"https:\/\/arteeluoghi.it\/index.php\/2011\/10\/12\/cartone\/#breadcrumb","itemListElement":[{"@type":"ListItem","position":1,"name":"Home","item":"https:\/\/arteeluoghi.it\/"},{"@type":"ListItem","position":2,"name":"di cartone"}]},{"@type":"Article","@id":"https:\/\/arteeluoghi.it\/index.php\/2011\/10\/12\/cartone\/#article","isPartOf":{"@id":"https:\/\/arteeluoghi.it\/index.php\/2011\/10\/12\/cartone\/#webpage"},"author":{"@id":"https:\/\/arteeluoghi.it\/#\/schema\/person\/f84e814e36e91e01448ee07eaadd41d4"},"headline":"di cartone","datePublished":"2011-10-12T06:08:26+00:00","dateModified":"2017-08-06T01:04:59+00:00","mainEntityOfPage":{"@id":"https:\/\/arteeluoghi.it\/index.php\/2011\/10\/12\/cartone\/#webpage"},"wordCount":1135,"commentCount":0,"publisher":{"@id":"https:\/\/arteeluoghi.it\/#organization"},"image":{"@id":"https:\/\/arteeluoghi.it\/index.php\/2011\/10\/12\/cartone\/#primaryimage"},"thumbnailUrl":"\/images\/stories\/dicartone1.jpg","articleSection":["Cinema"],"inLanguage":"it-IT","potentialAction":[{"@type":"CommentAction","name":"Comment","target":["https:\/\/arteeluoghi.it\/index.php\/2011\/10\/12\/cartone\/#respond"]}]},{"@type":"Person","@id":"https:\/\/arteeluoghi.it\/#\/schema\/person\/f84e814e36e91e01448ee07eaadd41d4","name":"Staff","image":{"@type":"ImageObject","@id":"https:\/\/arteeluoghi.it\/#personlogo","inLanguage":"it-IT","url":"https:\/\/secure.gravatar.com\/avatar\/49d2f9e46271bb04e19cebfaf141313a?s=96&d=blank&r=g","contentUrl":"https:\/\/secure.gravatar.com\/avatar\/49d2f9e46271bb04e19cebfaf141313a?s=96&d=blank&r=g","caption":"Staff"}}]}},"_links":{"self":[{"href":"https:\/\/arteeluoghi.it\/index.php\/wp-json\/wp\/v2\/posts\/339"}],"collection":[{"href":"https:\/\/arteeluoghi.it\/index.php\/wp-json\/wp\/v2\/posts"}],"about":[{"href":"https:\/\/arteeluoghi.it\/index.php\/wp-json\/wp\/v2\/types\/post"}],"author":[{"embeddable":true,"href":"https:\/\/arteeluoghi.it\/index.php\/wp-json\/wp\/v2\/users\/1"}],"replies":[{"embeddable":true,"href":"https:\/\/arteeluoghi.it\/index.php\/wp-json\/wp\/v2\/comments?post=339"}],"version-history":[{"count":1,"href":"https:\/\/arteeluoghi.it\/index.php\/wp-json\/wp\/v2\/posts\/339\/revisions"}],"predecessor-version":[{"id":2855,"href":"https:\/\/arteeluoghi.it\/index.php\/wp-json\/wp\/v2\/posts\/339\/revisions\/2855"}],"wp:attachment":[{"href":"https:\/\/arteeluoghi.it\/index.php\/wp-json\/wp\/v2\/media?parent=339"}],"wp:term":[{"taxonomy":"category","embeddable":true,"href":"https:\/\/arteeluoghi.it\/index.php\/wp-json\/wp\/v2\/categories?post=339"},{"taxonomy":"post_tag","embeddable":true,"href":"https:\/\/arteeluoghi.it\/index.php\/wp-json\/wp\/v2\/tags?post=339"}],"curies":[{"name":"wp","href":"https:\/\/api.w.org\/{rel}","templated":true}]}}