{"id":345,"date":"2011-10-30T17:09:18","date_gmt":"2011-10-30T16:09:18","guid":{"rendered":"http:\/\/arteeluoghi.it\/index.php\/2011\/10\/30\/popoli\/"},"modified":"2011-10-30T17:09:18","modified_gmt":"2011-10-30T16:09:18","slug":"popoli","status":"publish","type":"post","link":"https:\/\/arteeluoghi.it\/index.php\/2011\/10\/30\/popoli\/","title":{"rendered":"Popoli del mediterraneo"},"content":{"rendered":"<p><span style=\"font-size: xx-large;\">Antichi Popoli<\/span><\/p>\n<p><span style=\"font-size: small;\"><img loading=\"lazy\" src=\"https:\/\/1.bp.blogspot.com\/-zvHENU4FNmw\/Tp2eBrbU5dI\/AAAAAAAAAL8\/pNrNYthyuLE\/s1600\/20%2529+antichi+popoli+del+mediterraneo.jpg\" border=\"0\" width=\"290\" height=\"385\" style=\"border: 3px solid white; float: right;\" \/><\/span><\/p>\n<p style=\"text-align: justify;\"><span style=\"font-size: small;\"><strong>Pierluigi Montalbano<\/strong>, <em>Antichi popoli del Mediterraneo. Pelasgi, Minoici, Haou Nebout, Micenei, <\/em><\/span><span style=\"font-size: small;\"> <\/span><span style=\"font-size: small;\"><em>Kepthiou, Egizi, Hyksos, Filistei, Sherden<\/em>, Capone Editore 2011 <\/span><span style=\"font-size: small;\"> <\/span><br \/><span style=\"font-size: small;\"> <\/span><span style=\"font-size: small;\"> <\/span><span style=\"font-size: small;\"> <\/span><\/p>\n<p style=\"text-align: justify;\"><span style=\"font-size: small;\"> <\/span><strong><span style=\"font-size: small;\">Il Libro<\/span><\/strong>.<\/p>\n<p style=\"text-align: justify;\"><span style=\"font-size: small;\"> <\/span> <span style=\"font-size: small;\"> Il mare, fin dall\u2019alba dei tempi, rappresenta una risorsa vitale per l\u2019umanit\u00e0. Le pi\u00f9 floride civilt\u00e0 si svilupparono in prossimit\u00e0 delle coste, laddove le risorse ittiche ampliavano la scelta dei prodotti commestibili e le foci dei grandi fiumi regalavano acqua dolce, terreni fertili e possibilit\u00e0 di trasporto su zattere. Malta, Dea Madre Circa 15.000 anni fa lo scioglimento dei ghiacci provoc\u00f2 l\u2019innalzamento del  livello del mare di 150 metri, costringendo l\u2019uomo ad abbandonare le  zone precedentemente occupate e sfruttate; uomo che, allo stesso tempo,  affrontava la necessit\u00e0 di un rinnovamento delle tecniche di caccia,  dovendo adattarsi all\u2019estinzione dei grandi animali conseguente ad un  profondo cambiamento climatico. Sfruttando le conoscenze nautiche,  acquisite in millenni di navigazione sottocost<\/span><span style=\"font-size: small;\">a, i pi\u00f9 audaci si  spinsero verso luoghi con clima mite, approdando in quei territori dove  l\u2019agricoltura poteva diffondersi. <\/span><img loading=\"lazy\" src=\"https:\/\/1.bp.blogspot.com\/-XBkARGsii_g\/Tp2fbaLMgJI\/AAAAAAAAAMI\/1JGvi5opIZE\/s1600\/dea+madre.jpg\" border=\"0\" width=\"234\" height=\"307\" style=\"float: left; border: 3px solid white;\" \/><span style=\"font-size: small;\">In mancanza di testi scritti, le  testimonianze archeologiche portate alla luce lasciano molti dubbi  sull\u2019origine dell\u2019uomo neolitico. Conosciamo il suo\u201cstile di vita\u201d ma non riusciamo a capire a fondo i meccanismi che hanno  comportato il pi\u00f9 grande salto evolutivo della storia dell\u2019uomo. Uno  degli indizi pi\u00f9 efficaci per capire l\u2019evoluzione degli antichi popoli  del Mediterraneo \u00e8 costituito dalle rotte navali dell\u2019ossidiana,  percorse almeno dal 10.000 a.C.\u00a0         <br \/><\/span><\/p>\n<p style=\"text-align: justify;\"><span style=\"font-size: small;\">La capacit\u00e0 di  addomesticare piante e animali, il culto dei defunti, le tracce  architettoniche e la religiosit\u00e0 basata sulla Dea Madre arricchiscono il  quadro d\u2019indagine di questo lavoro. Curiosamente, la civilt\u00e0 pi\u00f9 evoluta della storia marinara, la minoica,  non aveva necessit\u00e0 di costruire fortezze difensive per proteggere i  porti: i minoici dominavano il mare e nessuno osava aggredirli. <\/span><\/p>\n<p>  <!--more-->  <\/p>\n<p>\u00a0<\/p>\n<p><img loading=\"lazy\" src=\"https:\/\/1.bp.blogspot.com\/-WWIHLb06gf4\/Tp2gotQvu-I\/AAAAAAAAAMU\/KEaHUt2fYg4\/s1600\/38+pan+Micene+porta+dei+leoni.jpg\" border=\"0\" width=\"398\" height=\"273\" style=\"float: right; border: 3px solid white;\" \/><\/p>\n<p style=\"text-align: justify;\"><span style=\"font-size: small;\"> Solo una  catastrofe naturale, l\u2019eruzione del vulcano Santorini, che colp\u00ec il  centro nevralgico del loro impero, oscur\u00f2 quella stella.Il libro si chiude con un approfondimento su una delle pi\u00f9 antiche e  misteriose civilt\u00e0 occidentali, quella nuragica. Porti e approdi della  Sardegna, sono descritti minuziosamente, cos\u00ec da proporre al lettore un  esempio di civilt\u00e0 costiera dell\u2019epoca, capace di edificare oltre 8000  torri per il controllo del territorio e per altre funzioni.<\/span><\/p>\n<p style=\"text-align: justify;\">\u00a0<\/p>\n<p style=\"text-align: justify;\">\u00a0<\/p>\n<p style=\"text-align: justify;\">\u00a0<\/p>\n<p style=\"text-align: justify;\"><span style=\"font-size: small;\"><br \/><\/span><\/p>\n<p style=\"text-align: justify;\"><img loading=\"lazy\" src=\"https:\/\/1.bp.blogspot.com\/-aG8kGyWaKFc\/Tp2jGWIeQZI\/AAAAAAAAAMg\/VRbtiKTA2K0\/s1600\/Abbasanta%252C+Losa%252C+nuraghe+intero.jpg\" border=\"0\" width=\"345\" height=\"245\" style=\"float: left; border: 3px solid white;\" \/><span style=\"font-size: small;\"><strong>L\u2019Autore.<\/strong> <\/span><\/p>\n<p style=\"text-align: justify;\">\u00a0<\/p>\n<p style=\"text-align: justify;\"><span style=\"font-size: small;\">Pierluigi Montalbano \u00e8 nato e vive a Cagliari. Studioso di preistoria e  protostoria, insegna storia antica in alcuni istituti sardi.<\/span><\/p>\n<p style=\"text-align: justify;\"><span style=\"font-size: small;\"> ll libro si chiude con un approfondimento su una delle pi\u00f9 antiche e  misteriose civilt\u00e0 occidentali, quella nuragica. Porti e approdi della  Sardegna, sono descritti minuziosamente, cos\u00ec da proporre al lettore un  esempio di civilt\u00e0 costiera dell\u2019epoca, capace di edificare oltre 8000  torri per il controllo del territorio e per altre funzioni. \u00c8 stato relatore in ambito storico-archeologico in numerosi convegni in  Italia e all\u2019estero ed \u00e8 coordinatore di importanti rassegne espositive  sul Mediterraneo arcaico. Collabora con una equipe internazionale su  temi riguardanti la navigazione antica, i relitti sommersi del Bronzo e  del Ferro e i commerci fra oriente e occidente mediterraneo.  \u00c8 uno dei  maggiori specialisti della metallurgia del rame e del bronzo, dalla  produzione ai processi di lavorazione per ottenere i prodotti finiti.   Dirige il quotidiano on-line di storia e archeologia, <\/span><span style=\"font-size: small;\">organizza  conferenze  sulla storia della Sardegna e progetta laboratori didattici  dedicati  all\u2019archeologia. Curatore della rassegna culturale \u201cViaggio  nella  Storia\u201d, realizzata in collaborazione con i docenti della  Universit\u00e0 di  Cagliari, \u00e8<\/span><span style=\"font-size: small;\"> autore di oltre novanta articoli a carattere  scientifico e dei volumi <em>Le navicelle bronzee nuragiche<\/em> (2007); <em>Dal Neolitico alla civilt\u00e0 nuragica<\/em> (2008); <em>Sherden, Signori del mare e del metallo<\/em> (2009).<\/span><\/p>\n","protected":false},"excerpt":{"rendered":"<p>Antichi Popoli Pierluigi Montalbano, Antichi popoli del Mediterraneo. Pelasgi, Minoici, Haou Nebout, Micenei, Kepthiou, Egizi, Hyksos, Filistei, Sherden, Capone Editore<\/p>\n","protected":false},"author":1,"featured_media":0,"comment_status":"open","ping_status":"open","sticky":false,"template":"","format":"standard","meta":[],"categories":[17],"tags":[],"yoast_head":"<!-- This site is optimized with the Yoast SEO plugin v18.0 - https:\/\/yoast.com\/wordpress\/plugins\/seo\/ -->\n<title>Popoli del mediterraneo | Arte e Luoghi<\/title>\n<meta name=\"robots\" content=\"index, follow, max-snippet:-1, max-image-preview:large, max-video-preview:-1\" \/>\n<link rel=\"canonical\" href=\"https:\/\/arteeluoghi.it\/index.php\/2011\/10\/30\/popoli\/\" \/>\n<meta property=\"og:locale\" content=\"it_IT\" \/>\n<meta property=\"og:type\" content=\"article\" \/>\n<meta property=\"og:title\" content=\"Popoli del mediterraneo | Arte e Luoghi\" \/>\n<meta property=\"og:description\" content=\"Antichi Popoli Pierluigi Montalbano, Antichi popoli del Mediterraneo. Pelasgi, Minoici, Haou Nebout, Micenei, Kepthiou, Egizi, Hyksos, Filistei, Sherden, Capone Editore\" \/>\n<meta property=\"og:url\" content=\"https:\/\/arteeluoghi.it\/index.php\/2011\/10\/30\/popoli\/\" \/>\n<meta property=\"og:site_name\" content=\"Arte e Luoghi\" \/>\n<meta property=\"article:publisher\" content=\"https:\/\/www.facebook.com\/ArteELuoghi\/\" \/>\n<meta property=\"article:published_time\" content=\"2011-10-30T16:09:18+00:00\" \/>\n<meta property=\"og:image\" content=\"http:\/\/1.bp.blogspot.com\/-zvHENU4FNmw\/Tp2eBrbU5dI\/AAAAAAAAAL8\/pNrNYthyuLE\/s1600\/20%2529+antichi+popoli+del+mediterraneo.jpg\" \/>\n<meta name=\"twitter:card\" content=\"summary\" \/>\n<meta name=\"twitter:creator\" content=\"@arteeluoghi\" \/>\n<meta name=\"twitter:site\" content=\"@arteeluoghi\" \/>\n<meta name=\"twitter:label1\" content=\"Scritto da\" \/>\n\t<meta name=\"twitter:data1\" content=\"Staff\" \/>\n\t<meta name=\"twitter:label2\" content=\"Tempo di lettura stimato\" \/>\n\t<meta name=\"twitter:data2\" content=\"3 minuti\" \/>\n<script type=\"application\/ld+json\" class=\"yoast-schema-graph\">{\"@context\":\"https:\/\/schema.org\",\"@graph\":[{\"@type\":\"Organization\",\"@id\":\"https:\/\/arteeluoghi.it\/#organization\",\"name\":\"Arte e Luoghi\",\"url\":\"https:\/\/arteeluoghi.it\/\",\"sameAs\":[\"https:\/\/www.facebook.com\/ArteELuoghi\/\",\"https:\/\/www.instagram.com\/arteeluoghi\/?hl=it\",\"https:\/\/www.youtube.com\/channel\/UCuRVc4JW4-C5sg9rQB-srkw?view_as=subscriber\",\"https:\/\/twitter.com\/arteeluoghi\"],\"logo\":{\"@type\":\"ImageObject\",\"@id\":\"https:\/\/arteeluoghi.it\/#logo\",\"inLanguage\":\"it-IT\",\"url\":\"https:\/\/arteeluoghi.it\/wp-content\/uploads\/2018\/08\/logoinstagramarte.jpg\",\"contentUrl\":\"https:\/\/arteeluoghi.it\/wp-content\/uploads\/2018\/08\/logoinstagramarte.jpg\",\"width\":150,\"height\":150,\"caption\":\"Arte e Luoghi\"},\"image\":{\"@id\":\"https:\/\/arteeluoghi.it\/#logo\"}},{\"@type\":\"WebSite\",\"@id\":\"https:\/\/arteeluoghi.it\/#website\",\"url\":\"https:\/\/arteeluoghi.it\/\",\"name\":\"Arte e Luoghi\",\"description\":\"Mensile di arte, cultura, turismo e curiosit\u00e0\",\"publisher\":{\"@id\":\"https:\/\/arteeluoghi.it\/#organization\"},\"potentialAction\":[{\"@type\":\"SearchAction\",\"target\":{\"@type\":\"EntryPoint\",\"urlTemplate\":\"https:\/\/arteeluoghi.it\/?s={search_term_string}\"},\"query-input\":\"required name=search_term_string\"}],\"inLanguage\":\"it-IT\"},{\"@type\":\"ImageObject\",\"@id\":\"https:\/\/arteeluoghi.it\/index.php\/2011\/10\/30\/popoli\/#primaryimage\",\"inLanguage\":\"it-IT\",\"url\":\"http:\/\/1.bp.blogspot.com\/-zvHENU4FNmw\/Tp2eBrbU5dI\/AAAAAAAAAL8\/pNrNYthyuLE\/s1600\/20%2529+antichi+popoli+del+mediterraneo.jpg\",\"contentUrl\":\"http:\/\/1.bp.blogspot.com\/-zvHENU4FNmw\/Tp2eBrbU5dI\/AAAAAAAAAL8\/pNrNYthyuLE\/s1600\/20%2529+antichi+popoli+del+mediterraneo.jpg\"},{\"@type\":\"WebPage\",\"@id\":\"https:\/\/arteeluoghi.it\/index.php\/2011\/10\/30\/popoli\/#webpage\",\"url\":\"https:\/\/arteeluoghi.it\/index.php\/2011\/10\/30\/popoli\/\",\"name\":\"Popoli del mediterraneo | Arte e Luoghi\",\"isPartOf\":{\"@id\":\"https:\/\/arteeluoghi.it\/#website\"},\"primaryImageOfPage\":{\"@id\":\"https:\/\/arteeluoghi.it\/index.php\/2011\/10\/30\/popoli\/#primaryimage\"},\"datePublished\":\"2011-10-30T16:09:18+00:00\",\"dateModified\":\"2011-10-30T16:09:18+00:00\",\"breadcrumb\":{\"@id\":\"https:\/\/arteeluoghi.it\/index.php\/2011\/10\/30\/popoli\/#breadcrumb\"},\"inLanguage\":\"it-IT\",\"potentialAction\":[{\"@type\":\"ReadAction\",\"target\":[\"https:\/\/arteeluoghi.it\/index.php\/2011\/10\/30\/popoli\/\"]}]},{\"@type\":\"BreadcrumbList\",\"@id\":\"https:\/\/arteeluoghi.it\/index.php\/2011\/10\/30\/popoli\/#breadcrumb\",\"itemListElement\":[{\"@type\":\"ListItem\",\"position\":1,\"name\":\"Home\",\"item\":\"https:\/\/arteeluoghi.it\/\"},{\"@type\":\"ListItem\",\"position\":2,\"name\":\"Popoli del mediterraneo\"}]},{\"@type\":\"Article\",\"@id\":\"https:\/\/arteeluoghi.it\/index.php\/2011\/10\/30\/popoli\/#article\",\"isPartOf\":{\"@id\":\"https:\/\/arteeluoghi.it\/index.php\/2011\/10\/30\/popoli\/#webpage\"},\"author\":{\"@id\":\"https:\/\/arteeluoghi.it\/#\/schema\/person\/f84e814e36e91e01448ee07eaadd41d4\"},\"headline\":\"Popoli del mediterraneo\",\"datePublished\":\"2011-10-30T16:09:18+00:00\",\"dateModified\":\"2011-10-30T16:09:18+00:00\",\"mainEntityOfPage\":{\"@id\":\"https:\/\/arteeluoghi.it\/index.php\/2011\/10\/30\/popoli\/#webpage\"},\"wordCount\":574,\"commentCount\":0,\"publisher\":{\"@id\":\"https:\/\/arteeluoghi.it\/#organization\"},\"image\":{\"@id\":\"https:\/\/arteeluoghi.it\/index.php\/2011\/10\/30\/popoli\/#primaryimage\"},\"thumbnailUrl\":\"http:\/\/1.bp.blogspot.com\/-zvHENU4FNmw\/Tp2eBrbU5dI\/AAAAAAAAAL8\/pNrNYthyuLE\/s1600\/20%2529+antichi+popoli+del+mediterraneo.jpg\",\"articleSection\":[\"LIBRI\"],\"inLanguage\":\"it-IT\",\"potentialAction\":[{\"@type\":\"CommentAction\",\"name\":\"Comment\",\"target\":[\"https:\/\/arteeluoghi.it\/index.php\/2011\/10\/30\/popoli\/#respond\"]}]},{\"@type\":\"Person\",\"@id\":\"https:\/\/arteeluoghi.it\/#\/schema\/person\/f84e814e36e91e01448ee07eaadd41d4\",\"name\":\"Staff\",\"image\":{\"@type\":\"ImageObject\",\"@id\":\"https:\/\/arteeluoghi.it\/#personlogo\",\"inLanguage\":\"it-IT\",\"url\":\"https:\/\/secure.gravatar.com\/avatar\/49d2f9e46271bb04e19cebfaf141313a?s=96&d=blank&r=g\",\"contentUrl\":\"https:\/\/secure.gravatar.com\/avatar\/49d2f9e46271bb04e19cebfaf141313a?s=96&d=blank&r=g\",\"caption\":\"Staff\"}}]}<\/script>\n<!-- \/ Yoast SEO plugin. -->","yoast_head_json":{"title":"Popoli del mediterraneo | Arte e Luoghi","robots":{"index":"index","follow":"follow","max-snippet":"max-snippet:-1","max-image-preview":"max-image-preview:large","max-video-preview":"max-video-preview:-1"},"canonical":"https:\/\/arteeluoghi.it\/index.php\/2011\/10\/30\/popoli\/","og_locale":"it_IT","og_type":"article","og_title":"Popoli del mediterraneo | Arte e Luoghi","og_description":"Antichi Popoli Pierluigi Montalbano, Antichi popoli del Mediterraneo. Pelasgi, Minoici, Haou Nebout, Micenei, Kepthiou, Egizi, Hyksos, Filistei, Sherden, Capone Editore","og_url":"https:\/\/arteeluoghi.it\/index.php\/2011\/10\/30\/popoli\/","og_site_name":"Arte e Luoghi","article_publisher":"https:\/\/www.facebook.com\/ArteELuoghi\/","article_published_time":"2011-10-30T16:09:18+00:00","og_image":[{"url":"http:\/\/1.bp.blogspot.com\/-zvHENU4FNmw\/Tp2eBrbU5dI\/AAAAAAAAAL8\/pNrNYthyuLE\/s1600\/20%2529+antichi+popoli+del+mediterraneo.jpg"}],"twitter_card":"summary","twitter_creator":"@arteeluoghi","twitter_site":"@arteeluoghi","twitter_misc":{"Scritto da":"Staff","Tempo di lettura stimato":"3 minuti"},"schema":{"@context":"https:\/\/schema.org","@graph":[{"@type":"Organization","@id":"https:\/\/arteeluoghi.it\/#organization","name":"Arte e Luoghi","url":"https:\/\/arteeluoghi.it\/","sameAs":["https:\/\/www.facebook.com\/ArteELuoghi\/","https:\/\/www.instagram.com\/arteeluoghi\/?hl=it","https:\/\/www.youtube.com\/channel\/UCuRVc4JW4-C5sg9rQB-srkw?view_as=subscriber","https:\/\/twitter.com\/arteeluoghi"],"logo":{"@type":"ImageObject","@id":"https:\/\/arteeluoghi.it\/#logo","inLanguage":"it-IT","url":"https:\/\/arteeluoghi.it\/wp-content\/uploads\/2018\/08\/logoinstagramarte.jpg","contentUrl":"https:\/\/arteeluoghi.it\/wp-content\/uploads\/2018\/08\/logoinstagramarte.jpg","width":150,"height":150,"caption":"Arte e Luoghi"},"image":{"@id":"https:\/\/arteeluoghi.it\/#logo"}},{"@type":"WebSite","@id":"https:\/\/arteeluoghi.it\/#website","url":"https:\/\/arteeluoghi.it\/","name":"Arte e Luoghi","description":"Mensile di arte, cultura, turismo e curiosit\u00e0","publisher":{"@id":"https:\/\/arteeluoghi.it\/#organization"},"potentialAction":[{"@type":"SearchAction","target":{"@type":"EntryPoint","urlTemplate":"https:\/\/arteeluoghi.it\/?s={search_term_string}"},"query-input":"required name=search_term_string"}],"inLanguage":"it-IT"},{"@type":"ImageObject","@id":"https:\/\/arteeluoghi.it\/index.php\/2011\/10\/30\/popoli\/#primaryimage","inLanguage":"it-IT","url":"http:\/\/1.bp.blogspot.com\/-zvHENU4FNmw\/Tp2eBrbU5dI\/AAAAAAAAAL8\/pNrNYthyuLE\/s1600\/20%2529+antichi+popoli+del+mediterraneo.jpg","contentUrl":"http:\/\/1.bp.blogspot.com\/-zvHENU4FNmw\/Tp2eBrbU5dI\/AAAAAAAAAL8\/pNrNYthyuLE\/s1600\/20%2529+antichi+popoli+del+mediterraneo.jpg"},{"@type":"WebPage","@id":"https:\/\/arteeluoghi.it\/index.php\/2011\/10\/30\/popoli\/#webpage","url":"https:\/\/arteeluoghi.it\/index.php\/2011\/10\/30\/popoli\/","name":"Popoli del mediterraneo | Arte e Luoghi","isPartOf":{"@id":"https:\/\/arteeluoghi.it\/#website"},"primaryImageOfPage":{"@id":"https:\/\/arteeluoghi.it\/index.php\/2011\/10\/30\/popoli\/#primaryimage"},"datePublished":"2011-10-30T16:09:18+00:00","dateModified":"2011-10-30T16:09:18+00:00","breadcrumb":{"@id":"https:\/\/arteeluoghi.it\/index.php\/2011\/10\/30\/popoli\/#breadcrumb"},"inLanguage":"it-IT","potentialAction":[{"@type":"ReadAction","target":["https:\/\/arteeluoghi.it\/index.php\/2011\/10\/30\/popoli\/"]}]},{"@type":"BreadcrumbList","@id":"https:\/\/arteeluoghi.it\/index.php\/2011\/10\/30\/popoli\/#breadcrumb","itemListElement":[{"@type":"ListItem","position":1,"name":"Home","item":"https:\/\/arteeluoghi.it\/"},{"@type":"ListItem","position":2,"name":"Popoli del mediterraneo"}]},{"@type":"Article","@id":"https:\/\/arteeluoghi.it\/index.php\/2011\/10\/30\/popoli\/#article","isPartOf":{"@id":"https:\/\/arteeluoghi.it\/index.php\/2011\/10\/30\/popoli\/#webpage"},"author":{"@id":"https:\/\/arteeluoghi.it\/#\/schema\/person\/f84e814e36e91e01448ee07eaadd41d4"},"headline":"Popoli del mediterraneo","datePublished":"2011-10-30T16:09:18+00:00","dateModified":"2011-10-30T16:09:18+00:00","mainEntityOfPage":{"@id":"https:\/\/arteeluoghi.it\/index.php\/2011\/10\/30\/popoli\/#webpage"},"wordCount":574,"commentCount":0,"publisher":{"@id":"https:\/\/arteeluoghi.it\/#organization"},"image":{"@id":"https:\/\/arteeluoghi.it\/index.php\/2011\/10\/30\/popoli\/#primaryimage"},"thumbnailUrl":"http:\/\/1.bp.blogspot.com\/-zvHENU4FNmw\/Tp2eBrbU5dI\/AAAAAAAAAL8\/pNrNYthyuLE\/s1600\/20%2529+antichi+popoli+del+mediterraneo.jpg","articleSection":["LIBRI"],"inLanguage":"it-IT","potentialAction":[{"@type":"CommentAction","name":"Comment","target":["https:\/\/arteeluoghi.it\/index.php\/2011\/10\/30\/popoli\/#respond"]}]},{"@type":"Person","@id":"https:\/\/arteeluoghi.it\/#\/schema\/person\/f84e814e36e91e01448ee07eaadd41d4","name":"Staff","image":{"@type":"ImageObject","@id":"https:\/\/arteeluoghi.it\/#personlogo","inLanguage":"it-IT","url":"https:\/\/secure.gravatar.com\/avatar\/49d2f9e46271bb04e19cebfaf141313a?s=96&d=blank&r=g","contentUrl":"https:\/\/secure.gravatar.com\/avatar\/49d2f9e46271bb04e19cebfaf141313a?s=96&d=blank&r=g","caption":"Staff"}}]}},"_links":{"self":[{"href":"https:\/\/arteeluoghi.it\/index.php\/wp-json\/wp\/v2\/posts\/345"}],"collection":[{"href":"https:\/\/arteeluoghi.it\/index.php\/wp-json\/wp\/v2\/posts"}],"about":[{"href":"https:\/\/arteeluoghi.it\/index.php\/wp-json\/wp\/v2\/types\/post"}],"author":[{"embeddable":true,"href":"https:\/\/arteeluoghi.it\/index.php\/wp-json\/wp\/v2\/users\/1"}],"replies":[{"embeddable":true,"href":"https:\/\/arteeluoghi.it\/index.php\/wp-json\/wp\/v2\/comments?post=345"}],"version-history":[{"count":0,"href":"https:\/\/arteeluoghi.it\/index.php\/wp-json\/wp\/v2\/posts\/345\/revisions"}],"wp:attachment":[{"href":"https:\/\/arteeluoghi.it\/index.php\/wp-json\/wp\/v2\/media?parent=345"}],"wp:term":[{"taxonomy":"category","embeddable":true,"href":"https:\/\/arteeluoghi.it\/index.php\/wp-json\/wp\/v2\/categories?post=345"},{"taxonomy":"post_tag","embeddable":true,"href":"https:\/\/arteeluoghi.it\/index.php\/wp-json\/wp\/v2\/tags?post=345"}],"curies":[{"name":"wp","href":"https:\/\/api.w.org\/{rel}","templated":true}]}}