{"id":3695,"date":"2017-09-14T18:05:45","date_gmt":"2017-09-14T16:05:45","guid":{"rendered":"http:\/\/arteeluoghi.it\/?p=3695"},"modified":"2017-09-20T18:11:16","modified_gmt":"2017-09-20T16:11:16","slug":"liceo-palmieri-gli-auguri-del-dirigente-alla-comunita-scolastica","status":"publish","type":"post","link":"https:\/\/arteeluoghi.it\/index.php\/2017\/09\/14\/liceo-palmieri-gli-auguri-del-dirigente-alla-comunita-scolastica\/","title":{"rendered":"Liceo Palmieri, gli auguri del dirigente alla comunit\u00e0 scolastica"},"content":{"rendered":"<p>Loredana Di Cuonzo dirigente del Liceo Classico e Musicale &#8220;Giuseppe Palmeri&#8221; augura agli studenti un buon inizio d&#8217;anno scolastico e annuncia le novit\u00e0. Il video \u00e8 stato realizzato nell&#8217;ambito del programma di attivit\u00e0 Alternanza Scuola Lavoro svolto in collaborazione con la redazione della rivista Arte e Luoghi.<\/p>\n<p>&nbsp;<\/p>\n<p><iframe loading=\"lazy\" width=\"800\" height=\"450\" src=\"https:\/\/www.youtube.com\/embed\/EKqEjhVbd7I?feature=oembed\" frameborder=\"0\" allowfullscreen><\/iframe><\/p>\n<p>&nbsp;<\/p>\n","protected":false},"excerpt":{"rendered":"<p>Loredana Di Cuonzo dirigente del Liceo Classico e Musicale &#8220;Giuseppe Palmeri&#8221; augura agli studenti un buon inizio d&#8217;anno scolastico e<\/p>\n","protected":false},"author":1,"featured_media":2812,"comment_status":"open","ping_status":"open","sticky":false,"template":"","format":"standard","meta":[],"categories":[242],"tags":[246,247],"yoast_head":"<!-- This site is optimized with the Yoast SEO plugin v18.0 - https:\/\/yoast.com\/wordpress\/plugins\/seo\/ -->\n<title>Liceo Palmieri, gli auguri del dirigente alla comunit\u00e0 scolastica | Arte e Luoghi<\/title>\n<meta name=\"robots\" content=\"index, follow, max-snippet:-1, max-image-preview:large, max-video-preview:-1\" \/>\n<link rel=\"canonical\" href=\"https:\/\/arteeluoghi.it\/index.php\/2017\/09\/14\/liceo-palmieri-gli-auguri-del-dirigente-alla-comunita-scolastica\/\" \/>\n<meta property=\"og:locale\" content=\"it_IT\" \/>\n<meta property=\"og:type\" content=\"article\" \/>\n<meta property=\"og:title\" content=\"Liceo Palmieri, gli auguri del dirigente alla comunit\u00e0 scolastica | Arte e Luoghi\" \/>\n<meta property=\"og:description\" content=\"Loredana Di Cuonzo dirigente del Liceo Classico e Musicale &#8220;Giuseppe Palmeri&#8221; augura agli studenti un buon inizio d&#8217;anno scolastico e\" \/>\n<meta property=\"og:url\" content=\"https:\/\/arteeluoghi.it\/index.php\/2017\/09\/14\/liceo-palmieri-gli-auguri-del-dirigente-alla-comunita-scolastica\/\" \/>\n<meta property=\"og:site_name\" content=\"Arte e Luoghi\" \/>\n<meta property=\"article:publisher\" content=\"https:\/\/www.facebook.com\/ArteELuoghi\/\" \/>\n<meta property=\"article:published_time\" content=\"2017-09-14T16:05:45+00:00\" \/>\n<meta property=\"article:modified_time\" content=\"2017-09-20T16:11:16+00:00\" \/>\n<meta property=\"og:image\" content=\"https:\/\/arteeluoghi.it\/wp-content\/uploads\/2017\/08\/cropped-logo.png\" \/>\n\t<meta property=\"og:image:width\" content=\"512\" \/>\n\t<meta property=\"og:image:height\" content=\"512\" \/>\n\t<meta property=\"og:image:type\" content=\"image\/png\" \/>\n<meta name=\"twitter:card\" content=\"summary\" \/>\n<meta name=\"twitter:creator\" content=\"@arteeluoghi\" \/>\n<meta name=\"twitter:site\" content=\"@arteeluoghi\" \/>\n<meta name=\"twitter:label1\" content=\"Scritto da\" \/>\n\t<meta name=\"twitter:data1\" content=\"Staff\" \/>\n<script type=\"application\/ld+json\" class=\"yoast-schema-graph\">{\"@context\":\"https:\/\/schema.org\",\"@graph\":[{\"@type\":\"Organization\",\"@id\":\"https:\/\/arteeluoghi.it\/#organization\",\"name\":\"Arte e Luoghi\",\"url\":\"https:\/\/arteeluoghi.it\/\",\"sameAs\":[\"https:\/\/www.facebook.com\/ArteELuoghi\/\",\"https:\/\/www.instagram.com\/arteeluoghi\/?hl=it\",\"https:\/\/www.youtube.com\/channel\/UCuRVc4JW4-C5sg9rQB-srkw?view_as=subscriber\",\"https:\/\/twitter.com\/arteeluoghi\"],\"logo\":{\"@type\":\"ImageObject\",\"@id\":\"https:\/\/arteeluoghi.it\/#logo\",\"inLanguage\":\"it-IT\",\"url\":\"https:\/\/arteeluoghi.it\/wp-content\/uploads\/2018\/08\/logoinstagramarte.jpg\",\"contentUrl\":\"https:\/\/arteeluoghi.it\/wp-content\/uploads\/2018\/08\/logoinstagramarte.jpg\",\"width\":150,\"height\":150,\"caption\":\"Arte e Luoghi\"},\"image\":{\"@id\":\"https:\/\/arteeluoghi.it\/#logo\"}},{\"@type\":\"WebSite\",\"@id\":\"https:\/\/arteeluoghi.it\/#website\",\"url\":\"https:\/\/arteeluoghi.it\/\",\"name\":\"Arte e Luoghi\",\"description\":\"Mensile di arte, cultura, turismo e curiosit\u00e0\",\"publisher\":{\"@id\":\"https:\/\/arteeluoghi.it\/#organization\"},\"potentialAction\":[{\"@type\":\"SearchAction\",\"target\":{\"@type\":\"EntryPoint\",\"urlTemplate\":\"https:\/\/arteeluoghi.it\/?s={search_term_string}\"},\"query-input\":\"required name=search_term_string\"}],\"inLanguage\":\"it-IT\"},{\"@type\":\"ImageObject\",\"@id\":\"https:\/\/arteeluoghi.it\/index.php\/2017\/09\/14\/liceo-palmieri-gli-auguri-del-dirigente-alla-comunita-scolastica\/#primaryimage\",\"inLanguage\":\"it-IT\",\"url\":\"https:\/\/arteeluoghi.it\/wp-content\/uploads\/2017\/08\/cropped-logo.png\",\"contentUrl\":\"https:\/\/arteeluoghi.it\/wp-content\/uploads\/2017\/08\/cropped-logo.png\",\"width\":512,\"height\":512},{\"@type\":\"WebPage\",\"@id\":\"https:\/\/arteeluoghi.it\/index.php\/2017\/09\/14\/liceo-palmieri-gli-auguri-del-dirigente-alla-comunita-scolastica\/#webpage\",\"url\":\"https:\/\/arteeluoghi.it\/index.php\/2017\/09\/14\/liceo-palmieri-gli-auguri-del-dirigente-alla-comunita-scolastica\/\",\"name\":\"Liceo Palmieri, gli auguri del dirigente alla comunit\u00e0 scolastica | Arte e Luoghi\",\"isPartOf\":{\"@id\":\"https:\/\/arteeluoghi.it\/#website\"},\"primaryImageOfPage\":{\"@id\":\"https:\/\/arteeluoghi.it\/index.php\/2017\/09\/14\/liceo-palmieri-gli-auguri-del-dirigente-alla-comunita-scolastica\/#primaryimage\"},\"datePublished\":\"2017-09-14T16:05:45+00:00\",\"dateModified\":\"2017-09-20T16:11:16+00:00\",\"breadcrumb\":{\"@id\":\"https:\/\/arteeluoghi.it\/index.php\/2017\/09\/14\/liceo-palmieri-gli-auguri-del-dirigente-alla-comunita-scolastica\/#breadcrumb\"},\"inLanguage\":\"it-IT\",\"potentialAction\":[{\"@type\":\"ReadAction\",\"target\":[\"https:\/\/arteeluoghi.it\/index.php\/2017\/09\/14\/liceo-palmieri-gli-auguri-del-dirigente-alla-comunita-scolastica\/\"]}]},{\"@type\":\"BreadcrumbList\",\"@id\":\"https:\/\/arteeluoghi.it\/index.php\/2017\/09\/14\/liceo-palmieri-gli-auguri-del-dirigente-alla-comunita-scolastica\/#breadcrumb\",\"itemListElement\":[{\"@type\":\"ListItem\",\"position\":1,\"name\":\"Home\",\"item\":\"https:\/\/arteeluoghi.it\/\"},{\"@type\":\"ListItem\",\"position\":2,\"name\":\"Liceo Palmieri, gli auguri del dirigente alla comunit\u00e0 scolastica\"}]},{\"@type\":\"Article\",\"@id\":\"https:\/\/arteeluoghi.it\/index.php\/2017\/09\/14\/liceo-palmieri-gli-auguri-del-dirigente-alla-comunita-scolastica\/#article\",\"isPartOf\":{\"@id\":\"https:\/\/arteeluoghi.it\/index.php\/2017\/09\/14\/liceo-palmieri-gli-auguri-del-dirigente-alla-comunita-scolastica\/#webpage\"},\"author\":{\"@id\":\"https:\/\/arteeluoghi.it\/#\/schema\/person\/f84e814e36e91e01448ee07eaadd41d4\"},\"headline\":\"Liceo Palmieri, gli auguri del dirigente alla comunit\u00e0 scolastica\",\"datePublished\":\"2017-09-14T16:05:45+00:00\",\"dateModified\":\"2017-09-20T16:11:16+00:00\",\"mainEntityOfPage\":{\"@id\":\"https:\/\/arteeluoghi.it\/index.php\/2017\/09\/14\/liceo-palmieri-gli-auguri-del-dirigente-alla-comunita-scolastica\/#webpage\"},\"wordCount\":62,\"commentCount\":0,\"publisher\":{\"@id\":\"https:\/\/arteeluoghi.it\/#organization\"},\"image\":{\"@id\":\"https:\/\/arteeluoghi.it\/index.php\/2017\/09\/14\/liceo-palmieri-gli-auguri-del-dirigente-alla-comunita-scolastica\/#primaryimage\"},\"thumbnailUrl\":\"https:\/\/arteeluoghi.it\/wp-content\/uploads\/2017\/08\/cropped-logo.png\",\"keywords\":[\"Liceo Classico e Musicale G Palmieri\",\"Loredana di Cuonzo\"],\"articleSection\":[\"Arte e Luoghi in 16:9\"],\"inLanguage\":\"it-IT\",\"potentialAction\":[{\"@type\":\"CommentAction\",\"name\":\"Comment\",\"target\":[\"https:\/\/arteeluoghi.it\/index.php\/2017\/09\/14\/liceo-palmieri-gli-auguri-del-dirigente-alla-comunita-scolastica\/#respond\"]}]},{\"@type\":\"Person\",\"@id\":\"https:\/\/arteeluoghi.it\/#\/schema\/person\/f84e814e36e91e01448ee07eaadd41d4\",\"name\":\"Staff\",\"image\":{\"@type\":\"ImageObject\",\"@id\":\"https:\/\/arteeluoghi.it\/#personlogo\",\"inLanguage\":\"it-IT\",\"url\":\"https:\/\/secure.gravatar.com\/avatar\/49d2f9e46271bb04e19cebfaf141313a?s=96&d=blank&r=g\",\"contentUrl\":\"https:\/\/secure.gravatar.com\/avatar\/49d2f9e46271bb04e19cebfaf141313a?s=96&d=blank&r=g\",\"caption\":\"Staff\"}}]}<\/script>\n<!-- \/ Yoast SEO plugin. -->","yoast_head_json":{"title":"Liceo Palmieri, gli auguri del dirigente alla comunit\u00e0 scolastica | Arte e Luoghi","robots":{"index":"index","follow":"follow","max-snippet":"max-snippet:-1","max-image-preview":"max-image-preview:large","max-video-preview":"max-video-preview:-1"},"canonical":"https:\/\/arteeluoghi.it\/index.php\/2017\/09\/14\/liceo-palmieri-gli-auguri-del-dirigente-alla-comunita-scolastica\/","og_locale":"it_IT","og_type":"article","og_title":"Liceo Palmieri, gli auguri del dirigente alla comunit\u00e0 scolastica | Arte e Luoghi","og_description":"Loredana Di Cuonzo dirigente del Liceo Classico e Musicale &#8220;Giuseppe Palmeri&#8221; augura agli studenti un buon inizio d&#8217;anno scolastico e","og_url":"https:\/\/arteeluoghi.it\/index.php\/2017\/09\/14\/liceo-palmieri-gli-auguri-del-dirigente-alla-comunita-scolastica\/","og_site_name":"Arte e Luoghi","article_publisher":"https:\/\/www.facebook.com\/ArteELuoghi\/","article_published_time":"2017-09-14T16:05:45+00:00","article_modified_time":"2017-09-20T16:11:16+00:00","og_image":[{"width":512,"height":512,"url":"https:\/\/arteeluoghi.it\/wp-content\/uploads\/2017\/08\/cropped-logo.png","type":"image\/png"}],"twitter_card":"summary","twitter_creator":"@arteeluoghi","twitter_site":"@arteeluoghi","twitter_misc":{"Scritto da":"Staff"},"schema":{"@context":"https:\/\/schema.org","@graph":[{"@type":"Organization","@id":"https:\/\/arteeluoghi.it\/#organization","name":"Arte e Luoghi","url":"https:\/\/arteeluoghi.it\/","sameAs":["https:\/\/www.facebook.com\/ArteELuoghi\/","https:\/\/www.instagram.com\/arteeluoghi\/?hl=it","https:\/\/www.youtube.com\/channel\/UCuRVc4JW4-C5sg9rQB-srkw?view_as=subscriber","https:\/\/twitter.com\/arteeluoghi"],"logo":{"@type":"ImageObject","@id":"https:\/\/arteeluoghi.it\/#logo","inLanguage":"it-IT","url":"https:\/\/arteeluoghi.it\/wp-content\/uploads\/2018\/08\/logoinstagramarte.jpg","contentUrl":"https:\/\/arteeluoghi.it\/wp-content\/uploads\/2018\/08\/logoinstagramarte.jpg","width":150,"height":150,"caption":"Arte e Luoghi"},"image":{"@id":"https:\/\/arteeluoghi.it\/#logo"}},{"@type":"WebSite","@id":"https:\/\/arteeluoghi.it\/#website","url":"https:\/\/arteeluoghi.it\/","name":"Arte e Luoghi","description":"Mensile di arte, cultura, turismo e curiosit\u00e0","publisher":{"@id":"https:\/\/arteeluoghi.it\/#organization"},"potentialAction":[{"@type":"SearchAction","target":{"@type":"EntryPoint","urlTemplate":"https:\/\/arteeluoghi.it\/?s={search_term_string}"},"query-input":"required name=search_term_string"}],"inLanguage":"it-IT"},{"@type":"ImageObject","@id":"https:\/\/arteeluoghi.it\/index.php\/2017\/09\/14\/liceo-palmieri-gli-auguri-del-dirigente-alla-comunita-scolastica\/#primaryimage","inLanguage":"it-IT","url":"https:\/\/arteeluoghi.it\/wp-content\/uploads\/2017\/08\/cropped-logo.png","contentUrl":"https:\/\/arteeluoghi.it\/wp-content\/uploads\/2017\/08\/cropped-logo.png","width":512,"height":512},{"@type":"WebPage","@id":"https:\/\/arteeluoghi.it\/index.php\/2017\/09\/14\/liceo-palmieri-gli-auguri-del-dirigente-alla-comunita-scolastica\/#webpage","url":"https:\/\/arteeluoghi.it\/index.php\/2017\/09\/14\/liceo-palmieri-gli-auguri-del-dirigente-alla-comunita-scolastica\/","name":"Liceo Palmieri, gli auguri del dirigente alla comunit\u00e0 scolastica | Arte e Luoghi","isPartOf":{"@id":"https:\/\/arteeluoghi.it\/#website"},"primaryImageOfPage":{"@id":"https:\/\/arteeluoghi.it\/index.php\/2017\/09\/14\/liceo-palmieri-gli-auguri-del-dirigente-alla-comunita-scolastica\/#primaryimage"},"datePublished":"2017-09-14T16:05:45+00:00","dateModified":"2017-09-20T16:11:16+00:00","breadcrumb":{"@id":"https:\/\/arteeluoghi.it\/index.php\/2017\/09\/14\/liceo-palmieri-gli-auguri-del-dirigente-alla-comunita-scolastica\/#breadcrumb"},"inLanguage":"it-IT","potentialAction":[{"@type":"ReadAction","target":["https:\/\/arteeluoghi.it\/index.php\/2017\/09\/14\/liceo-palmieri-gli-auguri-del-dirigente-alla-comunita-scolastica\/"]}]},{"@type":"BreadcrumbList","@id":"https:\/\/arteeluoghi.it\/index.php\/2017\/09\/14\/liceo-palmieri-gli-auguri-del-dirigente-alla-comunita-scolastica\/#breadcrumb","itemListElement":[{"@type":"ListItem","position":1,"name":"Home","item":"https:\/\/arteeluoghi.it\/"},{"@type":"ListItem","position":2,"name":"Liceo Palmieri, gli auguri del dirigente alla comunit\u00e0 scolastica"}]},{"@type":"Article","@id":"https:\/\/arteeluoghi.it\/index.php\/2017\/09\/14\/liceo-palmieri-gli-auguri-del-dirigente-alla-comunita-scolastica\/#article","isPartOf":{"@id":"https:\/\/arteeluoghi.it\/index.php\/2017\/09\/14\/liceo-palmieri-gli-auguri-del-dirigente-alla-comunita-scolastica\/#webpage"},"author":{"@id":"https:\/\/arteeluoghi.it\/#\/schema\/person\/f84e814e36e91e01448ee07eaadd41d4"},"headline":"Liceo Palmieri, gli auguri del dirigente alla comunit\u00e0 scolastica","datePublished":"2017-09-14T16:05:45+00:00","dateModified":"2017-09-20T16:11:16+00:00","mainEntityOfPage":{"@id":"https:\/\/arteeluoghi.it\/index.php\/2017\/09\/14\/liceo-palmieri-gli-auguri-del-dirigente-alla-comunita-scolastica\/#webpage"},"wordCount":62,"commentCount":0,"publisher":{"@id":"https:\/\/arteeluoghi.it\/#organization"},"image":{"@id":"https:\/\/arteeluoghi.it\/index.php\/2017\/09\/14\/liceo-palmieri-gli-auguri-del-dirigente-alla-comunita-scolastica\/#primaryimage"},"thumbnailUrl":"https:\/\/arteeluoghi.it\/wp-content\/uploads\/2017\/08\/cropped-logo.png","keywords":["Liceo Classico e Musicale G Palmieri","Loredana di Cuonzo"],"articleSection":["Arte e Luoghi in 16:9"],"inLanguage":"it-IT","potentialAction":[{"@type":"CommentAction","name":"Comment","target":["https:\/\/arteeluoghi.it\/index.php\/2017\/09\/14\/liceo-palmieri-gli-auguri-del-dirigente-alla-comunita-scolastica\/#respond"]}]},{"@type":"Person","@id":"https:\/\/arteeluoghi.it\/#\/schema\/person\/f84e814e36e91e01448ee07eaadd41d4","name":"Staff","image":{"@type":"ImageObject","@id":"https:\/\/arteeluoghi.it\/#personlogo","inLanguage":"it-IT","url":"https:\/\/secure.gravatar.com\/avatar\/49d2f9e46271bb04e19cebfaf141313a?s=96&d=blank&r=g","contentUrl":"https:\/\/secure.gravatar.com\/avatar\/49d2f9e46271bb04e19cebfaf141313a?s=96&d=blank&r=g","caption":"Staff"}}]}},"_links":{"self":[{"href":"https:\/\/arteeluoghi.it\/index.php\/wp-json\/wp\/v2\/posts\/3695"}],"collection":[{"href":"https:\/\/arteeluoghi.it\/index.php\/wp-json\/wp\/v2\/posts"}],"about":[{"href":"https:\/\/arteeluoghi.it\/index.php\/wp-json\/wp\/v2\/types\/post"}],"author":[{"embeddable":true,"href":"https:\/\/arteeluoghi.it\/index.php\/wp-json\/wp\/v2\/users\/1"}],"replies":[{"embeddable":true,"href":"https:\/\/arteeluoghi.it\/index.php\/wp-json\/wp\/v2\/comments?post=3695"}],"version-history":[{"count":1,"href":"https:\/\/arteeluoghi.it\/index.php\/wp-json\/wp\/v2\/posts\/3695\/revisions"}],"predecessor-version":[{"id":3696,"href":"https:\/\/arteeluoghi.it\/index.php\/wp-json\/wp\/v2\/posts\/3695\/revisions\/3696"}],"wp:featuredmedia":[{"embeddable":true,"href":"https:\/\/arteeluoghi.it\/index.php\/wp-json\/wp\/v2\/media\/2812"}],"wp:attachment":[{"href":"https:\/\/arteeluoghi.it\/index.php\/wp-json\/wp\/v2\/media?parent=3695"}],"wp:term":[{"taxonomy":"category","embeddable":true,"href":"https:\/\/arteeluoghi.it\/index.php\/wp-json\/wp\/v2\/categories?post=3695"},{"taxonomy":"post_tag","embeddable":true,"href":"https:\/\/arteeluoghi.it\/index.php\/wp-json\/wp\/v2\/tags?post=3695"}],"curies":[{"name":"wp","href":"https:\/\/api.w.org\/{rel}","templated":true}]}}