{"id":3721,"date":"2017-09-22T11:45:07","date_gmt":"2017-09-22T09:45:07","guid":{"rendered":"http:\/\/arteeluoghi.it\/?p=3721"},"modified":"2017-12-11T10:51:40","modified_gmt":"2017-12-11T09:51:40","slug":"voglie-mancine-di-francesco-rella","status":"publish","type":"post","link":"https:\/\/arteeluoghi.it\/index.php\/2017\/09\/22\/voglie-mancine-di-francesco-rella\/","title":{"rendered":"Voglie mancine di Francesco Rella"},"content":{"rendered":"<p><img loading=\"lazy\" class=\"size-medium wp-image-4132 alignleft\" src=\"https:\/\/arteeluoghi.it\/wp-content\/uploads\/2017\/09\/copRELLApiatto-220x300.jpg\" alt=\"\" width=\"220\" height=\"300\" srcset=\"https:\/\/arteeluoghi.it\/wp-content\/uploads\/2017\/09\/copRELLApiatto-220x300.jpg 220w, https:\/\/arteeluoghi.it\/wp-content\/uploads\/2017\/09\/copRELLApiatto-768x1049.jpg 768w, https:\/\/arteeluoghi.it\/wp-content\/uploads\/2017\/09\/copRELLApiatto-750x1024.jpg 750w, https:\/\/arteeluoghi.it\/wp-content\/uploads\/2017\/09\/copRELLApiatto.jpg 1837w\" sizes=\"(max-width: 220px) 100vw, 220px\" \/>di Eugenio Caretto<\/p>\n<p>Edito da <em>Il Raggio Verde, <\/em>\u201cVoglie mancine\u201d \u00e8 il romanzo d\u2019esordio del giornalista galatinese Francesco Rella, il quale ne ha anche realizzato la sceneggiatura.<\/p>\n<p>Ambientato principalmente fra Roma e il Salento, l\u2019autore racchiude in sole 107 pagine una tipica commedia all\u2019italiana fatta di intrecci familiari, equivoci ed eventi inaspettati: Maurizio, dentista cinquantenne, intraprende una relazione con Valeria che scoprir\u00e0 solo dopo essere amica e compagna di universit\u00e0 del figlio minore Alessio. Un figlio \u00a0con il quale dopo il divorzio dalla moglie, Irene, non ha pi\u00f9 rapporti a causa dell\u2019omosessualit\u00e0 del ragazzo. Da qui in avanti solo risvolti sorprendenti quanto divertenti.<!--more--><\/p>\n<p>Uno dei punti di forza del libro \u00e8 certamente la linearit\u00e0 sintattica e narrativa. Varie scene, apparentemente slegate fra loro, tessono una trama che fa sorridere e invoglia a continuare la lettura che lascia spazio alla riflessione su tematiche sociali quali famiglie allargate, sessualit\u00e0, rapporti extraconiugali.<\/p>\n<p>In una storia nata a causa dell\u2019indole da latin lover di Maurizio, emerge prepotentemente la figura femminile di Irene, un po\u2019 nascosta all\u2019inizio e apparentemente succube dell\u2019ex marito ma che poi si riveler\u00e0 una personalit\u00e0 molto pi\u00f9 forte e l\u2019unica vera presenza decisiva.<\/p>\n<p>Da giornalista qual \u00e8, ma soprattutto appassionato al proprio territorio, Rella \u00e8 accurato nelle descrizioni dei luoghi salentini: Otranto, Torre dell\u2019Orso, Leuca e la Grotta della Poesia appaiono come vere e proprie esaltazioni del paesaggio costiero locale.<\/p>\n","protected":false},"excerpt":{"rendered":"<p>di Eugenio Caretto Edito da Il Raggio Verde, \u201cVoglie mancine\u201d \u00e8 il romanzo d\u2019esordio del giornalista galatinese Francesco Rella, il<\/p>\n","protected":false},"author":1,"featured_media":4132,"comment_status":"open","ping_status":"open","sticky":false,"template":"","format":"standard","meta":[],"categories":[17],"tags":[486,483,485,76,484],"yoast_head":"<!-- This site is optimized with the Yoast SEO plugin v18.0 - https:\/\/yoast.com\/wordpress\/plugins\/seo\/ -->\n<title>Storie di famiglie allargate nel romanzo di Francesco Rella<\/title>\n<meta name=\"description\" content=\"Francesco Rella, Salento, Roma, commedia all&#039;italiana, voglie mancine, tradimenti, passioni, omosessualit\u00e0, famiglia, parenti\" \/>\n<meta name=\"robots\" content=\"index, follow, max-snippet:-1, max-image-preview:large, max-video-preview:-1\" \/>\n<link rel=\"canonical\" href=\"https:\/\/arteeluoghi.it\/index.php\/2017\/09\/22\/voglie-mancine-di-francesco-rella\/\" \/>\n<meta property=\"og:locale\" content=\"it_IT\" \/>\n<meta property=\"og:type\" content=\"article\" \/>\n<meta property=\"og:title\" content=\"Storie di famiglie allargate nel romanzo di Francesco Rella\" \/>\n<meta property=\"og:description\" content=\"Francesco Rella, Salento, Roma, commedia all&#039;italiana, voglie mancine, tradimenti, passioni, omosessualit\u00e0, famiglia, parenti\" \/>\n<meta property=\"og:url\" content=\"https:\/\/arteeluoghi.it\/index.php\/2017\/09\/22\/voglie-mancine-di-francesco-rella\/\" \/>\n<meta property=\"og:site_name\" content=\"Arte e Luoghi\" \/>\n<meta property=\"article:publisher\" content=\"https:\/\/www.facebook.com\/ArteELuoghi\/\" \/>\n<meta property=\"article:published_time\" content=\"2017-09-22T09:45:07+00:00\" \/>\n<meta property=\"article:modified_time\" content=\"2017-12-11T09:51:40+00:00\" \/>\n<meta property=\"og:image\" content=\"https:\/\/arteeluoghi.it\/wp-content\/uploads\/2017\/09\/copRELLApiatto.jpg\" \/>\n\t<meta property=\"og:image:width\" content=\"1837\" \/>\n\t<meta property=\"og:image:height\" content=\"2508\" \/>\n\t<meta property=\"og:image:type\" content=\"image\/jpeg\" \/>\n<meta name=\"twitter:card\" content=\"summary\" \/>\n<meta name=\"twitter:creator\" content=\"@arteeluoghi\" \/>\n<meta name=\"twitter:site\" content=\"@arteeluoghi\" \/>\n<meta name=\"twitter:label1\" content=\"Scritto da\" \/>\n\t<meta name=\"twitter:data1\" content=\"Staff\" \/>\n\t<meta name=\"twitter:label2\" content=\"Tempo di lettura stimato\" \/>\n\t<meta name=\"twitter:data2\" content=\"1 minuto\" \/>\n<script type=\"application\/ld+json\" class=\"yoast-schema-graph\">{\"@context\":\"https:\/\/schema.org\",\"@graph\":[{\"@type\":\"Organization\",\"@id\":\"https:\/\/arteeluoghi.it\/#organization\",\"name\":\"Arte e Luoghi\",\"url\":\"https:\/\/arteeluoghi.it\/\",\"sameAs\":[\"https:\/\/www.facebook.com\/ArteELuoghi\/\",\"https:\/\/www.instagram.com\/arteeluoghi\/?hl=it\",\"https:\/\/www.youtube.com\/channel\/UCuRVc4JW4-C5sg9rQB-srkw?view_as=subscriber\",\"https:\/\/twitter.com\/arteeluoghi\"],\"logo\":{\"@type\":\"ImageObject\",\"@id\":\"https:\/\/arteeluoghi.it\/#logo\",\"inLanguage\":\"it-IT\",\"url\":\"https:\/\/arteeluoghi.it\/wp-content\/uploads\/2018\/08\/logoinstagramarte.jpg\",\"contentUrl\":\"https:\/\/arteeluoghi.it\/wp-content\/uploads\/2018\/08\/logoinstagramarte.jpg\",\"width\":150,\"height\":150,\"caption\":\"Arte e Luoghi\"},\"image\":{\"@id\":\"https:\/\/arteeluoghi.it\/#logo\"}},{\"@type\":\"WebSite\",\"@id\":\"https:\/\/arteeluoghi.it\/#website\",\"url\":\"https:\/\/arteeluoghi.it\/\",\"name\":\"Arte e Luoghi\",\"description\":\"Mensile di arte, cultura, turismo e curiosit\u00e0\",\"publisher\":{\"@id\":\"https:\/\/arteeluoghi.it\/#organization\"},\"potentialAction\":[{\"@type\":\"SearchAction\",\"target\":{\"@type\":\"EntryPoint\",\"urlTemplate\":\"https:\/\/arteeluoghi.it\/?s={search_term_string}\"},\"query-input\":\"required name=search_term_string\"}],\"inLanguage\":\"it-IT\"},{\"@type\":\"ImageObject\",\"@id\":\"https:\/\/arteeluoghi.it\/index.php\/2017\/09\/22\/voglie-mancine-di-francesco-rella\/#primaryimage\",\"inLanguage\":\"it-IT\",\"url\":\"https:\/\/arteeluoghi.it\/wp-content\/uploads\/2017\/09\/copRELLApiatto.jpg\",\"contentUrl\":\"https:\/\/arteeluoghi.it\/wp-content\/uploads\/2017\/09\/copRELLApiatto.jpg\",\"width\":1837,\"height\":2508},{\"@type\":\"WebPage\",\"@id\":\"https:\/\/arteeluoghi.it\/index.php\/2017\/09\/22\/voglie-mancine-di-francesco-rella\/#webpage\",\"url\":\"https:\/\/arteeluoghi.it\/index.php\/2017\/09\/22\/voglie-mancine-di-francesco-rella\/\",\"name\":\"Storie di famiglie allargate nel romanzo di Francesco Rella\",\"isPartOf\":{\"@id\":\"https:\/\/arteeluoghi.it\/#website\"},\"primaryImageOfPage\":{\"@id\":\"https:\/\/arteeluoghi.it\/index.php\/2017\/09\/22\/voglie-mancine-di-francesco-rella\/#primaryimage\"},\"datePublished\":\"2017-09-22T09:45:07+00:00\",\"dateModified\":\"2017-12-11T09:51:40+00:00\",\"description\":\"Francesco Rella, Salento, Roma, commedia all'italiana, voglie mancine, tradimenti, passioni, omosessualit\u00e0, famiglia, parenti\",\"breadcrumb\":{\"@id\":\"https:\/\/arteeluoghi.it\/index.php\/2017\/09\/22\/voglie-mancine-di-francesco-rella\/#breadcrumb\"},\"inLanguage\":\"it-IT\",\"potentialAction\":[{\"@type\":\"ReadAction\",\"target\":[\"https:\/\/arteeluoghi.it\/index.php\/2017\/09\/22\/voglie-mancine-di-francesco-rella\/\"]}]},{\"@type\":\"BreadcrumbList\",\"@id\":\"https:\/\/arteeluoghi.it\/index.php\/2017\/09\/22\/voglie-mancine-di-francesco-rella\/#breadcrumb\",\"itemListElement\":[{\"@type\":\"ListItem\",\"position\":1,\"name\":\"Home\",\"item\":\"https:\/\/arteeluoghi.it\/\"},{\"@type\":\"ListItem\",\"position\":2,\"name\":\"Voglie mancine di Francesco Rella\"}]},{\"@type\":\"Article\",\"@id\":\"https:\/\/arteeluoghi.it\/index.php\/2017\/09\/22\/voglie-mancine-di-francesco-rella\/#article\",\"isPartOf\":{\"@id\":\"https:\/\/arteeluoghi.it\/index.php\/2017\/09\/22\/voglie-mancine-di-francesco-rella\/#webpage\"},\"author\":{\"@id\":\"https:\/\/arteeluoghi.it\/#\/schema\/person\/f84e814e36e91e01448ee07eaadd41d4\"},\"headline\":\"Voglie mancine di Francesco Rella\",\"datePublished\":\"2017-09-22T09:45:07+00:00\",\"dateModified\":\"2017-12-11T09:51:40+00:00\",\"mainEntityOfPage\":{\"@id\":\"https:\/\/arteeluoghi.it\/index.php\/2017\/09\/22\/voglie-mancine-di-francesco-rella\/#webpage\"},\"wordCount\":238,\"commentCount\":0,\"publisher\":{\"@id\":\"https:\/\/arteeluoghi.it\/#organization\"},\"image\":{\"@id\":\"https:\/\/arteeluoghi.it\/index.php\/2017\/09\/22\/voglie-mancine-di-francesco-rella\/#primaryimage\"},\"thumbnailUrl\":\"https:\/\/arteeluoghi.it\/wp-content\/uploads\/2017\/09\/copRELLApiatto.jpg\",\"keywords\":[\"comedia all'italiana\",\"Francesco Rella\",\"Roma\",\"Salento\",\"voglie mancine\"],\"articleSection\":[\"LIBRI\"],\"inLanguage\":\"it-IT\",\"potentialAction\":[{\"@type\":\"CommentAction\",\"name\":\"Comment\",\"target\":[\"https:\/\/arteeluoghi.it\/index.php\/2017\/09\/22\/voglie-mancine-di-francesco-rella\/#respond\"]}]},{\"@type\":\"Person\",\"@id\":\"https:\/\/arteeluoghi.it\/#\/schema\/person\/f84e814e36e91e01448ee07eaadd41d4\",\"name\":\"Staff\",\"image\":{\"@type\":\"ImageObject\",\"@id\":\"https:\/\/arteeluoghi.it\/#personlogo\",\"inLanguage\":\"it-IT\",\"url\":\"https:\/\/secure.gravatar.com\/avatar\/49d2f9e46271bb04e19cebfaf141313a?s=96&d=blank&r=g\",\"contentUrl\":\"https:\/\/secure.gravatar.com\/avatar\/49d2f9e46271bb04e19cebfaf141313a?s=96&d=blank&r=g\",\"caption\":\"Staff\"}}]}<\/script>\n<!-- \/ Yoast SEO plugin. -->","yoast_head_json":{"title":"Storie di famiglie allargate nel romanzo di Francesco Rella","description":"Francesco Rella, Salento, Roma, commedia all'italiana, voglie mancine, tradimenti, passioni, omosessualit\u00e0, famiglia, parenti","robots":{"index":"index","follow":"follow","max-snippet":"max-snippet:-1","max-image-preview":"max-image-preview:large","max-video-preview":"max-video-preview:-1"},"canonical":"https:\/\/arteeluoghi.it\/index.php\/2017\/09\/22\/voglie-mancine-di-francesco-rella\/","og_locale":"it_IT","og_type":"article","og_title":"Storie di famiglie allargate nel romanzo di Francesco Rella","og_description":"Francesco Rella, Salento, Roma, commedia all'italiana, voglie mancine, tradimenti, passioni, omosessualit\u00e0, famiglia, parenti","og_url":"https:\/\/arteeluoghi.it\/index.php\/2017\/09\/22\/voglie-mancine-di-francesco-rella\/","og_site_name":"Arte e Luoghi","article_publisher":"https:\/\/www.facebook.com\/ArteELuoghi\/","article_published_time":"2017-09-22T09:45:07+00:00","article_modified_time":"2017-12-11T09:51:40+00:00","og_image":[{"width":1837,"height":2508,"url":"https:\/\/arteeluoghi.it\/wp-content\/uploads\/2017\/09\/copRELLApiatto.jpg","type":"image\/jpeg"}],"twitter_card":"summary","twitter_creator":"@arteeluoghi","twitter_site":"@arteeluoghi","twitter_misc":{"Scritto da":"Staff","Tempo di lettura stimato":"1 minuto"},"schema":{"@context":"https:\/\/schema.org","@graph":[{"@type":"Organization","@id":"https:\/\/arteeluoghi.it\/#organization","name":"Arte e Luoghi","url":"https:\/\/arteeluoghi.it\/","sameAs":["https:\/\/www.facebook.com\/ArteELuoghi\/","https:\/\/www.instagram.com\/arteeluoghi\/?hl=it","https:\/\/www.youtube.com\/channel\/UCuRVc4JW4-C5sg9rQB-srkw?view_as=subscriber","https:\/\/twitter.com\/arteeluoghi"],"logo":{"@type":"ImageObject","@id":"https:\/\/arteeluoghi.it\/#logo","inLanguage":"it-IT","url":"https:\/\/arteeluoghi.it\/wp-content\/uploads\/2018\/08\/logoinstagramarte.jpg","contentUrl":"https:\/\/arteeluoghi.it\/wp-content\/uploads\/2018\/08\/logoinstagramarte.jpg","width":150,"height":150,"caption":"Arte e Luoghi"},"image":{"@id":"https:\/\/arteeluoghi.it\/#logo"}},{"@type":"WebSite","@id":"https:\/\/arteeluoghi.it\/#website","url":"https:\/\/arteeluoghi.it\/","name":"Arte e Luoghi","description":"Mensile di arte, cultura, turismo e curiosit\u00e0","publisher":{"@id":"https:\/\/arteeluoghi.it\/#organization"},"potentialAction":[{"@type":"SearchAction","target":{"@type":"EntryPoint","urlTemplate":"https:\/\/arteeluoghi.it\/?s={search_term_string}"},"query-input":"required name=search_term_string"}],"inLanguage":"it-IT"},{"@type":"ImageObject","@id":"https:\/\/arteeluoghi.it\/index.php\/2017\/09\/22\/voglie-mancine-di-francesco-rella\/#primaryimage","inLanguage":"it-IT","url":"https:\/\/arteeluoghi.it\/wp-content\/uploads\/2017\/09\/copRELLApiatto.jpg","contentUrl":"https:\/\/arteeluoghi.it\/wp-content\/uploads\/2017\/09\/copRELLApiatto.jpg","width":1837,"height":2508},{"@type":"WebPage","@id":"https:\/\/arteeluoghi.it\/index.php\/2017\/09\/22\/voglie-mancine-di-francesco-rella\/#webpage","url":"https:\/\/arteeluoghi.it\/index.php\/2017\/09\/22\/voglie-mancine-di-francesco-rella\/","name":"Storie di famiglie allargate nel romanzo di Francesco Rella","isPartOf":{"@id":"https:\/\/arteeluoghi.it\/#website"},"primaryImageOfPage":{"@id":"https:\/\/arteeluoghi.it\/index.php\/2017\/09\/22\/voglie-mancine-di-francesco-rella\/#primaryimage"},"datePublished":"2017-09-22T09:45:07+00:00","dateModified":"2017-12-11T09:51:40+00:00","description":"Francesco Rella, Salento, Roma, commedia all'italiana, voglie mancine, tradimenti, passioni, omosessualit\u00e0, famiglia, parenti","breadcrumb":{"@id":"https:\/\/arteeluoghi.it\/index.php\/2017\/09\/22\/voglie-mancine-di-francesco-rella\/#breadcrumb"},"inLanguage":"it-IT","potentialAction":[{"@type":"ReadAction","target":["https:\/\/arteeluoghi.it\/index.php\/2017\/09\/22\/voglie-mancine-di-francesco-rella\/"]}]},{"@type":"BreadcrumbList","@id":"https:\/\/arteeluoghi.it\/index.php\/2017\/09\/22\/voglie-mancine-di-francesco-rella\/#breadcrumb","itemListElement":[{"@type":"ListItem","position":1,"name":"Home","item":"https:\/\/arteeluoghi.it\/"},{"@type":"ListItem","position":2,"name":"Voglie mancine di Francesco Rella"}]},{"@type":"Article","@id":"https:\/\/arteeluoghi.it\/index.php\/2017\/09\/22\/voglie-mancine-di-francesco-rella\/#article","isPartOf":{"@id":"https:\/\/arteeluoghi.it\/index.php\/2017\/09\/22\/voglie-mancine-di-francesco-rella\/#webpage"},"author":{"@id":"https:\/\/arteeluoghi.it\/#\/schema\/person\/f84e814e36e91e01448ee07eaadd41d4"},"headline":"Voglie mancine di Francesco Rella","datePublished":"2017-09-22T09:45:07+00:00","dateModified":"2017-12-11T09:51:40+00:00","mainEntityOfPage":{"@id":"https:\/\/arteeluoghi.it\/index.php\/2017\/09\/22\/voglie-mancine-di-francesco-rella\/#webpage"},"wordCount":238,"commentCount":0,"publisher":{"@id":"https:\/\/arteeluoghi.it\/#organization"},"image":{"@id":"https:\/\/arteeluoghi.it\/index.php\/2017\/09\/22\/voglie-mancine-di-francesco-rella\/#primaryimage"},"thumbnailUrl":"https:\/\/arteeluoghi.it\/wp-content\/uploads\/2017\/09\/copRELLApiatto.jpg","keywords":["comedia all'italiana","Francesco Rella","Roma","Salento","voglie mancine"],"articleSection":["LIBRI"],"inLanguage":"it-IT","potentialAction":[{"@type":"CommentAction","name":"Comment","target":["https:\/\/arteeluoghi.it\/index.php\/2017\/09\/22\/voglie-mancine-di-francesco-rella\/#respond"]}]},{"@type":"Person","@id":"https:\/\/arteeluoghi.it\/#\/schema\/person\/f84e814e36e91e01448ee07eaadd41d4","name":"Staff","image":{"@type":"ImageObject","@id":"https:\/\/arteeluoghi.it\/#personlogo","inLanguage":"it-IT","url":"https:\/\/secure.gravatar.com\/avatar\/49d2f9e46271bb04e19cebfaf141313a?s=96&d=blank&r=g","contentUrl":"https:\/\/secure.gravatar.com\/avatar\/49d2f9e46271bb04e19cebfaf141313a?s=96&d=blank&r=g","caption":"Staff"}}]}},"_links":{"self":[{"href":"https:\/\/arteeluoghi.it\/index.php\/wp-json\/wp\/v2\/posts\/3721"}],"collection":[{"href":"https:\/\/arteeluoghi.it\/index.php\/wp-json\/wp\/v2\/posts"}],"about":[{"href":"https:\/\/arteeluoghi.it\/index.php\/wp-json\/wp\/v2\/types\/post"}],"author":[{"embeddable":true,"href":"https:\/\/arteeluoghi.it\/index.php\/wp-json\/wp\/v2\/users\/1"}],"replies":[{"embeddable":true,"href":"https:\/\/arteeluoghi.it\/index.php\/wp-json\/wp\/v2\/comments?post=3721"}],"version-history":[{"count":4,"href":"https:\/\/arteeluoghi.it\/index.php\/wp-json\/wp\/v2\/posts\/3721\/revisions"}],"predecessor-version":[{"id":4133,"href":"https:\/\/arteeluoghi.it\/index.php\/wp-json\/wp\/v2\/posts\/3721\/revisions\/4133"}],"wp:featuredmedia":[{"embeddable":true,"href":"https:\/\/arteeluoghi.it\/index.php\/wp-json\/wp\/v2\/media\/4132"}],"wp:attachment":[{"href":"https:\/\/arteeluoghi.it\/index.php\/wp-json\/wp\/v2\/media?parent=3721"}],"wp:term":[{"taxonomy":"category","embeddable":true,"href":"https:\/\/arteeluoghi.it\/index.php\/wp-json\/wp\/v2\/categories?post=3721"},{"taxonomy":"post_tag","embeddable":true,"href":"https:\/\/arteeluoghi.it\/index.php\/wp-json\/wp\/v2\/tags?post=3721"}],"curies":[{"name":"wp","href":"https:\/\/api.w.org\/{rel}","templated":true}]}}