{"id":3749,"date":"2017-03-20T23:21:41","date_gmt":"2017-03-20T22:21:41","guid":{"rendered":"http:\/\/arteeluoghi.it\/?p=3749"},"modified":"2017-09-28T23:24:29","modified_gmt":"2017-09-28T21:24:29","slug":"now-il-nuovo-progetto-del-batterista-vibrafonista-e-compositore-romano-claudio-piselli","status":"publish","type":"post","link":"https:\/\/arteeluoghi.it\/index.php\/2017\/03\/20\/now-il-nuovo-progetto-del-batterista-vibrafonista-e-compositore-romano-claudio-piselli\/","title":{"rendered":"Now, il nuovo progetto del batterista, vibrafonista e compositore romano Claudio Piselli"},"content":{"rendered":"<p><img loading=\"lazy\" class=\"size-medium wp-image-3750 alignleft\" src=\"https:\/\/arteeluoghi.it\/wp-content\/uploads\/2017\/09\/Claudio-Piselli-Now-300x270.jpg\" alt=\"\" width=\"300\" height=\"270\" srcset=\"https:\/\/arteeluoghi.it\/wp-content\/uploads\/2017\/09\/Claudio-Piselli-Now-300x270.jpg 300w, https:\/\/arteeluoghi.it\/wp-content\/uploads\/2017\/09\/Claudio-Piselli-Now-768x690.jpg 768w, https:\/\/arteeluoghi.it\/wp-content\/uploads\/2017\/09\/Claudio-Piselli-Now.jpg 900w\" sizes=\"(max-width: 300px) 100vw, 300px\" \/> Dal 21 marzo \u00e8 in distribuzione in Italia e all\u2019estero nel circuito <b>Ird<\/b> e nei migliori store digitali, <a href=\"http:\/\/ijm.it\/component\/music\/display\/651\" target=\"_blank\" rel=\"noopener\" data-saferedirecturl=\"https:\/\/www.google.com\/url?hl=it&amp;q=http:\/\/ijm.it\/component\/music\/display\/651&amp;source=gmail&amp;ust=1506719092262000&amp;usg=AFQjCNH4mzgLewNsv3ODebvR3Grl5sJKxQ\"><b>Now<\/b><\/a> del batterista, vibrafonista e compositore romano <b>Claudio Piselli<\/b>. A cinque pezzi inediti si aggiunge un\u2019originale versione di \u201c<b>Giant Steps<\/b>\u201d di <b>John Coltrane<\/b> nel quale spicca il sax baritono di <b>Marco Guidolotti<\/b>. La line up \u00e8 completata dalla chitarra synth di <b>Daniele Siscaro <\/b>(nel brano di apertura) e dal contrabbasso di <b>Giuseppe Talone<\/b>. <!--more--><\/p>\n<p>\u201cUn istante \u00e8 sempre <img loading=\"lazy\" class=\"size-medium wp-image-3751 alignright\" src=\"https:\/\/arteeluoghi.it\/wp-content\/uploads\/2017\/09\/Claudio-Piselli.jpg\" alt=\"\" width=\"295\" height=\"197\" \/>un mondo nuovo, un\u2019occasione irripetibile per fidarsi delle nostre infinite capacit\u00e0\u201d, sottolinea Piselli. La tracklist si apre con Go e prosegue con Magic Pivot, che racconta il perenne equilibrio tra dovere e piacere, tra quel che sembriamo e quel che siamo, tra finzione e verit\u00e0. Now &#8220;\u00e8 un punto preciso nel tempo, piantato con il chiodo nel muro della vita. Il martello delle scelte batte impetuoso e fissa l\u2019istante. D\u2019ora in poi sar\u00e0 un mondo nuovo, un modo diverso di vedere il quadro di me stesso. La musica \u00e8 cornice, io sono la forma, voi mettete il colore\u201d, racconta il compositore. Dopo Giant Steps di John Coltrane il disco si chiude con Tiramis\u00f9 (\u201cLe scelte sono come il tiramis\u00f9 meno ne hai, pi\u00f9 ne vorresti. Il tiramis\u00f9 \u00e8 la mia decisione di piacere, e per piacere datemi un\u2019altra fetta\u201d) e Oil\u00e0 (&#8220;Un tribale battito cardiaco, la festa della foresta nel cuore antico dei sentimenti, \u00e8 il rientro dal viaggio, \u00e8 il ritmo dell\u2019abbraccio, \u00e8 la fine del percorso, \u00e8 l\u2019inizio di un nuovo viaggio\u201d).<\/p>\n<p>Claudio Piselli inizia gli studi di batteria con il Maestro Lorenzo Tucci successivamente si iscrive al Conservatorio di Frosinone dove consegue il diploma di Strumenti a Percussione sotto la guida di Antonio Caggiano. Sin dagli inizi orienta i suoi interessi verso il jazz e il repertorio classico-sinfonico. Vanta numerose collaborazioni come percussionista sia in orchestra sia in\u00a0 formazioni cameristiche, tra cui l\u2019Ensemble Algoritmo diretto da Marco Angius. Con l&#8217;Ensemble Sixe conquista il Premio Cosima Listz e partecipa alla rassegna &#8220;Settimane all&#8217;avanguardia&#8221; all&#8217;Auditorium del Conservatorio &#8220;Santa Cecilia&#8221; di Roma. Ha lavorato con l\u2019Accademia Nazionale di Santa Cecilia e il Teatro San Carlo di Napoli. Come solista suona presso l&#8217;Aula Magna di Roma Tre, con programmi dedicati al &#8220;Novecento Musicale nel continente americano&#8221;, eseguendo autori Cole Porter, G. Gershwin, N. Rosauro, J. Cage e S. Reich. Ha lavorato con Luis Bacalov, Ennio Morricone Nicola Piovani, esibendosi con quest\u2019ultimo in diversi Teatri in Cina. Ha suonato in Orchestra per trasmissioni televisive e spettacoli teatrali insieme a Cristian de Sica ed Enrico Montesano. Suona il vibrafono in diverse formazioni di Jazz e vanta numerose collaborazioni le ultime con Giampiero Locatelli, Andrea Nunzi, Leonardo Borghi, Marco Guidolotti, Emanuele Urso, Abu Djigo, Marco Tiso, Maurizio Abeni.<br \/>\n(fonte: comunicato stampa)<\/p>\n","protected":false},"excerpt":{"rendered":"<p>Dal 21 marzo \u00e8 in distribuzione in Italia e all\u2019estero nel circuito Ird e nei migliori store digitali, Now del<\/p>\n","protected":false},"author":1,"featured_media":3750,"comment_status":"open","ping_status":"open","sticky":false,"template":"","format":"standard","meta":[],"categories":[12],"tags":[263,220],"yoast_head":"<!-- This site is optimized with the Yoast SEO plugin v18.0 - https:\/\/yoast.com\/wordpress\/plugins\/seo\/ -->\n<title>Now, il nuovo progetto del batterista, vibrafonista e compositore romano Claudio Piselli | Arte e Luoghi<\/title>\n<meta name=\"robots\" content=\"index, follow, max-snippet:-1, max-image-preview:large, max-video-preview:-1\" \/>\n<link rel=\"canonical\" href=\"https:\/\/arteeluoghi.it\/index.php\/2017\/03\/20\/now-il-nuovo-progetto-del-batterista-vibrafonista-e-compositore-romano-claudio-piselli\/\" \/>\n<meta property=\"og:locale\" content=\"it_IT\" \/>\n<meta property=\"og:type\" content=\"article\" \/>\n<meta property=\"og:title\" content=\"Now, il nuovo progetto del batterista, vibrafonista e compositore romano Claudio Piselli | Arte e Luoghi\" \/>\n<meta property=\"og:description\" content=\"Dal 21 marzo \u00e8 in distribuzione in Italia e all\u2019estero nel circuito Ird e nei migliori store digitali, Now del\" \/>\n<meta property=\"og:url\" content=\"https:\/\/arteeluoghi.it\/index.php\/2017\/03\/20\/now-il-nuovo-progetto-del-batterista-vibrafonista-e-compositore-romano-claudio-piselli\/\" \/>\n<meta property=\"og:site_name\" content=\"Arte e Luoghi\" \/>\n<meta property=\"article:publisher\" content=\"https:\/\/www.facebook.com\/ArteELuoghi\/\" \/>\n<meta property=\"article:published_time\" content=\"2017-03-20T22:21:41+00:00\" \/>\n<meta property=\"article:modified_time\" content=\"2017-09-28T21:24:29+00:00\" \/>\n<meta property=\"og:image\" content=\"https:\/\/arteeluoghi.it\/wp-content\/uploads\/2017\/09\/Claudio-Piselli-Now.jpg\" \/>\n\t<meta property=\"og:image:width\" content=\"900\" \/>\n\t<meta property=\"og:image:height\" content=\"809\" \/>\n\t<meta property=\"og:image:type\" content=\"image\/jpeg\" \/>\n<meta name=\"twitter:card\" content=\"summary\" \/>\n<meta name=\"twitter:creator\" content=\"@arteeluoghi\" \/>\n<meta name=\"twitter:site\" content=\"@arteeluoghi\" \/>\n<meta name=\"twitter:label1\" content=\"Scritto da\" \/>\n\t<meta name=\"twitter:data1\" content=\"Staff\" \/>\n\t<meta name=\"twitter:label2\" content=\"Tempo di lettura stimato\" \/>\n\t<meta name=\"twitter:data2\" content=\"2 minuti\" \/>\n<script type=\"application\/ld+json\" class=\"yoast-schema-graph\">{\"@context\":\"https:\/\/schema.org\",\"@graph\":[{\"@type\":\"Organization\",\"@id\":\"https:\/\/arteeluoghi.it\/#organization\",\"name\":\"Arte e Luoghi\",\"url\":\"https:\/\/arteeluoghi.it\/\",\"sameAs\":[\"https:\/\/www.facebook.com\/ArteELuoghi\/\",\"https:\/\/www.instagram.com\/arteeluoghi\/?hl=it\",\"https:\/\/www.youtube.com\/channel\/UCuRVc4JW4-C5sg9rQB-srkw?view_as=subscriber\",\"https:\/\/twitter.com\/arteeluoghi\"],\"logo\":{\"@type\":\"ImageObject\",\"@id\":\"https:\/\/arteeluoghi.it\/#logo\",\"inLanguage\":\"it-IT\",\"url\":\"https:\/\/arteeluoghi.it\/wp-content\/uploads\/2018\/08\/logoinstagramarte.jpg\",\"contentUrl\":\"https:\/\/arteeluoghi.it\/wp-content\/uploads\/2018\/08\/logoinstagramarte.jpg\",\"width\":150,\"height\":150,\"caption\":\"Arte e Luoghi\"},\"image\":{\"@id\":\"https:\/\/arteeluoghi.it\/#logo\"}},{\"@type\":\"WebSite\",\"@id\":\"https:\/\/arteeluoghi.it\/#website\",\"url\":\"https:\/\/arteeluoghi.it\/\",\"name\":\"Arte e Luoghi\",\"description\":\"Mensile di arte, cultura, turismo e curiosit\u00e0\",\"publisher\":{\"@id\":\"https:\/\/arteeluoghi.it\/#organization\"},\"potentialAction\":[{\"@type\":\"SearchAction\",\"target\":{\"@type\":\"EntryPoint\",\"urlTemplate\":\"https:\/\/arteeluoghi.it\/?s={search_term_string}\"},\"query-input\":\"required name=search_term_string\"}],\"inLanguage\":\"it-IT\"},{\"@type\":\"ImageObject\",\"@id\":\"https:\/\/arteeluoghi.it\/index.php\/2017\/03\/20\/now-il-nuovo-progetto-del-batterista-vibrafonista-e-compositore-romano-claudio-piselli\/#primaryimage\",\"inLanguage\":\"it-IT\",\"url\":\"https:\/\/arteeluoghi.it\/wp-content\/uploads\/2017\/09\/Claudio-Piselli-Now.jpg\",\"contentUrl\":\"https:\/\/arteeluoghi.it\/wp-content\/uploads\/2017\/09\/Claudio-Piselli-Now.jpg\",\"width\":900,\"height\":809},{\"@type\":\"WebPage\",\"@id\":\"https:\/\/arteeluoghi.it\/index.php\/2017\/03\/20\/now-il-nuovo-progetto-del-batterista-vibrafonista-e-compositore-romano-claudio-piselli\/#webpage\",\"url\":\"https:\/\/arteeluoghi.it\/index.php\/2017\/03\/20\/now-il-nuovo-progetto-del-batterista-vibrafonista-e-compositore-romano-claudio-piselli\/\",\"name\":\"Now, il nuovo progetto del batterista, vibrafonista e compositore romano Claudio Piselli | Arte e Luoghi\",\"isPartOf\":{\"@id\":\"https:\/\/arteeluoghi.it\/#website\"},\"primaryImageOfPage\":{\"@id\":\"https:\/\/arteeluoghi.it\/index.php\/2017\/03\/20\/now-il-nuovo-progetto-del-batterista-vibrafonista-e-compositore-romano-claudio-piselli\/#primaryimage\"},\"datePublished\":\"2017-03-20T22:21:41+00:00\",\"dateModified\":\"2017-09-28T21:24:29+00:00\",\"breadcrumb\":{\"@id\":\"https:\/\/arteeluoghi.it\/index.php\/2017\/03\/20\/now-il-nuovo-progetto-del-batterista-vibrafonista-e-compositore-romano-claudio-piselli\/#breadcrumb\"},\"inLanguage\":\"it-IT\",\"potentialAction\":[{\"@type\":\"ReadAction\",\"target\":[\"https:\/\/arteeluoghi.it\/index.php\/2017\/03\/20\/now-il-nuovo-progetto-del-batterista-vibrafonista-e-compositore-romano-claudio-piselli\/\"]}]},{\"@type\":\"BreadcrumbList\",\"@id\":\"https:\/\/arteeluoghi.it\/index.php\/2017\/03\/20\/now-il-nuovo-progetto-del-batterista-vibrafonista-e-compositore-romano-claudio-piselli\/#breadcrumb\",\"itemListElement\":[{\"@type\":\"ListItem\",\"position\":1,\"name\":\"Home\",\"item\":\"https:\/\/arteeluoghi.it\/\"},{\"@type\":\"ListItem\",\"position\":2,\"name\":\"Now, il nuovo progetto del batterista, vibrafonista e compositore romano Claudio Piselli\"}]},{\"@type\":\"Article\",\"@id\":\"https:\/\/arteeluoghi.it\/index.php\/2017\/03\/20\/now-il-nuovo-progetto-del-batterista-vibrafonista-e-compositore-romano-claudio-piselli\/#article\",\"isPartOf\":{\"@id\":\"https:\/\/arteeluoghi.it\/index.php\/2017\/03\/20\/now-il-nuovo-progetto-del-batterista-vibrafonista-e-compositore-romano-claudio-piselli\/#webpage\"},\"author\":{\"@id\":\"https:\/\/arteeluoghi.it\/#\/schema\/person\/f84e814e36e91e01448ee07eaadd41d4\"},\"headline\":\"Now, il nuovo progetto del batterista, vibrafonista e compositore romano Claudio Piselli\",\"datePublished\":\"2017-03-20T22:21:41+00:00\",\"dateModified\":\"2017-09-28T21:24:29+00:00\",\"mainEntityOfPage\":{\"@id\":\"https:\/\/arteeluoghi.it\/index.php\/2017\/03\/20\/now-il-nuovo-progetto-del-batterista-vibrafonista-e-compositore-romano-claudio-piselli\/#webpage\"},\"wordCount\":464,\"commentCount\":0,\"publisher\":{\"@id\":\"https:\/\/arteeluoghi.it\/#organization\"},\"image\":{\"@id\":\"https:\/\/arteeluoghi.it\/index.php\/2017\/03\/20\/now-il-nuovo-progetto-del-batterista-vibrafonista-e-compositore-romano-claudio-piselli\/#primaryimage\"},\"thumbnailUrl\":\"https:\/\/arteeluoghi.it\/wp-content\/uploads\/2017\/09\/Claudio-Piselli-Now.jpg\",\"keywords\":[\"Claudio Piselli\",\"Dodicilune\"],\"articleSection\":[\"MUSICA\"],\"inLanguage\":\"it-IT\",\"potentialAction\":[{\"@type\":\"CommentAction\",\"name\":\"Comment\",\"target\":[\"https:\/\/arteeluoghi.it\/index.php\/2017\/03\/20\/now-il-nuovo-progetto-del-batterista-vibrafonista-e-compositore-romano-claudio-piselli\/#respond\"]}]},{\"@type\":\"Person\",\"@id\":\"https:\/\/arteeluoghi.it\/#\/schema\/person\/f84e814e36e91e01448ee07eaadd41d4\",\"name\":\"Staff\",\"image\":{\"@type\":\"ImageObject\",\"@id\":\"https:\/\/arteeluoghi.it\/#personlogo\",\"inLanguage\":\"it-IT\",\"url\":\"https:\/\/secure.gravatar.com\/avatar\/49d2f9e46271bb04e19cebfaf141313a?s=96&d=blank&r=g\",\"contentUrl\":\"https:\/\/secure.gravatar.com\/avatar\/49d2f9e46271bb04e19cebfaf141313a?s=96&d=blank&r=g\",\"caption\":\"Staff\"}}]}<\/script>\n<!-- \/ Yoast SEO plugin. -->","yoast_head_json":{"title":"Now, il nuovo progetto del batterista, vibrafonista e compositore romano Claudio Piselli | Arte e Luoghi","robots":{"index":"index","follow":"follow","max-snippet":"max-snippet:-1","max-image-preview":"max-image-preview:large","max-video-preview":"max-video-preview:-1"},"canonical":"https:\/\/arteeluoghi.it\/index.php\/2017\/03\/20\/now-il-nuovo-progetto-del-batterista-vibrafonista-e-compositore-romano-claudio-piselli\/","og_locale":"it_IT","og_type":"article","og_title":"Now, il nuovo progetto del batterista, vibrafonista e compositore romano Claudio Piselli | Arte e Luoghi","og_description":"Dal 21 marzo \u00e8 in distribuzione in Italia e all\u2019estero nel circuito Ird e nei migliori store digitali, Now del","og_url":"https:\/\/arteeluoghi.it\/index.php\/2017\/03\/20\/now-il-nuovo-progetto-del-batterista-vibrafonista-e-compositore-romano-claudio-piselli\/","og_site_name":"Arte e Luoghi","article_publisher":"https:\/\/www.facebook.com\/ArteELuoghi\/","article_published_time":"2017-03-20T22:21:41+00:00","article_modified_time":"2017-09-28T21:24:29+00:00","og_image":[{"width":900,"height":809,"url":"https:\/\/arteeluoghi.it\/wp-content\/uploads\/2017\/09\/Claudio-Piselli-Now.jpg","type":"image\/jpeg"}],"twitter_card":"summary","twitter_creator":"@arteeluoghi","twitter_site":"@arteeluoghi","twitter_misc":{"Scritto da":"Staff","Tempo di lettura stimato":"2 minuti"},"schema":{"@context":"https:\/\/schema.org","@graph":[{"@type":"Organization","@id":"https:\/\/arteeluoghi.it\/#organization","name":"Arte e Luoghi","url":"https:\/\/arteeluoghi.it\/","sameAs":["https:\/\/www.facebook.com\/ArteELuoghi\/","https:\/\/www.instagram.com\/arteeluoghi\/?hl=it","https:\/\/www.youtube.com\/channel\/UCuRVc4JW4-C5sg9rQB-srkw?view_as=subscriber","https:\/\/twitter.com\/arteeluoghi"],"logo":{"@type":"ImageObject","@id":"https:\/\/arteeluoghi.it\/#logo","inLanguage":"it-IT","url":"https:\/\/arteeluoghi.it\/wp-content\/uploads\/2018\/08\/logoinstagramarte.jpg","contentUrl":"https:\/\/arteeluoghi.it\/wp-content\/uploads\/2018\/08\/logoinstagramarte.jpg","width":150,"height":150,"caption":"Arte e Luoghi"},"image":{"@id":"https:\/\/arteeluoghi.it\/#logo"}},{"@type":"WebSite","@id":"https:\/\/arteeluoghi.it\/#website","url":"https:\/\/arteeluoghi.it\/","name":"Arte e Luoghi","description":"Mensile di arte, cultura, turismo e curiosit\u00e0","publisher":{"@id":"https:\/\/arteeluoghi.it\/#organization"},"potentialAction":[{"@type":"SearchAction","target":{"@type":"EntryPoint","urlTemplate":"https:\/\/arteeluoghi.it\/?s={search_term_string}"},"query-input":"required name=search_term_string"}],"inLanguage":"it-IT"},{"@type":"ImageObject","@id":"https:\/\/arteeluoghi.it\/index.php\/2017\/03\/20\/now-il-nuovo-progetto-del-batterista-vibrafonista-e-compositore-romano-claudio-piselli\/#primaryimage","inLanguage":"it-IT","url":"https:\/\/arteeluoghi.it\/wp-content\/uploads\/2017\/09\/Claudio-Piselli-Now.jpg","contentUrl":"https:\/\/arteeluoghi.it\/wp-content\/uploads\/2017\/09\/Claudio-Piselli-Now.jpg","width":900,"height":809},{"@type":"WebPage","@id":"https:\/\/arteeluoghi.it\/index.php\/2017\/03\/20\/now-il-nuovo-progetto-del-batterista-vibrafonista-e-compositore-romano-claudio-piselli\/#webpage","url":"https:\/\/arteeluoghi.it\/index.php\/2017\/03\/20\/now-il-nuovo-progetto-del-batterista-vibrafonista-e-compositore-romano-claudio-piselli\/","name":"Now, il nuovo progetto del batterista, vibrafonista e compositore romano Claudio Piselli | Arte e Luoghi","isPartOf":{"@id":"https:\/\/arteeluoghi.it\/#website"},"primaryImageOfPage":{"@id":"https:\/\/arteeluoghi.it\/index.php\/2017\/03\/20\/now-il-nuovo-progetto-del-batterista-vibrafonista-e-compositore-romano-claudio-piselli\/#primaryimage"},"datePublished":"2017-03-20T22:21:41+00:00","dateModified":"2017-09-28T21:24:29+00:00","breadcrumb":{"@id":"https:\/\/arteeluoghi.it\/index.php\/2017\/03\/20\/now-il-nuovo-progetto-del-batterista-vibrafonista-e-compositore-romano-claudio-piselli\/#breadcrumb"},"inLanguage":"it-IT","potentialAction":[{"@type":"ReadAction","target":["https:\/\/arteeluoghi.it\/index.php\/2017\/03\/20\/now-il-nuovo-progetto-del-batterista-vibrafonista-e-compositore-romano-claudio-piselli\/"]}]},{"@type":"BreadcrumbList","@id":"https:\/\/arteeluoghi.it\/index.php\/2017\/03\/20\/now-il-nuovo-progetto-del-batterista-vibrafonista-e-compositore-romano-claudio-piselli\/#breadcrumb","itemListElement":[{"@type":"ListItem","position":1,"name":"Home","item":"https:\/\/arteeluoghi.it\/"},{"@type":"ListItem","position":2,"name":"Now, il nuovo progetto del batterista, vibrafonista e compositore romano Claudio Piselli"}]},{"@type":"Article","@id":"https:\/\/arteeluoghi.it\/index.php\/2017\/03\/20\/now-il-nuovo-progetto-del-batterista-vibrafonista-e-compositore-romano-claudio-piselli\/#article","isPartOf":{"@id":"https:\/\/arteeluoghi.it\/index.php\/2017\/03\/20\/now-il-nuovo-progetto-del-batterista-vibrafonista-e-compositore-romano-claudio-piselli\/#webpage"},"author":{"@id":"https:\/\/arteeluoghi.it\/#\/schema\/person\/f84e814e36e91e01448ee07eaadd41d4"},"headline":"Now, il nuovo progetto del batterista, vibrafonista e compositore romano Claudio Piselli","datePublished":"2017-03-20T22:21:41+00:00","dateModified":"2017-09-28T21:24:29+00:00","mainEntityOfPage":{"@id":"https:\/\/arteeluoghi.it\/index.php\/2017\/03\/20\/now-il-nuovo-progetto-del-batterista-vibrafonista-e-compositore-romano-claudio-piselli\/#webpage"},"wordCount":464,"commentCount":0,"publisher":{"@id":"https:\/\/arteeluoghi.it\/#organization"},"image":{"@id":"https:\/\/arteeluoghi.it\/index.php\/2017\/03\/20\/now-il-nuovo-progetto-del-batterista-vibrafonista-e-compositore-romano-claudio-piselli\/#primaryimage"},"thumbnailUrl":"https:\/\/arteeluoghi.it\/wp-content\/uploads\/2017\/09\/Claudio-Piselli-Now.jpg","keywords":["Claudio Piselli","Dodicilune"],"articleSection":["MUSICA"],"inLanguage":"it-IT","potentialAction":[{"@type":"CommentAction","name":"Comment","target":["https:\/\/arteeluoghi.it\/index.php\/2017\/03\/20\/now-il-nuovo-progetto-del-batterista-vibrafonista-e-compositore-romano-claudio-piselli\/#respond"]}]},{"@type":"Person","@id":"https:\/\/arteeluoghi.it\/#\/schema\/person\/f84e814e36e91e01448ee07eaadd41d4","name":"Staff","image":{"@type":"ImageObject","@id":"https:\/\/arteeluoghi.it\/#personlogo","inLanguage":"it-IT","url":"https:\/\/secure.gravatar.com\/avatar\/49d2f9e46271bb04e19cebfaf141313a?s=96&d=blank&r=g","contentUrl":"https:\/\/secure.gravatar.com\/avatar\/49d2f9e46271bb04e19cebfaf141313a?s=96&d=blank&r=g","caption":"Staff"}}]}},"_links":{"self":[{"href":"https:\/\/arteeluoghi.it\/index.php\/wp-json\/wp\/v2\/posts\/3749"}],"collection":[{"href":"https:\/\/arteeluoghi.it\/index.php\/wp-json\/wp\/v2\/posts"}],"about":[{"href":"https:\/\/arteeluoghi.it\/index.php\/wp-json\/wp\/v2\/types\/post"}],"author":[{"embeddable":true,"href":"https:\/\/arteeluoghi.it\/index.php\/wp-json\/wp\/v2\/users\/1"}],"replies":[{"embeddable":true,"href":"https:\/\/arteeluoghi.it\/index.php\/wp-json\/wp\/v2\/comments?post=3749"}],"version-history":[{"count":1,"href":"https:\/\/arteeluoghi.it\/index.php\/wp-json\/wp\/v2\/posts\/3749\/revisions"}],"predecessor-version":[{"id":3752,"href":"https:\/\/arteeluoghi.it\/index.php\/wp-json\/wp\/v2\/posts\/3749\/revisions\/3752"}],"wp:featuredmedia":[{"embeddable":true,"href":"https:\/\/arteeluoghi.it\/index.php\/wp-json\/wp\/v2\/media\/3750"}],"wp:attachment":[{"href":"https:\/\/arteeluoghi.it\/index.php\/wp-json\/wp\/v2\/media?parent=3749"}],"wp:term":[{"taxonomy":"category","embeddable":true,"href":"https:\/\/arteeluoghi.it\/index.php\/wp-json\/wp\/v2\/categories?post=3749"},{"taxonomy":"post_tag","embeddable":true,"href":"https:\/\/arteeluoghi.it\/index.php\/wp-json\/wp\/v2\/tags?post=3749"}],"curies":[{"name":"wp","href":"https:\/\/api.w.org\/{rel}","templated":true}]}}