{"id":3756,"date":"2017-09-30T19:25:18","date_gmt":"2017-09-30T17:25:18","guid":{"rendered":"http:\/\/arteeluoghi.it\/?p=3756"},"modified":"2017-09-30T19:25:18","modified_gmt":"2017-09-30T17:25:18","slug":"esistenza-e-figurazione-fight-la-prima-personale-di-silvia-recchia","status":"publish","type":"post","link":"https:\/\/arteeluoghi.it\/index.php\/2017\/09\/30\/esistenza-e-figurazione-fight-la-prima-personale-di-silvia-recchia\/","title":{"rendered":"Esistenza e figurazione: Fight, la prima personale di Silvia Recchia"},"content":{"rendered":"<p><img loading=\"lazy\" class=\"size-medium wp-image-3757 alignleft\" src=\"https:\/\/arteeluoghi.it\/wp-content\/uploads\/2017\/09\/Genesis-tecnica-mista-su-tela-cm-90x140-192x300.jpg\" alt=\"\" width=\"192\" height=\"300\" srcset=\"https:\/\/arteeluoghi.it\/wp-content\/uploads\/2017\/09\/Genesis-tecnica-mista-su-tela-cm-90x140-192x300.jpg 192w, https:\/\/arteeluoghi.it\/wp-content\/uploads\/2017\/09\/Genesis-tecnica-mista-su-tela-cm-90x140-768x1197.jpg 768w, https:\/\/arteeluoghi.it\/wp-content\/uploads\/2017\/09\/Genesis-tecnica-mista-su-tela-cm-90x140-657x1024.jpg 657w\" sizes=\"(max-width: 192px) 100vw, 192px\" \/>Si intitola <em>Fight<\/em> la prima personale di Silvia Recchia, a cura di Marinilde Giannandrea, che si apre venerd\u00ec 13 ottobre 2017, alle ore 19:30 nel Centro Culturale Scaramuzza Arte Contemporanea a Lecce, in Via Libertini, 70.<br \/>\nQuattordici tele che raccontano le potenzialit\u00e0 del colore e della pittura in un\u2019oscillazione tra fantasmi di figurazione e ricerca astratta mettendo in movimento una dimensione soprattutto esistenziale.<br \/>\n\u00c8 una ricerca interiore pervasa da una sensazione di fragilit\u00e0, anche se condotta con la forza e la determinazione di una lotta con se stessa. Le opere possono essere lette come un diario intimo ma anche come meccanismi di riflessione sulla forma e sui linguaggi poich\u00e9 l&#8217;artista pugliese, oltre a scoprire le potenzialit\u00e0 autonome del colore, ha operato una ricerca artigianale sulle tele e sperimentato nuove tecniche raggiungendo soluzioni sempre armoniche con una pittura pervasa costantemente da una tensione poetica e, in certi casi, sensuale. Si avvertono soprattutto ritmi biologici e psichici e le opere comunicano una sensibilit\u00e0 che affiora anche nei titoli in cui si sente l\u2019eco di un mondo di conoscenze, affetti, dolori e sfumature emotive sospese tra esperienza del s\u00e9, desiderio e immaginazione.<br \/>\n<!--more-->&#8220;La leggerezza dell&#8217;essere\u201d una frase ormai stereotipata che continua a reiterarsi dopo aver visto i lavori di Silvia Recchia.- commenta l&#8217;artista Fernando De Filippi, presidente dell&#8217;Accademia di Belle Arti di Lecce &#8211; Delicate apparizioni di forme e colori che suggeriscono corpi e\/o paesaggi appena accennati, sfuggenti, pronti a negare la propria forma per divenire pura astrazione. [\u2026] Wolf diceva \u201cVedere \u00e8 chiudere gli occhi\u201d, sintetizzando cos\u00ec la ricerca del senso di ci\u00f2 che \u00e8 latente e impercettibile, che non si confronta con nulla di gi\u00e0 esistente e che \u00e8 forse la pi\u00f9 autentica delle realt\u00e0, quella dello spirito\u201d<\/p>\n<p>Nata a Castellana Grotte (BA), nel 1985, Silvia Recchia lavora essenzialmente con la pittura e si concentra su meccanismi apparentemente fragili ma che denotano tensioni e passioni sottese. Si \u00e8 formata all\u2019Accademia di Belle Arti di Lecce e dal 2011 ha partecipato a una serie di mostre collettive tra cui: <em>Ausmurzen<\/em> \u2013 giornata della Memoria a cura di Rosanna Gesualdo presso Fabrica H24; <em>Ad Astra per Aspera<\/em> (2014), mostra bipersonale con Giancarlo Nunziato al Casello 97, Lecce; <em>Con\/Divisione<\/em>, a cura di Carmelo Cipriani nella galleria Scaramuzza Arte Contemporanea di Lecce (2015). Nel 2016 ha partecipato ad Amarcord presso il castello Carlo V di Monopoli in occasione del cinquantesimo anniversario dell&#8217;Ex Istituto Statale D&#8217;Arte Luigi Russo di Monopoli e nel 2017 \u00e8 stata tra gli artisti segnalati del Premio Casciaro di Ortelle.<\/p>\n<p>&nbsp;<\/p>\n<p>Dal 13 ottobre 2017 all&#8217;11 novembre<br \/>\nLecce, Centro Culturale Scaramuzza Arte Contemporanea<br \/>\nVia Libertini, 70<br \/>\ndal marted\u00ec alla domenica ore 16.30-20.30 (ingresso gratuito)<br \/>\nper info o appuntamento: scaramuzza.artecontemporanea@gmail.com<br \/>\ntelefono: 3932118913 &#8211; 3297325036<\/p>\n","protected":false},"excerpt":{"rendered":"<p>Si intitola Fight la prima personale di Silvia Recchia, a cura di Marinilde Giannandrea, che si apre venerd\u00ec 13 ottobre<\/p>\n","protected":false},"author":1,"featured_media":3758,"comment_status":"open","ping_status":"open","sticky":false,"template":"","format":"standard","meta":[],"categories":[27,3],"tags":[265,266,264],"yoast_head":"<!-- This site is optimized with the Yoast SEO plugin v18.0 - https:\/\/yoast.com\/wordpress\/plugins\/seo\/ -->\n<title>Esistenza e figurazione: Fight, la prima personale di Silvia Recchia | Arte e Luoghi<\/title>\n<meta name=\"robots\" content=\"index, follow, max-snippet:-1, max-image-preview:large, max-video-preview:-1\" \/>\n<link rel=\"canonical\" href=\"https:\/\/arteeluoghi.it\/index.php\/2017\/09\/30\/esistenza-e-figurazione-fight-la-prima-personale-di-silvia-recchia\/\" \/>\n<meta property=\"og:locale\" content=\"it_IT\" \/>\n<meta property=\"og:type\" content=\"article\" \/>\n<meta property=\"og:title\" content=\"Esistenza e figurazione: Fight, la prima personale di Silvia Recchia | Arte e Luoghi\" \/>\n<meta property=\"og:description\" content=\"Si intitola Fight la prima personale di Silvia Recchia, a cura di Marinilde Giannandrea, che si apre venerd\u00ec 13 ottobre\" \/>\n<meta property=\"og:url\" content=\"https:\/\/arteeluoghi.it\/index.php\/2017\/09\/30\/esistenza-e-figurazione-fight-la-prima-personale-di-silvia-recchia\/\" \/>\n<meta property=\"og:site_name\" content=\"Arte e Luoghi\" \/>\n<meta property=\"article:publisher\" content=\"https:\/\/www.facebook.com\/ArteELuoghi\/\" \/>\n<meta property=\"article:published_time\" content=\"2017-09-30T17:25:18+00:00\" \/>\n<meta property=\"og:image\" content=\"https:\/\/arteeluoghi.it\/wp-content\/uploads\/2017\/09\/Stairs-tecnica-mista-su-Tela-cm-50x40.jpg\" \/>\n\t<meta property=\"og:image:width\" content=\"2362\" \/>\n\t<meta property=\"og:image:height\" content=\"3057\" \/>\n\t<meta property=\"og:image:type\" content=\"image\/jpeg\" \/>\n<meta name=\"twitter:card\" content=\"summary\" \/>\n<meta name=\"twitter:creator\" content=\"@arteeluoghi\" \/>\n<meta name=\"twitter:site\" content=\"@arteeluoghi\" \/>\n<meta name=\"twitter:label1\" content=\"Scritto da\" \/>\n\t<meta name=\"twitter:data1\" content=\"Staff\" \/>\n\t<meta name=\"twitter:label2\" content=\"Tempo di lettura stimato\" \/>\n\t<meta name=\"twitter:data2\" content=\"2 minuti\" \/>\n<script type=\"application\/ld+json\" class=\"yoast-schema-graph\">{\"@context\":\"https:\/\/schema.org\",\"@graph\":[{\"@type\":\"Organization\",\"@id\":\"https:\/\/arteeluoghi.it\/#organization\",\"name\":\"Arte e Luoghi\",\"url\":\"https:\/\/arteeluoghi.it\/\",\"sameAs\":[\"https:\/\/www.facebook.com\/ArteELuoghi\/\",\"https:\/\/www.instagram.com\/arteeluoghi\/?hl=it\",\"https:\/\/www.youtube.com\/channel\/UCuRVc4JW4-C5sg9rQB-srkw?view_as=subscriber\",\"https:\/\/twitter.com\/arteeluoghi\"],\"logo\":{\"@type\":\"ImageObject\",\"@id\":\"https:\/\/arteeluoghi.it\/#logo\",\"inLanguage\":\"it-IT\",\"url\":\"https:\/\/arteeluoghi.it\/wp-content\/uploads\/2018\/08\/logoinstagramarte.jpg\",\"contentUrl\":\"https:\/\/arteeluoghi.it\/wp-content\/uploads\/2018\/08\/logoinstagramarte.jpg\",\"width\":150,\"height\":150,\"caption\":\"Arte e Luoghi\"},\"image\":{\"@id\":\"https:\/\/arteeluoghi.it\/#logo\"}},{\"@type\":\"WebSite\",\"@id\":\"https:\/\/arteeluoghi.it\/#website\",\"url\":\"https:\/\/arteeluoghi.it\/\",\"name\":\"Arte e Luoghi\",\"description\":\"Mensile di arte, cultura, turismo e curiosit\u00e0\",\"publisher\":{\"@id\":\"https:\/\/arteeluoghi.it\/#organization\"},\"potentialAction\":[{\"@type\":\"SearchAction\",\"target\":{\"@type\":\"EntryPoint\",\"urlTemplate\":\"https:\/\/arteeluoghi.it\/?s={search_term_string}\"},\"query-input\":\"required name=search_term_string\"}],\"inLanguage\":\"it-IT\"},{\"@type\":\"ImageObject\",\"@id\":\"https:\/\/arteeluoghi.it\/index.php\/2017\/09\/30\/esistenza-e-figurazione-fight-la-prima-personale-di-silvia-recchia\/#primaryimage\",\"inLanguage\":\"it-IT\",\"url\":\"https:\/\/arteeluoghi.it\/wp-content\/uploads\/2017\/09\/Stairs-tecnica-mista-su-Tela-cm-50x40.jpg\",\"contentUrl\":\"https:\/\/arteeluoghi.it\/wp-content\/uploads\/2017\/09\/Stairs-tecnica-mista-su-Tela-cm-50x40.jpg\",\"width\":2362,\"height\":3057},{\"@type\":\"WebPage\",\"@id\":\"https:\/\/arteeluoghi.it\/index.php\/2017\/09\/30\/esistenza-e-figurazione-fight-la-prima-personale-di-silvia-recchia\/#webpage\",\"url\":\"https:\/\/arteeluoghi.it\/index.php\/2017\/09\/30\/esistenza-e-figurazione-fight-la-prima-personale-di-silvia-recchia\/\",\"name\":\"Esistenza e figurazione: Fight, la prima personale di Silvia Recchia | Arte e Luoghi\",\"isPartOf\":{\"@id\":\"https:\/\/arteeluoghi.it\/#website\"},\"primaryImageOfPage\":{\"@id\":\"https:\/\/arteeluoghi.it\/index.php\/2017\/09\/30\/esistenza-e-figurazione-fight-la-prima-personale-di-silvia-recchia\/#primaryimage\"},\"datePublished\":\"2017-09-30T17:25:18+00:00\",\"dateModified\":\"2017-09-30T17:25:18+00:00\",\"breadcrumb\":{\"@id\":\"https:\/\/arteeluoghi.it\/index.php\/2017\/09\/30\/esistenza-e-figurazione-fight-la-prima-personale-di-silvia-recchia\/#breadcrumb\"},\"inLanguage\":\"it-IT\",\"potentialAction\":[{\"@type\":\"ReadAction\",\"target\":[\"https:\/\/arteeluoghi.it\/index.php\/2017\/09\/30\/esistenza-e-figurazione-fight-la-prima-personale-di-silvia-recchia\/\"]}]},{\"@type\":\"BreadcrumbList\",\"@id\":\"https:\/\/arteeluoghi.it\/index.php\/2017\/09\/30\/esistenza-e-figurazione-fight-la-prima-personale-di-silvia-recchia\/#breadcrumb\",\"itemListElement\":[{\"@type\":\"ListItem\",\"position\":1,\"name\":\"Home\",\"item\":\"https:\/\/arteeluoghi.it\/\"},{\"@type\":\"ListItem\",\"position\":2,\"name\":\"Esistenza e figurazione: Fight, la prima personale di Silvia Recchia\"}]},{\"@type\":\"Article\",\"@id\":\"https:\/\/arteeluoghi.it\/index.php\/2017\/09\/30\/esistenza-e-figurazione-fight-la-prima-personale-di-silvia-recchia\/#article\",\"isPartOf\":{\"@id\":\"https:\/\/arteeluoghi.it\/index.php\/2017\/09\/30\/esistenza-e-figurazione-fight-la-prima-personale-di-silvia-recchia\/#webpage\"},\"author\":{\"@id\":\"https:\/\/arteeluoghi.it\/#\/schema\/person\/f84e814e36e91e01448ee07eaadd41d4\"},\"headline\":\"Esistenza e figurazione: Fight, la prima personale di Silvia Recchia\",\"datePublished\":\"2017-09-30T17:25:18+00:00\",\"dateModified\":\"2017-09-30T17:25:18+00:00\",\"mainEntityOfPage\":{\"@id\":\"https:\/\/arteeluoghi.it\/index.php\/2017\/09\/30\/esistenza-e-figurazione-fight-la-prima-personale-di-silvia-recchia\/#webpage\"},\"wordCount\":446,\"commentCount\":0,\"publisher\":{\"@id\":\"https:\/\/arteeluoghi.it\/#organization\"},\"image\":{\"@id\":\"https:\/\/arteeluoghi.it\/index.php\/2017\/09\/30\/esistenza-e-figurazione-fight-la-prima-personale-di-silvia-recchia\/#primaryimage\"},\"thumbnailUrl\":\"https:\/\/arteeluoghi.it\/wp-content\/uploads\/2017\/09\/Stairs-tecnica-mista-su-Tela-cm-50x40.jpg\",\"keywords\":[\"Galleria Scaramuzza\",\"Marinilde Giannandrea\",\"Silvia recchia\"],\"articleSection\":[\"Arte\",\"Arti visive\"],\"inLanguage\":\"it-IT\",\"potentialAction\":[{\"@type\":\"CommentAction\",\"name\":\"Comment\",\"target\":[\"https:\/\/arteeluoghi.it\/index.php\/2017\/09\/30\/esistenza-e-figurazione-fight-la-prima-personale-di-silvia-recchia\/#respond\"]}]},{\"@type\":\"Person\",\"@id\":\"https:\/\/arteeluoghi.it\/#\/schema\/person\/f84e814e36e91e01448ee07eaadd41d4\",\"name\":\"Staff\",\"image\":{\"@type\":\"ImageObject\",\"@id\":\"https:\/\/arteeluoghi.it\/#personlogo\",\"inLanguage\":\"it-IT\",\"url\":\"https:\/\/secure.gravatar.com\/avatar\/49d2f9e46271bb04e19cebfaf141313a?s=96&d=blank&r=g\",\"contentUrl\":\"https:\/\/secure.gravatar.com\/avatar\/49d2f9e46271bb04e19cebfaf141313a?s=96&d=blank&r=g\",\"caption\":\"Staff\"}}]}<\/script>\n<!-- \/ Yoast SEO plugin. -->","yoast_head_json":{"title":"Esistenza e figurazione: Fight, la prima personale di Silvia Recchia | Arte e Luoghi","robots":{"index":"index","follow":"follow","max-snippet":"max-snippet:-1","max-image-preview":"max-image-preview:large","max-video-preview":"max-video-preview:-1"},"canonical":"https:\/\/arteeluoghi.it\/index.php\/2017\/09\/30\/esistenza-e-figurazione-fight-la-prima-personale-di-silvia-recchia\/","og_locale":"it_IT","og_type":"article","og_title":"Esistenza e figurazione: Fight, la prima personale di Silvia Recchia | Arte e Luoghi","og_description":"Si intitola Fight la prima personale di Silvia Recchia, a cura di Marinilde Giannandrea, che si apre venerd\u00ec 13 ottobre","og_url":"https:\/\/arteeluoghi.it\/index.php\/2017\/09\/30\/esistenza-e-figurazione-fight-la-prima-personale-di-silvia-recchia\/","og_site_name":"Arte e Luoghi","article_publisher":"https:\/\/www.facebook.com\/ArteELuoghi\/","article_published_time":"2017-09-30T17:25:18+00:00","og_image":[{"width":2362,"height":3057,"url":"https:\/\/arteeluoghi.it\/wp-content\/uploads\/2017\/09\/Stairs-tecnica-mista-su-Tela-cm-50x40.jpg","type":"image\/jpeg"}],"twitter_card":"summary","twitter_creator":"@arteeluoghi","twitter_site":"@arteeluoghi","twitter_misc":{"Scritto da":"Staff","Tempo di lettura stimato":"2 minuti"},"schema":{"@context":"https:\/\/schema.org","@graph":[{"@type":"Organization","@id":"https:\/\/arteeluoghi.it\/#organization","name":"Arte e Luoghi","url":"https:\/\/arteeluoghi.it\/","sameAs":["https:\/\/www.facebook.com\/ArteELuoghi\/","https:\/\/www.instagram.com\/arteeluoghi\/?hl=it","https:\/\/www.youtube.com\/channel\/UCuRVc4JW4-C5sg9rQB-srkw?view_as=subscriber","https:\/\/twitter.com\/arteeluoghi"],"logo":{"@type":"ImageObject","@id":"https:\/\/arteeluoghi.it\/#logo","inLanguage":"it-IT","url":"https:\/\/arteeluoghi.it\/wp-content\/uploads\/2018\/08\/logoinstagramarte.jpg","contentUrl":"https:\/\/arteeluoghi.it\/wp-content\/uploads\/2018\/08\/logoinstagramarte.jpg","width":150,"height":150,"caption":"Arte e Luoghi"},"image":{"@id":"https:\/\/arteeluoghi.it\/#logo"}},{"@type":"WebSite","@id":"https:\/\/arteeluoghi.it\/#website","url":"https:\/\/arteeluoghi.it\/","name":"Arte e Luoghi","description":"Mensile di arte, cultura, turismo e curiosit\u00e0","publisher":{"@id":"https:\/\/arteeluoghi.it\/#organization"},"potentialAction":[{"@type":"SearchAction","target":{"@type":"EntryPoint","urlTemplate":"https:\/\/arteeluoghi.it\/?s={search_term_string}"},"query-input":"required name=search_term_string"}],"inLanguage":"it-IT"},{"@type":"ImageObject","@id":"https:\/\/arteeluoghi.it\/index.php\/2017\/09\/30\/esistenza-e-figurazione-fight-la-prima-personale-di-silvia-recchia\/#primaryimage","inLanguage":"it-IT","url":"https:\/\/arteeluoghi.it\/wp-content\/uploads\/2017\/09\/Stairs-tecnica-mista-su-Tela-cm-50x40.jpg","contentUrl":"https:\/\/arteeluoghi.it\/wp-content\/uploads\/2017\/09\/Stairs-tecnica-mista-su-Tela-cm-50x40.jpg","width":2362,"height":3057},{"@type":"WebPage","@id":"https:\/\/arteeluoghi.it\/index.php\/2017\/09\/30\/esistenza-e-figurazione-fight-la-prima-personale-di-silvia-recchia\/#webpage","url":"https:\/\/arteeluoghi.it\/index.php\/2017\/09\/30\/esistenza-e-figurazione-fight-la-prima-personale-di-silvia-recchia\/","name":"Esistenza e figurazione: Fight, la prima personale di Silvia Recchia | Arte e Luoghi","isPartOf":{"@id":"https:\/\/arteeluoghi.it\/#website"},"primaryImageOfPage":{"@id":"https:\/\/arteeluoghi.it\/index.php\/2017\/09\/30\/esistenza-e-figurazione-fight-la-prima-personale-di-silvia-recchia\/#primaryimage"},"datePublished":"2017-09-30T17:25:18+00:00","dateModified":"2017-09-30T17:25:18+00:00","breadcrumb":{"@id":"https:\/\/arteeluoghi.it\/index.php\/2017\/09\/30\/esistenza-e-figurazione-fight-la-prima-personale-di-silvia-recchia\/#breadcrumb"},"inLanguage":"it-IT","potentialAction":[{"@type":"ReadAction","target":["https:\/\/arteeluoghi.it\/index.php\/2017\/09\/30\/esistenza-e-figurazione-fight-la-prima-personale-di-silvia-recchia\/"]}]},{"@type":"BreadcrumbList","@id":"https:\/\/arteeluoghi.it\/index.php\/2017\/09\/30\/esistenza-e-figurazione-fight-la-prima-personale-di-silvia-recchia\/#breadcrumb","itemListElement":[{"@type":"ListItem","position":1,"name":"Home","item":"https:\/\/arteeluoghi.it\/"},{"@type":"ListItem","position":2,"name":"Esistenza e figurazione: Fight, la prima personale di Silvia Recchia"}]},{"@type":"Article","@id":"https:\/\/arteeluoghi.it\/index.php\/2017\/09\/30\/esistenza-e-figurazione-fight-la-prima-personale-di-silvia-recchia\/#article","isPartOf":{"@id":"https:\/\/arteeluoghi.it\/index.php\/2017\/09\/30\/esistenza-e-figurazione-fight-la-prima-personale-di-silvia-recchia\/#webpage"},"author":{"@id":"https:\/\/arteeluoghi.it\/#\/schema\/person\/f84e814e36e91e01448ee07eaadd41d4"},"headline":"Esistenza e figurazione: Fight, la prima personale di Silvia Recchia","datePublished":"2017-09-30T17:25:18+00:00","dateModified":"2017-09-30T17:25:18+00:00","mainEntityOfPage":{"@id":"https:\/\/arteeluoghi.it\/index.php\/2017\/09\/30\/esistenza-e-figurazione-fight-la-prima-personale-di-silvia-recchia\/#webpage"},"wordCount":446,"commentCount":0,"publisher":{"@id":"https:\/\/arteeluoghi.it\/#organization"},"image":{"@id":"https:\/\/arteeluoghi.it\/index.php\/2017\/09\/30\/esistenza-e-figurazione-fight-la-prima-personale-di-silvia-recchia\/#primaryimage"},"thumbnailUrl":"https:\/\/arteeluoghi.it\/wp-content\/uploads\/2017\/09\/Stairs-tecnica-mista-su-Tela-cm-50x40.jpg","keywords":["Galleria Scaramuzza","Marinilde Giannandrea","Silvia recchia"],"articleSection":["Arte","Arti visive"],"inLanguage":"it-IT","potentialAction":[{"@type":"CommentAction","name":"Comment","target":["https:\/\/arteeluoghi.it\/index.php\/2017\/09\/30\/esistenza-e-figurazione-fight-la-prima-personale-di-silvia-recchia\/#respond"]}]},{"@type":"Person","@id":"https:\/\/arteeluoghi.it\/#\/schema\/person\/f84e814e36e91e01448ee07eaadd41d4","name":"Staff","image":{"@type":"ImageObject","@id":"https:\/\/arteeluoghi.it\/#personlogo","inLanguage":"it-IT","url":"https:\/\/secure.gravatar.com\/avatar\/49d2f9e46271bb04e19cebfaf141313a?s=96&d=blank&r=g","contentUrl":"https:\/\/secure.gravatar.com\/avatar\/49d2f9e46271bb04e19cebfaf141313a?s=96&d=blank&r=g","caption":"Staff"}}]}},"_links":{"self":[{"href":"https:\/\/arteeluoghi.it\/index.php\/wp-json\/wp\/v2\/posts\/3756"}],"collection":[{"href":"https:\/\/arteeluoghi.it\/index.php\/wp-json\/wp\/v2\/posts"}],"about":[{"href":"https:\/\/arteeluoghi.it\/index.php\/wp-json\/wp\/v2\/types\/post"}],"author":[{"embeddable":true,"href":"https:\/\/arteeluoghi.it\/index.php\/wp-json\/wp\/v2\/users\/1"}],"replies":[{"embeddable":true,"href":"https:\/\/arteeluoghi.it\/index.php\/wp-json\/wp\/v2\/comments?post=3756"}],"version-history":[{"count":1,"href":"https:\/\/arteeluoghi.it\/index.php\/wp-json\/wp\/v2\/posts\/3756\/revisions"}],"predecessor-version":[{"id":3759,"href":"https:\/\/arteeluoghi.it\/index.php\/wp-json\/wp\/v2\/posts\/3756\/revisions\/3759"}],"wp:featuredmedia":[{"embeddable":true,"href":"https:\/\/arteeluoghi.it\/index.php\/wp-json\/wp\/v2\/media\/3758"}],"wp:attachment":[{"href":"https:\/\/arteeluoghi.it\/index.php\/wp-json\/wp\/v2\/media?parent=3756"}],"wp:term":[{"taxonomy":"category","embeddable":true,"href":"https:\/\/arteeluoghi.it\/index.php\/wp-json\/wp\/v2\/categories?post=3756"},{"taxonomy":"post_tag","embeddable":true,"href":"https:\/\/arteeluoghi.it\/index.php\/wp-json\/wp\/v2\/tags?post=3756"}],"curies":[{"name":"wp","href":"https:\/\/api.w.org\/{rel}","templated":true}]}}