{"id":379,"date":"2011-11-24T22:54:49","date_gmt":"2011-11-24T21:54:49","guid":{"rendered":"http:\/\/arteeluoghi.it\/index.php\/2011\/11\/24\/baruchello-e-milano\/"},"modified":"2011-11-24T22:54:49","modified_gmt":"2011-11-24T21:54:49","slug":"baruchello-e-milano","status":"publish","type":"post","link":"https:\/\/arteeluoghi.it\/index.php\/2011\/11\/24\/baruchello-e-milano\/","title":{"rendered":"BARUCHELLO E MILANO"},"content":{"rendered":"<p><img src=\"\/images\/stories\/senza titolo.jpg\" border=\"0\" style=\"float: left;\" \/><span style=\"font-size: small;\">DA ALLORA IN POI<\/p>\n<p> BARUCHELLO E MILANO <\/span><br \/>Cinquant\u2019anni<\/p>\n<p>Inaugurazione: gioved\u00ec 1 dicembre 2011 alle ore 18,30<br \/>Dal 2 dicembre al 28 gennaio 2012<\/p>\n<p>In concomitanza con la personale di Gianfranco Baruchello alla Galleria Nazionale d\u2019Arte Moderna di Roma, che verr\u00e0 inaugurata il 20 Dicembre , e a quella a Livorno (10 Dicembre) presso la galleria Peccolo, la Galleria Milano \u00e8 lieta d\u2019annunciare la mostra \u201cDA ALLORA IN POI &#8211; Baruchello e Milano\u201d, che ripercorre 50 anni di lavoro dell\u2019autore con opere che sono state presentate per la prima volta nella\u00a0 nostra citt\u00e0.<\/p>\n<p>La mostra si compone tracciando un excursus completo sulla produzione\u00a0 varia dell\u2019artista, dai dipinti su tela, alluminio, plexiglas e vetro, agli assemblaggi, ai video, ai libri d\u2019artista. Recenti sono alcuni disegni e il video The Coefficient\u00a0 presentato in occasione della Garden Marathon alla Serpentine Gallery di Londra.<br \/>Saranno inoltre disponibili alcune copie di \u201cEtant donn\u00e9 n\u00b010\u201d, pubblicazione dell\u2019associazione per gli studi su Marcel Duchamp, numero interamente dedicato ai rapporti tra Duchamp e Baruchello.<\/p>\n<p>\u00a0<\/p>\n<p>\u00a0<\/p>\n<p>\u00a0<\/p>\n<p>  <!--more-->  <\/p>\n<p>Scrive Baruchello: \u201cRiportare tutto alla pittura: polemica formale, orizzonti politici, incertezze, passioni, sentimenti\u2026 Fare pittura (negli anni settanta) aveva finito per somigliare alla vita\u00a0 cos\u00ec confusa e rischiosa che si viveva in quegli anni.. Voglia di rischiare tutti gli equilibri, una sorta di estremismo nel dare e nel provare, affidarsi a una ricerca\u00a0 senza curarmi di altre certezze al di fuori dei grandi schemi della \u201cmachine c\u00e9libataire\u201d duchampiana. Mi ero dato, come si vede, e mi do licenza di contaminare\u2026 Quello che conta per me non \u00e8 infatti il \u201cvero\u201d ( tutta l\u2019arte finge) ma \u00e8 il possibile uso dinamico che io posso fare dell\u2019esperienza del pensiero altrui e mio, nei modi, nelle dosi e nelle casualit\u00e0 degli incontri tra me e l\u2019opera (ahim\u00e9) di un ristrettissimo numero di \u201cmaestri occulti\u201d(come li defin\u00ec Pessoa). Disegnare, dipingere, sperimentare i media pi\u00f9 recenti, costruire oggetti, dar corso alla voglia di esprimermi in immagini uscendo dagli schemi tradizionali, questo \u00e8 stato il mio lavoro\u201d.<\/p>\n<p>Dagli\u00a0 anni 60 fino alla chiusura della Galleria nel 1975\u00a0 Baruchello ha lavorato con Arturo Schwarz, dal 1981 collabora con noi, e alcune mostre come \u201dAgricola Cornelia\u201d, \u201cIl Faraone dei Sentimenti\u201d, \u201cTu dici: Il punto, La Piega\u201d, \u201cVendita di Sogni e Altro\u201d, sono state\u00a0 pensate dall\u2019artista per la Galleria e documentate da cataloghi.<\/p>\n<p>\u00a0<\/p>\n<p>\u00a0<\/p>\n<p>\u00a0<\/p>\n<p>DA ALLORA IN POI<\/p>\n<p> BARUCHELLO E MILANO<br \/>Cinquant\u2019anni<\/p>\n<p>Inaugurazione: gioved\u00ec 1 dicembre 2011 alle ore 18,30<\/p>\n<p>Periodo espositivo: da venerd\u00ec 2 dicembre a sabato 28 gennaio 2012<br \/> Orari di apertura: da marted\u00ec a sabato dalle ore 10,00 alle 13,00 e dalle 16,00 alle ore 20,00<br \/> Chiusura straordinaria: dal 24 dicembre al 3 gennaio 2012<\/p>\n<p>Galleria Milano<br \/>Via Manin 13 &#8211; Via Turati 14<br \/>20121 Milano<br \/>tel. 02.29000352<br \/>fax 02.29003283<br \/>www.galleriamilano.com<\/p>\n<p>(fonte: comunicato stampa)<\/p>\n","protected":false},"excerpt":{"rendered":"<p>DA ALLORA IN POI BARUCHELLO E MILANO Cinquant\u2019anni Inaugurazione: gioved\u00ec 1 dicembre 2011 alle ore 18,30Dal 2 dicembre al 28<\/p>\n","protected":false},"author":1,"featured_media":0,"comment_status":"open","ping_status":"open","sticky":false,"template":"","format":"standard","meta":[],"categories":[3],"tags":[],"yoast_head":"<!-- This site is optimized with the Yoast SEO plugin v18.0 - https:\/\/yoast.com\/wordpress\/plugins\/seo\/ -->\n<title>BARUCHELLO E MILANO | Arte e Luoghi<\/title>\n<meta name=\"robots\" content=\"index, follow, max-snippet:-1, max-image-preview:large, max-video-preview:-1\" \/>\n<link rel=\"canonical\" href=\"https:\/\/arteeluoghi.it\/index.php\/2011\/11\/24\/baruchello-e-milano\/\" \/>\n<meta property=\"og:locale\" content=\"it_IT\" \/>\n<meta property=\"og:type\" content=\"article\" \/>\n<meta property=\"og:title\" content=\"BARUCHELLO E MILANO | Arte e Luoghi\" \/>\n<meta property=\"og:description\" content=\"DA ALLORA IN POI BARUCHELLO E MILANO Cinquant\u2019anni Inaugurazione: gioved\u00ec 1 dicembre 2011 alle ore 18,30Dal 2 dicembre al 28\" \/>\n<meta property=\"og:url\" content=\"https:\/\/arteeluoghi.it\/index.php\/2011\/11\/24\/baruchello-e-milano\/\" \/>\n<meta property=\"og:site_name\" content=\"Arte e Luoghi\" \/>\n<meta property=\"article:publisher\" content=\"https:\/\/www.facebook.com\/ArteELuoghi\/\" \/>\n<meta property=\"article:published_time\" content=\"2011-11-24T21:54:49+00:00\" \/>\n<meta property=\"og:image\" content=\"https:\/\/arteeluoghi.it\/images\/stories\/senza%20titolo.jpg\" \/>\n<meta name=\"twitter:card\" content=\"summary\" \/>\n<meta name=\"twitter:creator\" content=\"@arteeluoghi\" \/>\n<meta name=\"twitter:site\" content=\"@arteeluoghi\" \/>\n<meta name=\"twitter:label1\" content=\"Scritto da\" \/>\n\t<meta name=\"twitter:data1\" content=\"Staff\" \/>\n\t<meta name=\"twitter:label2\" content=\"Tempo di lettura stimato\" \/>\n\t<meta name=\"twitter:data2\" content=\"2 minuti\" \/>\n<script type=\"application\/ld+json\" class=\"yoast-schema-graph\">{\"@context\":\"https:\/\/schema.org\",\"@graph\":[{\"@type\":\"Organization\",\"@id\":\"https:\/\/arteeluoghi.it\/#organization\",\"name\":\"Arte e Luoghi\",\"url\":\"https:\/\/arteeluoghi.it\/\",\"sameAs\":[\"https:\/\/www.facebook.com\/ArteELuoghi\/\",\"https:\/\/www.instagram.com\/arteeluoghi\/?hl=it\",\"https:\/\/www.youtube.com\/channel\/UCuRVc4JW4-C5sg9rQB-srkw?view_as=subscriber\",\"https:\/\/twitter.com\/arteeluoghi\"],\"logo\":{\"@type\":\"ImageObject\",\"@id\":\"https:\/\/arteeluoghi.it\/#logo\",\"inLanguage\":\"it-IT\",\"url\":\"https:\/\/arteeluoghi.it\/wp-content\/uploads\/2018\/08\/logoinstagramarte.jpg\",\"contentUrl\":\"https:\/\/arteeluoghi.it\/wp-content\/uploads\/2018\/08\/logoinstagramarte.jpg\",\"width\":150,\"height\":150,\"caption\":\"Arte e Luoghi\"},\"image\":{\"@id\":\"https:\/\/arteeluoghi.it\/#logo\"}},{\"@type\":\"WebSite\",\"@id\":\"https:\/\/arteeluoghi.it\/#website\",\"url\":\"https:\/\/arteeluoghi.it\/\",\"name\":\"Arte e Luoghi\",\"description\":\"Mensile di arte, cultura, turismo e curiosit\u00e0\",\"publisher\":{\"@id\":\"https:\/\/arteeluoghi.it\/#organization\"},\"potentialAction\":[{\"@type\":\"SearchAction\",\"target\":{\"@type\":\"EntryPoint\",\"urlTemplate\":\"https:\/\/arteeluoghi.it\/?s={search_term_string}\"},\"query-input\":\"required name=search_term_string\"}],\"inLanguage\":\"it-IT\"},{\"@type\":\"ImageObject\",\"@id\":\"https:\/\/arteeluoghi.it\/index.php\/2011\/11\/24\/baruchello-e-milano\/#primaryimage\",\"inLanguage\":\"it-IT\",\"url\":\"\/images\/stories\/senza titolo.jpg\",\"contentUrl\":\"\/images\/stories\/senza titolo.jpg\"},{\"@type\":\"WebPage\",\"@id\":\"https:\/\/arteeluoghi.it\/index.php\/2011\/11\/24\/baruchello-e-milano\/#webpage\",\"url\":\"https:\/\/arteeluoghi.it\/index.php\/2011\/11\/24\/baruchello-e-milano\/\",\"name\":\"BARUCHELLO E MILANO | Arte e Luoghi\",\"isPartOf\":{\"@id\":\"https:\/\/arteeluoghi.it\/#website\"},\"primaryImageOfPage\":{\"@id\":\"https:\/\/arteeluoghi.it\/index.php\/2011\/11\/24\/baruchello-e-milano\/#primaryimage\"},\"datePublished\":\"2011-11-24T21:54:49+00:00\",\"dateModified\":\"2011-11-24T21:54:49+00:00\",\"breadcrumb\":{\"@id\":\"https:\/\/arteeluoghi.it\/index.php\/2011\/11\/24\/baruchello-e-milano\/#breadcrumb\"},\"inLanguage\":\"it-IT\",\"potentialAction\":[{\"@type\":\"ReadAction\",\"target\":[\"https:\/\/arteeluoghi.it\/index.php\/2011\/11\/24\/baruchello-e-milano\/\"]}]},{\"@type\":\"BreadcrumbList\",\"@id\":\"https:\/\/arteeluoghi.it\/index.php\/2011\/11\/24\/baruchello-e-milano\/#breadcrumb\",\"itemListElement\":[{\"@type\":\"ListItem\",\"position\":1,\"name\":\"Home\",\"item\":\"https:\/\/arteeluoghi.it\/\"},{\"@type\":\"ListItem\",\"position\":2,\"name\":\"BARUCHELLO E MILANO\"}]},{\"@type\":\"Article\",\"@id\":\"https:\/\/arteeluoghi.it\/index.php\/2011\/11\/24\/baruchello-e-milano\/#article\",\"isPartOf\":{\"@id\":\"https:\/\/arteeluoghi.it\/index.php\/2011\/11\/24\/baruchello-e-milano\/#webpage\"},\"author\":{\"@id\":\"https:\/\/arteeluoghi.it\/#\/schema\/person\/f84e814e36e91e01448ee07eaadd41d4\"},\"headline\":\"BARUCHELLO E MILANO\",\"datePublished\":\"2011-11-24T21:54:49+00:00\",\"dateModified\":\"2011-11-24T21:54:49+00:00\",\"mainEntityOfPage\":{\"@id\":\"https:\/\/arteeluoghi.it\/index.php\/2011\/11\/24\/baruchello-e-milano\/#webpage\"},\"wordCount\":432,\"commentCount\":0,\"publisher\":{\"@id\":\"https:\/\/arteeluoghi.it\/#organization\"},\"image\":{\"@id\":\"https:\/\/arteeluoghi.it\/index.php\/2011\/11\/24\/baruchello-e-milano\/#primaryimage\"},\"thumbnailUrl\":\"\/images\/stories\/senza titolo.jpg\",\"articleSection\":[\"Arti visive\"],\"inLanguage\":\"it-IT\",\"potentialAction\":[{\"@type\":\"CommentAction\",\"name\":\"Comment\",\"target\":[\"https:\/\/arteeluoghi.it\/index.php\/2011\/11\/24\/baruchello-e-milano\/#respond\"]}]},{\"@type\":\"Person\",\"@id\":\"https:\/\/arteeluoghi.it\/#\/schema\/person\/f84e814e36e91e01448ee07eaadd41d4\",\"name\":\"Staff\",\"image\":{\"@type\":\"ImageObject\",\"@id\":\"https:\/\/arteeluoghi.it\/#personlogo\",\"inLanguage\":\"it-IT\",\"url\":\"https:\/\/secure.gravatar.com\/avatar\/49d2f9e46271bb04e19cebfaf141313a?s=96&d=blank&r=g\",\"contentUrl\":\"https:\/\/secure.gravatar.com\/avatar\/49d2f9e46271bb04e19cebfaf141313a?s=96&d=blank&r=g\",\"caption\":\"Staff\"}}]}<\/script>\n<!-- \/ Yoast SEO plugin. -->","yoast_head_json":{"title":"BARUCHELLO E MILANO | Arte e Luoghi","robots":{"index":"index","follow":"follow","max-snippet":"max-snippet:-1","max-image-preview":"max-image-preview:large","max-video-preview":"max-video-preview:-1"},"canonical":"https:\/\/arteeluoghi.it\/index.php\/2011\/11\/24\/baruchello-e-milano\/","og_locale":"it_IT","og_type":"article","og_title":"BARUCHELLO E MILANO | Arte e Luoghi","og_description":"DA ALLORA IN POI BARUCHELLO E MILANO Cinquant\u2019anni Inaugurazione: gioved\u00ec 1 dicembre 2011 alle ore 18,30Dal 2 dicembre al 28","og_url":"https:\/\/arteeluoghi.it\/index.php\/2011\/11\/24\/baruchello-e-milano\/","og_site_name":"Arte e Luoghi","article_publisher":"https:\/\/www.facebook.com\/ArteELuoghi\/","article_published_time":"2011-11-24T21:54:49+00:00","og_image":[{"url":"https:\/\/arteeluoghi.it\/images\/stories\/senza titolo.jpg"}],"twitter_card":"summary","twitter_creator":"@arteeluoghi","twitter_site":"@arteeluoghi","twitter_misc":{"Scritto da":"Staff","Tempo di lettura stimato":"2 minuti"},"schema":{"@context":"https:\/\/schema.org","@graph":[{"@type":"Organization","@id":"https:\/\/arteeluoghi.it\/#organization","name":"Arte e Luoghi","url":"https:\/\/arteeluoghi.it\/","sameAs":["https:\/\/www.facebook.com\/ArteELuoghi\/","https:\/\/www.instagram.com\/arteeluoghi\/?hl=it","https:\/\/www.youtube.com\/channel\/UCuRVc4JW4-C5sg9rQB-srkw?view_as=subscriber","https:\/\/twitter.com\/arteeluoghi"],"logo":{"@type":"ImageObject","@id":"https:\/\/arteeluoghi.it\/#logo","inLanguage":"it-IT","url":"https:\/\/arteeluoghi.it\/wp-content\/uploads\/2018\/08\/logoinstagramarte.jpg","contentUrl":"https:\/\/arteeluoghi.it\/wp-content\/uploads\/2018\/08\/logoinstagramarte.jpg","width":150,"height":150,"caption":"Arte e Luoghi"},"image":{"@id":"https:\/\/arteeluoghi.it\/#logo"}},{"@type":"WebSite","@id":"https:\/\/arteeluoghi.it\/#website","url":"https:\/\/arteeluoghi.it\/","name":"Arte e Luoghi","description":"Mensile di arte, cultura, turismo e curiosit\u00e0","publisher":{"@id":"https:\/\/arteeluoghi.it\/#organization"},"potentialAction":[{"@type":"SearchAction","target":{"@type":"EntryPoint","urlTemplate":"https:\/\/arteeluoghi.it\/?s={search_term_string}"},"query-input":"required name=search_term_string"}],"inLanguage":"it-IT"},{"@type":"ImageObject","@id":"https:\/\/arteeluoghi.it\/index.php\/2011\/11\/24\/baruchello-e-milano\/#primaryimage","inLanguage":"it-IT","url":"\/images\/stories\/senza titolo.jpg","contentUrl":"\/images\/stories\/senza titolo.jpg"},{"@type":"WebPage","@id":"https:\/\/arteeluoghi.it\/index.php\/2011\/11\/24\/baruchello-e-milano\/#webpage","url":"https:\/\/arteeluoghi.it\/index.php\/2011\/11\/24\/baruchello-e-milano\/","name":"BARUCHELLO E MILANO | Arte e Luoghi","isPartOf":{"@id":"https:\/\/arteeluoghi.it\/#website"},"primaryImageOfPage":{"@id":"https:\/\/arteeluoghi.it\/index.php\/2011\/11\/24\/baruchello-e-milano\/#primaryimage"},"datePublished":"2011-11-24T21:54:49+00:00","dateModified":"2011-11-24T21:54:49+00:00","breadcrumb":{"@id":"https:\/\/arteeluoghi.it\/index.php\/2011\/11\/24\/baruchello-e-milano\/#breadcrumb"},"inLanguage":"it-IT","potentialAction":[{"@type":"ReadAction","target":["https:\/\/arteeluoghi.it\/index.php\/2011\/11\/24\/baruchello-e-milano\/"]}]},{"@type":"BreadcrumbList","@id":"https:\/\/arteeluoghi.it\/index.php\/2011\/11\/24\/baruchello-e-milano\/#breadcrumb","itemListElement":[{"@type":"ListItem","position":1,"name":"Home","item":"https:\/\/arteeluoghi.it\/"},{"@type":"ListItem","position":2,"name":"BARUCHELLO E MILANO"}]},{"@type":"Article","@id":"https:\/\/arteeluoghi.it\/index.php\/2011\/11\/24\/baruchello-e-milano\/#article","isPartOf":{"@id":"https:\/\/arteeluoghi.it\/index.php\/2011\/11\/24\/baruchello-e-milano\/#webpage"},"author":{"@id":"https:\/\/arteeluoghi.it\/#\/schema\/person\/f84e814e36e91e01448ee07eaadd41d4"},"headline":"BARUCHELLO E MILANO","datePublished":"2011-11-24T21:54:49+00:00","dateModified":"2011-11-24T21:54:49+00:00","mainEntityOfPage":{"@id":"https:\/\/arteeluoghi.it\/index.php\/2011\/11\/24\/baruchello-e-milano\/#webpage"},"wordCount":432,"commentCount":0,"publisher":{"@id":"https:\/\/arteeluoghi.it\/#organization"},"image":{"@id":"https:\/\/arteeluoghi.it\/index.php\/2011\/11\/24\/baruchello-e-milano\/#primaryimage"},"thumbnailUrl":"\/images\/stories\/senza titolo.jpg","articleSection":["Arti visive"],"inLanguage":"it-IT","potentialAction":[{"@type":"CommentAction","name":"Comment","target":["https:\/\/arteeluoghi.it\/index.php\/2011\/11\/24\/baruchello-e-milano\/#respond"]}]},{"@type":"Person","@id":"https:\/\/arteeluoghi.it\/#\/schema\/person\/f84e814e36e91e01448ee07eaadd41d4","name":"Staff","image":{"@type":"ImageObject","@id":"https:\/\/arteeluoghi.it\/#personlogo","inLanguage":"it-IT","url":"https:\/\/secure.gravatar.com\/avatar\/49d2f9e46271bb04e19cebfaf141313a?s=96&d=blank&r=g","contentUrl":"https:\/\/secure.gravatar.com\/avatar\/49d2f9e46271bb04e19cebfaf141313a?s=96&d=blank&r=g","caption":"Staff"}}]}},"_links":{"self":[{"href":"https:\/\/arteeluoghi.it\/index.php\/wp-json\/wp\/v2\/posts\/379"}],"collection":[{"href":"https:\/\/arteeluoghi.it\/index.php\/wp-json\/wp\/v2\/posts"}],"about":[{"href":"https:\/\/arteeluoghi.it\/index.php\/wp-json\/wp\/v2\/types\/post"}],"author":[{"embeddable":true,"href":"https:\/\/arteeluoghi.it\/index.php\/wp-json\/wp\/v2\/users\/1"}],"replies":[{"embeddable":true,"href":"https:\/\/arteeluoghi.it\/index.php\/wp-json\/wp\/v2\/comments?post=379"}],"version-history":[{"count":0,"href":"https:\/\/arteeluoghi.it\/index.php\/wp-json\/wp\/v2\/posts\/379\/revisions"}],"wp:attachment":[{"href":"https:\/\/arteeluoghi.it\/index.php\/wp-json\/wp\/v2\/media?parent=379"}],"wp:term":[{"taxonomy":"category","embeddable":true,"href":"https:\/\/arteeluoghi.it\/index.php\/wp-json\/wp\/v2\/categories?post=379"},{"taxonomy":"post_tag","embeddable":true,"href":"https:\/\/arteeluoghi.it\/index.php\/wp-json\/wp\/v2\/tags?post=379"}],"curies":[{"name":"wp","href":"https:\/\/api.w.org\/{rel}","templated":true}]}}