{"id":3832,"date":"2017-05-18T12:03:04","date_gmt":"2017-05-18T10:03:04","guid":{"rendered":"http:\/\/arteeluoghi.it\/?p=3832"},"modified":"2017-10-12T12:09:26","modified_gmt":"2017-10-12T10:09:26","slug":"minguzzi-sculture-e-disegni-alla-rocca-di-cento","status":"publish","type":"post","link":"https:\/\/arteeluoghi.it\/index.php\/2017\/05\/18\/minguzzi-sculture-e-disegni-alla-rocca-di-cento\/","title":{"rendered":"Minguzzi, sculture e disegni alla Rocca di Cento"},"content":{"rendered":"<p><span style=\"color: #666666;\"><span style=\"font-family: Century Gothic;\"><span style=\"color: #000000;\"><img loading=\"lazy\" class=\"size-medium wp-image-3835 alignright\" src=\"https:\/\/arteeluoghi.it\/wp-content\/uploads\/2017\/10\/Minguzzi_Ultimo-op-la\u0300_2000-240x300.jpg\" alt=\"\" width=\"240\" height=\"300\" srcset=\"https:\/\/arteeluoghi.it\/wp-content\/uploads\/2017\/10\/Minguzzi_Ultimo-op-la\u0300_2000-240x300.jpg 240w, https:\/\/arteeluoghi.it\/wp-content\/uploads\/2017\/10\/Minguzzi_Ultimo-op-la\u0300_2000-768x958.jpg 768w, https:\/\/arteeluoghi.it\/wp-content\/uploads\/2017\/10\/Minguzzi_Ultimo-op-la\u0300_2000-821x1024.jpg 821w\" sizes=\"(max-width: 240px) 100vw, 240px\" \/>La citt\u00e0 di <b>Cento<\/b> (Ferrara) rende omaggio al grande artista <b>Luciano Minguzzi <\/b>(Bologna 1911 \u2013 Milano 2004) con una mostra antologica allestita negli spazi dell\u2019antica Rocca, meta storica per il turismo e sede di importanti manifestazioni culturali.<\/p>\n<p>Promossa dal <b>Comune di Cento<\/b> e dal <b>Centro Studi Internazionale \u2018Il Guercino\u2019<\/b>, in collaborazione con la <b>Fondazione Luciano Minguzzi<\/b>, l&#8217;esposizione <b><i>Minguzzi, sculture e disegni<\/i><\/b>, inserita nella <b>Notte dei Musei 2017 <\/b>&#8211; patrocinata da Consiglio d&#8217;Europa, ICOM e UNESCO &#8211; inaugura <b>sabato 20 maggio<\/b>, con una lunga serata. Presentazione alle <b>ore 21 <\/b>presso il Palazzo del Governatore in Piazza del Guercino e a seguire, fino a mezzanotte, inaugurazione alla Rocca accompagnata da un concerto d&#8217;arpa live.<\/p>\n<p>Un evento d\u2019eccellenza che fino al <b>20 agosto<\/b> invita a scoprire i luoghi dell\u2019arte e della cultura attraverso le opere di uno dei maggiori protagonisti della scultura italiana del Novecento, ambientate tra le mura della suggestiva fortezza sorta alla fine del \u2018300, per volont\u00e0 del vescovo di Bologna, e il cui aspetto attuale \u00e8 frutto dell\u2019impronta voluta nel 1483 da Giuliano della Rovere, futuro Papa Giulio II.<\/p>\n<p>Minguzzi ha creato oltre quattrocento sculture, sin dagli esordi ha partecipato ai pi\u00f9 importanti eventi espositivi internazionali, ottenendo premi e riconoscimenti, e le sue opere sono approdate nelle collezioni private e nei musei di tutto il mondo.<\/p>\n<p>Dopo le ultime retrospettive allestite nella sua citt\u00e0 natale, nel 2012 e nel 2015, la mostra alla Rocca di Cento torna a rendere omaggio al maestro bolognese con una scelta di 43 opere, compresi alcuni disegni, che raccontano il percorso artistico e stilistico e ci regalano l\u2019emozione di un\u2019arte viva, in dialogo tra passato, presente e futuro.<\/p>\n<p><img loading=\"lazy\" class=\"alignnone size-medium wp-image-3834 alignright\" src=\"https:\/\/arteeluoghi.it\/wp-content\/uploads\/2017\/10\/Minguzzi_Il-grande-urlo_1985-160x300.jpg\" alt=\"\" width=\"160\" height=\"300\" srcset=\"https:\/\/arteeluoghi.it\/wp-content\/uploads\/2017\/10\/Minguzzi_Il-grande-urlo_1985-160x300.jpg 160w, https:\/\/arteeluoghi.it\/wp-content\/uploads\/2017\/10\/Minguzzi_Il-grande-urlo_1985-768x1444.jpg 768w, https:\/\/arteeluoghi.it\/wp-content\/uploads\/2017\/10\/Minguzzi_Il-grande-urlo_1985-544x1024.jpg 544w, https:\/\/arteeluoghi.it\/wp-content\/uploads\/2017\/10\/Minguzzi_Il-grande-urlo_1985.jpg 1300w\" sizes=\"(max-width: 160px) 100vw, 160px\" \/>L\u2019intreccio tra tradizione e modernit\u00e0 \u00e8 una costante nell\u2019arte di Minguzzi che sulle orme di Arturo Martini, Giacomo Manz\u00f9 e Marino Marini, guardava agli Etruschi e all\u2019Antelami, a Nicol\u00f2 dell\u2019Arca e a Jacopo della Quercia, per assimilarne la sintesi e la potente energia espressiva, e ugualmente ammirava la scomposizione e ricomposizione di Picasso e la capacit\u00e0 di far vibrare la materia di Medardo Rosso. Formatosi all\u2019Accademia delle Belle Arti di Bologna sotto la guida di Ercole Drei e Giorgio Morandi, e di Roberto Longhi all\u2019universit\u00e0, soggiorna pi\u00f9 volte a Parigi e nel 1951 si trasferisce a Milano dove prosegue la sua carriera verso il successo.<\/p>\n<p>La mostra presenta opere caposaldo in un percorso emozionale e cronologico che rivela significative scoperte formali e tematiche, dove primitivismo, espressionismo e astrazione si intrecciano alimentandosi delle tendenze europee, in uno stile originale e unico.<\/p>\n<p>Ad accogliere il visitatore nel piazzale della Rocca, all\u2019ingresso della mostra e in dialogo con la citt\u00e0, la monumentale <i>Grande contorsionista <\/i>(1952-89), di oltre due metri, tema molto amato dall\u2019artista come quello degli <i>Acrobati <\/i>(1954) esposti nelle sale interne insieme a <i>Donna al trapezio<\/i>, legno policromo del 1956, <i>Donna sul divano<\/i> (1990), morbidamente distesa in posa plastica, e <i>Op l\u00e0<\/i>, ultima creazione del 2000, evoluzione dinamica estrema degna del Giambologna o del Bernini che Minguzzi ha sempre ammirato, sfidando da par loro la materia.<\/p>\n<p><img loading=\"lazy\" class=\"size-medium wp-image-3833 alignleft\" src=\"https:\/\/arteeluoghi.it\/wp-content\/uploads\/2017\/10\/Minguzzi_Donna-sul-divano_1990-300x251.jpg\" alt=\"\" width=\"300\" height=\"251\" srcset=\"https:\/\/arteeluoghi.it\/wp-content\/uploads\/2017\/10\/Minguzzi_Donna-sul-divano_1990-300x251.jpg 300w, https:\/\/arteeluoghi.it\/wp-content\/uploads\/2017\/10\/Minguzzi_Donna-sul-divano_1990-768x642.jpg 768w, https:\/\/arteeluoghi.it\/wp-content\/uploads\/2017\/10\/Minguzzi_Donna-sul-divano_1990-1024x855.jpg 1024w\" sizes=\"(max-width: 300px) 100vw, 300px\" \/>La prima grande commissione pubblica, la V Porta del Duomo di Milano, vinta in concorso nel 1958 superando Lucio Fontana e inaugurata nel 1965, \u00e8 documentata da bozzetti, disegni e dalle sculture lignee <i>Giangaleazzo Visconti a cavallo <\/i>e<i> Frate a cavallo<\/i>, riprese dalle formelle narranti la storia della cattedrale. Un\u2019opera volutamente figurativa e tradizionale nel racconto storico-religioso eppure lo stile tagliente e geometrico \u00e8 in sintonia con i coevi esperimenti astratti, tra cui i <i>Sei personaggi <\/i>(1957), ambientati nel cortile della Rocca, perch\u00e9 anche se Minguzzi non abbandona mai del tutto la figurazione negli anni del dibattito tra realismo e astrazione, accoglie nuovi stimoli, per esempio la scultura di Brancusi e di Harp, e raggiunge sorprendenti esiti.<\/p>\n<p>In contemporanea nascono opere drammatiche come <i>Gli uomini del Lager <\/i>(1957), eseguita in ricordo della guerra e dopo la visita ai campi di Auschwitz, di cui si ammira in mostra il bozzetto; corpi scarnificati in scatole-sepolcro provviste di ante che si possano tramutare in giochi di chiuso-aperto, dentro-fuori, ripresi poi in Fiori chiari ispirata alla via milanese, in <i>Omaggio a Gagarin<\/i>, eseguito dopo il viaggio a Mosca, opere del 1969, e ne <i>I coniugi del n. 7 <\/i>(1972) inseriti in una finestra con vere e proprie persiane, da un ricordo rimasto impresso dall\u2019infanzia.<\/p>\n<p>Lo stesso \u201cespressionismo narrativo\u201d, che mai prescinde da una componente grottesca, si ritrova nel tema degli animali, come il fantastico <i>Oronte <\/i>(1970) e la <i>Civetta in gabbia <\/i>(1952), a cui tocca una condizione di prigionia, e certamente nella grandiosa <i>Porta del Bene e del Male<\/i> (1970-77), nata per San Petronio a Bologna e poi commissionata da Papa Montini per San Pietro in Vaticano. Le vicende religiose sono ancora una volta l\u2019occasione per tracciare con ironia ed epos popolare momenti di profonda sacralit\u00e0 in cui il dramma del martirio o delle crocifissioni sono resi con quella gestualit\u00e0 violenta divenuta un segno di inequivocabile distinzione.<\/p>\n<p>Tra le opere degli anni Ottanta, dedicate in modo pi\u00f9 esplicito al sentimento del destino attraverso il mito, si possono ammirare <i>Dafne <\/i>(1981-84), l\u2019inedita <i>Grande nuotatrice<\/i> (1992), tema desunto da Martini o Carr\u00e0, e l\u2019omaggio al poeta Nievo morto naufrago in mare ovvero l\u2019<i>Ippolito<\/i> del 1989, che rivelano un sentimento di calma e serena fiducia in ci\u00f2 che ci attende.<\/p>\n<p>Di quegli anni sono anche grandi chine dalle tinte accese, arricchite da colate di vino rosso, spesso su manifesti pubblicitari riciclati sul retro, o i pi\u00f9 crudi disegni in pandan con le sculture ispirate alla guerra, tra cui la <i>Fucilazione di Giovanni Minguzzi <\/i>(1991) zio del padre che venne fucilato nel 1851 dalle forze dell\u2019ordine a Bagnacavallo perch\u00e9 aveva ospitato il bandito detto Passator Cortese.<\/p>\n<p>Infine una curiosit\u00e0 poco nota che lega Luciano Minguzzi alla citt\u00e0 di Cento \u00e8 il concorso per la realizzazione del monumento a Ugo Bassi a cui partecip\u00f2 negli anni \u201950, documentato in mostra dal modellino e dal busto in gesso del patriota, provenienti dalla Galleria d\u2019Arte Moderna centese.<\/p>\n<p><b>MINGUZZI, SCULTURE E DISEGNI<\/b><b><br \/>\n<\/b><b>20 maggio \u2013 20 agosto 2017<\/b><b><br \/>\n<\/b><b>Rocca di Cento<\/b><br \/>\nCorso del Guercino, 44042 Cento FE<br \/>\n<b><br \/>\n<\/b><\/span><\/span><\/span><!--more--><\/p>\n<p><span style=\"color: #666666;\"><span style=\"font-family: Century Gothic;\"><span style=\"color: #000000;\"><b>ORARIO MOSTRA<\/b><br \/>\nVenerd\u00ec, sabato, domenica e festivi h 10-13 \/ 15.30-19.30 &gt; ingresso libero<\/p>\n<p><b>INFO <\/b>T 051 6843334 &#8211; 390 <a class=\"x_moz-txt-link-abbreviated\" href=\"mailto:informaturismo@comune.cento.fe.it\" target=\"_blank\" rel=\"noopener noreferrer\">informaturismo@comune.cento.fe.it<\/a><br \/>\n<a class=\"x_moz-txt-link-abbreviated\" href=\"http:\/\/www.comune.cento.fe.it\" target=\"_blank\" rel=\"noopener noreferrer\">www.comune.cento.fe.it<\/a><br \/>\n<b><br \/>\n<\/b><\/span><\/span><\/span><\/p>\n","protected":false},"excerpt":{"rendered":"<p>La citt\u00e0 di Cento (Ferrara) rende omaggio al grande artista Luciano Minguzzi (Bologna 1911 \u2013 Milano 2004) con una mostra<\/p>\n","protected":false},"author":1,"featured_media":3833,"comment_status":"open","ping_status":"open","sticky":true,"template":"","format":"standard","meta":[],"categories":[27,6],"tags":[306,305,307],"yoast_head":"<!-- This site is optimized with the Yoast SEO plugin v18.0 - https:\/\/yoast.com\/wordpress\/plugins\/seo\/ -->\n<title>Minguzzi, sculture e disegni alla Rocca di Cento | Arte e Luoghi<\/title>\n<meta name=\"robots\" content=\"index, follow, max-snippet:-1, max-image-preview:large, max-video-preview:-1\" \/>\n<link rel=\"canonical\" href=\"https:\/\/arteeluoghi.it\/index.php\/2017\/05\/18\/minguzzi-sculture-e-disegni-alla-rocca-di-cento\/\" \/>\n<meta property=\"og:locale\" content=\"it_IT\" \/>\n<meta property=\"og:type\" content=\"article\" \/>\n<meta property=\"og:title\" content=\"Minguzzi, sculture e disegni alla Rocca di Cento | Arte e Luoghi\" \/>\n<meta property=\"og:description\" content=\"La citt\u00e0 di Cento (Ferrara) rende omaggio al grande artista Luciano Minguzzi (Bologna 1911 \u2013 Milano 2004) con una mostra\" \/>\n<meta property=\"og:url\" content=\"https:\/\/arteeluoghi.it\/index.php\/2017\/05\/18\/minguzzi-sculture-e-disegni-alla-rocca-di-cento\/\" \/>\n<meta property=\"og:site_name\" content=\"Arte e Luoghi\" \/>\n<meta property=\"article:publisher\" content=\"https:\/\/www.facebook.com\/ArteELuoghi\/\" \/>\n<meta property=\"article:published_time\" content=\"2017-05-18T10:03:04+00:00\" \/>\n<meta property=\"article:modified_time\" content=\"2017-10-12T10:09:26+00:00\" \/>\n<meta property=\"og:image\" content=\"https:\/\/arteeluoghi.it\/wp-content\/uploads\/2017\/10\/Minguzzi_Donna-sul-divano_1990.jpg\" \/>\n\t<meta property=\"og:image:width\" content=\"2844\" \/>\n\t<meta property=\"og:image:height\" content=\"2376\" \/>\n\t<meta property=\"og:image:type\" content=\"image\/jpeg\" \/>\n<meta name=\"twitter:card\" content=\"summary\" \/>\n<meta name=\"twitter:creator\" content=\"@arteeluoghi\" \/>\n<meta name=\"twitter:site\" content=\"@arteeluoghi\" \/>\n<meta name=\"twitter:label1\" content=\"Scritto da\" \/>\n\t<meta name=\"twitter:data1\" content=\"Staff\" \/>\n\t<meta name=\"twitter:label2\" content=\"Tempo di lettura stimato\" \/>\n\t<meta name=\"twitter:data2\" content=\"5 minuti\" \/>\n<script type=\"application\/ld+json\" class=\"yoast-schema-graph\">{\"@context\":\"https:\/\/schema.org\",\"@graph\":[{\"@type\":\"Organization\",\"@id\":\"https:\/\/arteeluoghi.it\/#organization\",\"name\":\"Arte e Luoghi\",\"url\":\"https:\/\/arteeluoghi.it\/\",\"sameAs\":[\"https:\/\/www.facebook.com\/ArteELuoghi\/\",\"https:\/\/www.instagram.com\/arteeluoghi\/?hl=it\",\"https:\/\/www.youtube.com\/channel\/UCuRVc4JW4-C5sg9rQB-srkw?view_as=subscriber\",\"https:\/\/twitter.com\/arteeluoghi\"],\"logo\":{\"@type\":\"ImageObject\",\"@id\":\"https:\/\/arteeluoghi.it\/#logo\",\"inLanguage\":\"it-IT\",\"url\":\"https:\/\/arteeluoghi.it\/wp-content\/uploads\/2018\/08\/logoinstagramarte.jpg\",\"contentUrl\":\"https:\/\/arteeluoghi.it\/wp-content\/uploads\/2018\/08\/logoinstagramarte.jpg\",\"width\":150,\"height\":150,\"caption\":\"Arte e Luoghi\"},\"image\":{\"@id\":\"https:\/\/arteeluoghi.it\/#logo\"}},{\"@type\":\"WebSite\",\"@id\":\"https:\/\/arteeluoghi.it\/#website\",\"url\":\"https:\/\/arteeluoghi.it\/\",\"name\":\"Arte e Luoghi\",\"description\":\"Mensile di arte, cultura, turismo e curiosit\u00e0\",\"publisher\":{\"@id\":\"https:\/\/arteeluoghi.it\/#organization\"},\"potentialAction\":[{\"@type\":\"SearchAction\",\"target\":{\"@type\":\"EntryPoint\",\"urlTemplate\":\"https:\/\/arteeluoghi.it\/?s={search_term_string}\"},\"query-input\":\"required name=search_term_string\"}],\"inLanguage\":\"it-IT\"},{\"@type\":\"ImageObject\",\"@id\":\"https:\/\/arteeluoghi.it\/index.php\/2017\/05\/18\/minguzzi-sculture-e-disegni-alla-rocca-di-cento\/#primaryimage\",\"inLanguage\":\"it-IT\",\"url\":\"https:\/\/arteeluoghi.it\/wp-content\/uploads\/2017\/10\/Minguzzi_Donna-sul-divano_1990.jpg\",\"contentUrl\":\"https:\/\/arteeluoghi.it\/wp-content\/uploads\/2017\/10\/Minguzzi_Donna-sul-divano_1990.jpg\",\"width\":2844,\"height\":2376},{\"@type\":\"WebPage\",\"@id\":\"https:\/\/arteeluoghi.it\/index.php\/2017\/05\/18\/minguzzi-sculture-e-disegni-alla-rocca-di-cento\/#webpage\",\"url\":\"https:\/\/arteeluoghi.it\/index.php\/2017\/05\/18\/minguzzi-sculture-e-disegni-alla-rocca-di-cento\/\",\"name\":\"Minguzzi, sculture e disegni alla Rocca di Cento | Arte e Luoghi\",\"isPartOf\":{\"@id\":\"https:\/\/arteeluoghi.it\/#website\"},\"primaryImageOfPage\":{\"@id\":\"https:\/\/arteeluoghi.it\/index.php\/2017\/05\/18\/minguzzi-sculture-e-disegni-alla-rocca-di-cento\/#primaryimage\"},\"datePublished\":\"2017-05-18T10:03:04+00:00\",\"dateModified\":\"2017-10-12T10:09:26+00:00\",\"breadcrumb\":{\"@id\":\"https:\/\/arteeluoghi.it\/index.php\/2017\/05\/18\/minguzzi-sculture-e-disegni-alla-rocca-di-cento\/#breadcrumb\"},\"inLanguage\":\"it-IT\",\"potentialAction\":[{\"@type\":\"ReadAction\",\"target\":[\"https:\/\/arteeluoghi.it\/index.php\/2017\/05\/18\/minguzzi-sculture-e-disegni-alla-rocca-di-cento\/\"]}]},{\"@type\":\"BreadcrumbList\",\"@id\":\"https:\/\/arteeluoghi.it\/index.php\/2017\/05\/18\/minguzzi-sculture-e-disegni-alla-rocca-di-cento\/#breadcrumb\",\"itemListElement\":[{\"@type\":\"ListItem\",\"position\":1,\"name\":\"Home\",\"item\":\"https:\/\/arteeluoghi.it\/\"},{\"@type\":\"ListItem\",\"position\":2,\"name\":\"Minguzzi, sculture e disegni alla Rocca di Cento\"}]},{\"@type\":\"Article\",\"@id\":\"https:\/\/arteeluoghi.it\/index.php\/2017\/05\/18\/minguzzi-sculture-e-disegni-alla-rocca-di-cento\/#article\",\"isPartOf\":{\"@id\":\"https:\/\/arteeluoghi.it\/index.php\/2017\/05\/18\/minguzzi-sculture-e-disegni-alla-rocca-di-cento\/#webpage\"},\"author\":{\"@id\":\"https:\/\/arteeluoghi.it\/#\/schema\/person\/f84e814e36e91e01448ee07eaadd41d4\"},\"headline\":\"Minguzzi, sculture e disegni alla Rocca di Cento\",\"datePublished\":\"2017-05-18T10:03:04+00:00\",\"dateModified\":\"2017-10-12T10:09:26+00:00\",\"mainEntityOfPage\":{\"@id\":\"https:\/\/arteeluoghi.it\/index.php\/2017\/05\/18\/minguzzi-sculture-e-disegni-alla-rocca-di-cento\/#webpage\"},\"wordCount\":1017,\"commentCount\":0,\"publisher\":{\"@id\":\"https:\/\/arteeluoghi.it\/#organization\"},\"image\":{\"@id\":\"https:\/\/arteeluoghi.it\/index.php\/2017\/05\/18\/minguzzi-sculture-e-disegni-alla-rocca-di-cento\/#primaryimage\"},\"thumbnailUrl\":\"https:\/\/arteeluoghi.it\/wp-content\/uploads\/2017\/10\/Minguzzi_Donna-sul-divano_1990.jpg\",\"keywords\":[\"Cento\",\"Fondazione Luciano Minguzzi\",\"scultura\"],\"articleSection\":[\"Arte\",\"Scultura\"],\"inLanguage\":\"it-IT\",\"potentialAction\":[{\"@type\":\"CommentAction\",\"name\":\"Comment\",\"target\":[\"https:\/\/arteeluoghi.it\/index.php\/2017\/05\/18\/minguzzi-sculture-e-disegni-alla-rocca-di-cento\/#respond\"]}]},{\"@type\":\"Person\",\"@id\":\"https:\/\/arteeluoghi.it\/#\/schema\/person\/f84e814e36e91e01448ee07eaadd41d4\",\"name\":\"Staff\",\"image\":{\"@type\":\"ImageObject\",\"@id\":\"https:\/\/arteeluoghi.it\/#personlogo\",\"inLanguage\":\"it-IT\",\"url\":\"https:\/\/secure.gravatar.com\/avatar\/49d2f9e46271bb04e19cebfaf141313a?s=96&d=blank&r=g\",\"contentUrl\":\"https:\/\/secure.gravatar.com\/avatar\/49d2f9e46271bb04e19cebfaf141313a?s=96&d=blank&r=g\",\"caption\":\"Staff\"}}]}<\/script>\n<!-- \/ Yoast SEO plugin. -->","yoast_head_json":{"title":"Minguzzi, sculture e disegni alla Rocca di Cento | Arte e Luoghi","robots":{"index":"index","follow":"follow","max-snippet":"max-snippet:-1","max-image-preview":"max-image-preview:large","max-video-preview":"max-video-preview:-1"},"canonical":"https:\/\/arteeluoghi.it\/index.php\/2017\/05\/18\/minguzzi-sculture-e-disegni-alla-rocca-di-cento\/","og_locale":"it_IT","og_type":"article","og_title":"Minguzzi, sculture e disegni alla Rocca di Cento | Arte e Luoghi","og_description":"La citt\u00e0 di Cento (Ferrara) rende omaggio al grande artista Luciano Minguzzi (Bologna 1911 \u2013 Milano 2004) con una mostra","og_url":"https:\/\/arteeluoghi.it\/index.php\/2017\/05\/18\/minguzzi-sculture-e-disegni-alla-rocca-di-cento\/","og_site_name":"Arte e Luoghi","article_publisher":"https:\/\/www.facebook.com\/ArteELuoghi\/","article_published_time":"2017-05-18T10:03:04+00:00","article_modified_time":"2017-10-12T10:09:26+00:00","og_image":[{"width":2844,"height":2376,"url":"https:\/\/arteeluoghi.it\/wp-content\/uploads\/2017\/10\/Minguzzi_Donna-sul-divano_1990.jpg","type":"image\/jpeg"}],"twitter_card":"summary","twitter_creator":"@arteeluoghi","twitter_site":"@arteeluoghi","twitter_misc":{"Scritto da":"Staff","Tempo di lettura stimato":"5 minuti"},"schema":{"@context":"https:\/\/schema.org","@graph":[{"@type":"Organization","@id":"https:\/\/arteeluoghi.it\/#organization","name":"Arte e Luoghi","url":"https:\/\/arteeluoghi.it\/","sameAs":["https:\/\/www.facebook.com\/ArteELuoghi\/","https:\/\/www.instagram.com\/arteeluoghi\/?hl=it","https:\/\/www.youtube.com\/channel\/UCuRVc4JW4-C5sg9rQB-srkw?view_as=subscriber","https:\/\/twitter.com\/arteeluoghi"],"logo":{"@type":"ImageObject","@id":"https:\/\/arteeluoghi.it\/#logo","inLanguage":"it-IT","url":"https:\/\/arteeluoghi.it\/wp-content\/uploads\/2018\/08\/logoinstagramarte.jpg","contentUrl":"https:\/\/arteeluoghi.it\/wp-content\/uploads\/2018\/08\/logoinstagramarte.jpg","width":150,"height":150,"caption":"Arte e Luoghi"},"image":{"@id":"https:\/\/arteeluoghi.it\/#logo"}},{"@type":"WebSite","@id":"https:\/\/arteeluoghi.it\/#website","url":"https:\/\/arteeluoghi.it\/","name":"Arte e Luoghi","description":"Mensile di arte, cultura, turismo e curiosit\u00e0","publisher":{"@id":"https:\/\/arteeluoghi.it\/#organization"},"potentialAction":[{"@type":"SearchAction","target":{"@type":"EntryPoint","urlTemplate":"https:\/\/arteeluoghi.it\/?s={search_term_string}"},"query-input":"required name=search_term_string"}],"inLanguage":"it-IT"},{"@type":"ImageObject","@id":"https:\/\/arteeluoghi.it\/index.php\/2017\/05\/18\/minguzzi-sculture-e-disegni-alla-rocca-di-cento\/#primaryimage","inLanguage":"it-IT","url":"https:\/\/arteeluoghi.it\/wp-content\/uploads\/2017\/10\/Minguzzi_Donna-sul-divano_1990.jpg","contentUrl":"https:\/\/arteeluoghi.it\/wp-content\/uploads\/2017\/10\/Minguzzi_Donna-sul-divano_1990.jpg","width":2844,"height":2376},{"@type":"WebPage","@id":"https:\/\/arteeluoghi.it\/index.php\/2017\/05\/18\/minguzzi-sculture-e-disegni-alla-rocca-di-cento\/#webpage","url":"https:\/\/arteeluoghi.it\/index.php\/2017\/05\/18\/minguzzi-sculture-e-disegni-alla-rocca-di-cento\/","name":"Minguzzi, sculture e disegni alla Rocca di Cento | Arte e Luoghi","isPartOf":{"@id":"https:\/\/arteeluoghi.it\/#website"},"primaryImageOfPage":{"@id":"https:\/\/arteeluoghi.it\/index.php\/2017\/05\/18\/minguzzi-sculture-e-disegni-alla-rocca-di-cento\/#primaryimage"},"datePublished":"2017-05-18T10:03:04+00:00","dateModified":"2017-10-12T10:09:26+00:00","breadcrumb":{"@id":"https:\/\/arteeluoghi.it\/index.php\/2017\/05\/18\/minguzzi-sculture-e-disegni-alla-rocca-di-cento\/#breadcrumb"},"inLanguage":"it-IT","potentialAction":[{"@type":"ReadAction","target":["https:\/\/arteeluoghi.it\/index.php\/2017\/05\/18\/minguzzi-sculture-e-disegni-alla-rocca-di-cento\/"]}]},{"@type":"BreadcrumbList","@id":"https:\/\/arteeluoghi.it\/index.php\/2017\/05\/18\/minguzzi-sculture-e-disegni-alla-rocca-di-cento\/#breadcrumb","itemListElement":[{"@type":"ListItem","position":1,"name":"Home","item":"https:\/\/arteeluoghi.it\/"},{"@type":"ListItem","position":2,"name":"Minguzzi, sculture e disegni alla Rocca di Cento"}]},{"@type":"Article","@id":"https:\/\/arteeluoghi.it\/index.php\/2017\/05\/18\/minguzzi-sculture-e-disegni-alla-rocca-di-cento\/#article","isPartOf":{"@id":"https:\/\/arteeluoghi.it\/index.php\/2017\/05\/18\/minguzzi-sculture-e-disegni-alla-rocca-di-cento\/#webpage"},"author":{"@id":"https:\/\/arteeluoghi.it\/#\/schema\/person\/f84e814e36e91e01448ee07eaadd41d4"},"headline":"Minguzzi, sculture e disegni alla Rocca di Cento","datePublished":"2017-05-18T10:03:04+00:00","dateModified":"2017-10-12T10:09:26+00:00","mainEntityOfPage":{"@id":"https:\/\/arteeluoghi.it\/index.php\/2017\/05\/18\/minguzzi-sculture-e-disegni-alla-rocca-di-cento\/#webpage"},"wordCount":1017,"commentCount":0,"publisher":{"@id":"https:\/\/arteeluoghi.it\/#organization"},"image":{"@id":"https:\/\/arteeluoghi.it\/index.php\/2017\/05\/18\/minguzzi-sculture-e-disegni-alla-rocca-di-cento\/#primaryimage"},"thumbnailUrl":"https:\/\/arteeluoghi.it\/wp-content\/uploads\/2017\/10\/Minguzzi_Donna-sul-divano_1990.jpg","keywords":["Cento","Fondazione Luciano Minguzzi","scultura"],"articleSection":["Arte","Scultura"],"inLanguage":"it-IT","potentialAction":[{"@type":"CommentAction","name":"Comment","target":["https:\/\/arteeluoghi.it\/index.php\/2017\/05\/18\/minguzzi-sculture-e-disegni-alla-rocca-di-cento\/#respond"]}]},{"@type":"Person","@id":"https:\/\/arteeluoghi.it\/#\/schema\/person\/f84e814e36e91e01448ee07eaadd41d4","name":"Staff","image":{"@type":"ImageObject","@id":"https:\/\/arteeluoghi.it\/#personlogo","inLanguage":"it-IT","url":"https:\/\/secure.gravatar.com\/avatar\/49d2f9e46271bb04e19cebfaf141313a?s=96&d=blank&r=g","contentUrl":"https:\/\/secure.gravatar.com\/avatar\/49d2f9e46271bb04e19cebfaf141313a?s=96&d=blank&r=g","caption":"Staff"}}]}},"_links":{"self":[{"href":"https:\/\/arteeluoghi.it\/index.php\/wp-json\/wp\/v2\/posts\/3832"}],"collection":[{"href":"https:\/\/arteeluoghi.it\/index.php\/wp-json\/wp\/v2\/posts"}],"about":[{"href":"https:\/\/arteeluoghi.it\/index.php\/wp-json\/wp\/v2\/types\/post"}],"author":[{"embeddable":true,"href":"https:\/\/arteeluoghi.it\/index.php\/wp-json\/wp\/v2\/users\/1"}],"replies":[{"embeddable":true,"href":"https:\/\/arteeluoghi.it\/index.php\/wp-json\/wp\/v2\/comments?post=3832"}],"version-history":[{"count":1,"href":"https:\/\/arteeluoghi.it\/index.php\/wp-json\/wp\/v2\/posts\/3832\/revisions"}],"predecessor-version":[{"id":3836,"href":"https:\/\/arteeluoghi.it\/index.php\/wp-json\/wp\/v2\/posts\/3832\/revisions\/3836"}],"wp:featuredmedia":[{"embeddable":true,"href":"https:\/\/arteeluoghi.it\/index.php\/wp-json\/wp\/v2\/media\/3833"}],"wp:attachment":[{"href":"https:\/\/arteeluoghi.it\/index.php\/wp-json\/wp\/v2\/media?parent=3832"}],"wp:term":[{"taxonomy":"category","embeddable":true,"href":"https:\/\/arteeluoghi.it\/index.php\/wp-json\/wp\/v2\/categories?post=3832"},{"taxonomy":"post_tag","embeddable":true,"href":"https:\/\/arteeluoghi.it\/index.php\/wp-json\/wp\/v2\/tags?post=3832"}],"curies":[{"name":"wp","href":"https:\/\/api.w.org\/{rel}","templated":true}]}}