{"id":3846,"date":"2017-10-16T14:09:18","date_gmt":"2017-10-16T12:09:18","guid":{"rendered":"http:\/\/arteeluoghi.it\/?p=3846"},"modified":"2017-10-16T14:09:18","modified_gmt":"2017-10-16T12:09:18","slug":"milano-celebra-toulouse-lautrec","status":"publish","type":"post","link":"https:\/\/arteeluoghi.it\/index.php\/2017\/10\/16\/milano-celebra-toulouse-lautrec\/","title":{"rendered":"Milano celebra Toulouse-Lautrec"},"content":{"rendered":"<p dir=\"ltr\"><img loading=\"lazy\" class=\"alignleft wp-image-3847 size-medium\" src=\"https:\/\/arteeluoghi.it\/wp-content\/uploads\/2017\/10\/04-Henri-de-Toulouse-Lautrec-229x300.jpg\" alt=\"\" width=\"229\" height=\"300\" srcset=\"https:\/\/arteeluoghi.it\/wp-content\/uploads\/2017\/10\/04-Henri-de-Toulouse-Lautrec-229x300.jpg 229w, https:\/\/arteeluoghi.it\/wp-content\/uploads\/2017\/10\/04-Henri-de-Toulouse-Lautrec-768x1007.jpg 768w, https:\/\/arteeluoghi.it\/wp-content\/uploads\/2017\/10\/04-Henri-de-Toulouse-Lautrec-781x1024.jpg 781w\" sizes=\"(max-width: 229px) 100vw, 229px\" \/>Dal 17 ottobre 2017 al 18 febbraio 2018, Palazzo Reale di Milano celebrer\u00e0 Henri de Toulouse-Lautrec (1864-1901) con una grande mostra monografica che ne evidenzier\u00e0 l\u2019intero percorso artistico e i tratti di straordinaria modernit\u00e0. La mostra, a cura di Dani\u00e8le Devynck (direttrice del Museo Toulouse-Lautrec di Albi) e Claudia Zevi, \u00e8 promossa e prodotta da Comune di Milano-Cultura, da Palazzo Reale, da Giunti Arte Mostre Musei e da Electa, con il Mus\u00e9e Toulouse-Lautrec di Albi e l\u2019Institut national d&#8217;histoire de l&#8217;art (INHA) di Parigi.<\/p>\n<p dir=\"ltr\">Il progetto espositivo, articolato in sezioni tematiche, condurr\u00e0 il visitatore a comprendere il fascino e l\u2019importanza artistica del pittore boh\u00e9mien che, senza aderire mai a una scuola, seppe costruire un nuovo e provocatorio realismo, sintesi estrema di forma, colore e movimento.<\/p>\n<p dir=\"ltr\"><!--more-->L\u2019evoluzione stilistica dell\u2019autore, di origine aristocratica ma testimone della Parigi dei bassifondi e delle case chiuse, verr\u00e0 delineata in tutte le sue fasi di maturazione, dalla pittura alla grafica, con particolare riguardo per la sua profonda conoscenza delle stampe giapponesi e per la passione verso la fotografia. In mostra saranno esposte oltre 250 opere di Toulouse-Lautrec, con ben 35 dipinti, oltre a litografie, acqueforti e la serie completa di tutti i 22 manifesti realizzati dall\u2019artista \u2018maledetto\u2019, provenienti dal Mus\u00e9e Toulouse-Lautrec di Albi e da importanti musei e collezioni internazionali come la Tate Modern di Londra, la National Gallery of Art di Washington, il Museo Pu\u0161kin di Mosca, il Museum of Fine Arts di Houston, il MASP (Museu de Arte di San Paolo), e la Bibliotheque Nationale de France di Parigi, per non citare che i principali prestatori, e da diverse storiche collezioni private. (fonte: comunicato stampa)<\/p>\n","protected":false},"excerpt":{"rendered":"<p>Dal 17 ottobre 2017 al 18 febbraio 2018, Palazzo Reale di Milano celebrer\u00e0 Henri de Toulouse-Lautrec (1864-1901) con una grande<\/p>\n","protected":false},"author":1,"featured_media":3847,"comment_status":"open","ping_status":"open","sticky":false,"template":"","format":"standard","meta":[],"categories":[27,3],"tags":[313,312],"yoast_head":"<!-- This site is optimized with the Yoast SEO plugin v18.0 - https:\/\/yoast.com\/wordpress\/plugins\/seo\/ -->\n<title>Milano celebra Toulouse-Lautrec | Arte e Luoghi<\/title>\n<meta name=\"robots\" content=\"index, follow, max-snippet:-1, max-image-preview:large, max-video-preview:-1\" \/>\n<link rel=\"canonical\" href=\"https:\/\/arteeluoghi.it\/index.php\/2017\/10\/16\/milano-celebra-toulouse-lautrec\/\" \/>\n<meta property=\"og:locale\" content=\"it_IT\" \/>\n<meta property=\"og:type\" content=\"article\" \/>\n<meta property=\"og:title\" content=\"Milano celebra Toulouse-Lautrec | Arte e Luoghi\" \/>\n<meta property=\"og:description\" content=\"Dal 17 ottobre 2017 al 18 febbraio 2018, Palazzo Reale di Milano celebrer\u00e0 Henri de Toulouse-Lautrec (1864-1901) con una grande\" \/>\n<meta property=\"og:url\" content=\"https:\/\/arteeluoghi.it\/index.php\/2017\/10\/16\/milano-celebra-toulouse-lautrec\/\" \/>\n<meta property=\"og:site_name\" content=\"Arte e Luoghi\" \/>\n<meta property=\"article:publisher\" content=\"https:\/\/www.facebook.com\/ArteELuoghi\/\" \/>\n<meta property=\"article:published_time\" content=\"2017-10-16T12:09:18+00:00\" \/>\n<meta property=\"og:image\" content=\"https:\/\/arteeluoghi.it\/wp-content\/uploads\/2017\/10\/04-Henri-de-Toulouse-Lautrec-781x1024.jpg\" \/>\n\t<meta property=\"og:image:width\" content=\"781\" \/>\n\t<meta property=\"og:image:height\" content=\"1024\" \/>\n\t<meta property=\"og:image:type\" content=\"image\/jpeg\" \/>\n<meta name=\"twitter:card\" content=\"summary\" \/>\n<meta name=\"twitter:creator\" content=\"@arteeluoghi\" \/>\n<meta name=\"twitter:site\" content=\"@arteeluoghi\" \/>\n<meta name=\"twitter:label1\" content=\"Scritto da\" \/>\n\t<meta name=\"twitter:data1\" content=\"Staff\" \/>\n\t<meta name=\"twitter:label2\" content=\"Tempo di lettura stimato\" \/>\n\t<meta name=\"twitter:data2\" content=\"1 minuto\" \/>\n<script type=\"application\/ld+json\" class=\"yoast-schema-graph\">{\"@context\":\"https:\/\/schema.org\",\"@graph\":[{\"@type\":\"Organization\",\"@id\":\"https:\/\/arteeluoghi.it\/#organization\",\"name\":\"Arte e Luoghi\",\"url\":\"https:\/\/arteeluoghi.it\/\",\"sameAs\":[\"https:\/\/www.facebook.com\/ArteELuoghi\/\",\"https:\/\/www.instagram.com\/arteeluoghi\/?hl=it\",\"https:\/\/www.youtube.com\/channel\/UCuRVc4JW4-C5sg9rQB-srkw?view_as=subscriber\",\"https:\/\/twitter.com\/arteeluoghi\"],\"logo\":{\"@type\":\"ImageObject\",\"@id\":\"https:\/\/arteeluoghi.it\/#logo\",\"inLanguage\":\"it-IT\",\"url\":\"https:\/\/arteeluoghi.it\/wp-content\/uploads\/2018\/08\/logoinstagramarte.jpg\",\"contentUrl\":\"https:\/\/arteeluoghi.it\/wp-content\/uploads\/2018\/08\/logoinstagramarte.jpg\",\"width\":150,\"height\":150,\"caption\":\"Arte e Luoghi\"},\"image\":{\"@id\":\"https:\/\/arteeluoghi.it\/#logo\"}},{\"@type\":\"WebSite\",\"@id\":\"https:\/\/arteeluoghi.it\/#website\",\"url\":\"https:\/\/arteeluoghi.it\/\",\"name\":\"Arte e Luoghi\",\"description\":\"Mensile di arte, cultura, turismo e curiosit\u00e0\",\"publisher\":{\"@id\":\"https:\/\/arteeluoghi.it\/#organization\"},\"potentialAction\":[{\"@type\":\"SearchAction\",\"target\":{\"@type\":\"EntryPoint\",\"urlTemplate\":\"https:\/\/arteeluoghi.it\/?s={search_term_string}\"},\"query-input\":\"required name=search_term_string\"}],\"inLanguage\":\"it-IT\"},{\"@type\":\"ImageObject\",\"@id\":\"https:\/\/arteeluoghi.it\/index.php\/2017\/10\/16\/milano-celebra-toulouse-lautrec\/#primaryimage\",\"inLanguage\":\"it-IT\",\"url\":\"https:\/\/arteeluoghi.it\/wp-content\/uploads\/2017\/10\/04-Henri-de-Toulouse-Lautrec.jpg\",\"contentUrl\":\"https:\/\/arteeluoghi.it\/wp-content\/uploads\/2017\/10\/04-Henri-de-Toulouse-Lautrec.jpg\",\"width\":2400,\"height\":3147},{\"@type\":\"WebPage\",\"@id\":\"https:\/\/arteeluoghi.it\/index.php\/2017\/10\/16\/milano-celebra-toulouse-lautrec\/#webpage\",\"url\":\"https:\/\/arteeluoghi.it\/index.php\/2017\/10\/16\/milano-celebra-toulouse-lautrec\/\",\"name\":\"Milano celebra Toulouse-Lautrec | Arte e Luoghi\",\"isPartOf\":{\"@id\":\"https:\/\/arteeluoghi.it\/#website\"},\"primaryImageOfPage\":{\"@id\":\"https:\/\/arteeluoghi.it\/index.php\/2017\/10\/16\/milano-celebra-toulouse-lautrec\/#primaryimage\"},\"datePublished\":\"2017-10-16T12:09:18+00:00\",\"dateModified\":\"2017-10-16T12:09:18+00:00\",\"breadcrumb\":{\"@id\":\"https:\/\/arteeluoghi.it\/index.php\/2017\/10\/16\/milano-celebra-toulouse-lautrec\/#breadcrumb\"},\"inLanguage\":\"it-IT\",\"potentialAction\":[{\"@type\":\"ReadAction\",\"target\":[\"https:\/\/arteeluoghi.it\/index.php\/2017\/10\/16\/milano-celebra-toulouse-lautrec\/\"]}]},{\"@type\":\"BreadcrumbList\",\"@id\":\"https:\/\/arteeluoghi.it\/index.php\/2017\/10\/16\/milano-celebra-toulouse-lautrec\/#breadcrumb\",\"itemListElement\":[{\"@type\":\"ListItem\",\"position\":1,\"name\":\"Home\",\"item\":\"https:\/\/arteeluoghi.it\/\"},{\"@type\":\"ListItem\",\"position\":2,\"name\":\"Milano celebra Toulouse-Lautrec\"}]},{\"@type\":\"Article\",\"@id\":\"https:\/\/arteeluoghi.it\/index.php\/2017\/10\/16\/milano-celebra-toulouse-lautrec\/#article\",\"isPartOf\":{\"@id\":\"https:\/\/arteeluoghi.it\/index.php\/2017\/10\/16\/milano-celebra-toulouse-lautrec\/#webpage\"},\"author\":{\"@id\":\"https:\/\/arteeluoghi.it\/#\/schema\/person\/f84e814e36e91e01448ee07eaadd41d4\"},\"headline\":\"Milano celebra Toulouse-Lautrec\",\"datePublished\":\"2017-10-16T12:09:18+00:00\",\"dateModified\":\"2017-10-16T12:09:18+00:00\",\"mainEntityOfPage\":{\"@id\":\"https:\/\/arteeluoghi.it\/index.php\/2017\/10\/16\/milano-celebra-toulouse-lautrec\/#webpage\"},\"wordCount\":277,\"commentCount\":0,\"publisher\":{\"@id\":\"https:\/\/arteeluoghi.it\/#organization\"},\"image\":{\"@id\":\"https:\/\/arteeluoghi.it\/index.php\/2017\/10\/16\/milano-celebra-toulouse-lautrec\/#primaryimage\"},\"thumbnailUrl\":\"https:\/\/arteeluoghi.it\/wp-content\/uploads\/2017\/10\/04-Henri-de-Toulouse-Lautrec.jpg\",\"keywords\":[\"Milano\",\"Toulouse-Lautrec\"],\"articleSection\":[\"Arte\",\"Arti visive\"],\"inLanguage\":\"it-IT\",\"potentialAction\":[{\"@type\":\"CommentAction\",\"name\":\"Comment\",\"target\":[\"https:\/\/arteeluoghi.it\/index.php\/2017\/10\/16\/milano-celebra-toulouse-lautrec\/#respond\"]}]},{\"@type\":\"Person\",\"@id\":\"https:\/\/arteeluoghi.it\/#\/schema\/person\/f84e814e36e91e01448ee07eaadd41d4\",\"name\":\"Staff\",\"image\":{\"@type\":\"ImageObject\",\"@id\":\"https:\/\/arteeluoghi.it\/#personlogo\",\"inLanguage\":\"it-IT\",\"url\":\"https:\/\/secure.gravatar.com\/avatar\/49d2f9e46271bb04e19cebfaf141313a?s=96&d=blank&r=g\",\"contentUrl\":\"https:\/\/secure.gravatar.com\/avatar\/49d2f9e46271bb04e19cebfaf141313a?s=96&d=blank&r=g\",\"caption\":\"Staff\"}}]}<\/script>\n<!-- \/ Yoast SEO plugin. -->","yoast_head_json":{"title":"Milano celebra Toulouse-Lautrec | Arte e Luoghi","robots":{"index":"index","follow":"follow","max-snippet":"max-snippet:-1","max-image-preview":"max-image-preview:large","max-video-preview":"max-video-preview:-1"},"canonical":"https:\/\/arteeluoghi.it\/index.php\/2017\/10\/16\/milano-celebra-toulouse-lautrec\/","og_locale":"it_IT","og_type":"article","og_title":"Milano celebra Toulouse-Lautrec | Arte e Luoghi","og_description":"Dal 17 ottobre 2017 al 18 febbraio 2018, Palazzo Reale di Milano celebrer\u00e0 Henri de Toulouse-Lautrec (1864-1901) con una grande","og_url":"https:\/\/arteeluoghi.it\/index.php\/2017\/10\/16\/milano-celebra-toulouse-lautrec\/","og_site_name":"Arte e Luoghi","article_publisher":"https:\/\/www.facebook.com\/ArteELuoghi\/","article_published_time":"2017-10-16T12:09:18+00:00","og_image":[{"width":781,"height":1024,"url":"https:\/\/arteeluoghi.it\/wp-content\/uploads\/2017\/10\/04-Henri-de-Toulouse-Lautrec-781x1024.jpg","type":"image\/jpeg"}],"twitter_card":"summary","twitter_creator":"@arteeluoghi","twitter_site":"@arteeluoghi","twitter_misc":{"Scritto da":"Staff","Tempo di lettura stimato":"1 minuto"},"schema":{"@context":"https:\/\/schema.org","@graph":[{"@type":"Organization","@id":"https:\/\/arteeluoghi.it\/#organization","name":"Arte e Luoghi","url":"https:\/\/arteeluoghi.it\/","sameAs":["https:\/\/www.facebook.com\/ArteELuoghi\/","https:\/\/www.instagram.com\/arteeluoghi\/?hl=it","https:\/\/www.youtube.com\/channel\/UCuRVc4JW4-C5sg9rQB-srkw?view_as=subscriber","https:\/\/twitter.com\/arteeluoghi"],"logo":{"@type":"ImageObject","@id":"https:\/\/arteeluoghi.it\/#logo","inLanguage":"it-IT","url":"https:\/\/arteeluoghi.it\/wp-content\/uploads\/2018\/08\/logoinstagramarte.jpg","contentUrl":"https:\/\/arteeluoghi.it\/wp-content\/uploads\/2018\/08\/logoinstagramarte.jpg","width":150,"height":150,"caption":"Arte e Luoghi"},"image":{"@id":"https:\/\/arteeluoghi.it\/#logo"}},{"@type":"WebSite","@id":"https:\/\/arteeluoghi.it\/#website","url":"https:\/\/arteeluoghi.it\/","name":"Arte e Luoghi","description":"Mensile di arte, cultura, turismo e curiosit\u00e0","publisher":{"@id":"https:\/\/arteeluoghi.it\/#organization"},"potentialAction":[{"@type":"SearchAction","target":{"@type":"EntryPoint","urlTemplate":"https:\/\/arteeluoghi.it\/?s={search_term_string}"},"query-input":"required name=search_term_string"}],"inLanguage":"it-IT"},{"@type":"ImageObject","@id":"https:\/\/arteeluoghi.it\/index.php\/2017\/10\/16\/milano-celebra-toulouse-lautrec\/#primaryimage","inLanguage":"it-IT","url":"https:\/\/arteeluoghi.it\/wp-content\/uploads\/2017\/10\/04-Henri-de-Toulouse-Lautrec.jpg","contentUrl":"https:\/\/arteeluoghi.it\/wp-content\/uploads\/2017\/10\/04-Henri-de-Toulouse-Lautrec.jpg","width":2400,"height":3147},{"@type":"WebPage","@id":"https:\/\/arteeluoghi.it\/index.php\/2017\/10\/16\/milano-celebra-toulouse-lautrec\/#webpage","url":"https:\/\/arteeluoghi.it\/index.php\/2017\/10\/16\/milano-celebra-toulouse-lautrec\/","name":"Milano celebra Toulouse-Lautrec | Arte e Luoghi","isPartOf":{"@id":"https:\/\/arteeluoghi.it\/#website"},"primaryImageOfPage":{"@id":"https:\/\/arteeluoghi.it\/index.php\/2017\/10\/16\/milano-celebra-toulouse-lautrec\/#primaryimage"},"datePublished":"2017-10-16T12:09:18+00:00","dateModified":"2017-10-16T12:09:18+00:00","breadcrumb":{"@id":"https:\/\/arteeluoghi.it\/index.php\/2017\/10\/16\/milano-celebra-toulouse-lautrec\/#breadcrumb"},"inLanguage":"it-IT","potentialAction":[{"@type":"ReadAction","target":["https:\/\/arteeluoghi.it\/index.php\/2017\/10\/16\/milano-celebra-toulouse-lautrec\/"]}]},{"@type":"BreadcrumbList","@id":"https:\/\/arteeluoghi.it\/index.php\/2017\/10\/16\/milano-celebra-toulouse-lautrec\/#breadcrumb","itemListElement":[{"@type":"ListItem","position":1,"name":"Home","item":"https:\/\/arteeluoghi.it\/"},{"@type":"ListItem","position":2,"name":"Milano celebra Toulouse-Lautrec"}]},{"@type":"Article","@id":"https:\/\/arteeluoghi.it\/index.php\/2017\/10\/16\/milano-celebra-toulouse-lautrec\/#article","isPartOf":{"@id":"https:\/\/arteeluoghi.it\/index.php\/2017\/10\/16\/milano-celebra-toulouse-lautrec\/#webpage"},"author":{"@id":"https:\/\/arteeluoghi.it\/#\/schema\/person\/f84e814e36e91e01448ee07eaadd41d4"},"headline":"Milano celebra Toulouse-Lautrec","datePublished":"2017-10-16T12:09:18+00:00","dateModified":"2017-10-16T12:09:18+00:00","mainEntityOfPage":{"@id":"https:\/\/arteeluoghi.it\/index.php\/2017\/10\/16\/milano-celebra-toulouse-lautrec\/#webpage"},"wordCount":277,"commentCount":0,"publisher":{"@id":"https:\/\/arteeluoghi.it\/#organization"},"image":{"@id":"https:\/\/arteeluoghi.it\/index.php\/2017\/10\/16\/milano-celebra-toulouse-lautrec\/#primaryimage"},"thumbnailUrl":"https:\/\/arteeluoghi.it\/wp-content\/uploads\/2017\/10\/04-Henri-de-Toulouse-Lautrec.jpg","keywords":["Milano","Toulouse-Lautrec"],"articleSection":["Arte","Arti visive"],"inLanguage":"it-IT","potentialAction":[{"@type":"CommentAction","name":"Comment","target":["https:\/\/arteeluoghi.it\/index.php\/2017\/10\/16\/milano-celebra-toulouse-lautrec\/#respond"]}]},{"@type":"Person","@id":"https:\/\/arteeluoghi.it\/#\/schema\/person\/f84e814e36e91e01448ee07eaadd41d4","name":"Staff","image":{"@type":"ImageObject","@id":"https:\/\/arteeluoghi.it\/#personlogo","inLanguage":"it-IT","url":"https:\/\/secure.gravatar.com\/avatar\/49d2f9e46271bb04e19cebfaf141313a?s=96&d=blank&r=g","contentUrl":"https:\/\/secure.gravatar.com\/avatar\/49d2f9e46271bb04e19cebfaf141313a?s=96&d=blank&r=g","caption":"Staff"}}]}},"_links":{"self":[{"href":"https:\/\/arteeluoghi.it\/index.php\/wp-json\/wp\/v2\/posts\/3846"}],"collection":[{"href":"https:\/\/arteeluoghi.it\/index.php\/wp-json\/wp\/v2\/posts"}],"about":[{"href":"https:\/\/arteeluoghi.it\/index.php\/wp-json\/wp\/v2\/types\/post"}],"author":[{"embeddable":true,"href":"https:\/\/arteeluoghi.it\/index.php\/wp-json\/wp\/v2\/users\/1"}],"replies":[{"embeddable":true,"href":"https:\/\/arteeluoghi.it\/index.php\/wp-json\/wp\/v2\/comments?post=3846"}],"version-history":[{"count":1,"href":"https:\/\/arteeluoghi.it\/index.php\/wp-json\/wp\/v2\/posts\/3846\/revisions"}],"predecessor-version":[{"id":3848,"href":"https:\/\/arteeluoghi.it\/index.php\/wp-json\/wp\/v2\/posts\/3846\/revisions\/3848"}],"wp:featuredmedia":[{"embeddable":true,"href":"https:\/\/arteeluoghi.it\/index.php\/wp-json\/wp\/v2\/media\/3847"}],"wp:attachment":[{"href":"https:\/\/arteeluoghi.it\/index.php\/wp-json\/wp\/v2\/media?parent=3846"}],"wp:term":[{"taxonomy":"category","embeddable":true,"href":"https:\/\/arteeluoghi.it\/index.php\/wp-json\/wp\/v2\/categories?post=3846"},{"taxonomy":"post_tag","embeddable":true,"href":"https:\/\/arteeluoghi.it\/index.php\/wp-json\/wp\/v2\/tags?post=3846"}],"curies":[{"name":"wp","href":"https:\/\/api.w.org\/{rel}","templated":true}]}}