{"id":3851,"date":"2017-10-19T22:45:09","date_gmt":"2017-10-19T20:45:09","guid":{"rendered":"http:\/\/arteeluoghi.it\/?p=3851"},"modified":"2017-10-19T22:45:09","modified_gmt":"2017-10-19T20:45:09","slug":"giornata-nazionale-del-trekking-urbano","status":"publish","type":"post","link":"https:\/\/arteeluoghi.it\/index.php\/2017\/10\/19\/giornata-nazionale-del-trekking-urbano\/","title":{"rendered":"Giornata nazionale  del trekking urbano"},"content":{"rendered":"<p><img loading=\"lazy\" class=\"size-medium wp-image-3852 alignleft\" src=\"https:\/\/arteeluoghi.it\/wp-content\/uploads\/2017\/10\/gaiola-300x225.jpg\" alt=\"\" width=\"300\" height=\"225\" srcset=\"https:\/\/arteeluoghi.it\/wp-content\/uploads\/2017\/10\/gaiola-300x225.jpg 300w, https:\/\/arteeluoghi.it\/wp-content\/uploads\/2017\/10\/gaiola-768x576.jpg 768w, https:\/\/arteeluoghi.it\/wp-content\/uploads\/2017\/10\/gaiola.jpg 960w\" sizes=\"(max-width: 300px) 100vw, 300px\" \/>NAPOLI. Torna la Giornata Nazionale del Trekking Urbano &#8211; Da Nord al Sud del Paese, percorsi a piedi nelle pi\u00f9 belle citt\u00e0 d\u2019arte del Paese<br \/>\nTorna la Giornata Nazionale del Trekking urbano in 59 citt\u00e0 italiane<br \/>\nDedicata ai misteri e alle leggende l&#8217;edizione 2017<br \/>\nA Napoli dal 28 ottobre al 19 novembre si andr\u00e0 a spasso fra i misteri di Virgilio e della Gaiola, lungo le leggende del mito di Parthenope e i racconti di &#8216;munacielli&#8217; e &#8216;belle mbriane&#8217;<br \/>\nL\u2019edizione 2017 coinvolge 59 citt\u00e0 d\u2019Italia che porteranno i trekker alla scoperta dei misteri e delle leggende nascosti nei centri storici del \u2018\u2018bel Paese\u201d.<br \/>\nGiunta alla sua XIV edizione, la festa del turismo sostenibile andr\u00e0 in scena da Nord a Sud per tutta la penisola, offrendo un ricco programma di iniziative per scoprire camminando gli angoli pi\u00f9 suggestivi delle citt\u00e0 italiane, attraverso percorsi che uniscono arte, cultura, spiritualit\u00e0 e prodotti tipici. La XIV Giornata Nazionale del Trekking Urbano rientra negli eventi del 2017 International Year of Sustainable Tourism for Development (Anno internazionale del Turismo Sostenibile per lo Sviluppo) promossi dall\u2019Agenzia turismo dell\u2019Onu, per sensibilizzare le persone a diffondere consapevolezza del grande patrimonio delle diverse culture e per ribadire l\u2019esigenza di un turismo attento, consapevole e rispettoso del patrimonio culturale e ambientale.<!--more--><\/p>\n<p><img loading=\"lazy\" class=\"size-medium wp-image-3853 alignright\" src=\"https:\/\/arteeluoghi.it\/wp-content\/uploads\/2017\/10\/gaiola2-300x212.jpg\" alt=\"\" width=\"300\" height=\"212\" srcset=\"https:\/\/arteeluoghi.it\/wp-content\/uploads\/2017\/10\/gaiola2-300x212.jpg 300w, https:\/\/arteeluoghi.it\/wp-content\/uploads\/2017\/10\/gaiola2-768x542.jpg 768w, https:\/\/arteeluoghi.it\/wp-content\/uploads\/2017\/10\/gaiola2.jpg 960w\" sizes=\"(max-width: 300px) 100vw, 300px\" \/>A Napoli 18 appuntamenti dal 28 ottobre al 19 novembre con miti, magia e misteri da scoprire al ritmo lento dei passi che saranno animati da dieci associazioni che hanno risposto all&#8217;Avviso pubblico dell&#8217;Assessorato alla Cultura e al Turismo del Comune di Napoli.<\/p>\n<p>Si andr\u00e0 alla scoperta dei luoghi insoliti e misteriosi fra i misteri di Virgilio e della Gaiola, lungo le leggende del mito di Parthenope e attraverso i racconti di &#8216;munacielli&#8217; e &#8216;belle mbriane&#8217;.<\/p>\n<p>Poeti, eroi, maghi e Sirene guideranno gli itinerari cittadini, alcuni raccontati, altri animati, altri ancora con degustazioni. Quest&#8217;anno alcuni dei percorsi proposti delle Associazioni sono dedicate ai pi\u00f9 piccoli (dai 3 ai 10 anni) che saranno impegnati nei baby trekking.<\/p>\n<p>La Giornata Nazionale del Trekking Urbano offrir\u00e0 anche l\u2019occasione per scoprire, attraverso l\u2019esperienza diretta del percorso, legami e storie uniche.<\/p>\n<p>Ecco gli itinerari napoletani:<\/p>\n<p>Dall\u2019isolotto di Megaride all\u2019Acropoli dell\u2019originaria citt\u00e0: il mito di Parthenope e l\u2019uovo di Virgilio<br \/>\nSi parte dall\u2019isolotto di Megaride, luogo di fondazione della citt\u00e0 di Parthenope fino all\u2019Acropoli, l\u2019attuale Pizzofalcone attraverso scorci e panorami mozzafiato<\/p>\n<p>Dalla visione dei \u201cCampi Ardenti\u201d, alla leggenda di Posillipo e Nisida fino alla maledizione dell\u2019isolotto della Gaiola<br \/>\nIl Parco Virgiliano, luogo di osservazione del golfo di Napoli a 360\u00b0 e gi\u00f9 fino all\u2019Area Marina Protetta della Gaiola<\/p>\n<p>Storie e leggende di Munacielli e Belle Mbriane e il fantasma del Palasciano fra vicoli e scale delle pendici di Capodimonte<br \/>\nDa via Foria, il canalone fuori le mura dell\u2019antica citt\u00e0, un itinerario antropologico fra storie popolari e antiche credenze<\/p>\n<p>Che cosa \u00e8 il trekking urbano? Il Trekking Urbano \u00e8 un nuovo modo di fare turismo, meno strutturato e lontano dai circuiti pi\u00f9 conosciuti. Un turismo sostenibile pi\u00f9 libero e ricco di sorprese che privilegia gli angoli pi\u00f9 nascosti e meno noti delle citt\u00e0 d\u2019arte italiane. Il trekker urbano, attraverso itinerari studiati da esperti, ha la possibilit\u00e0 di vivere un\u2019esperienza di viaggio unica, coniugando la possibilit\u00e0 di immergersi nell\u2019arte e nella natura. Oltre ad essere un\u2019attivit\u00e0 che fa bene al fisico e alla mente, il trekking urbano fa bene alle citt\u00e0 perch\u00e9 permette di decongestionare le zone attraversate dai flussi turistici tradizionali, allargare il raggio delle visite alle aree pi\u00f9 periferiche dei centri urbani e prolungare i soggiorni.<br \/>\nQuando si pratica il trekking urbano? Ogni momento dell\u2019anno \u00e8 adatto per provare l\u2019esperienza del Trekking Urbano. Di giorno o di notte, d\u2019estate o d\u2019inverno. A differenza del trekking praticato nei campi e nei boschi, infatti, quello in citt\u00e0 pu\u00f2 essere praticato, seguendo gli itinerari proposti, con qualsiasi condizione meteorologica e in qualsiasi momento della giornata.<\/p>\n<p>La XIV Giornata Nazionale del Trekking Urbano rientra tra gli eventi dell\u2019Anno internazionale del turismo sostenibile per lo sviluppo, promosso dall\u2019Assemblea generale delle Nazioni Unite.<\/p>\n<p>Info: www.comune.napoli.it<\/p>\n<p>Fb: https:\/\/www.facebook.com\/assessoratoallaculturaealturismodelcomunedinapoli\/<\/p>\n<p>&nbsp;<\/p>\n","protected":false},"excerpt":{"rendered":"<p>NAPOLI. Torna la Giornata Nazionale del Trekking Urbano &#8211; Da Nord al Sud del Paese, percorsi a piedi nelle pi\u00f9<\/p>\n","protected":false},"author":1,"featured_media":3853,"comment_status":"open","ping_status":"open","sticky":false,"template":"","format":"standard","meta":[],"categories":[30],"tags":[160,314],"yoast_head":"<!-- This site is optimized with the Yoast SEO plugin v18.0 - https:\/\/yoast.com\/wordpress\/plugins\/seo\/ -->\n<title>Giornata nazionale del trekking urbano | Arte e Luoghi<\/title>\n<meta name=\"robots\" content=\"index, follow, max-snippet:-1, max-image-preview:large, max-video-preview:-1\" \/>\n<link rel=\"canonical\" href=\"https:\/\/arteeluoghi.it\/index.php\/2017\/10\/19\/giornata-nazionale-del-trekking-urbano\/\" \/>\n<meta property=\"og:locale\" content=\"it_IT\" \/>\n<meta property=\"og:type\" content=\"article\" \/>\n<meta property=\"og:title\" content=\"Giornata nazionale del trekking urbano | Arte e Luoghi\" \/>\n<meta property=\"og:description\" content=\"NAPOLI. Torna la Giornata Nazionale del Trekking Urbano &#8211; Da Nord al Sud del Paese, percorsi a piedi nelle pi\u00f9\" \/>\n<meta property=\"og:url\" content=\"https:\/\/arteeluoghi.it\/index.php\/2017\/10\/19\/giornata-nazionale-del-trekking-urbano\/\" \/>\n<meta property=\"og:site_name\" content=\"Arte e Luoghi\" \/>\n<meta property=\"article:publisher\" content=\"https:\/\/www.facebook.com\/ArteELuoghi\/\" \/>\n<meta property=\"article:published_time\" content=\"2017-10-19T20:45:09+00:00\" \/>\n<meta property=\"og:image\" content=\"https:\/\/arteeluoghi.it\/wp-content\/uploads\/2017\/10\/gaiola2.jpg\" \/>\n\t<meta property=\"og:image:width\" content=\"960\" \/>\n\t<meta property=\"og:image:height\" content=\"678\" \/>\n\t<meta property=\"og:image:type\" content=\"image\/jpeg\" \/>\n<meta name=\"twitter:card\" content=\"summary\" \/>\n<meta name=\"twitter:creator\" content=\"@arteeluoghi\" \/>\n<meta name=\"twitter:site\" content=\"@arteeluoghi\" \/>\n<meta name=\"twitter:label1\" content=\"Scritto da\" \/>\n\t<meta name=\"twitter:data1\" content=\"Staff\" \/>\n\t<meta name=\"twitter:label2\" content=\"Tempo di lettura stimato\" \/>\n\t<meta name=\"twitter:data2\" content=\"3 minuti\" \/>\n<script type=\"application\/ld+json\" class=\"yoast-schema-graph\">{\"@context\":\"https:\/\/schema.org\",\"@graph\":[{\"@type\":\"Organization\",\"@id\":\"https:\/\/arteeluoghi.it\/#organization\",\"name\":\"Arte e Luoghi\",\"url\":\"https:\/\/arteeluoghi.it\/\",\"sameAs\":[\"https:\/\/www.facebook.com\/ArteELuoghi\/\",\"https:\/\/www.instagram.com\/arteeluoghi\/?hl=it\",\"https:\/\/www.youtube.com\/channel\/UCuRVc4JW4-C5sg9rQB-srkw?view_as=subscriber\",\"https:\/\/twitter.com\/arteeluoghi\"],\"logo\":{\"@type\":\"ImageObject\",\"@id\":\"https:\/\/arteeluoghi.it\/#logo\",\"inLanguage\":\"it-IT\",\"url\":\"https:\/\/arteeluoghi.it\/wp-content\/uploads\/2018\/08\/logoinstagramarte.jpg\",\"contentUrl\":\"https:\/\/arteeluoghi.it\/wp-content\/uploads\/2018\/08\/logoinstagramarte.jpg\",\"width\":150,\"height\":150,\"caption\":\"Arte e Luoghi\"},\"image\":{\"@id\":\"https:\/\/arteeluoghi.it\/#logo\"}},{\"@type\":\"WebSite\",\"@id\":\"https:\/\/arteeluoghi.it\/#website\",\"url\":\"https:\/\/arteeluoghi.it\/\",\"name\":\"Arte e Luoghi\",\"description\":\"Mensile di arte, cultura, turismo e curiosit\u00e0\",\"publisher\":{\"@id\":\"https:\/\/arteeluoghi.it\/#organization\"},\"potentialAction\":[{\"@type\":\"SearchAction\",\"target\":{\"@type\":\"EntryPoint\",\"urlTemplate\":\"https:\/\/arteeluoghi.it\/?s={search_term_string}\"},\"query-input\":\"required name=search_term_string\"}],\"inLanguage\":\"it-IT\"},{\"@type\":\"ImageObject\",\"@id\":\"https:\/\/arteeluoghi.it\/index.php\/2017\/10\/19\/giornata-nazionale-del-trekking-urbano\/#primaryimage\",\"inLanguage\":\"it-IT\",\"url\":\"https:\/\/arteeluoghi.it\/wp-content\/uploads\/2017\/10\/gaiola2.jpg\",\"contentUrl\":\"https:\/\/arteeluoghi.it\/wp-content\/uploads\/2017\/10\/gaiola2.jpg\",\"width\":960,\"height\":678},{\"@type\":\"WebPage\",\"@id\":\"https:\/\/arteeluoghi.it\/index.php\/2017\/10\/19\/giornata-nazionale-del-trekking-urbano\/#webpage\",\"url\":\"https:\/\/arteeluoghi.it\/index.php\/2017\/10\/19\/giornata-nazionale-del-trekking-urbano\/\",\"name\":\"Giornata nazionale del trekking urbano | Arte e Luoghi\",\"isPartOf\":{\"@id\":\"https:\/\/arteeluoghi.it\/#website\"},\"primaryImageOfPage\":{\"@id\":\"https:\/\/arteeluoghi.it\/index.php\/2017\/10\/19\/giornata-nazionale-del-trekking-urbano\/#primaryimage\"},\"datePublished\":\"2017-10-19T20:45:09+00:00\",\"dateModified\":\"2017-10-19T20:45:09+00:00\",\"breadcrumb\":{\"@id\":\"https:\/\/arteeluoghi.it\/index.php\/2017\/10\/19\/giornata-nazionale-del-trekking-urbano\/#breadcrumb\"},\"inLanguage\":\"it-IT\",\"potentialAction\":[{\"@type\":\"ReadAction\",\"target\":[\"https:\/\/arteeluoghi.it\/index.php\/2017\/10\/19\/giornata-nazionale-del-trekking-urbano\/\"]}]},{\"@type\":\"BreadcrumbList\",\"@id\":\"https:\/\/arteeluoghi.it\/index.php\/2017\/10\/19\/giornata-nazionale-del-trekking-urbano\/#breadcrumb\",\"itemListElement\":[{\"@type\":\"ListItem\",\"position\":1,\"name\":\"Home\",\"item\":\"https:\/\/arteeluoghi.it\/\"},{\"@type\":\"ListItem\",\"position\":2,\"name\":\"Giornata nazionale del trekking urbano\"}]},{\"@type\":\"Article\",\"@id\":\"https:\/\/arteeluoghi.it\/index.php\/2017\/10\/19\/giornata-nazionale-del-trekking-urbano\/#article\",\"isPartOf\":{\"@id\":\"https:\/\/arteeluoghi.it\/index.php\/2017\/10\/19\/giornata-nazionale-del-trekking-urbano\/#webpage\"},\"author\":{\"@id\":\"https:\/\/arteeluoghi.it\/#\/schema\/person\/f84e814e36e91e01448ee07eaadd41d4\"},\"headline\":\"Giornata nazionale del trekking urbano\",\"datePublished\":\"2017-10-19T20:45:09+00:00\",\"dateModified\":\"2017-10-19T20:45:09+00:00\",\"mainEntityOfPage\":{\"@id\":\"https:\/\/arteeluoghi.it\/index.php\/2017\/10\/19\/giornata-nazionale-del-trekking-urbano\/#webpage\"},\"wordCount\":690,\"commentCount\":0,\"publisher\":{\"@id\":\"https:\/\/arteeluoghi.it\/#organization\"},\"image\":{\"@id\":\"https:\/\/arteeluoghi.it\/index.php\/2017\/10\/19\/giornata-nazionale-del-trekking-urbano\/#primaryimage\"},\"thumbnailUrl\":\"https:\/\/arteeluoghi.it\/wp-content\/uploads\/2017\/10\/gaiola2.jpg\",\"keywords\":[\"Napoli\",\"Trekking urbano\"],\"articleSection\":[\"Turismo | geografica-mente\"],\"inLanguage\":\"it-IT\",\"potentialAction\":[{\"@type\":\"CommentAction\",\"name\":\"Comment\",\"target\":[\"https:\/\/arteeluoghi.it\/index.php\/2017\/10\/19\/giornata-nazionale-del-trekking-urbano\/#respond\"]}]},{\"@type\":\"Person\",\"@id\":\"https:\/\/arteeluoghi.it\/#\/schema\/person\/f84e814e36e91e01448ee07eaadd41d4\",\"name\":\"Staff\",\"image\":{\"@type\":\"ImageObject\",\"@id\":\"https:\/\/arteeluoghi.it\/#personlogo\",\"inLanguage\":\"it-IT\",\"url\":\"https:\/\/secure.gravatar.com\/avatar\/49d2f9e46271bb04e19cebfaf141313a?s=96&d=blank&r=g\",\"contentUrl\":\"https:\/\/secure.gravatar.com\/avatar\/49d2f9e46271bb04e19cebfaf141313a?s=96&d=blank&r=g\",\"caption\":\"Staff\"}}]}<\/script>\n<!-- \/ Yoast SEO plugin. -->","yoast_head_json":{"title":"Giornata nazionale del trekking urbano | Arte e Luoghi","robots":{"index":"index","follow":"follow","max-snippet":"max-snippet:-1","max-image-preview":"max-image-preview:large","max-video-preview":"max-video-preview:-1"},"canonical":"https:\/\/arteeluoghi.it\/index.php\/2017\/10\/19\/giornata-nazionale-del-trekking-urbano\/","og_locale":"it_IT","og_type":"article","og_title":"Giornata nazionale del trekking urbano | Arte e Luoghi","og_description":"NAPOLI. Torna la Giornata Nazionale del Trekking Urbano &#8211; Da Nord al Sud del Paese, percorsi a piedi nelle pi\u00f9","og_url":"https:\/\/arteeluoghi.it\/index.php\/2017\/10\/19\/giornata-nazionale-del-trekking-urbano\/","og_site_name":"Arte e Luoghi","article_publisher":"https:\/\/www.facebook.com\/ArteELuoghi\/","article_published_time":"2017-10-19T20:45:09+00:00","og_image":[{"width":960,"height":678,"url":"https:\/\/arteeluoghi.it\/wp-content\/uploads\/2017\/10\/gaiola2.jpg","type":"image\/jpeg"}],"twitter_card":"summary","twitter_creator":"@arteeluoghi","twitter_site":"@arteeluoghi","twitter_misc":{"Scritto da":"Staff","Tempo di lettura stimato":"3 minuti"},"schema":{"@context":"https:\/\/schema.org","@graph":[{"@type":"Organization","@id":"https:\/\/arteeluoghi.it\/#organization","name":"Arte e Luoghi","url":"https:\/\/arteeluoghi.it\/","sameAs":["https:\/\/www.facebook.com\/ArteELuoghi\/","https:\/\/www.instagram.com\/arteeluoghi\/?hl=it","https:\/\/www.youtube.com\/channel\/UCuRVc4JW4-C5sg9rQB-srkw?view_as=subscriber","https:\/\/twitter.com\/arteeluoghi"],"logo":{"@type":"ImageObject","@id":"https:\/\/arteeluoghi.it\/#logo","inLanguage":"it-IT","url":"https:\/\/arteeluoghi.it\/wp-content\/uploads\/2018\/08\/logoinstagramarte.jpg","contentUrl":"https:\/\/arteeluoghi.it\/wp-content\/uploads\/2018\/08\/logoinstagramarte.jpg","width":150,"height":150,"caption":"Arte e Luoghi"},"image":{"@id":"https:\/\/arteeluoghi.it\/#logo"}},{"@type":"WebSite","@id":"https:\/\/arteeluoghi.it\/#website","url":"https:\/\/arteeluoghi.it\/","name":"Arte e Luoghi","description":"Mensile di arte, cultura, turismo e curiosit\u00e0","publisher":{"@id":"https:\/\/arteeluoghi.it\/#organization"},"potentialAction":[{"@type":"SearchAction","target":{"@type":"EntryPoint","urlTemplate":"https:\/\/arteeluoghi.it\/?s={search_term_string}"},"query-input":"required name=search_term_string"}],"inLanguage":"it-IT"},{"@type":"ImageObject","@id":"https:\/\/arteeluoghi.it\/index.php\/2017\/10\/19\/giornata-nazionale-del-trekking-urbano\/#primaryimage","inLanguage":"it-IT","url":"https:\/\/arteeluoghi.it\/wp-content\/uploads\/2017\/10\/gaiola2.jpg","contentUrl":"https:\/\/arteeluoghi.it\/wp-content\/uploads\/2017\/10\/gaiola2.jpg","width":960,"height":678},{"@type":"WebPage","@id":"https:\/\/arteeluoghi.it\/index.php\/2017\/10\/19\/giornata-nazionale-del-trekking-urbano\/#webpage","url":"https:\/\/arteeluoghi.it\/index.php\/2017\/10\/19\/giornata-nazionale-del-trekking-urbano\/","name":"Giornata nazionale del trekking urbano | Arte e Luoghi","isPartOf":{"@id":"https:\/\/arteeluoghi.it\/#website"},"primaryImageOfPage":{"@id":"https:\/\/arteeluoghi.it\/index.php\/2017\/10\/19\/giornata-nazionale-del-trekking-urbano\/#primaryimage"},"datePublished":"2017-10-19T20:45:09+00:00","dateModified":"2017-10-19T20:45:09+00:00","breadcrumb":{"@id":"https:\/\/arteeluoghi.it\/index.php\/2017\/10\/19\/giornata-nazionale-del-trekking-urbano\/#breadcrumb"},"inLanguage":"it-IT","potentialAction":[{"@type":"ReadAction","target":["https:\/\/arteeluoghi.it\/index.php\/2017\/10\/19\/giornata-nazionale-del-trekking-urbano\/"]}]},{"@type":"BreadcrumbList","@id":"https:\/\/arteeluoghi.it\/index.php\/2017\/10\/19\/giornata-nazionale-del-trekking-urbano\/#breadcrumb","itemListElement":[{"@type":"ListItem","position":1,"name":"Home","item":"https:\/\/arteeluoghi.it\/"},{"@type":"ListItem","position":2,"name":"Giornata nazionale del trekking urbano"}]},{"@type":"Article","@id":"https:\/\/arteeluoghi.it\/index.php\/2017\/10\/19\/giornata-nazionale-del-trekking-urbano\/#article","isPartOf":{"@id":"https:\/\/arteeluoghi.it\/index.php\/2017\/10\/19\/giornata-nazionale-del-trekking-urbano\/#webpage"},"author":{"@id":"https:\/\/arteeluoghi.it\/#\/schema\/person\/f84e814e36e91e01448ee07eaadd41d4"},"headline":"Giornata nazionale del trekking urbano","datePublished":"2017-10-19T20:45:09+00:00","dateModified":"2017-10-19T20:45:09+00:00","mainEntityOfPage":{"@id":"https:\/\/arteeluoghi.it\/index.php\/2017\/10\/19\/giornata-nazionale-del-trekking-urbano\/#webpage"},"wordCount":690,"commentCount":0,"publisher":{"@id":"https:\/\/arteeluoghi.it\/#organization"},"image":{"@id":"https:\/\/arteeluoghi.it\/index.php\/2017\/10\/19\/giornata-nazionale-del-trekking-urbano\/#primaryimage"},"thumbnailUrl":"https:\/\/arteeluoghi.it\/wp-content\/uploads\/2017\/10\/gaiola2.jpg","keywords":["Napoli","Trekking urbano"],"articleSection":["Turismo | geografica-mente"],"inLanguage":"it-IT","potentialAction":[{"@type":"CommentAction","name":"Comment","target":["https:\/\/arteeluoghi.it\/index.php\/2017\/10\/19\/giornata-nazionale-del-trekking-urbano\/#respond"]}]},{"@type":"Person","@id":"https:\/\/arteeluoghi.it\/#\/schema\/person\/f84e814e36e91e01448ee07eaadd41d4","name":"Staff","image":{"@type":"ImageObject","@id":"https:\/\/arteeluoghi.it\/#personlogo","inLanguage":"it-IT","url":"https:\/\/secure.gravatar.com\/avatar\/49d2f9e46271bb04e19cebfaf141313a?s=96&d=blank&r=g","contentUrl":"https:\/\/secure.gravatar.com\/avatar\/49d2f9e46271bb04e19cebfaf141313a?s=96&d=blank&r=g","caption":"Staff"}}]}},"_links":{"self":[{"href":"https:\/\/arteeluoghi.it\/index.php\/wp-json\/wp\/v2\/posts\/3851"}],"collection":[{"href":"https:\/\/arteeluoghi.it\/index.php\/wp-json\/wp\/v2\/posts"}],"about":[{"href":"https:\/\/arteeluoghi.it\/index.php\/wp-json\/wp\/v2\/types\/post"}],"author":[{"embeddable":true,"href":"https:\/\/arteeluoghi.it\/index.php\/wp-json\/wp\/v2\/users\/1"}],"replies":[{"embeddable":true,"href":"https:\/\/arteeluoghi.it\/index.php\/wp-json\/wp\/v2\/comments?post=3851"}],"version-history":[{"count":1,"href":"https:\/\/arteeluoghi.it\/index.php\/wp-json\/wp\/v2\/posts\/3851\/revisions"}],"predecessor-version":[{"id":3855,"href":"https:\/\/arteeluoghi.it\/index.php\/wp-json\/wp\/v2\/posts\/3851\/revisions\/3855"}],"wp:featuredmedia":[{"embeddable":true,"href":"https:\/\/arteeluoghi.it\/index.php\/wp-json\/wp\/v2\/media\/3853"}],"wp:attachment":[{"href":"https:\/\/arteeluoghi.it\/index.php\/wp-json\/wp\/v2\/media?parent=3851"}],"wp:term":[{"taxonomy":"category","embeddable":true,"href":"https:\/\/arteeluoghi.it\/index.php\/wp-json\/wp\/v2\/categories?post=3851"},{"taxonomy":"post_tag","embeddable":true,"href":"https:\/\/arteeluoghi.it\/index.php\/wp-json\/wp\/v2\/tags?post=3851"}],"curies":[{"name":"wp","href":"https:\/\/api.w.org\/{rel}","templated":true}]}}