{"id":39,"date":"2006-10-11T05:19:43","date_gmt":"2006-10-11T03:19:43","guid":{"rendered":"http:\/\/arteeluoghi.it\/index.php\/2006\/10\/11\/differenza-tra-archiviare-e-cestinare-un-articolo\/"},"modified":"2017-08-07T00:37:39","modified_gmt":"2017-08-06T22:37:39","slug":"differenza-tra-archiviare-e-cestinare-un-articolo","status":"publish","type":"post","link":"https:\/\/arteeluoghi.it\/index.php\/2006\/10\/11\/differenza-tra-archiviare-e-cestinare-un-articolo\/","title":{"rendered":"15\u00b0 Festival Internazionale di Film sull\u2019Arte Contemporanea"},"content":{"rendered":"<p>\u00a0<\/p>\n<p class=\"MsoNormal\" style=\"margin-right: 0cm; margin-bottom: 6pt; margin-left: 0cm; text-align: center;\"><strong><span style=\"font-family: Arial; font-size: large;\"><span style=\"font-size: 16pt; font-family: Arial; font-weight: bold;\">15\u00b0 <em><span style=\"font-style: italic;\">Festival  Internazionale di Film sull\u2019Arte Contemporanea<\/span><\/em><\/span><\/span><\/strong><\/p>\n<p class=\"MsoNormal\" style=\"margin-right: 0cm; margin-bottom: 6pt; margin-left: 0cm; text-align: center;\"><strong><span style=\"font-family: Arial; font-size: medium;\"><span style=\"font-size: 14pt; font-family: Arial; font-weight: bold;\">14-15-16-17 ottobre 2010<\/span><\/span><\/strong><\/p>\n<p class=\"MsoNormal\" style=\"text-align: center;\"><strong><span style=\"font-family: Arial; font-size: small;\"><span style=\"font-size: 12pt; font-family: Arial; font-weight: bold;\">Napoli, Teatro Augusteo<\/span><\/span><\/strong><\/p>\n<p class=\"MsoNormal\" style=\"text-align: center;\">\u00a0<\/p>\n<p \/><strong \/><span style=\"font-family: Arial; font-size: small;\" \/><span style=\"font-size: 12pt; font-family: Arial; font-weight: bold;\" \/>  <!--nextpage-->  <!--more-->  <br \/><\/span><\/span><\/strong><\/p>\n<p>\u00a0<\/p>\n<p class=\"MsoNormal\" style=\"margin-right: 0cm; margin-bottom: 6pt; margin-left: 0cm; text-align: justify;\"><strong><span style=\"font-family: Arial; font-size: small;\"><span style=\"font-size: 12pt; font-family: Arial; font-weight: bold;\">Da  gioved\u00ec 14 a domenica 17 ottobre 2010<\/span><\/span><\/strong><span style=\"font-family: Arial; font-size: small;\"><span style=\"font-size: 12pt; font-family: Arial;\"> torna a Napoli <strong><em><span style=\"font-weight: bold; font-style: italic;\">Artecinema<\/span><\/em><\/strong>,  il Festival Internazionale di Film sull\u2019Arte Contemporanea, curato da Laura Trisorio.<\/span><\/span><\/p>\n<p class=\"MsoNormal\" style=\"margin-right: 0cm; margin-bottom: 6pt; margin-left: 0cm; text-align: justify;\"><span style=\"font-family: Arial; color: black; font-size: small;\"><span style=\"font-size: 12pt; font-family: Arial; color: black;\">Giunto alla sua <strong><span style=\"font-weight: bold;\">quindicesima  edizione<\/span><\/strong>, il Festival, diviso in <\/span><\/span><span style=\"font-family: Arial; font-size: small;\"><span style=\"font-size: 12pt; font-family: Arial;\">tre sezioni: <strong><em><span style=\"font-weight: bold; font-style: italic;\">Arte e Dintorni, Architettura, Fotografia<\/span><\/em><\/strong>,<span style=\"color: black;\"><span style=\"color: black;\"> presenta al grande pubblico  le diverse realt\u00e0 dell\u2019arte contemporanea attraverso una selezione di documentari sui maggiori artisti, architetti e fotografi degli ultimi cinquant\u2019anni: interviste, biografie filmate, narrazioni montate con materiali  d\u2019archivio. <\/span><\/span><\/span><\/span><\/p>\n<p class=\"MsoNormal\" style=\"margin-right: 0cm; margin-bottom: 6pt; margin-left: 0cm; text-align: justify;\"><span style=\"font-family: Arial; font-size: small;\"><span style=\"font-size: 12pt; font-family: Arial;\">Al Teatro Augusteo di  Napoli, dalle ore 17.00 alle ore 24.00, saranno presentati pi\u00f9 di <strong><span style=\"font-weight: bold;\">trenta documentari<\/span><\/strong>, <span style=\"color: black;\"><span style=\"color: black;\">ricercati direttamente presso i registi e i produttori in tutto il mondo e le  proiezioni, in lingua originale con traduzione simultanea, sono intervallate da incontri-dibattito con i registi, gli artisti e i produttori.<\/span><\/span><\/span><\/span><\/p>\n<p class=\"MsoNormal\" style=\"margin-right: 0cm; margin-bottom: 6pt; margin-left: 0cm; text-align: justify;\"><span style=\"font-family: Arial; font-size: small;\"><span style=\"font-size: 12pt; font-family: Arial;\">Ad <strong><span style=\"font-weight: bold;\">ingresso gratuito, <em><span style=\"font-style: italic;\">Artecinema<\/span><\/em><\/span><\/strong> \u00e8 il primo festival del genere in Italia ed \u00e8 diventato uno degli  appuntamenti pi\u00f9 attesi del settore. Seguito da circa <strong><span style=\"font-weight: bold;\">6.000 spettatori <\/span><\/strong>ogni anno, nelle ultime due edizioni \u00e8 stato  premiato con una <strong><span style=\"font-weight: bold;\">medaglia dal Presidente della  Repubblica,<\/span><\/strong> che lo ha definito<em><span style=\"font-style: italic;\"> <\/span><\/em><strong><span style=\"font-weight: bold;\">\u201cuno degli appuntamenti culturali di maggior rilievo del territorio campano\u201d.<\/span><\/strong><\/span><\/span><\/p>\n<p class=\"MsoNormal\" style=\"margin-right: 0cm; margin-bottom: 6pt; margin-left: 0cm; text-align: justify;\"><strong><span style=\"font-family: Arial; font-size: small;\"><span style=\"font-size: 12pt; font-family: Arial; font-weight: bold;\">In  anteprima italiana<\/span><\/span><\/strong><span style=\"font-family: Arial; font-size: small;\"><span style=\"font-size: 12pt; font-family: Arial;\">, fra gli altri, gli ultimi  documentari della serie Art:21 \u201c<em><span style=\"font-style: italic;\">Art in The Twenty-First Century<\/span><\/em>\u201d, serie  dedicata agli artisti attivi negli Stati Uniti trasmessa dal canale televisivo americano PBS. \u00a0A Napoli si potranno vedere i lungometraggi dedicati a <strong><span style=\"font-weight: bold;\">John Baldessari,  Kimsooja, Allan McCollum e Jeff Koons.<\/span><\/strong><\/span><\/span><\/p>\n<p class=\"MsoNormal\" style=\"margin-right: 0cm; margin-bottom: 6pt; margin-left: 0cm; text-align: justify;\"><span style=\"font-family: Arial; font-size: small;\"><span style=\"font-size: 12pt; font-family: Arial;\">Fra tematiche affrontate, <strong><span style=\"font-weight: bold;\">la memoria<\/span><\/strong> sar\u00e0 indagata  dall&#8217;artista <strong><span style=\"font-weight: bold;\">Christian Boltanski<\/span><\/strong> nel film <em><span style=\"font-style: italic;\">Les vies possibles de  Christian Boltanski<\/span><\/em><strong><span style=\"font-weight: bold;\"> <\/span><\/strong>del  regista tedesco Heinz Peter Schwerfel, e <strong><span style=\"font-weight: bold;\">il potere<\/span><\/strong> sar\u00e0  affrontato nel film <strong><em><span style=\"font-weight: bold; font-style: italic;\">About  Jenny Holzer<\/span><\/em><\/strong>, in cui la  regista<strong><span style=\"font-weight: bold;\"> <\/span><\/strong>Claudia M\u00fcller ha seguito per pi\u00f9 di dieci anni l&#8217;artista americana vincitrice del  Leone d&#8217;oro alla Biennale di Venezia nel 1990. <\/span><\/span><\/p>\n<p class=\"MsoNormal\" style=\"margin-right: 0cm; margin-bottom: 6pt; margin-left: 0cm; text-align: justify;\"><span style=\"font-family: Arial; font-size: small;\"><span style=\"font-size: 12pt; font-family: Arial;\">Attraverso il film <strong><em><span style=\"font-weight: bold; font-style: italic;\">Chine, empire de l&#8217;art<\/span><\/em> <\/strong>di Emma Tassy e Sheng Zhimin, sar\u00e0 esplorato il <strong><span style=\"font-weight: bold;\">panorama dell&#8217;arte contemporanea cinese,<\/span><\/strong> ormai protagonista del  mercato internazionale. <\/span><\/span><\/p>\n<p class=\"MsoNormal\" style=\"margin-right: 0cm; margin-bottom: 6pt; margin-left: 0cm; text-align: justify;\"><span style=\"font-family: Arial; font-size: small;\"><span style=\"font-size: 12pt; font-family: Arial;\">Il regista inglese Bruno  Wollheim ha seguito per tre anni <strong><span style=\"font-weight: bold;\">David Hockney<\/span><\/strong> mentre dipingeva la pi\u00f9 grande opera mai realizzata <em><span style=\"font-style: italic;\">en plain air<\/span><\/em>, composta da 54 tele  ed esposta oggi alla Tate Gallery di Londra. <\/span><\/span><\/p>\n<p class=\"MsoNormal\" style=\"margin-right: 0cm; margin-bottom: 6pt; margin-left: 0cm; text-align: justify;\"><strong><span style=\"font-family: Arial; font-size: small;\"><span style=\"font-size: 12pt; font-family: Arial; font-weight: bold;\">Jan  Fabre<\/span><\/span><\/strong><span style=\"font-family: Arial; font-size: small;\"><span style=\"font-size: 12pt; font-family: Arial;\">, il noto artista belga, ci mostrer\u00e0 il soffitto del Palazzo Reale di Bruxelles, da lui ricoperto da migliaia di coleotteri verdi. <\/span><\/span><\/p>\n<p class=\"MsoNormal\" style=\"margin-right: 0cm; margin-bottom: 6pt; margin-left: 0cm; text-align: justify;\"><span style=\"font-family: Arial; font-size: small;\"><span style=\"font-size: 12pt; font-family: Arial;\">Vedremo inoltre l\u2019artista<strong><em><span style=\"font-weight: bold; font-style: italic;\"> <\/span><\/em><\/strong>svizzero<strong><em><span style=\"font-weight: bold; font-style: italic;\"> <\/span><\/em>Felice  Varini <\/strong>intento a creare le sue \u201cpitture spaziali\u201d che si svelano all\u2019osservatore solo guardandole da un punto di vista predeterminato. <\/span><\/span><\/p>\n<p class=\"MsoNormal\" style=\"margin-right: 0cm; margin-bottom: 6pt; margin-left: 0cm; text-align: justify;\"><span style=\"font-family: Arial; font-size: small;\"><span style=\"font-size: 12pt; font-family: Arial;\">Nel film <strong><em><span style=\"font-weight: bold; font-style: italic;\">Botero Born in Medell\u00edn<\/span><\/em> <\/strong>il regista Peter Schamoni ripercorre la carriera lunga e ricca di successi  del pittore e scultore colombiano <strong><span style=\"font-weight: bold;\">Fernando  Botero<\/span><\/strong>.<\/span><\/span><\/p>\n<p class=\"MsoNormal\" style=\"margin-right: 0cm; margin-bottom: 6pt; margin-left: 0cm; text-align: justify;\"><span style=\"font-family: Arial; font-size: small;\"><span style=\"font-size: 12pt; font-family: Arial;\">Nel film <em><span style=\"font-style: italic;\">Learning from Light: the Vision of I.M. Pei<\/span><\/em> di<strong><span style=\"font-weight: bold;\"> <\/span><\/strong>Bo Landin e Sterling  Van Wagenen,<strong><span style=\"font-weight: bold;\"> <\/span><\/strong>il grande  architetto di origine cinese, <strong><span style=\"font-weight: bold;\">I.M.Pei<\/span><\/strong>,  ci illustrer\u00e0 lo spettacolare museo di arte islamica del Qatar, inaugurato nel novembre 2008 e  definito il &#8220;Louvre del Medio Oriente&#8221;. <\/span><\/span><\/p>\n<p class=\"MsoNormal\" style=\"margin-right: 0cm; margin-bottom: 6pt; margin-left: 0cm; text-align: justify;\"><span style=\"font-family: Arial; font-size: small;\"><span style=\"font-size: 12pt; font-family: Arial;\">Il programma dettagliato e  completo della manifestazione sar\u00e0 consultabile sul sito internet <a href=\"http:\/\/www.artecinema.com\/\" target=\"_blank\">www.artecinema.com<\/a> <\/span><\/span><\/p>\n<p class=\"MsoNormal\" style=\"margin-right: 0cm; margin-bottom: 6pt; margin-left: 0cm; text-align: justify;\"><span style=\"font-family: Arial; font-size: small;\"><span style=\"font-size: 12pt; font-family: Arial;\">Sar\u00e0 pubblicato un <strong><span style=\"font-weight: bold;\">catalogo<\/span><\/strong> con testi in italiano e  inglese distribuito gratuitamente insieme ad un <strong><span style=\"font-weight: bold;\">magazine<\/span><\/strong> con interviste ai registi e agli artisti, strumento di approfondimento  dei temi trattati nel festival.<\/span><\/span><\/p>\n<p style=\"margin-top: 6pt; text-align: justify;\"><strong><span style=\"font-family: Arial; font-size: small;\"><span style=\"font-size: 12pt; font-family: Arial; font-weight: bold;\">L\u2019iniziativa \u00e8 patrocinata<\/span><\/span><\/strong><span style=\"font-family: Arial; font-size: small;\"><span style=\"font-size: 12pt; font-family: Arial;\"> dalla  Presidenza del Consiglio dei Ministri, dal Senato della Repubblica, dal Ministero  per i Beni e le Attivit\u00e0 Culturali, dal Ministero per lo Sviluppo Economico,  dal Ministero dell\u2019Universit\u00e0 e della Ricerca, dalla Regione Campania, dalla Provincia di Napoli, dal Comune  di Napoli, dalla Soprintendenza Speciale per il Patrimonio Storico, Artistico, Etnoantropologico e per il Polo Museale della citt\u00e0  di Napoli, dalla Soprintendenza per i Beni Architettonici di Napoli e  Provincia, dalla Soprintendenza Archivistica per la Campania, dall\u2019Universit\u00e0 degli Studi di Napoli \u201cFederico II\u201d e  dalla Fondazione Internazionale per gli Studi Superiori di Architettura.<\/span><\/span><\/p>\n<p class=\"MsoNormal\" style=\"text-align: justify;\"><span style=\"font-family: Arial; font-size: x-small;\"><span style=\"font-size: 10pt; font-family: Arial;\"> <\/span><\/span><\/p>\n<p class=\"MsoNormal\" style=\"text-align: justify;\"><strong><span style=\"font-family: Arial; font-size: small;\"><span style=\"font-size: 12pt; font-family: Arial; font-weight: bold;\">INFORMAZIONI<\/span><\/span><\/strong><\/p>\n<p class=\"MsoNormal\" style=\"margin-right: 0cm; margin-bottom: 6pt; margin-left: 0cm;\"><strong><span style=\"font-family: Arial; font-size: small;\"><span style=\"font-size: 12pt; font-family: Arial; font-weight: bold;\">arte<em><span style=\"font-style: italic;\">cinema<\/span><\/em>,\u00a0 15\u00b0 <em><span style=\"font-style: italic;\">Festival Internazionale di Film sull\u2019Arte Contemporanea<\/span><\/em><\/span><\/span><\/strong><\/p>\n<p class=\"MsoNormal\" style=\"text-align: justify;\"><strong><span style=\"font-family: Arial; font-size: small;\"><span style=\"font-size: 12pt; font-family: Arial; font-weight: bold;\">Luogo: <\/span><\/span><\/strong><span style=\"font-family: Arial; font-size: small;\"><span style=\"font-size: 12pt; font-family: Arial;\">Teatro Augusteo<\/span><\/span><\/p>\n<p class=\"MsoNormal\" style=\"margin-left: 70.8pt; text-align: justify; text-indent: 35.4pt;\"><span style=\"font-family: Arial; font-size: small;\"><span style=\"font-size: 12pt; font-family: Arial;\">Napoli, piazza Duca d&#8217;Aosta  263<\/span><\/span><\/p>\n<p style=\"margin-right: 20.9pt; margin-left: 35.4pt; margin-bottom: 0.0001pt; line-height: normal;\"><span style=\"font-family: Arial; font-size: small;\"><span style=\"font-size: 12pt; font-family: Arial;\"> <\/span><\/span><\/p>\n<p class=\"MsoNormal\" style=\"margin-right: 20.9pt;\"><strong><span style=\"font-family: Arial; font-size: small;\"><span style=\"font-size: 12pt; font-family: Arial; font-weight: bold;\">Date: <\/span><\/span><\/strong><span style=\"font-family: Arial; font-size: small;\"><span style=\"font-size: 12pt; font-family: Arial;\">da gioved\u00ec 14 a domenica 17 ottobre 2010<\/span><\/span><\/p>\n<p class=\"MsoNormal\" style=\"margin-right: 20.9pt;\"><span style=\"font-family: Arial; font-size: small;\"><span style=\"font-size: 12pt; font-family: Arial;\"> <\/span><\/span><\/p>\n<p class=\"MsoNormal\" style=\"margin-right: 20.9pt;\"><strong><span style=\"font-family: Arial; font-size: small;\"><span style=\"font-size: 12pt; font-family: Arial; font-weight: bold;\">Orario:<\/span><\/span><\/strong><span style=\"font-family: Arial; font-size: small;\"><span style=\"font-size: 12pt; font-family: Arial;\"> ogni giorno, dalle ore 17.00 alle ore 24.00<\/span><\/span><\/p>\n<p class=\"MsoNormal\"><strong><strong><span style=\"font-family: Arial; font-size: small;\"><span style=\"font-size: 12pt; font-family: Arial;\"> <\/span><\/span><\/strong><\/strong><\/p>\n<p class=\"MsoNormal\" style=\"text-align: justify;\"><strong><strong><span style=\"font-family: Arial; font-size: small;\"><span style=\"font-size: 12pt; font-family: Arial;\">Informazioni:<\/span><\/span><\/strong><\/strong><span style=\"font-family: Arial; font-size: small;\"><span style=\"font-size: 12pt; font-family: Arial;\"> Associazione Culturale Trisorio<\/span><\/span><\/p>\n<p class=\"MsoNormal\" style=\"margin-left: 70.8pt; text-align: justify; text-indent: 35.4pt;\"><span style=\"font-family: Arial; font-size: small;\"><span style=\"font-size: 12pt; font-family: Arial;\">Tel\/fax +39 081 414306 \/ <a href=\"mailto:info@artecinema.com\" target=\"_blank\"><span style=\"color: #002bf0;\"><span style=\"color: #002bf0; text-decoration: none;\">info@artecinema.com<\/span><\/span><\/a><\/span><\/span><\/p>\n<p class=\"MsoNormal\" style=\"margin-left: 70.8pt; text-align: justify; text-indent: 35.4pt;\"><span style=\"font-family: Arial; font-size: small;\"><span style=\"font-size: 12pt; font-family: Arial;\"><a href=\"http:\/\/www.artecinema.com\/\" target=\"_blank\">www.artecinema.com<\/a><\/span><\/span><\/p>\n<p class=\"MsoNormal\" style=\"margin-left: 70.8pt; text-align: justify; text-indent: 35.4pt;\"><span style=\"font-family: Arial; font-size: small;\"><span style=\"font-size: 12pt; font-family: Arial;\">Lingua originale\/traduzioni  simultanee<\/span><\/span><\/p>\n<p class=\"MsoNormal\" style=\"margin-left: 70.8pt; text-indent: 35.4pt;\"><strong><span style=\"font-family: Arial; font-size: small;\"><span style=\"font-size: 12pt; font-family: Arial; font-weight: bold;\"> <\/span><\/span><\/strong><\/p>\n<p class=\"MsoNormal\"><strong><strong><span style=\"font-family: Arial; font-size: small;\"><span style=\"font-size: 12pt; font-family: Arial;\">Ingresso: <\/span><\/span><\/strong><\/strong><strong><strong><span style=\"font-family: Arial; font-size: small;\"><span style=\"font-size: 12pt; font-family: Arial; font-weight: normal;\">gratuito<\/span><\/span><\/strong><\/strong><\/p>\n","protected":false},"excerpt":{"rendered":"<p>\u00a0 15\u00b0 Festival Internazionale di Film sull\u2019Arte Contemporanea 14-15-16-17 ottobre 2010 Napoli, Teatro Augusteo \u00a0<\/p>\n","protected":false},"author":1,"featured_media":0,"comment_status":"open","ping_status":"open","sticky":false,"template":"","format":"standard","meta":[],"categories":[29],"tags":[],"yoast_head":"<!-- This site is optimized with the Yoast SEO plugin v18.0 - https:\/\/yoast.com\/wordpress\/plugins\/seo\/ -->\n<title>15\u00b0 Festival Internazionale di Film sull\u2019Arte Contemporanea | Arte e Luoghi<\/title>\n<meta name=\"robots\" content=\"index, follow, max-snippet:-1, max-image-preview:large, max-video-preview:-1\" \/>\n<link rel=\"canonical\" href=\"https:\/\/arteeluoghi.it\/index.php\/2006\/10\/11\/differenza-tra-archiviare-e-cestinare-un-articolo\/\" \/>\n<link rel=\"next\" href=\"https:\/\/arteeluoghi.it\/index.php\/2006\/10\/11\/differenza-tra-archiviare-e-cestinare-un-articolo\/2\/\" \/>\n<meta property=\"og:locale\" content=\"it_IT\" \/>\n<meta property=\"og:type\" content=\"article\" \/>\n<meta property=\"og:title\" content=\"15\u00b0 Festival Internazionale di Film sull\u2019Arte Contemporanea | Arte e Luoghi\" \/>\n<meta property=\"og:description\" content=\"\u00a0 15\u00b0 Festival Internazionale di Film sull\u2019Arte Contemporanea 14-15-16-17 ottobre 2010 Napoli, Teatro Augusteo \u00a0\" \/>\n<meta property=\"og:url\" content=\"https:\/\/arteeluoghi.it\/index.php\/2006\/10\/11\/differenza-tra-archiviare-e-cestinare-un-articolo\/\" \/>\n<meta property=\"og:site_name\" content=\"Arte e Luoghi\" \/>\n<meta property=\"article:publisher\" content=\"https:\/\/www.facebook.com\/ArteELuoghi\/\" \/>\n<meta property=\"article:published_time\" content=\"2006-10-11T03:19:43+00:00\" \/>\n<meta property=\"article:modified_time\" content=\"2017-08-06T22:37:39+00:00\" \/>\n<meta name=\"twitter:card\" content=\"summary\" \/>\n<meta name=\"twitter:creator\" content=\"@arteeluoghi\" \/>\n<meta name=\"twitter:site\" content=\"@arteeluoghi\" \/>\n<meta name=\"twitter:label1\" content=\"Scritto da\" \/>\n\t<meta name=\"twitter:data1\" content=\"Staff\" \/>\n\t<meta name=\"twitter:label2\" content=\"Tempo di lettura stimato\" \/>\n\t<meta name=\"twitter:data2\" content=\"3 minuti\" \/>\n<script type=\"application\/ld+json\" class=\"yoast-schema-graph\">{\"@context\":\"https:\/\/schema.org\",\"@graph\":[{\"@type\":\"Organization\",\"@id\":\"https:\/\/arteeluoghi.it\/#organization\",\"name\":\"Arte e Luoghi\",\"url\":\"https:\/\/arteeluoghi.it\/\",\"sameAs\":[\"https:\/\/www.facebook.com\/ArteELuoghi\/\",\"https:\/\/www.instagram.com\/arteeluoghi\/?hl=it\",\"https:\/\/www.youtube.com\/channel\/UCuRVc4JW4-C5sg9rQB-srkw?view_as=subscriber\",\"https:\/\/twitter.com\/arteeluoghi\"],\"logo\":{\"@type\":\"ImageObject\",\"@id\":\"https:\/\/arteeluoghi.it\/#logo\",\"inLanguage\":\"it-IT\",\"url\":\"https:\/\/arteeluoghi.it\/wp-content\/uploads\/2018\/08\/logoinstagramarte.jpg\",\"contentUrl\":\"https:\/\/arteeluoghi.it\/wp-content\/uploads\/2018\/08\/logoinstagramarte.jpg\",\"width\":150,\"height\":150,\"caption\":\"Arte e Luoghi\"},\"image\":{\"@id\":\"https:\/\/arteeluoghi.it\/#logo\"}},{\"@type\":\"WebSite\",\"@id\":\"https:\/\/arteeluoghi.it\/#website\",\"url\":\"https:\/\/arteeluoghi.it\/\",\"name\":\"Arte e Luoghi\",\"description\":\"Mensile di arte, cultura, turismo e curiosit\u00e0\",\"publisher\":{\"@id\":\"https:\/\/arteeluoghi.it\/#organization\"},\"potentialAction\":[{\"@type\":\"SearchAction\",\"target\":{\"@type\":\"EntryPoint\",\"urlTemplate\":\"https:\/\/arteeluoghi.it\/?s={search_term_string}\"},\"query-input\":\"required name=search_term_string\"}],\"inLanguage\":\"it-IT\"},{\"@type\":\"WebPage\",\"@id\":\"https:\/\/arteeluoghi.it\/index.php\/2006\/10\/11\/differenza-tra-archiviare-e-cestinare-un-articolo\/#webpage\",\"url\":\"https:\/\/arteeluoghi.it\/index.php\/2006\/10\/11\/differenza-tra-archiviare-e-cestinare-un-articolo\/\",\"name\":\"15\u00b0 Festival Internazionale di Film sull\u2019Arte Contemporanea | Arte e Luoghi\",\"isPartOf\":{\"@id\":\"https:\/\/arteeluoghi.it\/#website\"},\"datePublished\":\"2006-10-11T03:19:43+00:00\",\"dateModified\":\"2017-08-06T22:37:39+00:00\",\"breadcrumb\":{\"@id\":\"https:\/\/arteeluoghi.it\/index.php\/2006\/10\/11\/differenza-tra-archiviare-e-cestinare-un-articolo\/#breadcrumb\"},\"inLanguage\":\"it-IT\",\"potentialAction\":[{\"@type\":\"ReadAction\",\"target\":[\"https:\/\/arteeluoghi.it\/index.php\/2006\/10\/11\/differenza-tra-archiviare-e-cestinare-un-articolo\/\"]}]},{\"@type\":\"BreadcrumbList\",\"@id\":\"https:\/\/arteeluoghi.it\/index.php\/2006\/10\/11\/differenza-tra-archiviare-e-cestinare-un-articolo\/#breadcrumb\",\"itemListElement\":[{\"@type\":\"ListItem\",\"position\":1,\"name\":\"Home\"}]},{\"@type\":\"Article\",\"@id\":\"https:\/\/arteeluoghi.it\/index.php\/2006\/10\/11\/differenza-tra-archiviare-e-cestinare-un-articolo\/#article\",\"isPartOf\":{\"@id\":\"https:\/\/arteeluoghi.it\/index.php\/2006\/10\/11\/differenza-tra-archiviare-e-cestinare-un-articolo\/#webpage\"},\"author\":{\"@id\":\"https:\/\/arteeluoghi.it\/#\/schema\/person\/f84e814e36e91e01448ee07eaadd41d4\"},\"headline\":\"15\u00b0 Festival Internazionale di Film sull\u2019Arte Contemporanea\",\"datePublished\":\"2006-10-11T03:19:43+00:00\",\"dateModified\":\"2017-08-06T22:37:39+00:00\",\"mainEntityOfPage\":{\"@id\":\"https:\/\/arteeluoghi.it\/index.php\/2006\/10\/11\/differenza-tra-archiviare-e-cestinare-un-articolo\/#webpage\"},\"wordCount\":673,\"commentCount\":0,\"publisher\":{\"@id\":\"https:\/\/arteeluoghi.it\/#organization\"},\"articleSection\":[\"Cinema\"],\"inLanguage\":\"it-IT\",\"potentialAction\":[{\"@type\":\"CommentAction\",\"name\":\"Comment\",\"target\":[\"https:\/\/arteeluoghi.it\/index.php\/2006\/10\/11\/differenza-tra-archiviare-e-cestinare-un-articolo\/#respond\"]}]},{\"@type\":\"Person\",\"@id\":\"https:\/\/arteeluoghi.it\/#\/schema\/person\/f84e814e36e91e01448ee07eaadd41d4\",\"name\":\"Staff\",\"image\":{\"@type\":\"ImageObject\",\"@id\":\"https:\/\/arteeluoghi.it\/#personlogo\",\"inLanguage\":\"it-IT\",\"url\":\"https:\/\/secure.gravatar.com\/avatar\/49d2f9e46271bb04e19cebfaf141313a?s=96&d=blank&r=g\",\"contentUrl\":\"https:\/\/secure.gravatar.com\/avatar\/49d2f9e46271bb04e19cebfaf141313a?s=96&d=blank&r=g\",\"caption\":\"Staff\"}}]}<\/script>\n<!-- \/ Yoast SEO plugin. -->","yoast_head_json":{"title":"15\u00b0 Festival Internazionale di Film sull\u2019Arte Contemporanea | Arte e Luoghi","robots":{"index":"index","follow":"follow","max-snippet":"max-snippet:-1","max-image-preview":"max-image-preview:large","max-video-preview":"max-video-preview:-1"},"canonical":"https:\/\/arteeluoghi.it\/index.php\/2006\/10\/11\/differenza-tra-archiviare-e-cestinare-un-articolo\/","next":"https:\/\/arteeluoghi.it\/index.php\/2006\/10\/11\/differenza-tra-archiviare-e-cestinare-un-articolo\/2\/","og_locale":"it_IT","og_type":"article","og_title":"15\u00b0 Festival Internazionale di Film sull\u2019Arte Contemporanea | Arte e Luoghi","og_description":"\u00a0 15\u00b0 Festival Internazionale di Film sull\u2019Arte Contemporanea 14-15-16-17 ottobre 2010 Napoli, Teatro Augusteo \u00a0","og_url":"https:\/\/arteeluoghi.it\/index.php\/2006\/10\/11\/differenza-tra-archiviare-e-cestinare-un-articolo\/","og_site_name":"Arte e Luoghi","article_publisher":"https:\/\/www.facebook.com\/ArteELuoghi\/","article_published_time":"2006-10-11T03:19:43+00:00","article_modified_time":"2017-08-06T22:37:39+00:00","twitter_card":"summary","twitter_creator":"@arteeluoghi","twitter_site":"@arteeluoghi","twitter_misc":{"Scritto da":"Staff","Tempo di lettura stimato":"3 minuti"},"schema":{"@context":"https:\/\/schema.org","@graph":[{"@type":"Organization","@id":"https:\/\/arteeluoghi.it\/#organization","name":"Arte e Luoghi","url":"https:\/\/arteeluoghi.it\/","sameAs":["https:\/\/www.facebook.com\/ArteELuoghi\/","https:\/\/www.instagram.com\/arteeluoghi\/?hl=it","https:\/\/www.youtube.com\/channel\/UCuRVc4JW4-C5sg9rQB-srkw?view_as=subscriber","https:\/\/twitter.com\/arteeluoghi"],"logo":{"@type":"ImageObject","@id":"https:\/\/arteeluoghi.it\/#logo","inLanguage":"it-IT","url":"https:\/\/arteeluoghi.it\/wp-content\/uploads\/2018\/08\/logoinstagramarte.jpg","contentUrl":"https:\/\/arteeluoghi.it\/wp-content\/uploads\/2018\/08\/logoinstagramarte.jpg","width":150,"height":150,"caption":"Arte e Luoghi"},"image":{"@id":"https:\/\/arteeluoghi.it\/#logo"}},{"@type":"WebSite","@id":"https:\/\/arteeluoghi.it\/#website","url":"https:\/\/arteeluoghi.it\/","name":"Arte e Luoghi","description":"Mensile di arte, cultura, turismo e curiosit\u00e0","publisher":{"@id":"https:\/\/arteeluoghi.it\/#organization"},"potentialAction":[{"@type":"SearchAction","target":{"@type":"EntryPoint","urlTemplate":"https:\/\/arteeluoghi.it\/?s={search_term_string}"},"query-input":"required name=search_term_string"}],"inLanguage":"it-IT"},{"@type":"WebPage","@id":"https:\/\/arteeluoghi.it\/index.php\/2006\/10\/11\/differenza-tra-archiviare-e-cestinare-un-articolo\/#webpage","url":"https:\/\/arteeluoghi.it\/index.php\/2006\/10\/11\/differenza-tra-archiviare-e-cestinare-un-articolo\/","name":"15\u00b0 Festival Internazionale di Film sull\u2019Arte Contemporanea | Arte e Luoghi","isPartOf":{"@id":"https:\/\/arteeluoghi.it\/#website"},"datePublished":"2006-10-11T03:19:43+00:00","dateModified":"2017-08-06T22:37:39+00:00","breadcrumb":{"@id":"https:\/\/arteeluoghi.it\/index.php\/2006\/10\/11\/differenza-tra-archiviare-e-cestinare-un-articolo\/#breadcrumb"},"inLanguage":"it-IT","potentialAction":[{"@type":"ReadAction","target":["https:\/\/arteeluoghi.it\/index.php\/2006\/10\/11\/differenza-tra-archiviare-e-cestinare-un-articolo\/"]}]},{"@type":"BreadcrumbList","@id":"https:\/\/arteeluoghi.it\/index.php\/2006\/10\/11\/differenza-tra-archiviare-e-cestinare-un-articolo\/#breadcrumb","itemListElement":[{"@type":"ListItem","position":1,"name":"Home"}]},{"@type":"Article","@id":"https:\/\/arteeluoghi.it\/index.php\/2006\/10\/11\/differenza-tra-archiviare-e-cestinare-un-articolo\/#article","isPartOf":{"@id":"https:\/\/arteeluoghi.it\/index.php\/2006\/10\/11\/differenza-tra-archiviare-e-cestinare-un-articolo\/#webpage"},"author":{"@id":"https:\/\/arteeluoghi.it\/#\/schema\/person\/f84e814e36e91e01448ee07eaadd41d4"},"headline":"15\u00b0 Festival Internazionale di Film sull\u2019Arte Contemporanea","datePublished":"2006-10-11T03:19:43+00:00","dateModified":"2017-08-06T22:37:39+00:00","mainEntityOfPage":{"@id":"https:\/\/arteeluoghi.it\/index.php\/2006\/10\/11\/differenza-tra-archiviare-e-cestinare-un-articolo\/#webpage"},"wordCount":673,"commentCount":0,"publisher":{"@id":"https:\/\/arteeluoghi.it\/#organization"},"articleSection":["Cinema"],"inLanguage":"it-IT","potentialAction":[{"@type":"CommentAction","name":"Comment","target":["https:\/\/arteeluoghi.it\/index.php\/2006\/10\/11\/differenza-tra-archiviare-e-cestinare-un-articolo\/#respond"]}]},{"@type":"Person","@id":"https:\/\/arteeluoghi.it\/#\/schema\/person\/f84e814e36e91e01448ee07eaadd41d4","name":"Staff","image":{"@type":"ImageObject","@id":"https:\/\/arteeluoghi.it\/#personlogo","inLanguage":"it-IT","url":"https:\/\/secure.gravatar.com\/avatar\/49d2f9e46271bb04e19cebfaf141313a?s=96&d=blank&r=g","contentUrl":"https:\/\/secure.gravatar.com\/avatar\/49d2f9e46271bb04e19cebfaf141313a?s=96&d=blank&r=g","caption":"Staff"}}]}},"_links":{"self":[{"href":"https:\/\/arteeluoghi.it\/index.php\/wp-json\/wp\/v2\/posts\/39"}],"collection":[{"href":"https:\/\/arteeluoghi.it\/index.php\/wp-json\/wp\/v2\/posts"}],"about":[{"href":"https:\/\/arteeluoghi.it\/index.php\/wp-json\/wp\/v2\/types\/post"}],"author":[{"embeddable":true,"href":"https:\/\/arteeluoghi.it\/index.php\/wp-json\/wp\/v2\/users\/1"}],"replies":[{"embeddable":true,"href":"https:\/\/arteeluoghi.it\/index.php\/wp-json\/wp\/v2\/comments?post=39"}],"version-history":[{"count":1,"href":"https:\/\/arteeluoghi.it\/index.php\/wp-json\/wp\/v2\/posts\/39\/revisions"}],"predecessor-version":[{"id":3193,"href":"https:\/\/arteeluoghi.it\/index.php\/wp-json\/wp\/v2\/posts\/39\/revisions\/3193"}],"wp:attachment":[{"href":"https:\/\/arteeluoghi.it\/index.php\/wp-json\/wp\/v2\/media?parent=39"}],"wp:term":[{"taxonomy":"category","embeddable":true,"href":"https:\/\/arteeluoghi.it\/index.php\/wp-json\/wp\/v2\/categories?post=39"},{"taxonomy":"post_tag","embeddable":true,"href":"https:\/\/arteeluoghi.it\/index.php\/wp-json\/wp\/v2\/tags?post=39"}],"curies":[{"name":"wp","href":"https:\/\/api.w.org\/{rel}","templated":true}]}}