{"id":3912,"date":"2017-10-18T22:30:35","date_gmt":"2017-10-18T20:30:35","guid":{"rendered":"http:\/\/arteeluoghi.it\/?p=3912"},"modified":"2017-10-24T22:36:21","modified_gmt":"2017-10-24T20:36:21","slug":"la-fiera-di-ortelle-la-piu-antica-di-terra-dotranto","status":"publish","type":"post","link":"https:\/\/arteeluoghi.it\/index.php\/2017\/10\/18\/la-fiera-di-ortelle-la-piu-antica-di-terra-dotranto\/","title":{"rendered":"La Fiera di Ortelle, la pi\u00f9 antica di Terra d&#8217;Otranto"},"content":{"rendered":"<p><img loading=\"lazy\" class=\"size-medium wp-image-3913 alignleft\" src=\"https:\/\/arteeluoghi.it\/wp-content\/uploads\/2017\/10\/foto-13-300x225.jpg\" alt=\"\" width=\"300\" height=\"225\" srcset=\"https:\/\/arteeluoghi.it\/wp-content\/uploads\/2017\/10\/foto-13-300x225.jpg 300w, https:\/\/arteeluoghi.it\/wp-content\/uploads\/2017\/10\/foto-13-768x576.jpg 768w, https:\/\/arteeluoghi.it\/wp-content\/uploads\/2017\/10\/foto-13.jpg 960w\" sizes=\"(max-width: 300px) 100vw, 300px\" \/>Apre domani, gioved\u00ec 19 ottobre, la tradizionale <strong>Fiera Regionale di San Vito<\/strong>, la Fiera pi\u00f9 antica di Terra d\u2019Otranto e tra gli eventi pi\u00f9 attesi e frequentati del Salento e dell\u2019intera regione. La manifestazione, che si fregia del riconoscimento di \u201cManifestazione Fiera Regionale\u201d ed \u00e8 annoverata tra le Fiere pi\u00f9 antiche del sud Italia, \u00e8 divenuta nel tempo un appuntamento imperdibile per espositori, produttori ed estimatori del maiale. La Fiera si \u00e8 connotata sempre pi\u00f9 negli ultimi anni per la carne di maiale di qualit\u00e0 Or.Vi. prodotta da animali allevati nel territorio di Ortelle e Vignacastrisi (da cui l\u2019acronimo) con antiche tecniche di allevamento secondo un disciplinare a cui aderiscono l\u2019Associazione degli allevatori di Ortelle, il Comune di Ortelle, la Facolt\u00e0 di Medicina Veterinaria dell\u2019Universit\u00e0 di Teramo e la ASL di Maglie. <!--more--><\/p>\n<p>Punto di forza e di garanzia per il consumatore \u00e8 la filiera controllata per la produzione del maiale Or.Vi., che inizia dall\u2019identificazione del capo e dall\u2019accertamento dell\u2019alimentazione utilizzata nei vari allevamenti e si conclude sul luogo di degustazione del prodotto finito, preparato e servito in molteplici modalit\u00e0, dalle pi\u00f9 tradizionali alle pi\u00f9 originali, che ne valorizzano sapore e propriet\u00e0.<\/p>\n<p><em> <img loading=\"lazy\" class=\"size-medium wp-image-3914 alignright\" src=\"https:\/\/arteeluoghi.it\/wp-content\/uploads\/2017\/10\/foto-17-300x199.jpg\" alt=\"\" width=\"300\" height=\"199\" srcset=\"https:\/\/arteeluoghi.it\/wp-content\/uploads\/2017\/10\/foto-17-300x199.jpg 300w, https:\/\/arteeluoghi.it\/wp-content\/uploads\/2017\/10\/foto-17-768x510.jpg 768w, https:\/\/arteeluoghi.it\/wp-content\/uploads\/2017\/10\/foto-17-1024x680.jpg 1024w\" sizes=\"(max-width: 300px) 100vw, 300px\" \/>\u201cVorremmo <\/em>\u2013 spiega <strong>Francesco Rausa<\/strong> Sindaco di Ortelle \u2013<em> che questa fiera diventasse il punto di riferimento per il settore agricolo e per la trasformazione di prodotti agricoli nel rispetto del territorio. Questo sforzo si evidenzia attraverso l\u2019attenzione che abbiamo nei confronti degli animali, il cui allevamento, il trasporto e le successive trasformazioni sono soggetti all\u2019osservanza del disciplinare Or.Vi, ma anche con la presenza dello storico marchio d\u2019area Salento d\u2019Amare e dall\u2019accordo del Comune con il Sac Terre Salentine, che porteranno in fiera le eccellenze della produzione enogastronomica locale e km. 0. Riportare, dunque, la fiera alle proprie origini, riscoprendo i prodotti della terra e dell\u2019agricoltura locale\u201d. <\/em><\/p>\n<p>Novit\u00e0 di rilievo quest\u2019anno, l\u2019area dedicata a <strong>Salento d\u2019Amare<\/strong> con aziende salentine di eccellenza e al Farmer Market del Sac delle Serre Salentine frutto della collaborazione tra la Fiera e le due istituzioni.<\/p>\n<p><em>\u201cDopo la sponsorship della Notte della Taranta e di altri eventi nazionali ed internazionali <\/em>\u2013afferma <strong>Marianna Miceli<\/strong>, responsabile di Salento D\u2019Amare <em>\u2013 abbiamo scelto di essere al fianco della Fiera Regionale di Ortelle, che si connota per il rispetto delle tradizioni, la qualit\u00e0 del suo progetto innovativo, e per l\u2019attenzione alla valorizzazione delle eccellenze locali. Come Salento D\u2019amare porteremo una selezione di prodotti tipici, che raccontano il territorio e la sua storia\u201d. <\/em><\/p>\n<p>La Fiera di San Vito propone, infine un mix di eventi: incontri e dibattiti, su temi legati al turismo, all\u2019ambiente, all\u2019agroalimentare, alle tradizioni culturali con personalit\u00e0 di spicco della politica, della cultura e del mondo accademico.<\/p>\n<p>Immancabile la musica, che torna a \u201cdialogare\u201d con lo spirito antico della manifestazione, con la rassegna Storie&amp;Cantastorie che avr\u00e0 come protagonisti tre apprezzati cantautori salentini come P40 (venerd\u00ec 20), Massimo Donno Trio (sabato 21) e Andrea Baccassino (domenica 22). L\u2019apertura della Fiera, gioved\u00ec 19, come da tradizione, \u00e8 lasciata invece alle musiche da banda eseguite dagli Amici della Musica.<\/p>\n<p>Molto atteso, anche quest\u2019anno, \u00e8 il <strong>8\u00b0 Concorso fotografico<\/strong> Fiera di S.Vito \u201cLuigi Martano\u201d, aperto agli amanti della fotografia che entro le ore 13.00 di domenica 22 ottobre presso l\u2019Open space dovranno consegnare le proprie foto scattate nei quattro giorni di Fiera. Alle 18.30, nel nuovo open-space dedicato a Luigi Martano, sar\u00e0 effettuata la premiazione. La foto premiata ricever\u00e0 un premio di \u20ac 150.00 (per info 329.3173865 \u2013 <a href=\"mailto:infofierasanvito@gmail.com\">infofierasanvito@gmail.com<\/a>).<\/p>\n<p>Nei quattro giorni di Fiera, a cura della Pro Loco Ippocampo (333.2162144), sar\u00e0 inoltre visitabile gratuitamente la Cripta della Madonna della Grotta: il 19 e 20 ottobre ore 18.00\u201323.00; il 21 e 22 ottobre 9.00\u201313.00\/18.00\u201323.00.<\/p>\n<p>Tutto il programma \u00e8 su <a href=\"http:\/\/www.comune.ortelle.le.it\">www.comune.ortelle.le.it<\/a> e sulla pagina Facebook Fiera di SanVito.<\/p>\n<p>(fonte: comunicato stampa)<\/p>\n","protected":false},"excerpt":{"rendered":"<p>Apre domani, gioved\u00ec 19 ottobre, la tradizionale Fiera Regionale di San Vito, la Fiera pi\u00f9 antica di Terra d\u2019Otranto e<\/p>\n","protected":false},"author":1,"featured_media":3913,"comment_status":"open","ping_status":"open","sticky":false,"template":"","format":"standard","meta":[],"categories":[35],"tags":[331,333,332],"yoast_head":"<!-- This site is optimized with the Yoast SEO plugin v18.0 - https:\/\/yoast.com\/wordpress\/plugins\/seo\/ -->\n<title>La Fiera di Ortelle, la pi\u00f9 antica di Terra d&#039;Otranto | Arte e Luoghi<\/title>\n<meta name=\"robots\" content=\"index, follow, max-snippet:-1, max-image-preview:large, max-video-preview:-1\" \/>\n<link rel=\"canonical\" href=\"https:\/\/arteeluoghi.it\/index.php\/2017\/10\/18\/la-fiera-di-ortelle-la-piu-antica-di-terra-dotranto\/\" \/>\n<meta property=\"og:locale\" content=\"it_IT\" \/>\n<meta property=\"og:type\" content=\"article\" \/>\n<meta property=\"og:title\" content=\"La Fiera di Ortelle, la pi\u00f9 antica di Terra d&#039;Otranto | Arte e Luoghi\" \/>\n<meta property=\"og:description\" content=\"Apre domani, gioved\u00ec 19 ottobre, la tradizionale Fiera Regionale di San Vito, la Fiera pi\u00f9 antica di Terra d\u2019Otranto e\" \/>\n<meta property=\"og:url\" content=\"https:\/\/arteeluoghi.it\/index.php\/2017\/10\/18\/la-fiera-di-ortelle-la-piu-antica-di-terra-dotranto\/\" \/>\n<meta property=\"og:site_name\" content=\"Arte e Luoghi\" \/>\n<meta property=\"article:publisher\" content=\"https:\/\/www.facebook.com\/ArteELuoghi\/\" \/>\n<meta property=\"article:published_time\" content=\"2017-10-18T20:30:35+00:00\" \/>\n<meta property=\"article:modified_time\" content=\"2017-10-24T20:36:21+00:00\" \/>\n<meta property=\"og:image\" content=\"https:\/\/arteeluoghi.it\/wp-content\/uploads\/2017\/10\/foto-13.jpg\" \/>\n\t<meta property=\"og:image:width\" content=\"960\" \/>\n\t<meta property=\"og:image:height\" content=\"720\" \/>\n\t<meta property=\"og:image:type\" content=\"image\/jpeg\" \/>\n<meta name=\"twitter:card\" content=\"summary\" \/>\n<meta name=\"twitter:creator\" content=\"@arteeluoghi\" \/>\n<meta name=\"twitter:site\" content=\"@arteeluoghi\" \/>\n<meta name=\"twitter:label1\" content=\"Scritto da\" \/>\n\t<meta name=\"twitter:data1\" content=\"Staff\" \/>\n\t<meta name=\"twitter:label2\" content=\"Tempo di lettura stimato\" \/>\n\t<meta name=\"twitter:data2\" content=\"3 minuti\" \/>\n<script type=\"application\/ld+json\" class=\"yoast-schema-graph\">{\"@context\":\"https:\/\/schema.org\",\"@graph\":[{\"@type\":\"Organization\",\"@id\":\"https:\/\/arteeluoghi.it\/#organization\",\"name\":\"Arte e Luoghi\",\"url\":\"https:\/\/arteeluoghi.it\/\",\"sameAs\":[\"https:\/\/www.facebook.com\/ArteELuoghi\/\",\"https:\/\/www.instagram.com\/arteeluoghi\/?hl=it\",\"https:\/\/www.youtube.com\/channel\/UCuRVc4JW4-C5sg9rQB-srkw?view_as=subscriber\",\"https:\/\/twitter.com\/arteeluoghi\"],\"logo\":{\"@type\":\"ImageObject\",\"@id\":\"https:\/\/arteeluoghi.it\/#logo\",\"inLanguage\":\"it-IT\",\"url\":\"https:\/\/arteeluoghi.it\/wp-content\/uploads\/2018\/08\/logoinstagramarte.jpg\",\"contentUrl\":\"https:\/\/arteeluoghi.it\/wp-content\/uploads\/2018\/08\/logoinstagramarte.jpg\",\"width\":150,\"height\":150,\"caption\":\"Arte e Luoghi\"},\"image\":{\"@id\":\"https:\/\/arteeluoghi.it\/#logo\"}},{\"@type\":\"WebSite\",\"@id\":\"https:\/\/arteeluoghi.it\/#website\",\"url\":\"https:\/\/arteeluoghi.it\/\",\"name\":\"Arte e Luoghi\",\"description\":\"Mensile di arte, cultura, turismo e curiosit\u00e0\",\"publisher\":{\"@id\":\"https:\/\/arteeluoghi.it\/#organization\"},\"potentialAction\":[{\"@type\":\"SearchAction\",\"target\":{\"@type\":\"EntryPoint\",\"urlTemplate\":\"https:\/\/arteeluoghi.it\/?s={search_term_string}\"},\"query-input\":\"required name=search_term_string\"}],\"inLanguage\":\"it-IT\"},{\"@type\":\"ImageObject\",\"@id\":\"https:\/\/arteeluoghi.it\/index.php\/2017\/10\/18\/la-fiera-di-ortelle-la-piu-antica-di-terra-dotranto\/#primaryimage\",\"inLanguage\":\"it-IT\",\"url\":\"https:\/\/arteeluoghi.it\/wp-content\/uploads\/2017\/10\/foto-13.jpg\",\"contentUrl\":\"https:\/\/arteeluoghi.it\/wp-content\/uploads\/2017\/10\/foto-13.jpg\",\"width\":960,\"height\":720},{\"@type\":\"WebPage\",\"@id\":\"https:\/\/arteeluoghi.it\/index.php\/2017\/10\/18\/la-fiera-di-ortelle-la-piu-antica-di-terra-dotranto\/#webpage\",\"url\":\"https:\/\/arteeluoghi.it\/index.php\/2017\/10\/18\/la-fiera-di-ortelle-la-piu-antica-di-terra-dotranto\/\",\"name\":\"La Fiera di Ortelle, la pi\u00f9 antica di Terra d'Otranto | Arte e Luoghi\",\"isPartOf\":{\"@id\":\"https:\/\/arteeluoghi.it\/#website\"},\"primaryImageOfPage\":{\"@id\":\"https:\/\/arteeluoghi.it\/index.php\/2017\/10\/18\/la-fiera-di-ortelle-la-piu-antica-di-terra-dotranto\/#primaryimage\"},\"datePublished\":\"2017-10-18T20:30:35+00:00\",\"dateModified\":\"2017-10-24T20:36:21+00:00\",\"breadcrumb\":{\"@id\":\"https:\/\/arteeluoghi.it\/index.php\/2017\/10\/18\/la-fiera-di-ortelle-la-piu-antica-di-terra-dotranto\/#breadcrumb\"},\"inLanguage\":\"it-IT\",\"potentialAction\":[{\"@type\":\"ReadAction\",\"target\":[\"https:\/\/arteeluoghi.it\/index.php\/2017\/10\/18\/la-fiera-di-ortelle-la-piu-antica-di-terra-dotranto\/\"]}]},{\"@type\":\"BreadcrumbList\",\"@id\":\"https:\/\/arteeluoghi.it\/index.php\/2017\/10\/18\/la-fiera-di-ortelle-la-piu-antica-di-terra-dotranto\/#breadcrumb\",\"itemListElement\":[{\"@type\":\"ListItem\",\"position\":1,\"name\":\"Home\",\"item\":\"https:\/\/arteeluoghi.it\/\"},{\"@type\":\"ListItem\",\"position\":2,\"name\":\"La Fiera di Ortelle, la pi\u00f9 antica di Terra d&#8217;Otranto\"}]},{\"@type\":\"Article\",\"@id\":\"https:\/\/arteeluoghi.it\/index.php\/2017\/10\/18\/la-fiera-di-ortelle-la-piu-antica-di-terra-dotranto\/#article\",\"isPartOf\":{\"@id\":\"https:\/\/arteeluoghi.it\/index.php\/2017\/10\/18\/la-fiera-di-ortelle-la-piu-antica-di-terra-dotranto\/#webpage\"},\"author\":{\"@id\":\"https:\/\/arteeluoghi.it\/#\/schema\/person\/f84e814e36e91e01448ee07eaadd41d4\"},\"headline\":\"La Fiera di Ortelle, la pi\u00f9 antica di Terra d&#8217;Otranto\",\"datePublished\":\"2017-10-18T20:30:35+00:00\",\"dateModified\":\"2017-10-24T20:36:21+00:00\",\"mainEntityOfPage\":{\"@id\":\"https:\/\/arteeluoghi.it\/index.php\/2017\/10\/18\/la-fiera-di-ortelle-la-piu-antica-di-terra-dotranto\/#webpage\"},\"wordCount\":634,\"commentCount\":0,\"publisher\":{\"@id\":\"https:\/\/arteeluoghi.it\/#organization\"},\"image\":{\"@id\":\"https:\/\/arteeluoghi.it\/index.php\/2017\/10\/18\/la-fiera-di-ortelle-la-piu-antica-di-terra-dotranto\/#primaryimage\"},\"thumbnailUrl\":\"https:\/\/arteeluoghi.it\/wp-content\/uploads\/2017\/10\/foto-13.jpg\",\"keywords\":[\"Fiera di Ortelle\",\"Francesco Rausa\",\"San Vito\"],\"articleSection\":[\"I luoghi del Gusto\"],\"inLanguage\":\"it-IT\",\"potentialAction\":[{\"@type\":\"CommentAction\",\"name\":\"Comment\",\"target\":[\"https:\/\/arteeluoghi.it\/index.php\/2017\/10\/18\/la-fiera-di-ortelle-la-piu-antica-di-terra-dotranto\/#respond\"]}]},{\"@type\":\"Person\",\"@id\":\"https:\/\/arteeluoghi.it\/#\/schema\/person\/f84e814e36e91e01448ee07eaadd41d4\",\"name\":\"Staff\",\"image\":{\"@type\":\"ImageObject\",\"@id\":\"https:\/\/arteeluoghi.it\/#personlogo\",\"inLanguage\":\"it-IT\",\"url\":\"https:\/\/secure.gravatar.com\/avatar\/49d2f9e46271bb04e19cebfaf141313a?s=96&d=blank&r=g\",\"contentUrl\":\"https:\/\/secure.gravatar.com\/avatar\/49d2f9e46271bb04e19cebfaf141313a?s=96&d=blank&r=g\",\"caption\":\"Staff\"}}]}<\/script>\n<!-- \/ Yoast SEO plugin. -->","yoast_head_json":{"title":"La Fiera di Ortelle, la pi\u00f9 antica di Terra d'Otranto | Arte e Luoghi","robots":{"index":"index","follow":"follow","max-snippet":"max-snippet:-1","max-image-preview":"max-image-preview:large","max-video-preview":"max-video-preview:-1"},"canonical":"https:\/\/arteeluoghi.it\/index.php\/2017\/10\/18\/la-fiera-di-ortelle-la-piu-antica-di-terra-dotranto\/","og_locale":"it_IT","og_type":"article","og_title":"La Fiera di Ortelle, la pi\u00f9 antica di Terra d'Otranto | Arte e Luoghi","og_description":"Apre domani, gioved\u00ec 19 ottobre, la tradizionale Fiera Regionale di San Vito, la Fiera pi\u00f9 antica di Terra d\u2019Otranto e","og_url":"https:\/\/arteeluoghi.it\/index.php\/2017\/10\/18\/la-fiera-di-ortelle-la-piu-antica-di-terra-dotranto\/","og_site_name":"Arte e Luoghi","article_publisher":"https:\/\/www.facebook.com\/ArteELuoghi\/","article_published_time":"2017-10-18T20:30:35+00:00","article_modified_time":"2017-10-24T20:36:21+00:00","og_image":[{"width":960,"height":720,"url":"https:\/\/arteeluoghi.it\/wp-content\/uploads\/2017\/10\/foto-13.jpg","type":"image\/jpeg"}],"twitter_card":"summary","twitter_creator":"@arteeluoghi","twitter_site":"@arteeluoghi","twitter_misc":{"Scritto da":"Staff","Tempo di lettura stimato":"3 minuti"},"schema":{"@context":"https:\/\/schema.org","@graph":[{"@type":"Organization","@id":"https:\/\/arteeluoghi.it\/#organization","name":"Arte e Luoghi","url":"https:\/\/arteeluoghi.it\/","sameAs":["https:\/\/www.facebook.com\/ArteELuoghi\/","https:\/\/www.instagram.com\/arteeluoghi\/?hl=it","https:\/\/www.youtube.com\/channel\/UCuRVc4JW4-C5sg9rQB-srkw?view_as=subscriber","https:\/\/twitter.com\/arteeluoghi"],"logo":{"@type":"ImageObject","@id":"https:\/\/arteeluoghi.it\/#logo","inLanguage":"it-IT","url":"https:\/\/arteeluoghi.it\/wp-content\/uploads\/2018\/08\/logoinstagramarte.jpg","contentUrl":"https:\/\/arteeluoghi.it\/wp-content\/uploads\/2018\/08\/logoinstagramarte.jpg","width":150,"height":150,"caption":"Arte e Luoghi"},"image":{"@id":"https:\/\/arteeluoghi.it\/#logo"}},{"@type":"WebSite","@id":"https:\/\/arteeluoghi.it\/#website","url":"https:\/\/arteeluoghi.it\/","name":"Arte e Luoghi","description":"Mensile di arte, cultura, turismo e curiosit\u00e0","publisher":{"@id":"https:\/\/arteeluoghi.it\/#organization"},"potentialAction":[{"@type":"SearchAction","target":{"@type":"EntryPoint","urlTemplate":"https:\/\/arteeluoghi.it\/?s={search_term_string}"},"query-input":"required name=search_term_string"}],"inLanguage":"it-IT"},{"@type":"ImageObject","@id":"https:\/\/arteeluoghi.it\/index.php\/2017\/10\/18\/la-fiera-di-ortelle-la-piu-antica-di-terra-dotranto\/#primaryimage","inLanguage":"it-IT","url":"https:\/\/arteeluoghi.it\/wp-content\/uploads\/2017\/10\/foto-13.jpg","contentUrl":"https:\/\/arteeluoghi.it\/wp-content\/uploads\/2017\/10\/foto-13.jpg","width":960,"height":720},{"@type":"WebPage","@id":"https:\/\/arteeluoghi.it\/index.php\/2017\/10\/18\/la-fiera-di-ortelle-la-piu-antica-di-terra-dotranto\/#webpage","url":"https:\/\/arteeluoghi.it\/index.php\/2017\/10\/18\/la-fiera-di-ortelle-la-piu-antica-di-terra-dotranto\/","name":"La Fiera di Ortelle, la pi\u00f9 antica di Terra d'Otranto | Arte e Luoghi","isPartOf":{"@id":"https:\/\/arteeluoghi.it\/#website"},"primaryImageOfPage":{"@id":"https:\/\/arteeluoghi.it\/index.php\/2017\/10\/18\/la-fiera-di-ortelle-la-piu-antica-di-terra-dotranto\/#primaryimage"},"datePublished":"2017-10-18T20:30:35+00:00","dateModified":"2017-10-24T20:36:21+00:00","breadcrumb":{"@id":"https:\/\/arteeluoghi.it\/index.php\/2017\/10\/18\/la-fiera-di-ortelle-la-piu-antica-di-terra-dotranto\/#breadcrumb"},"inLanguage":"it-IT","potentialAction":[{"@type":"ReadAction","target":["https:\/\/arteeluoghi.it\/index.php\/2017\/10\/18\/la-fiera-di-ortelle-la-piu-antica-di-terra-dotranto\/"]}]},{"@type":"BreadcrumbList","@id":"https:\/\/arteeluoghi.it\/index.php\/2017\/10\/18\/la-fiera-di-ortelle-la-piu-antica-di-terra-dotranto\/#breadcrumb","itemListElement":[{"@type":"ListItem","position":1,"name":"Home","item":"https:\/\/arteeluoghi.it\/"},{"@type":"ListItem","position":2,"name":"La Fiera di Ortelle, la pi\u00f9 antica di Terra d&#8217;Otranto"}]},{"@type":"Article","@id":"https:\/\/arteeluoghi.it\/index.php\/2017\/10\/18\/la-fiera-di-ortelle-la-piu-antica-di-terra-dotranto\/#article","isPartOf":{"@id":"https:\/\/arteeluoghi.it\/index.php\/2017\/10\/18\/la-fiera-di-ortelle-la-piu-antica-di-terra-dotranto\/#webpage"},"author":{"@id":"https:\/\/arteeluoghi.it\/#\/schema\/person\/f84e814e36e91e01448ee07eaadd41d4"},"headline":"La Fiera di Ortelle, la pi\u00f9 antica di Terra d&#8217;Otranto","datePublished":"2017-10-18T20:30:35+00:00","dateModified":"2017-10-24T20:36:21+00:00","mainEntityOfPage":{"@id":"https:\/\/arteeluoghi.it\/index.php\/2017\/10\/18\/la-fiera-di-ortelle-la-piu-antica-di-terra-dotranto\/#webpage"},"wordCount":634,"commentCount":0,"publisher":{"@id":"https:\/\/arteeluoghi.it\/#organization"},"image":{"@id":"https:\/\/arteeluoghi.it\/index.php\/2017\/10\/18\/la-fiera-di-ortelle-la-piu-antica-di-terra-dotranto\/#primaryimage"},"thumbnailUrl":"https:\/\/arteeluoghi.it\/wp-content\/uploads\/2017\/10\/foto-13.jpg","keywords":["Fiera di Ortelle","Francesco Rausa","San Vito"],"articleSection":["I luoghi del Gusto"],"inLanguage":"it-IT","potentialAction":[{"@type":"CommentAction","name":"Comment","target":["https:\/\/arteeluoghi.it\/index.php\/2017\/10\/18\/la-fiera-di-ortelle-la-piu-antica-di-terra-dotranto\/#respond"]}]},{"@type":"Person","@id":"https:\/\/arteeluoghi.it\/#\/schema\/person\/f84e814e36e91e01448ee07eaadd41d4","name":"Staff","image":{"@type":"ImageObject","@id":"https:\/\/arteeluoghi.it\/#personlogo","inLanguage":"it-IT","url":"https:\/\/secure.gravatar.com\/avatar\/49d2f9e46271bb04e19cebfaf141313a?s=96&d=blank&r=g","contentUrl":"https:\/\/secure.gravatar.com\/avatar\/49d2f9e46271bb04e19cebfaf141313a?s=96&d=blank&r=g","caption":"Staff"}}]}},"_links":{"self":[{"href":"https:\/\/arteeluoghi.it\/index.php\/wp-json\/wp\/v2\/posts\/3912"}],"collection":[{"href":"https:\/\/arteeluoghi.it\/index.php\/wp-json\/wp\/v2\/posts"}],"about":[{"href":"https:\/\/arteeluoghi.it\/index.php\/wp-json\/wp\/v2\/types\/post"}],"author":[{"embeddable":true,"href":"https:\/\/arteeluoghi.it\/index.php\/wp-json\/wp\/v2\/users\/1"}],"replies":[{"embeddable":true,"href":"https:\/\/arteeluoghi.it\/index.php\/wp-json\/wp\/v2\/comments?post=3912"}],"version-history":[{"count":1,"href":"https:\/\/arteeluoghi.it\/index.php\/wp-json\/wp\/v2\/posts\/3912\/revisions"}],"predecessor-version":[{"id":3916,"href":"https:\/\/arteeluoghi.it\/index.php\/wp-json\/wp\/v2\/posts\/3912\/revisions\/3916"}],"wp:featuredmedia":[{"embeddable":true,"href":"https:\/\/arteeluoghi.it\/index.php\/wp-json\/wp\/v2\/media\/3913"}],"wp:attachment":[{"href":"https:\/\/arteeluoghi.it\/index.php\/wp-json\/wp\/v2\/media?parent=3912"}],"wp:term":[{"taxonomy":"category","embeddable":true,"href":"https:\/\/arteeluoghi.it\/index.php\/wp-json\/wp\/v2\/categories?post=3912"},{"taxonomy":"post_tag","embeddable":true,"href":"https:\/\/arteeluoghi.it\/index.php\/wp-json\/wp\/v2\/tags?post=3912"}],"curies":[{"name":"wp","href":"https:\/\/api.w.org\/{rel}","templated":true}]}}