{"id":3933,"date":"2017-10-20T23:54:03","date_gmt":"2017-10-20T21:54:03","guid":{"rendered":"http:\/\/arteeluoghi.it\/?p=3933"},"modified":"2018-01-04T21:21:41","modified_gmt":"2018-01-04T20:21:41","slug":"sei-personaggi-in-cerca-dautore-apre-la-stagione-del-teatro-mercadante","status":"publish","type":"post","link":"https:\/\/arteeluoghi.it\/index.php\/2017\/10\/20\/sei-personaggi-in-cerca-dautore-apre-la-stagione-del-teatro-mercadante\/","title":{"rendered":"Sei personaggi in cerca d\u2019autore apre la stagione del Teatro Mercadante"},"content":{"rendered":"<p><em><strong><img loading=\"lazy\" class=\"size-medium wp-image-3934 alignleft\" src=\"https:\/\/arteeluoghi.it\/wp-content\/uploads\/2017\/10\/6pesonaggi-300x200.jpg\" alt=\"\" width=\"300\" height=\"200\" srcset=\"https:\/\/arteeluoghi.it\/wp-content\/uploads\/2017\/10\/6pesonaggi-300x200.jpg 300w, https:\/\/arteeluoghi.it\/wp-content\/uploads\/2017\/10\/6pesonaggi-768x512.jpg 768w, https:\/\/arteeluoghi.it\/wp-content\/uploads\/2017\/10\/6pesonaggi-1024x683.jpg 1024w\" sizes=\"(max-width: 300px) 100vw, 300px\" \/>Sei personaggi in cerca d\u2019autore<\/strong><\/em> \u2013 probabilmente il testo pi\u00f9 importante di Luigi Pirandello andato in scena la prima volta nel 1921 \u2013 dar\u00e0 il via mercoled\u00ec 25 ottobre alla nuova Stagione del Teatro Mercadante di Napoli con la regia di <strong>Luca De Fusco<\/strong> su produzione del Teatro Stabile di Napoli &#8211; Teatro Nazionale e del Teatro Stabile di Genova.<br \/>\n&#8220;Con la messa in scena di <em><strong>Sei personaggi in cerca d\u2019autore<\/strong>, <\/em>massima riflessione sulla natura stessa del teatro nella drammaturgia del novecento &#8211; dichiara il regista &#8211; il mio lavoro di contaminazione tra teatro e cinema iniziato nel 2010 giunge ad una sorta di naturale conclusione concettuale. A ben vedere questi sei personaggi che si offrono alla rappresentazione sembrano provenire dal mondo del cinema e chiedere di far sfociare il cinema nel teatro. Invece di provenire dalla sala, essi sembrano uscire da uno schermo come i protagonisti di <em>Broadway Danny Rose<\/em> di Woody Allen&#8221;.<!--more--><\/p>\n<p>In occasione delle rappresentazioni dello spettacolo, venerd\u00ec 27 ottobre alle ore 17,00 al Teatro Mercadante si terr\u00e0 l&#8217;incontro dal titolo <em>Teatri dell&#8217;aldil\u00e0<\/em>, nell&#8217;ambito del ciclo di appuntamenti a cura di Gianni Garrera<em>.<\/em><\/p>\n<p>(fonte: comunicato stampa)<\/p>\n<p>25 ottobre &gt; 12 novembre 2017 | Teatro Mercadante<br \/>\n<strong><a href=\"https:\/\/teatrostabilenapoli.us7.list-manage.com\/track\/click?u=42e716769182ff40c5a2121f4&amp;id=344ebc2d2c&amp;e=c63df8638f\" target=\"_blank\" rel=\"noopener\" data-saferedirecturl=\"https:\/\/www.google.com\/url?hl=it&amp;q=https:\/\/teatrostabilenapoli.us7.list-manage.com\/track\/click?u%3D42e716769182ff40c5a2121f4%26id%3D344ebc2d2c%26e%3Dc63df8638f&amp;source=gmail&amp;ust=1508968209909000&amp;usg=AFQjCNFwHMFSe7fOQdlRWzTYr8I1XMrtVg\">SEI PERSONAGGI IN CERCA D&#8217;AUTORE<\/a><\/strong><br \/>\n<em>di <\/em>Luigi Pirandello<br \/>\n<em>regia<\/em> Luca De Fusco<\/p>\n<p><strong>Biglietteria <\/strong><br \/>\n<strong>Teatro Mercadante<\/strong> (<a href=\"https:\/\/maps.google.com\/?q=Piazza+Francese+46&amp;entry=gmail&amp;source=g\">Piazza Francese 46<\/a>)<br \/>\ntel 081 551 3396 \u2013 fax 0814206196<br \/>\n<strong>Teatro San Ferdinando <\/strong>(<a href=\"https:\/\/maps.google.com\/?q=Piazza+Eduardo+De+Filippo,+20+Napoli&amp;entry=gmail&amp;source=g\">Piazza Eduardo De Filippo, 20 Napoli<\/a>)<br \/>\ntel 081 292030 \u2013 081 291878<\/p>\n","protected":false},"excerpt":{"rendered":"<p>Sei personaggi in cerca d\u2019autore \u2013 probabilmente il testo pi\u00f9 importante di Luigi Pirandello andato in scena la prima volta<\/p>\n","protected":false},"author":1,"featured_media":3934,"comment_status":"open","ping_status":"open","sticky":true,"template":"","format":"standard","meta":[],"categories":[13],"tags":[346,345,160,347],"yoast_head":"<!-- This site is optimized with the Yoast SEO plugin v18.0 - https:\/\/yoast.com\/wordpress\/plugins\/seo\/ -->\n<title>Sei personaggi in cerca d\u2019autore apre la stagione del Teatro Mercadante | Arte e Luoghi<\/title>\n<meta name=\"robots\" content=\"index, follow, max-snippet:-1, max-image-preview:large, max-video-preview:-1\" \/>\n<link rel=\"canonical\" href=\"https:\/\/arteeluoghi.it\/index.php\/2017\/10\/20\/sei-personaggi-in-cerca-dautore-apre-la-stagione-del-teatro-mercadante\/\" \/>\n<meta property=\"og:locale\" content=\"it_IT\" \/>\n<meta property=\"og:type\" content=\"article\" \/>\n<meta property=\"og:title\" content=\"Sei personaggi in cerca d\u2019autore apre la stagione del Teatro Mercadante | Arte e Luoghi\" \/>\n<meta property=\"og:description\" content=\"Sei personaggi in cerca d\u2019autore \u2013 probabilmente il testo pi\u00f9 importante di Luigi Pirandello andato in scena la prima volta\" \/>\n<meta property=\"og:url\" content=\"https:\/\/arteeluoghi.it\/index.php\/2017\/10\/20\/sei-personaggi-in-cerca-dautore-apre-la-stagione-del-teatro-mercadante\/\" \/>\n<meta property=\"og:site_name\" content=\"Arte e Luoghi\" \/>\n<meta property=\"article:publisher\" content=\"https:\/\/www.facebook.com\/ArteELuoghi\/\" \/>\n<meta property=\"article:published_time\" content=\"2017-10-20T21:54:03+00:00\" \/>\n<meta property=\"article:modified_time\" content=\"2018-01-04T20:21:41+00:00\" \/>\n<meta property=\"og:image\" content=\"https:\/\/arteeluoghi.it\/wp-content\/uploads\/2017\/10\/6pesonaggi.jpg\" \/>\n\t<meta property=\"og:image:width\" content=\"2125\" \/>\n\t<meta property=\"og:image:height\" content=\"1417\" \/>\n\t<meta property=\"og:image:type\" content=\"image\/jpeg\" \/>\n<meta name=\"twitter:card\" content=\"summary\" \/>\n<meta name=\"twitter:creator\" content=\"@arteeluoghi\" \/>\n<meta name=\"twitter:site\" content=\"@arteeluoghi\" \/>\n<meta name=\"twitter:label1\" content=\"Scritto da\" \/>\n\t<meta name=\"twitter:data1\" content=\"Staff\" \/>\n\t<meta name=\"twitter:label2\" content=\"Tempo di lettura stimato\" \/>\n\t<meta name=\"twitter:data2\" content=\"1 minuto\" \/>\n<script type=\"application\/ld+json\" class=\"yoast-schema-graph\">{\"@context\":\"https:\/\/schema.org\",\"@graph\":[{\"@type\":\"Organization\",\"@id\":\"https:\/\/arteeluoghi.it\/#organization\",\"name\":\"Arte e Luoghi\",\"url\":\"https:\/\/arteeluoghi.it\/\",\"sameAs\":[\"https:\/\/www.facebook.com\/ArteELuoghi\/\",\"https:\/\/www.instagram.com\/arteeluoghi\/?hl=it\",\"https:\/\/www.youtube.com\/channel\/UCuRVc4JW4-C5sg9rQB-srkw?view_as=subscriber\",\"https:\/\/twitter.com\/arteeluoghi\"],\"logo\":{\"@type\":\"ImageObject\",\"@id\":\"https:\/\/arteeluoghi.it\/#logo\",\"inLanguage\":\"it-IT\",\"url\":\"https:\/\/arteeluoghi.it\/wp-content\/uploads\/2018\/08\/logoinstagramarte.jpg\",\"contentUrl\":\"https:\/\/arteeluoghi.it\/wp-content\/uploads\/2018\/08\/logoinstagramarte.jpg\",\"width\":150,\"height\":150,\"caption\":\"Arte e Luoghi\"},\"image\":{\"@id\":\"https:\/\/arteeluoghi.it\/#logo\"}},{\"@type\":\"WebSite\",\"@id\":\"https:\/\/arteeluoghi.it\/#website\",\"url\":\"https:\/\/arteeluoghi.it\/\",\"name\":\"Arte e Luoghi\",\"description\":\"Mensile di arte, cultura, turismo e curiosit\u00e0\",\"publisher\":{\"@id\":\"https:\/\/arteeluoghi.it\/#organization\"},\"potentialAction\":[{\"@type\":\"SearchAction\",\"target\":{\"@type\":\"EntryPoint\",\"urlTemplate\":\"https:\/\/arteeluoghi.it\/?s={search_term_string}\"},\"query-input\":\"required name=search_term_string\"}],\"inLanguage\":\"it-IT\"},{\"@type\":\"ImageObject\",\"@id\":\"https:\/\/arteeluoghi.it\/index.php\/2017\/10\/20\/sei-personaggi-in-cerca-dautore-apre-la-stagione-del-teatro-mercadante\/#primaryimage\",\"inLanguage\":\"it-IT\",\"url\":\"https:\/\/arteeluoghi.it\/wp-content\/uploads\/2017\/10\/6pesonaggi.jpg\",\"contentUrl\":\"https:\/\/arteeluoghi.it\/wp-content\/uploads\/2017\/10\/6pesonaggi.jpg\",\"width\":2125,\"height\":1417},{\"@type\":\"WebPage\",\"@id\":\"https:\/\/arteeluoghi.it\/index.php\/2017\/10\/20\/sei-personaggi-in-cerca-dautore-apre-la-stagione-del-teatro-mercadante\/#webpage\",\"url\":\"https:\/\/arteeluoghi.it\/index.php\/2017\/10\/20\/sei-personaggi-in-cerca-dautore-apre-la-stagione-del-teatro-mercadante\/\",\"name\":\"Sei personaggi in cerca d\u2019autore apre la stagione del Teatro Mercadante | Arte e Luoghi\",\"isPartOf\":{\"@id\":\"https:\/\/arteeluoghi.it\/#website\"},\"primaryImageOfPage\":{\"@id\":\"https:\/\/arteeluoghi.it\/index.php\/2017\/10\/20\/sei-personaggi-in-cerca-dautore-apre-la-stagione-del-teatro-mercadante\/#primaryimage\"},\"datePublished\":\"2017-10-20T21:54:03+00:00\",\"dateModified\":\"2018-01-04T20:21:41+00:00\",\"breadcrumb\":{\"@id\":\"https:\/\/arteeluoghi.it\/index.php\/2017\/10\/20\/sei-personaggi-in-cerca-dautore-apre-la-stagione-del-teatro-mercadante\/#breadcrumb\"},\"inLanguage\":\"it-IT\",\"potentialAction\":[{\"@type\":\"ReadAction\",\"target\":[\"https:\/\/arteeluoghi.it\/index.php\/2017\/10\/20\/sei-personaggi-in-cerca-dautore-apre-la-stagione-del-teatro-mercadante\/\"]}]},{\"@type\":\"BreadcrumbList\",\"@id\":\"https:\/\/arteeluoghi.it\/index.php\/2017\/10\/20\/sei-personaggi-in-cerca-dautore-apre-la-stagione-del-teatro-mercadante\/#breadcrumb\",\"itemListElement\":[{\"@type\":\"ListItem\",\"position\":1,\"name\":\"Home\",\"item\":\"https:\/\/arteeluoghi.it\/\"},{\"@type\":\"ListItem\",\"position\":2,\"name\":\"Sei personaggi in cerca d\u2019autore apre la stagione del Teatro Mercadante\"}]},{\"@type\":\"Article\",\"@id\":\"https:\/\/arteeluoghi.it\/index.php\/2017\/10\/20\/sei-personaggi-in-cerca-dautore-apre-la-stagione-del-teatro-mercadante\/#article\",\"isPartOf\":{\"@id\":\"https:\/\/arteeluoghi.it\/index.php\/2017\/10\/20\/sei-personaggi-in-cerca-dautore-apre-la-stagione-del-teatro-mercadante\/#webpage\"},\"author\":{\"@id\":\"https:\/\/arteeluoghi.it\/#\/schema\/person\/f84e814e36e91e01448ee07eaadd41d4\"},\"headline\":\"Sei personaggi in cerca d\u2019autore apre la stagione del Teatro Mercadante\",\"datePublished\":\"2017-10-20T21:54:03+00:00\",\"dateModified\":\"2018-01-04T20:21:41+00:00\",\"mainEntityOfPage\":{\"@id\":\"https:\/\/arteeluoghi.it\/index.php\/2017\/10\/20\/sei-personaggi-in-cerca-dautore-apre-la-stagione-del-teatro-mercadante\/#webpage\"},\"wordCount\":229,\"commentCount\":0,\"publisher\":{\"@id\":\"https:\/\/arteeluoghi.it\/#organization\"},\"image\":{\"@id\":\"https:\/\/arteeluoghi.it\/index.php\/2017\/10\/20\/sei-personaggi-in-cerca-dautore-apre-la-stagione-del-teatro-mercadante\/#primaryimage\"},\"thumbnailUrl\":\"https:\/\/arteeluoghi.it\/wp-content\/uploads\/2017\/10\/6pesonaggi.jpg\",\"keywords\":[\"Luca de Fusco\",\"Luigi Pirandello\",\"Napoli\",\"Teatro Mercadante\"],\"articleSection\":[\"teatro\"],\"inLanguage\":\"it-IT\",\"potentialAction\":[{\"@type\":\"CommentAction\",\"name\":\"Comment\",\"target\":[\"https:\/\/arteeluoghi.it\/index.php\/2017\/10\/20\/sei-personaggi-in-cerca-dautore-apre-la-stagione-del-teatro-mercadante\/#respond\"]}]},{\"@type\":\"Person\",\"@id\":\"https:\/\/arteeluoghi.it\/#\/schema\/person\/f84e814e36e91e01448ee07eaadd41d4\",\"name\":\"Staff\",\"image\":{\"@type\":\"ImageObject\",\"@id\":\"https:\/\/arteeluoghi.it\/#personlogo\",\"inLanguage\":\"it-IT\",\"url\":\"https:\/\/secure.gravatar.com\/avatar\/49d2f9e46271bb04e19cebfaf141313a?s=96&d=blank&r=g\",\"contentUrl\":\"https:\/\/secure.gravatar.com\/avatar\/49d2f9e46271bb04e19cebfaf141313a?s=96&d=blank&r=g\",\"caption\":\"Staff\"}}]}<\/script>\n<!-- \/ Yoast SEO plugin. -->","yoast_head_json":{"title":"Sei personaggi in cerca d\u2019autore apre la stagione del Teatro Mercadante | Arte e Luoghi","robots":{"index":"index","follow":"follow","max-snippet":"max-snippet:-1","max-image-preview":"max-image-preview:large","max-video-preview":"max-video-preview:-1"},"canonical":"https:\/\/arteeluoghi.it\/index.php\/2017\/10\/20\/sei-personaggi-in-cerca-dautore-apre-la-stagione-del-teatro-mercadante\/","og_locale":"it_IT","og_type":"article","og_title":"Sei personaggi in cerca d\u2019autore apre la stagione del Teatro Mercadante | Arte e Luoghi","og_description":"Sei personaggi in cerca d\u2019autore \u2013 probabilmente il testo pi\u00f9 importante di Luigi Pirandello andato in scena la prima volta","og_url":"https:\/\/arteeluoghi.it\/index.php\/2017\/10\/20\/sei-personaggi-in-cerca-dautore-apre-la-stagione-del-teatro-mercadante\/","og_site_name":"Arte e Luoghi","article_publisher":"https:\/\/www.facebook.com\/ArteELuoghi\/","article_published_time":"2017-10-20T21:54:03+00:00","article_modified_time":"2018-01-04T20:21:41+00:00","og_image":[{"width":2125,"height":1417,"url":"https:\/\/arteeluoghi.it\/wp-content\/uploads\/2017\/10\/6pesonaggi.jpg","type":"image\/jpeg"}],"twitter_card":"summary","twitter_creator":"@arteeluoghi","twitter_site":"@arteeluoghi","twitter_misc":{"Scritto da":"Staff","Tempo di lettura stimato":"1 minuto"},"schema":{"@context":"https:\/\/schema.org","@graph":[{"@type":"Organization","@id":"https:\/\/arteeluoghi.it\/#organization","name":"Arte e Luoghi","url":"https:\/\/arteeluoghi.it\/","sameAs":["https:\/\/www.facebook.com\/ArteELuoghi\/","https:\/\/www.instagram.com\/arteeluoghi\/?hl=it","https:\/\/www.youtube.com\/channel\/UCuRVc4JW4-C5sg9rQB-srkw?view_as=subscriber","https:\/\/twitter.com\/arteeluoghi"],"logo":{"@type":"ImageObject","@id":"https:\/\/arteeluoghi.it\/#logo","inLanguage":"it-IT","url":"https:\/\/arteeluoghi.it\/wp-content\/uploads\/2018\/08\/logoinstagramarte.jpg","contentUrl":"https:\/\/arteeluoghi.it\/wp-content\/uploads\/2018\/08\/logoinstagramarte.jpg","width":150,"height":150,"caption":"Arte e Luoghi"},"image":{"@id":"https:\/\/arteeluoghi.it\/#logo"}},{"@type":"WebSite","@id":"https:\/\/arteeluoghi.it\/#website","url":"https:\/\/arteeluoghi.it\/","name":"Arte e Luoghi","description":"Mensile di arte, cultura, turismo e curiosit\u00e0","publisher":{"@id":"https:\/\/arteeluoghi.it\/#organization"},"potentialAction":[{"@type":"SearchAction","target":{"@type":"EntryPoint","urlTemplate":"https:\/\/arteeluoghi.it\/?s={search_term_string}"},"query-input":"required name=search_term_string"}],"inLanguage":"it-IT"},{"@type":"ImageObject","@id":"https:\/\/arteeluoghi.it\/index.php\/2017\/10\/20\/sei-personaggi-in-cerca-dautore-apre-la-stagione-del-teatro-mercadante\/#primaryimage","inLanguage":"it-IT","url":"https:\/\/arteeluoghi.it\/wp-content\/uploads\/2017\/10\/6pesonaggi.jpg","contentUrl":"https:\/\/arteeluoghi.it\/wp-content\/uploads\/2017\/10\/6pesonaggi.jpg","width":2125,"height":1417},{"@type":"WebPage","@id":"https:\/\/arteeluoghi.it\/index.php\/2017\/10\/20\/sei-personaggi-in-cerca-dautore-apre-la-stagione-del-teatro-mercadante\/#webpage","url":"https:\/\/arteeluoghi.it\/index.php\/2017\/10\/20\/sei-personaggi-in-cerca-dautore-apre-la-stagione-del-teatro-mercadante\/","name":"Sei personaggi in cerca d\u2019autore apre la stagione del Teatro Mercadante | Arte e Luoghi","isPartOf":{"@id":"https:\/\/arteeluoghi.it\/#website"},"primaryImageOfPage":{"@id":"https:\/\/arteeluoghi.it\/index.php\/2017\/10\/20\/sei-personaggi-in-cerca-dautore-apre-la-stagione-del-teatro-mercadante\/#primaryimage"},"datePublished":"2017-10-20T21:54:03+00:00","dateModified":"2018-01-04T20:21:41+00:00","breadcrumb":{"@id":"https:\/\/arteeluoghi.it\/index.php\/2017\/10\/20\/sei-personaggi-in-cerca-dautore-apre-la-stagione-del-teatro-mercadante\/#breadcrumb"},"inLanguage":"it-IT","potentialAction":[{"@type":"ReadAction","target":["https:\/\/arteeluoghi.it\/index.php\/2017\/10\/20\/sei-personaggi-in-cerca-dautore-apre-la-stagione-del-teatro-mercadante\/"]}]},{"@type":"BreadcrumbList","@id":"https:\/\/arteeluoghi.it\/index.php\/2017\/10\/20\/sei-personaggi-in-cerca-dautore-apre-la-stagione-del-teatro-mercadante\/#breadcrumb","itemListElement":[{"@type":"ListItem","position":1,"name":"Home","item":"https:\/\/arteeluoghi.it\/"},{"@type":"ListItem","position":2,"name":"Sei personaggi in cerca d\u2019autore apre la stagione del Teatro Mercadante"}]},{"@type":"Article","@id":"https:\/\/arteeluoghi.it\/index.php\/2017\/10\/20\/sei-personaggi-in-cerca-dautore-apre-la-stagione-del-teatro-mercadante\/#article","isPartOf":{"@id":"https:\/\/arteeluoghi.it\/index.php\/2017\/10\/20\/sei-personaggi-in-cerca-dautore-apre-la-stagione-del-teatro-mercadante\/#webpage"},"author":{"@id":"https:\/\/arteeluoghi.it\/#\/schema\/person\/f84e814e36e91e01448ee07eaadd41d4"},"headline":"Sei personaggi in cerca d\u2019autore apre la stagione del Teatro Mercadante","datePublished":"2017-10-20T21:54:03+00:00","dateModified":"2018-01-04T20:21:41+00:00","mainEntityOfPage":{"@id":"https:\/\/arteeluoghi.it\/index.php\/2017\/10\/20\/sei-personaggi-in-cerca-dautore-apre-la-stagione-del-teatro-mercadante\/#webpage"},"wordCount":229,"commentCount":0,"publisher":{"@id":"https:\/\/arteeluoghi.it\/#organization"},"image":{"@id":"https:\/\/arteeluoghi.it\/index.php\/2017\/10\/20\/sei-personaggi-in-cerca-dautore-apre-la-stagione-del-teatro-mercadante\/#primaryimage"},"thumbnailUrl":"https:\/\/arteeluoghi.it\/wp-content\/uploads\/2017\/10\/6pesonaggi.jpg","keywords":["Luca de Fusco","Luigi Pirandello","Napoli","Teatro Mercadante"],"articleSection":["teatro"],"inLanguage":"it-IT","potentialAction":[{"@type":"CommentAction","name":"Comment","target":["https:\/\/arteeluoghi.it\/index.php\/2017\/10\/20\/sei-personaggi-in-cerca-dautore-apre-la-stagione-del-teatro-mercadante\/#respond"]}]},{"@type":"Person","@id":"https:\/\/arteeluoghi.it\/#\/schema\/person\/f84e814e36e91e01448ee07eaadd41d4","name":"Staff","image":{"@type":"ImageObject","@id":"https:\/\/arteeluoghi.it\/#personlogo","inLanguage":"it-IT","url":"https:\/\/secure.gravatar.com\/avatar\/49d2f9e46271bb04e19cebfaf141313a?s=96&d=blank&r=g","contentUrl":"https:\/\/secure.gravatar.com\/avatar\/49d2f9e46271bb04e19cebfaf141313a?s=96&d=blank&r=g","caption":"Staff"}}]}},"_links":{"self":[{"href":"https:\/\/arteeluoghi.it\/index.php\/wp-json\/wp\/v2\/posts\/3933"}],"collection":[{"href":"https:\/\/arteeluoghi.it\/index.php\/wp-json\/wp\/v2\/posts"}],"about":[{"href":"https:\/\/arteeluoghi.it\/index.php\/wp-json\/wp\/v2\/types\/post"}],"author":[{"embeddable":true,"href":"https:\/\/arteeluoghi.it\/index.php\/wp-json\/wp\/v2\/users\/1"}],"replies":[{"embeddable":true,"href":"https:\/\/arteeluoghi.it\/index.php\/wp-json\/wp\/v2\/comments?post=3933"}],"version-history":[{"count":1,"href":"https:\/\/arteeluoghi.it\/index.php\/wp-json\/wp\/v2\/posts\/3933\/revisions"}],"predecessor-version":[{"id":3935,"href":"https:\/\/arteeluoghi.it\/index.php\/wp-json\/wp\/v2\/posts\/3933\/revisions\/3935"}],"wp:featuredmedia":[{"embeddable":true,"href":"https:\/\/arteeluoghi.it\/index.php\/wp-json\/wp\/v2\/media\/3934"}],"wp:attachment":[{"href":"https:\/\/arteeluoghi.it\/index.php\/wp-json\/wp\/v2\/media?parent=3933"}],"wp:term":[{"taxonomy":"category","embeddable":true,"href":"https:\/\/arteeluoghi.it\/index.php\/wp-json\/wp\/v2\/categories?post=3933"},{"taxonomy":"post_tag","embeddable":true,"href":"https:\/\/arteeluoghi.it\/index.php\/wp-json\/wp\/v2\/tags?post=3933"}],"curies":[{"name":"wp","href":"https:\/\/api.w.org\/{rel}","templated":true}]}}