{"id":401,"date":"2011-12-09T17:53:04","date_gmt":"2011-12-09T16:53:04","guid":{"rendered":"http:\/\/arteeluoghi.it\/index.php\/2011\/12\/09\/natale-in-cantina-e-lovolio-extravergine\/"},"modified":"2017-08-07T01:11:39","modified_gmt":"2017-08-06T23:11:39","slug":"natale-in-cantina-e-lovolio-extravergine","status":"publish","type":"post","link":"https:\/\/arteeluoghi.it\/index.php\/2011\/12\/09\/natale-in-cantina-e-lovolio-extravergine\/","title":{"rendered":"Natale in Cantina\u201d e \u201cLoVolio Extravergine"},"content":{"rendered":"<p><img src=\"\/images\/stories\/nataleincantina.jpg\" border=\"0\" width=\"400\" style=\"float: left; margin: 21px;\" \/><\/p>\n<p>\u00a0<\/p>\n<p><span style=\"font-size: small;\">Natale in Cantina\u201d e \u201cLoVolio Extravergine<\/span><\/p>\n<p>Una domenica fra ottimi vini e pregiati oli extravergine<br \/>Con \u201cNatale in Cantina\u201d e \u201cLoVolio Extravergine\u201d cantine e frantoi aperti con gustose idee-regalo per le prossime festivit\u00e0. Degustazioni e cooking-show con quattro grandi chef pugliesi.<br \/>Domenica 11 dicembre torna il doppio appuntamento con \u201cNatale in Cantina\u201d e \u201cLoVolio Extravergine\u201d, eventi organizzati dal Movimento Turismo del Vino Puglia in collaborazione con l&#8217;Assessorato alle Risorse Agroalimentari della Regione Puglia.<\/p>\n<p>A partire dalle ore 10.00 cantine e frantoi saranno aperti in contemporanea per consentire a turisti, appassionati e curiosi di \u201cgustare\u201d itinerari inediti e diversificati, scoprire le aziende e incontrare i produttori, assaggiare e acquistare i vini e gli oli extravergine di produzione direttamente nei luoghi in cui nascono.<\/p>\n<p>\u201cIl vino in tutte le sue sfumature pugliesi e l\u2019olio extravergine d\u2019oliva &#8211; dichiara l\u2019assessore regionale alle Risorse agroalimentari Dario Stef\u00e0no \u2013 rappresentano le punte di diamante della nostra produzione agroalimentare, i tratti identitari della nostra vicenda produttiva, ma anche sociale e culturale, che insieme alle altre tipicit\u00e0 del territorio continuiamo a sostenere con azioni mirate di promozione e di valorizzazione. Incentrare un appuntamento sui due cardini della nostra cultura agricola, \u00e8 quanto mai significativo, ancor pi\u00f9 nel festoso clima delle imminenti festivit\u00e0 natalizie non soltanto per la forza narrativa che incarnano ma soprattutto perch\u00e9 possono interpretare un ruolo da protagonisti sulle tavole delle feste dei Pugliesi e di tutti gli appassionati delle cose buone di qualit\u00e0\u201d.<\/p>\n<p>  <!--more-->  Le aziende visitabili nel corso della giornata sono sette, di cui quattro frantoi \u2013 Galantino e Di Molfetta Pantaleo di Bisceglie (Bt), Caroli di Martina Franca (Ta), Paglione di Lucera (Fg) \u2013 e tre cantine \u2013 Vignuolo di Andria (Bt), Mottura di Tuglie (Le), Menhir di Minervino di Lecce (Le). In quest&#8217;ultima, in particolare, il programma della giornata prevede, a partire dalle ore 10.00, degustazioni dei vini abbinate a tipicit\u00e0 locali e piatti casari, mentre per il pranzo e la cena, su prenotazione, il ristorante annesso alla cantina propone menu a base di specialit\u00e0 locali.<br \/>\u201cIn un anno in cui il Natale sar\u00e0 sempre pi\u00f9 all&#8217;insegna &#8216;dell&#8217;utile e del non superfluo&#8217; \u2013 commenta Vittoria Cisonno, presidente del Movimento Turismo del Vino Puglia \u2013 regalare un prodotto genuino e con il giusto rapporto qualit\u00e0-prezzo \u00e8 una scelta vincente, soprattutto se unita alla possibilit\u00e0 di acquistarlo direttamente dal produttore, degustandolo in anteprima. Ci auguriamo pertanto che siano in tanti ad apprezzare la bont\u00e0 dei nostri vini e dei nostri oli extravergine d&#8217;oliva, trascorrendo una giornata piacevole, in un&#8217;atmosfera di festa e calorosa accoglienza\u201d.<\/p>\n<p>Inoltre, nei quattro frantoi partecipanti (anch&#8217;essi aperti a partire dalle ore 10.00), in un momento della giornata gli chef dell&#8217;associazione \u201cBuona Puglia\u201d organizzeranno stuzzicanti e divertenti show cooking con preparazioni \u201cdal vivo\u201d di piccoli assaggi di pietanze rigorosamente a base di olio extravergine d&#8217;oliva: presso l&#8217;azienda Galantino dalle ore 17.00 alle 20.00 sar\u00e0 possibile degustare le bont\u00e0 preparate dallo chef Lello Lacerenza del ristorante \u201cAntica Cucina\u201d di Barletta (Bt); nell&#8217;Oleificio Di Molfetta Pantaleo di Bisceglie (Bt) dalle 11.00 alle 13.00 quelle dello chef Salvatore Bufi del \u201cRistorante Bufi\u201d di Molfetta (Ba); da Caroli a Martina Franca (Ta) dalle 11.00 alle 13.00 ci sar\u00e0 Anna Ancona del ristorante \u201cIl Ritrovo degli Amici\u201d di Martina Franca (Ta); nell&#8217;Oleificio Paglione di Lucera (Fg) dalle 11.00 alle 13.00 lo chef Peppe Zullo del ristorante \u201cPeppe Zullo\u201d di Orsara (Fg).<\/p>\n<p>Infine, itinerario speciale tra Bari e Bisceglie anche gli appassionati di bicicletta, grazie al percorso ideato da Ruotalibera Bari e Bicili\u00e6 (info Roccaldo Tinelli 338 3118834 \u2013 info@ruotaliberabari.it)<\/p>\n<p>Eventuali aggiornamenti e ulteriori dettagli su www.mtvpuglia.it.<\/p>\n<p>(fonte: comunicato stampa)<\/p>\n","protected":false},"excerpt":{"rendered":"<p>\u00a0 Natale in Cantina\u201d e \u201cLoVolio Extravergine Una domenica fra ottimi vini e pregiati oli extravergineCon \u201cNatale in Cantina\u201d e<\/p>\n","protected":false},"author":1,"featured_media":0,"comment_status":"open","ping_status":"open","sticky":false,"template":"","format":"standard","meta":[],"categories":[35],"tags":[],"yoast_head":"<!-- This site is optimized with the Yoast SEO plugin v18.0 - https:\/\/yoast.com\/wordpress\/plugins\/seo\/ -->\n<title>Natale in Cantina\u201d e \u201cLoVolio Extravergine | Arte e Luoghi<\/title>\n<meta name=\"robots\" content=\"index, follow, max-snippet:-1, max-image-preview:large, max-video-preview:-1\" \/>\n<link rel=\"canonical\" href=\"https:\/\/arteeluoghi.it\/index.php\/2011\/12\/09\/natale-in-cantina-e-lovolio-extravergine\/\" \/>\n<meta property=\"og:locale\" content=\"it_IT\" \/>\n<meta property=\"og:type\" content=\"article\" \/>\n<meta property=\"og:title\" content=\"Natale in Cantina\u201d e \u201cLoVolio Extravergine | Arte e Luoghi\" \/>\n<meta property=\"og:description\" content=\"\u00a0 Natale in Cantina\u201d e \u201cLoVolio Extravergine Una domenica fra ottimi vini e pregiati oli extravergineCon \u201cNatale in Cantina\u201d e\" \/>\n<meta property=\"og:url\" content=\"https:\/\/arteeluoghi.it\/index.php\/2011\/12\/09\/natale-in-cantina-e-lovolio-extravergine\/\" \/>\n<meta property=\"og:site_name\" content=\"Arte e Luoghi\" \/>\n<meta property=\"article:publisher\" content=\"https:\/\/www.facebook.com\/ArteELuoghi\/\" \/>\n<meta property=\"article:published_time\" content=\"2011-12-09T16:53:04+00:00\" \/>\n<meta property=\"article:modified_time\" content=\"2017-08-06T23:11:39+00:00\" \/>\n<meta property=\"og:image\" content=\"https:\/\/arteeluoghi.it\/images\/stories\/nataleincantina.jpg\" \/>\n<meta name=\"twitter:card\" content=\"summary\" \/>\n<meta name=\"twitter:creator\" content=\"@arteeluoghi\" \/>\n<meta name=\"twitter:site\" content=\"@arteeluoghi\" \/>\n<meta name=\"twitter:label1\" content=\"Scritto da\" \/>\n\t<meta name=\"twitter:data1\" content=\"Staff\" \/>\n\t<meta name=\"twitter:label2\" content=\"Tempo di lettura stimato\" \/>\n\t<meta name=\"twitter:data2\" content=\"3 minuti\" \/>\n<script type=\"application\/ld+json\" class=\"yoast-schema-graph\">{\"@context\":\"https:\/\/schema.org\",\"@graph\":[{\"@type\":\"Organization\",\"@id\":\"https:\/\/arteeluoghi.it\/#organization\",\"name\":\"Arte e Luoghi\",\"url\":\"https:\/\/arteeluoghi.it\/\",\"sameAs\":[\"https:\/\/www.facebook.com\/ArteELuoghi\/\",\"https:\/\/www.instagram.com\/arteeluoghi\/?hl=it\",\"https:\/\/www.youtube.com\/channel\/UCuRVc4JW4-C5sg9rQB-srkw?view_as=subscriber\",\"https:\/\/twitter.com\/arteeluoghi\"],\"logo\":{\"@type\":\"ImageObject\",\"@id\":\"https:\/\/arteeluoghi.it\/#logo\",\"inLanguage\":\"it-IT\",\"url\":\"https:\/\/arteeluoghi.it\/wp-content\/uploads\/2018\/08\/logoinstagramarte.jpg\",\"contentUrl\":\"https:\/\/arteeluoghi.it\/wp-content\/uploads\/2018\/08\/logoinstagramarte.jpg\",\"width\":150,\"height\":150,\"caption\":\"Arte e Luoghi\"},\"image\":{\"@id\":\"https:\/\/arteeluoghi.it\/#logo\"}},{\"@type\":\"WebSite\",\"@id\":\"https:\/\/arteeluoghi.it\/#website\",\"url\":\"https:\/\/arteeluoghi.it\/\",\"name\":\"Arte e Luoghi\",\"description\":\"Mensile di arte, cultura, turismo e curiosit\u00e0\",\"publisher\":{\"@id\":\"https:\/\/arteeluoghi.it\/#organization\"},\"potentialAction\":[{\"@type\":\"SearchAction\",\"target\":{\"@type\":\"EntryPoint\",\"urlTemplate\":\"https:\/\/arteeluoghi.it\/?s={search_term_string}\"},\"query-input\":\"required name=search_term_string\"}],\"inLanguage\":\"it-IT\"},{\"@type\":\"ImageObject\",\"@id\":\"https:\/\/arteeluoghi.it\/index.php\/2011\/12\/09\/natale-in-cantina-e-lovolio-extravergine\/#primaryimage\",\"inLanguage\":\"it-IT\",\"url\":\"\/images\/stories\/nataleincantina.jpg\",\"contentUrl\":\"\/images\/stories\/nataleincantina.jpg\"},{\"@type\":\"WebPage\",\"@id\":\"https:\/\/arteeluoghi.it\/index.php\/2011\/12\/09\/natale-in-cantina-e-lovolio-extravergine\/#webpage\",\"url\":\"https:\/\/arteeluoghi.it\/index.php\/2011\/12\/09\/natale-in-cantina-e-lovolio-extravergine\/\",\"name\":\"Natale in Cantina\u201d e \u201cLoVolio Extravergine | Arte e Luoghi\",\"isPartOf\":{\"@id\":\"https:\/\/arteeluoghi.it\/#website\"},\"primaryImageOfPage\":{\"@id\":\"https:\/\/arteeluoghi.it\/index.php\/2011\/12\/09\/natale-in-cantina-e-lovolio-extravergine\/#primaryimage\"},\"datePublished\":\"2011-12-09T16:53:04+00:00\",\"dateModified\":\"2017-08-06T23:11:39+00:00\",\"breadcrumb\":{\"@id\":\"https:\/\/arteeluoghi.it\/index.php\/2011\/12\/09\/natale-in-cantina-e-lovolio-extravergine\/#breadcrumb\"},\"inLanguage\":\"it-IT\",\"potentialAction\":[{\"@type\":\"ReadAction\",\"target\":[\"https:\/\/arteeluoghi.it\/index.php\/2011\/12\/09\/natale-in-cantina-e-lovolio-extravergine\/\"]}]},{\"@type\":\"BreadcrumbList\",\"@id\":\"https:\/\/arteeluoghi.it\/index.php\/2011\/12\/09\/natale-in-cantina-e-lovolio-extravergine\/#breadcrumb\",\"itemListElement\":[{\"@type\":\"ListItem\",\"position\":1,\"name\":\"Home\",\"item\":\"https:\/\/arteeluoghi.it\/\"},{\"@type\":\"ListItem\",\"position\":2,\"name\":\"Natale in Cantina\u201d e \u201cLoVolio Extravergine\"}]},{\"@type\":\"Article\",\"@id\":\"https:\/\/arteeluoghi.it\/index.php\/2011\/12\/09\/natale-in-cantina-e-lovolio-extravergine\/#article\",\"isPartOf\":{\"@id\":\"https:\/\/arteeluoghi.it\/index.php\/2011\/12\/09\/natale-in-cantina-e-lovolio-extravergine\/#webpage\"},\"author\":{\"@id\":\"https:\/\/arteeluoghi.it\/#\/schema\/person\/f84e814e36e91e01448ee07eaadd41d4\"},\"headline\":\"Natale in Cantina\u201d e \u201cLoVolio Extravergine\",\"datePublished\":\"2011-12-09T16:53:04+00:00\",\"dateModified\":\"2017-08-06T23:11:39+00:00\",\"mainEntityOfPage\":{\"@id\":\"https:\/\/arteeluoghi.it\/index.php\/2011\/12\/09\/natale-in-cantina-e-lovolio-extravergine\/#webpage\"},\"wordCount\":584,\"commentCount\":0,\"publisher\":{\"@id\":\"https:\/\/arteeluoghi.it\/#organization\"},\"image\":{\"@id\":\"https:\/\/arteeluoghi.it\/index.php\/2011\/12\/09\/natale-in-cantina-e-lovolio-extravergine\/#primaryimage\"},\"thumbnailUrl\":\"\/images\/stories\/nataleincantina.jpg\",\"articleSection\":[\"I luoghi del Gusto\"],\"inLanguage\":\"it-IT\",\"potentialAction\":[{\"@type\":\"CommentAction\",\"name\":\"Comment\",\"target\":[\"https:\/\/arteeluoghi.it\/index.php\/2011\/12\/09\/natale-in-cantina-e-lovolio-extravergine\/#respond\"]}]},{\"@type\":\"Person\",\"@id\":\"https:\/\/arteeluoghi.it\/#\/schema\/person\/f84e814e36e91e01448ee07eaadd41d4\",\"name\":\"Staff\",\"image\":{\"@type\":\"ImageObject\",\"@id\":\"https:\/\/arteeluoghi.it\/#personlogo\",\"inLanguage\":\"it-IT\",\"url\":\"https:\/\/secure.gravatar.com\/avatar\/49d2f9e46271bb04e19cebfaf141313a?s=96&d=blank&r=g\",\"contentUrl\":\"https:\/\/secure.gravatar.com\/avatar\/49d2f9e46271bb04e19cebfaf141313a?s=96&d=blank&r=g\",\"caption\":\"Staff\"}}]}<\/script>\n<!-- \/ Yoast SEO plugin. -->","yoast_head_json":{"title":"Natale in Cantina\u201d e \u201cLoVolio Extravergine | Arte e Luoghi","robots":{"index":"index","follow":"follow","max-snippet":"max-snippet:-1","max-image-preview":"max-image-preview:large","max-video-preview":"max-video-preview:-1"},"canonical":"https:\/\/arteeluoghi.it\/index.php\/2011\/12\/09\/natale-in-cantina-e-lovolio-extravergine\/","og_locale":"it_IT","og_type":"article","og_title":"Natale in Cantina\u201d e \u201cLoVolio Extravergine | Arte e Luoghi","og_description":"\u00a0 Natale in Cantina\u201d e \u201cLoVolio Extravergine Una domenica fra ottimi vini e pregiati oli extravergineCon \u201cNatale in Cantina\u201d e","og_url":"https:\/\/arteeluoghi.it\/index.php\/2011\/12\/09\/natale-in-cantina-e-lovolio-extravergine\/","og_site_name":"Arte e Luoghi","article_publisher":"https:\/\/www.facebook.com\/ArteELuoghi\/","article_published_time":"2011-12-09T16:53:04+00:00","article_modified_time":"2017-08-06T23:11:39+00:00","og_image":[{"url":"https:\/\/arteeluoghi.it\/images\/stories\/nataleincantina.jpg"}],"twitter_card":"summary","twitter_creator":"@arteeluoghi","twitter_site":"@arteeluoghi","twitter_misc":{"Scritto da":"Staff","Tempo di lettura stimato":"3 minuti"},"schema":{"@context":"https:\/\/schema.org","@graph":[{"@type":"Organization","@id":"https:\/\/arteeluoghi.it\/#organization","name":"Arte e Luoghi","url":"https:\/\/arteeluoghi.it\/","sameAs":["https:\/\/www.facebook.com\/ArteELuoghi\/","https:\/\/www.instagram.com\/arteeluoghi\/?hl=it","https:\/\/www.youtube.com\/channel\/UCuRVc4JW4-C5sg9rQB-srkw?view_as=subscriber","https:\/\/twitter.com\/arteeluoghi"],"logo":{"@type":"ImageObject","@id":"https:\/\/arteeluoghi.it\/#logo","inLanguage":"it-IT","url":"https:\/\/arteeluoghi.it\/wp-content\/uploads\/2018\/08\/logoinstagramarte.jpg","contentUrl":"https:\/\/arteeluoghi.it\/wp-content\/uploads\/2018\/08\/logoinstagramarte.jpg","width":150,"height":150,"caption":"Arte e Luoghi"},"image":{"@id":"https:\/\/arteeluoghi.it\/#logo"}},{"@type":"WebSite","@id":"https:\/\/arteeluoghi.it\/#website","url":"https:\/\/arteeluoghi.it\/","name":"Arte e Luoghi","description":"Mensile di arte, cultura, turismo e curiosit\u00e0","publisher":{"@id":"https:\/\/arteeluoghi.it\/#organization"},"potentialAction":[{"@type":"SearchAction","target":{"@type":"EntryPoint","urlTemplate":"https:\/\/arteeluoghi.it\/?s={search_term_string}"},"query-input":"required name=search_term_string"}],"inLanguage":"it-IT"},{"@type":"ImageObject","@id":"https:\/\/arteeluoghi.it\/index.php\/2011\/12\/09\/natale-in-cantina-e-lovolio-extravergine\/#primaryimage","inLanguage":"it-IT","url":"\/images\/stories\/nataleincantina.jpg","contentUrl":"\/images\/stories\/nataleincantina.jpg"},{"@type":"WebPage","@id":"https:\/\/arteeluoghi.it\/index.php\/2011\/12\/09\/natale-in-cantina-e-lovolio-extravergine\/#webpage","url":"https:\/\/arteeluoghi.it\/index.php\/2011\/12\/09\/natale-in-cantina-e-lovolio-extravergine\/","name":"Natale in Cantina\u201d e \u201cLoVolio Extravergine | Arte e Luoghi","isPartOf":{"@id":"https:\/\/arteeluoghi.it\/#website"},"primaryImageOfPage":{"@id":"https:\/\/arteeluoghi.it\/index.php\/2011\/12\/09\/natale-in-cantina-e-lovolio-extravergine\/#primaryimage"},"datePublished":"2011-12-09T16:53:04+00:00","dateModified":"2017-08-06T23:11:39+00:00","breadcrumb":{"@id":"https:\/\/arteeluoghi.it\/index.php\/2011\/12\/09\/natale-in-cantina-e-lovolio-extravergine\/#breadcrumb"},"inLanguage":"it-IT","potentialAction":[{"@type":"ReadAction","target":["https:\/\/arteeluoghi.it\/index.php\/2011\/12\/09\/natale-in-cantina-e-lovolio-extravergine\/"]}]},{"@type":"BreadcrumbList","@id":"https:\/\/arteeluoghi.it\/index.php\/2011\/12\/09\/natale-in-cantina-e-lovolio-extravergine\/#breadcrumb","itemListElement":[{"@type":"ListItem","position":1,"name":"Home","item":"https:\/\/arteeluoghi.it\/"},{"@type":"ListItem","position":2,"name":"Natale in Cantina\u201d e \u201cLoVolio Extravergine"}]},{"@type":"Article","@id":"https:\/\/arteeluoghi.it\/index.php\/2011\/12\/09\/natale-in-cantina-e-lovolio-extravergine\/#article","isPartOf":{"@id":"https:\/\/arteeluoghi.it\/index.php\/2011\/12\/09\/natale-in-cantina-e-lovolio-extravergine\/#webpage"},"author":{"@id":"https:\/\/arteeluoghi.it\/#\/schema\/person\/f84e814e36e91e01448ee07eaadd41d4"},"headline":"Natale in Cantina\u201d e \u201cLoVolio Extravergine","datePublished":"2011-12-09T16:53:04+00:00","dateModified":"2017-08-06T23:11:39+00:00","mainEntityOfPage":{"@id":"https:\/\/arteeluoghi.it\/index.php\/2011\/12\/09\/natale-in-cantina-e-lovolio-extravergine\/#webpage"},"wordCount":584,"commentCount":0,"publisher":{"@id":"https:\/\/arteeluoghi.it\/#organization"},"image":{"@id":"https:\/\/arteeluoghi.it\/index.php\/2011\/12\/09\/natale-in-cantina-e-lovolio-extravergine\/#primaryimage"},"thumbnailUrl":"\/images\/stories\/nataleincantina.jpg","articleSection":["I luoghi del Gusto"],"inLanguage":"it-IT","potentialAction":[{"@type":"CommentAction","name":"Comment","target":["https:\/\/arteeluoghi.it\/index.php\/2011\/12\/09\/natale-in-cantina-e-lovolio-extravergine\/#respond"]}]},{"@type":"Person","@id":"https:\/\/arteeluoghi.it\/#\/schema\/person\/f84e814e36e91e01448ee07eaadd41d4","name":"Staff","image":{"@type":"ImageObject","@id":"https:\/\/arteeluoghi.it\/#personlogo","inLanguage":"it-IT","url":"https:\/\/secure.gravatar.com\/avatar\/49d2f9e46271bb04e19cebfaf141313a?s=96&d=blank&r=g","contentUrl":"https:\/\/secure.gravatar.com\/avatar\/49d2f9e46271bb04e19cebfaf141313a?s=96&d=blank&r=g","caption":"Staff"}}]}},"_links":{"self":[{"href":"https:\/\/arteeluoghi.it\/index.php\/wp-json\/wp\/v2\/posts\/401"}],"collection":[{"href":"https:\/\/arteeluoghi.it\/index.php\/wp-json\/wp\/v2\/posts"}],"about":[{"href":"https:\/\/arteeluoghi.it\/index.php\/wp-json\/wp\/v2\/types\/post"}],"author":[{"embeddable":true,"href":"https:\/\/arteeluoghi.it\/index.php\/wp-json\/wp\/v2\/users\/1"}],"replies":[{"embeddable":true,"href":"https:\/\/arteeluoghi.it\/index.php\/wp-json\/wp\/v2\/comments?post=401"}],"version-history":[{"count":1,"href":"https:\/\/arteeluoghi.it\/index.php\/wp-json\/wp\/v2\/posts\/401\/revisions"}],"predecessor-version":[{"id":3254,"href":"https:\/\/arteeluoghi.it\/index.php\/wp-json\/wp\/v2\/posts\/401\/revisions\/3254"}],"wp:attachment":[{"href":"https:\/\/arteeluoghi.it\/index.php\/wp-json\/wp\/v2\/media?parent=401"}],"wp:term":[{"taxonomy":"category","embeddable":true,"href":"https:\/\/arteeluoghi.it\/index.php\/wp-json\/wp\/v2\/categories?post=401"},{"taxonomy":"post_tag","embeddable":true,"href":"https:\/\/arteeluoghi.it\/index.php\/wp-json\/wp\/v2\/tags?post=401"}],"curies":[{"name":"wp","href":"https:\/\/api.w.org\/{rel}","templated":true}]}}