{"id":4083,"date":"2017-12-02T21:30:12","date_gmt":"2017-12-02T20:30:12","guid":{"rendered":"http:\/\/arteeluoghi.it\/?p=4083"},"modified":"2018-01-04T21:20:36","modified_gmt":"2018-01-04T20:20:36","slug":"diario-un-brutto-anatroccolo-va-scena-iran","status":"publish","type":"post","link":"https:\/\/arteeluoghi.it\/index.php\/2017\/12\/02\/diario-un-brutto-anatroccolo-va-scena-iran\/","title":{"rendered":"Diario di un brutto anatroccolo va in scena in Iran"},"content":{"rendered":"<div align=\"justify\"><span style=\"font-family: verdana, sans-serif;\"><img loading=\"lazy\" class=\"size-medium wp-image-3808 alignleft\" src=\"https:\/\/arteeluoghi.it\/wp-content\/uploads\/2017\/10\/diario-di-un-brutto-anatroccolo-3-foto-di-Eliana-Manca-300x200.jpg\" alt=\"\" width=\"300\" height=\"200\" srcset=\"https:\/\/arteeluoghi.it\/wp-content\/uploads\/2017\/10\/diario-di-un-brutto-anatroccolo-3-foto-di-Eliana-Manca-300x200.jpg 300w, https:\/\/arteeluoghi.it\/wp-content\/uploads\/2017\/10\/diario-di-un-brutto-anatroccolo-3-foto-di-Eliana-Manca-768x512.jpg 768w, https:\/\/arteeluoghi.it\/wp-content\/uploads\/2017\/10\/diario-di-un-brutto-anatroccolo-3-foto-di-Eliana-Manca-1024x683.jpg 1024w, https:\/\/arteeluoghi.it\/wp-content\/uploads\/2017\/10\/diario-di-un-brutto-anatroccolo-3-foto-di-Eliana-Manca.jpg 1500w\" sizes=\"(max-width: 300px) 100vw, 300px\" \/>Continua la <b>tourn\u00e9e<\/b> internazionale dello spettacolo &#8220;<b><a href=\"https:\/\/www.youtube.com\/watch?v=syLO4VeDHRY\" target=\"_blank\" rel=\"noopener\" data-saferedirecturl=\"https:\/\/www.google.com\/url?hl=it&amp;q=https:\/\/www.youtube.com\/watch?v%3DsyLO4VeDHRY&amp;source=gmail&amp;ust=1512759133064000&amp;usg=AFQjCNHIV5M5ZkwAMEM4yjtlo1dZ7jYcAA\">Diario di un brutto anatroccolo<\/a><\/b>&#8221; della salentina <b>Factory compagnia transadriatica\u00a0<\/b>e della modenese <b>Tir Danza<\/b>, per la regia di<b> Tonio De Nitt<\/b><b>o<\/b> e la collaborazione al movimento coreografico di <b>Annamaria De Filippi<\/b>.<b>Marted\u00ec 5 dicembre <\/b>lo spettacolo sar\u00e0 presentato (con tre repliche alle 10, 15 e 17.30) ad <b>Hamadan<\/b> in <b>Iran<\/b> per la v<b>entiduesima edizione<\/b> dell\u2019<b>International Festival for children and youth theatre<\/b>. <\/span><\/div>\n<div align=\"justify\"><!--more--><\/div>\n<div align=\"justify\"><span style=\"font-family: verdana, sans-serif;\">In estate\u00a0 lo spettacolo ha conquistato due importanti riconoscimenti al<b> Festival di Teatro Ragazzi di Kotor<\/b> in <b>Montenegro<\/b>, una tra le pi\u00f9 importanti manifestazioni europee dedicate al teatro per bambini e giovani. Lo spettacolo si \u00e8 aggiudicato il premio della giuria <b>&#8220;<\/b><b>Citt\u00e0 di Kotor&#8221; <\/b>e il riconoscimento per la <b>migliore interpretazione<\/b> con\u00a0<b><\/b><b>Francesca De Pasquale<\/b>, l&#8217;anatroccolo-cigno protagonista con <b>Ilaria Carlucci<\/b>, <b>Fabio Tinella<\/b> e <b>Luca Pastore<\/b>. Dopo una nuova lunga tourn\u00e9e in Italia, il viaggio del <b>Brutto Anatroccolo<\/b> proseguir\u00e0 in <b>Spagna<\/b> per due importanti tappe a <b>Igualada<\/b> e <b>Barcellona<\/b>.<\/p>\n<p><\/span><\/div>\n<div align=\"justify\">\n<p><iframe loading=\"lazy\" width=\"800\" height=\"450\" src=\"https:\/\/www.youtube.com\/embed\/syLO4VeDHRY?feature=oembed\" frameborder=\"0\" gesture=\"media\" allow=\"encrypted-media\" allowfullscreen><\/iframe><\/p>\n<p><span style=\"font-family: verdana, sans-serif;\"><b>Diario di un brutto anatroccolo<\/b> &#8211; che ha gi\u00e0 all&#8217;attivo una sessantina di repliche nei principali festival e teatri italiani e che nei prossimi mesi sar\u00e0, tra gli altri appuntamenti, alla Fira de Igualada di Barcellona e al Festival vetrina internazionale Segni d\u2019infanzia di Mantova &#8211; coniuga il teatro e la danza a partire da un classico per l\u2019infanzia di Andersen. Uno spettacolo attraverso il quale Factory continua l\u2019indagine sul tema della diversit\u00e0\/identit\u00e0 e dell\u2019integrazione attraverso un linguaggio semplice ed evocativo.\u2028 Un anatroccolo oltre Andersen che attraversa varie tappe della vita e compie un vero viaggio di formazione alla ricerca di se stesso e del proprio posto nel mondo e alla scoperta della diversit\u00e0 come elemento qualificante e prezioso. La nascita e il rifiuto da parte della famiglia, la scuola e il bullismo, il mondo del lavoro, l\u2019amore che arriva inatteso e che presto pu\u00f2 scomparire, la caccia e poi la guerra come orrore inspiegabile agli occhi di chiunque, tappe di un mondo ostile, forse, ma che rester\u00e0 tale solo sino a quando il nostro \u201canatroccolo\u201d non sar\u00e0 in grado di guardarsi negli occhi e accettarsi cos\u00ec come \u00e8, proprio come accade all\u2019anatroccolo della fiaba di Andersen che specchiandosi nel lago scopre la propria vera identit\u00e0. <\/span><\/div>\n","protected":false},"excerpt":{"rendered":"<p>Continua la tourn\u00e9e internazionale dello spettacolo &#8220;Diario di un brutto anatroccolo&#8221; della salentina Factory compagnia transadriatica\u00a0e della modenese Tir Danza,<\/p>\n","protected":false},"author":1,"featured_media":4084,"comment_status":"open","ping_status":"open","sticky":false,"template":"","format":"standard","meta":[],"categories":[13],"tags":[449,450,451],"yoast_head":"<!-- This site is optimized with the Yoast SEO plugin v18.0 - https:\/\/yoast.com\/wordpress\/plugins\/seo\/ -->\n<title>Diario di un brutto anatroccolo va in scena in Iran | Arte e Luoghi<\/title>\n<meta name=\"description\" content=\"Factory compagnia transadriatica, teatro, Iran\" \/>\n<meta name=\"robots\" content=\"index, follow, max-snippet:-1, max-image-preview:large, max-video-preview:-1\" \/>\n<link rel=\"canonical\" href=\"https:\/\/arteeluoghi.it\/index.php\/2017\/12\/02\/diario-un-brutto-anatroccolo-va-scena-iran\/\" \/>\n<meta property=\"og:locale\" content=\"it_IT\" \/>\n<meta property=\"og:type\" content=\"article\" \/>\n<meta property=\"og:title\" content=\"Diario di un brutto anatroccolo va in scena in Iran | Arte e Luoghi\" \/>\n<meta property=\"og:description\" content=\"Factory compagnia transadriatica, teatro, Iran\" \/>\n<meta property=\"og:url\" content=\"https:\/\/arteeluoghi.it\/index.php\/2017\/12\/02\/diario-un-brutto-anatroccolo-va-scena-iran\/\" \/>\n<meta property=\"og:site_name\" content=\"Arte e Luoghi\" \/>\n<meta property=\"article:publisher\" content=\"https:\/\/www.facebook.com\/ArteELuoghi\/\" \/>\n<meta property=\"article:published_time\" content=\"2017-12-02T20:30:12+00:00\" \/>\n<meta property=\"article:modified_time\" content=\"2018-01-04T20:20:36+00:00\" \/>\n<meta property=\"og:image\" content=\"https:\/\/arteeluoghi.it\/wp-content\/uploads\/2017\/12\/Diario-di-un-brutto-anatroccolo-2-foto-Eliana-Manca.jpg\" \/>\n\t<meta property=\"og:image:width\" content=\"829\" \/>\n\t<meta property=\"og:image:height\" content=\"998\" \/>\n\t<meta property=\"og:image:type\" content=\"image\/jpeg\" \/>\n<meta name=\"twitter:card\" content=\"summary\" \/>\n<meta name=\"twitter:creator\" content=\"@arteeluoghi\" \/>\n<meta name=\"twitter:site\" content=\"@arteeluoghi\" \/>\n<meta name=\"twitter:label1\" content=\"Scritto da\" \/>\n\t<meta name=\"twitter:data1\" content=\"Staff\" \/>\n\t<meta name=\"twitter:label2\" content=\"Tempo di lettura stimato\" \/>\n\t<meta name=\"twitter:data2\" content=\"2 minuti\" \/>\n<script type=\"application\/ld+json\" class=\"yoast-schema-graph\">{\"@context\":\"https:\/\/schema.org\",\"@graph\":[{\"@type\":\"Organization\",\"@id\":\"https:\/\/arteeluoghi.it\/#organization\",\"name\":\"Arte e Luoghi\",\"url\":\"https:\/\/arteeluoghi.it\/\",\"sameAs\":[\"https:\/\/www.facebook.com\/ArteELuoghi\/\",\"https:\/\/www.instagram.com\/arteeluoghi\/?hl=it\",\"https:\/\/www.youtube.com\/channel\/UCuRVc4JW4-C5sg9rQB-srkw?view_as=subscriber\",\"https:\/\/twitter.com\/arteeluoghi\"],\"logo\":{\"@type\":\"ImageObject\",\"@id\":\"https:\/\/arteeluoghi.it\/#logo\",\"inLanguage\":\"it-IT\",\"url\":\"https:\/\/arteeluoghi.it\/wp-content\/uploads\/2018\/08\/logoinstagramarte.jpg\",\"contentUrl\":\"https:\/\/arteeluoghi.it\/wp-content\/uploads\/2018\/08\/logoinstagramarte.jpg\",\"width\":150,\"height\":150,\"caption\":\"Arte e Luoghi\"},\"image\":{\"@id\":\"https:\/\/arteeluoghi.it\/#logo\"}},{\"@type\":\"WebSite\",\"@id\":\"https:\/\/arteeluoghi.it\/#website\",\"url\":\"https:\/\/arteeluoghi.it\/\",\"name\":\"Arte e Luoghi\",\"description\":\"Mensile di arte, cultura, turismo e curiosit\u00e0\",\"publisher\":{\"@id\":\"https:\/\/arteeluoghi.it\/#organization\"},\"potentialAction\":[{\"@type\":\"SearchAction\",\"target\":{\"@type\":\"EntryPoint\",\"urlTemplate\":\"https:\/\/arteeluoghi.it\/?s={search_term_string}\"},\"query-input\":\"required name=search_term_string\"}],\"inLanguage\":\"it-IT\"},{\"@type\":\"ImageObject\",\"@id\":\"https:\/\/arteeluoghi.it\/index.php\/2017\/12\/02\/diario-un-brutto-anatroccolo-va-scena-iran\/#primaryimage\",\"inLanguage\":\"it-IT\",\"url\":\"https:\/\/arteeluoghi.it\/wp-content\/uploads\/2017\/12\/Diario-di-un-brutto-anatroccolo-2-foto-Eliana-Manca.jpg\",\"contentUrl\":\"https:\/\/arteeluoghi.it\/wp-content\/uploads\/2017\/12\/Diario-di-un-brutto-anatroccolo-2-foto-Eliana-Manca.jpg\",\"width\":829,\"height\":998},{\"@type\":\"WebPage\",\"@id\":\"https:\/\/arteeluoghi.it\/index.php\/2017\/12\/02\/diario-un-brutto-anatroccolo-va-scena-iran\/#webpage\",\"url\":\"https:\/\/arteeluoghi.it\/index.php\/2017\/12\/02\/diario-un-brutto-anatroccolo-va-scena-iran\/\",\"name\":\"Diario di un brutto anatroccolo va in scena in Iran | Arte e Luoghi\",\"isPartOf\":{\"@id\":\"https:\/\/arteeluoghi.it\/#website\"},\"primaryImageOfPage\":{\"@id\":\"https:\/\/arteeluoghi.it\/index.php\/2017\/12\/02\/diario-un-brutto-anatroccolo-va-scena-iran\/#primaryimage\"},\"datePublished\":\"2017-12-02T20:30:12+00:00\",\"dateModified\":\"2018-01-04T20:20:36+00:00\",\"description\":\"Factory compagnia transadriatica, teatro, Iran\",\"breadcrumb\":{\"@id\":\"https:\/\/arteeluoghi.it\/index.php\/2017\/12\/02\/diario-un-brutto-anatroccolo-va-scena-iran\/#breadcrumb\"},\"inLanguage\":\"it-IT\",\"potentialAction\":[{\"@type\":\"ReadAction\",\"target\":[\"https:\/\/arteeluoghi.it\/index.php\/2017\/12\/02\/diario-un-brutto-anatroccolo-va-scena-iran\/\"]}]},{\"@type\":\"BreadcrumbList\",\"@id\":\"https:\/\/arteeluoghi.it\/index.php\/2017\/12\/02\/diario-un-brutto-anatroccolo-va-scena-iran\/#breadcrumb\",\"itemListElement\":[{\"@type\":\"ListItem\",\"position\":1,\"name\":\"Home\",\"item\":\"https:\/\/arteeluoghi.it\/\"},{\"@type\":\"ListItem\",\"position\":2,\"name\":\"Diario di un brutto anatroccolo va in scena in Iran\"}]},{\"@type\":\"Article\",\"@id\":\"https:\/\/arteeluoghi.it\/index.php\/2017\/12\/02\/diario-un-brutto-anatroccolo-va-scena-iran\/#article\",\"isPartOf\":{\"@id\":\"https:\/\/arteeluoghi.it\/index.php\/2017\/12\/02\/diario-un-brutto-anatroccolo-va-scena-iran\/#webpage\"},\"author\":{\"@id\":\"https:\/\/arteeluoghi.it\/#\/schema\/person\/f84e814e36e91e01448ee07eaadd41d4\"},\"headline\":\"Diario di un brutto anatroccolo va in scena in Iran\",\"datePublished\":\"2017-12-02T20:30:12+00:00\",\"dateModified\":\"2018-01-04T20:20:36+00:00\",\"mainEntityOfPage\":{\"@id\":\"https:\/\/arteeluoghi.it\/index.php\/2017\/12\/02\/diario-un-brutto-anatroccolo-va-scena-iran\/#webpage\"},\"wordCount\":386,\"commentCount\":0,\"publisher\":{\"@id\":\"https:\/\/arteeluoghi.it\/#organization\"},\"image\":{\"@id\":\"https:\/\/arteeluoghi.it\/index.php\/2017\/12\/02\/diario-un-brutto-anatroccolo-va-scena-iran\/#primaryimage\"},\"thumbnailUrl\":\"https:\/\/arteeluoghi.it\/wp-content\/uploads\/2017\/12\/Diario-di-un-brutto-anatroccolo-2-foto-Eliana-Manca.jpg\",\"keywords\":[\"Factory compagnia transadriatica\",\"Iran\",\"Spagna\"],\"articleSection\":[\"teatro\"],\"inLanguage\":\"it-IT\",\"potentialAction\":[{\"@type\":\"CommentAction\",\"name\":\"Comment\",\"target\":[\"https:\/\/arteeluoghi.it\/index.php\/2017\/12\/02\/diario-un-brutto-anatroccolo-va-scena-iran\/#respond\"]}]},{\"@type\":\"Person\",\"@id\":\"https:\/\/arteeluoghi.it\/#\/schema\/person\/f84e814e36e91e01448ee07eaadd41d4\",\"name\":\"Staff\",\"image\":{\"@type\":\"ImageObject\",\"@id\":\"https:\/\/arteeluoghi.it\/#personlogo\",\"inLanguage\":\"it-IT\",\"url\":\"https:\/\/secure.gravatar.com\/avatar\/49d2f9e46271bb04e19cebfaf141313a?s=96&d=blank&r=g\",\"contentUrl\":\"https:\/\/secure.gravatar.com\/avatar\/49d2f9e46271bb04e19cebfaf141313a?s=96&d=blank&r=g\",\"caption\":\"Staff\"}}]}<\/script>\n<!-- \/ Yoast SEO plugin. -->","yoast_head_json":{"title":"Diario di un brutto anatroccolo va in scena in Iran | Arte e Luoghi","description":"Factory compagnia transadriatica, teatro, Iran","robots":{"index":"index","follow":"follow","max-snippet":"max-snippet:-1","max-image-preview":"max-image-preview:large","max-video-preview":"max-video-preview:-1"},"canonical":"https:\/\/arteeluoghi.it\/index.php\/2017\/12\/02\/diario-un-brutto-anatroccolo-va-scena-iran\/","og_locale":"it_IT","og_type":"article","og_title":"Diario di un brutto anatroccolo va in scena in Iran | Arte e Luoghi","og_description":"Factory compagnia transadriatica, teatro, Iran","og_url":"https:\/\/arteeluoghi.it\/index.php\/2017\/12\/02\/diario-un-brutto-anatroccolo-va-scena-iran\/","og_site_name":"Arte e Luoghi","article_publisher":"https:\/\/www.facebook.com\/ArteELuoghi\/","article_published_time":"2017-12-02T20:30:12+00:00","article_modified_time":"2018-01-04T20:20:36+00:00","og_image":[{"width":829,"height":998,"url":"https:\/\/arteeluoghi.it\/wp-content\/uploads\/2017\/12\/Diario-di-un-brutto-anatroccolo-2-foto-Eliana-Manca.jpg","type":"image\/jpeg"}],"twitter_card":"summary","twitter_creator":"@arteeluoghi","twitter_site":"@arteeluoghi","twitter_misc":{"Scritto da":"Staff","Tempo di lettura stimato":"2 minuti"},"schema":{"@context":"https:\/\/schema.org","@graph":[{"@type":"Organization","@id":"https:\/\/arteeluoghi.it\/#organization","name":"Arte e Luoghi","url":"https:\/\/arteeluoghi.it\/","sameAs":["https:\/\/www.facebook.com\/ArteELuoghi\/","https:\/\/www.instagram.com\/arteeluoghi\/?hl=it","https:\/\/www.youtube.com\/channel\/UCuRVc4JW4-C5sg9rQB-srkw?view_as=subscriber","https:\/\/twitter.com\/arteeluoghi"],"logo":{"@type":"ImageObject","@id":"https:\/\/arteeluoghi.it\/#logo","inLanguage":"it-IT","url":"https:\/\/arteeluoghi.it\/wp-content\/uploads\/2018\/08\/logoinstagramarte.jpg","contentUrl":"https:\/\/arteeluoghi.it\/wp-content\/uploads\/2018\/08\/logoinstagramarte.jpg","width":150,"height":150,"caption":"Arte e Luoghi"},"image":{"@id":"https:\/\/arteeluoghi.it\/#logo"}},{"@type":"WebSite","@id":"https:\/\/arteeluoghi.it\/#website","url":"https:\/\/arteeluoghi.it\/","name":"Arte e Luoghi","description":"Mensile di arte, cultura, turismo e curiosit\u00e0","publisher":{"@id":"https:\/\/arteeluoghi.it\/#organization"},"potentialAction":[{"@type":"SearchAction","target":{"@type":"EntryPoint","urlTemplate":"https:\/\/arteeluoghi.it\/?s={search_term_string}"},"query-input":"required name=search_term_string"}],"inLanguage":"it-IT"},{"@type":"ImageObject","@id":"https:\/\/arteeluoghi.it\/index.php\/2017\/12\/02\/diario-un-brutto-anatroccolo-va-scena-iran\/#primaryimage","inLanguage":"it-IT","url":"https:\/\/arteeluoghi.it\/wp-content\/uploads\/2017\/12\/Diario-di-un-brutto-anatroccolo-2-foto-Eliana-Manca.jpg","contentUrl":"https:\/\/arteeluoghi.it\/wp-content\/uploads\/2017\/12\/Diario-di-un-brutto-anatroccolo-2-foto-Eliana-Manca.jpg","width":829,"height":998},{"@type":"WebPage","@id":"https:\/\/arteeluoghi.it\/index.php\/2017\/12\/02\/diario-un-brutto-anatroccolo-va-scena-iran\/#webpage","url":"https:\/\/arteeluoghi.it\/index.php\/2017\/12\/02\/diario-un-brutto-anatroccolo-va-scena-iran\/","name":"Diario di un brutto anatroccolo va in scena in Iran | Arte e Luoghi","isPartOf":{"@id":"https:\/\/arteeluoghi.it\/#website"},"primaryImageOfPage":{"@id":"https:\/\/arteeluoghi.it\/index.php\/2017\/12\/02\/diario-un-brutto-anatroccolo-va-scena-iran\/#primaryimage"},"datePublished":"2017-12-02T20:30:12+00:00","dateModified":"2018-01-04T20:20:36+00:00","description":"Factory compagnia transadriatica, teatro, Iran","breadcrumb":{"@id":"https:\/\/arteeluoghi.it\/index.php\/2017\/12\/02\/diario-un-brutto-anatroccolo-va-scena-iran\/#breadcrumb"},"inLanguage":"it-IT","potentialAction":[{"@type":"ReadAction","target":["https:\/\/arteeluoghi.it\/index.php\/2017\/12\/02\/diario-un-brutto-anatroccolo-va-scena-iran\/"]}]},{"@type":"BreadcrumbList","@id":"https:\/\/arteeluoghi.it\/index.php\/2017\/12\/02\/diario-un-brutto-anatroccolo-va-scena-iran\/#breadcrumb","itemListElement":[{"@type":"ListItem","position":1,"name":"Home","item":"https:\/\/arteeluoghi.it\/"},{"@type":"ListItem","position":2,"name":"Diario di un brutto anatroccolo va in scena in Iran"}]},{"@type":"Article","@id":"https:\/\/arteeluoghi.it\/index.php\/2017\/12\/02\/diario-un-brutto-anatroccolo-va-scena-iran\/#article","isPartOf":{"@id":"https:\/\/arteeluoghi.it\/index.php\/2017\/12\/02\/diario-un-brutto-anatroccolo-va-scena-iran\/#webpage"},"author":{"@id":"https:\/\/arteeluoghi.it\/#\/schema\/person\/f84e814e36e91e01448ee07eaadd41d4"},"headline":"Diario di un brutto anatroccolo va in scena in Iran","datePublished":"2017-12-02T20:30:12+00:00","dateModified":"2018-01-04T20:20:36+00:00","mainEntityOfPage":{"@id":"https:\/\/arteeluoghi.it\/index.php\/2017\/12\/02\/diario-un-brutto-anatroccolo-va-scena-iran\/#webpage"},"wordCount":386,"commentCount":0,"publisher":{"@id":"https:\/\/arteeluoghi.it\/#organization"},"image":{"@id":"https:\/\/arteeluoghi.it\/index.php\/2017\/12\/02\/diario-un-brutto-anatroccolo-va-scena-iran\/#primaryimage"},"thumbnailUrl":"https:\/\/arteeluoghi.it\/wp-content\/uploads\/2017\/12\/Diario-di-un-brutto-anatroccolo-2-foto-Eliana-Manca.jpg","keywords":["Factory compagnia transadriatica","Iran","Spagna"],"articleSection":["teatro"],"inLanguage":"it-IT","potentialAction":[{"@type":"CommentAction","name":"Comment","target":["https:\/\/arteeluoghi.it\/index.php\/2017\/12\/02\/diario-un-brutto-anatroccolo-va-scena-iran\/#respond"]}]},{"@type":"Person","@id":"https:\/\/arteeluoghi.it\/#\/schema\/person\/f84e814e36e91e01448ee07eaadd41d4","name":"Staff","image":{"@type":"ImageObject","@id":"https:\/\/arteeluoghi.it\/#personlogo","inLanguage":"it-IT","url":"https:\/\/secure.gravatar.com\/avatar\/49d2f9e46271bb04e19cebfaf141313a?s=96&d=blank&r=g","contentUrl":"https:\/\/secure.gravatar.com\/avatar\/49d2f9e46271bb04e19cebfaf141313a?s=96&d=blank&r=g","caption":"Staff"}}]}},"_links":{"self":[{"href":"https:\/\/arteeluoghi.it\/index.php\/wp-json\/wp\/v2\/posts\/4083"}],"collection":[{"href":"https:\/\/arteeluoghi.it\/index.php\/wp-json\/wp\/v2\/posts"}],"about":[{"href":"https:\/\/arteeluoghi.it\/index.php\/wp-json\/wp\/v2\/types\/post"}],"author":[{"embeddable":true,"href":"https:\/\/arteeluoghi.it\/index.php\/wp-json\/wp\/v2\/users\/1"}],"replies":[{"embeddable":true,"href":"https:\/\/arteeluoghi.it\/index.php\/wp-json\/wp\/v2\/comments?post=4083"}],"version-history":[{"count":1,"href":"https:\/\/arteeluoghi.it\/index.php\/wp-json\/wp\/v2\/posts\/4083\/revisions"}],"predecessor-version":[{"id":4085,"href":"https:\/\/arteeluoghi.it\/index.php\/wp-json\/wp\/v2\/posts\/4083\/revisions\/4085"}],"wp:featuredmedia":[{"embeddable":true,"href":"https:\/\/arteeluoghi.it\/index.php\/wp-json\/wp\/v2\/media\/4084"}],"wp:attachment":[{"href":"https:\/\/arteeluoghi.it\/index.php\/wp-json\/wp\/v2\/media?parent=4083"}],"wp:term":[{"taxonomy":"category","embeddable":true,"href":"https:\/\/arteeluoghi.it\/index.php\/wp-json\/wp\/v2\/categories?post=4083"},{"taxonomy":"post_tag","embeddable":true,"href":"https:\/\/arteeluoghi.it\/index.php\/wp-json\/wp\/v2\/tags?post=4083"}],"curies":[{"name":"wp","href":"https:\/\/api.w.org\/{rel}","templated":true}]}}